{"id":622436,"date":"2021-12-13T06:14:52","date_gmt":"2021-12-13T09:14:52","guid":{"rendered":"https:\/\/bahiaeconomica.com.br\/wp\/beta\/?p=622436"},"modified":"2021-12-13T06:14:52","modified_gmt":"2021-12-13T09:14:52","slug":"comeca-a-valer-hoje-regra-que-exige-passaporte-de-vacinacao-em-aeroportos-e-fronteiras-do-brasil","status":"publish","type":"post","link":"https:\/\/bahiaeconomica.com.br\/wp\/2021\/12\/13\/comeca-a-valer-hoje-regra-que-exige-passaporte-de-vacinacao-em-aeroportos-e-fronteiras-do-brasil\/","title":{"rendered":"COME\u00c7A A VALER HOJE REGRA QUE EXIGE PASSAPORTE DE VACINA\u00c7\u00c3O EM AEROPORTOS E FRONTEIRAS DO BRASIL"},"content":{"rendered":"<p>O certificado de vacina\u00e7\u00e3o da Covid-19 de quem entra no Brasil por voos internacionais ou pela fronteira terrestre deve come\u00e7ar a ser solicitado nesta segunda-feira (13).<!--more--> As informa\u00e7\u00f5es s\u00e3o da Folha de S\u00e3o Paulo. A regra foi imposta ap\u00f3s decis\u00e3o liminar (provis\u00f3ria) de Lu\u00eds Roberto Barroso, ministro do STF (Supremo Tribunal Federal), concedida no s\u00e1bado (11) em a\u00e7\u00e3o apresentada pelo partido Rede de Sustentabilidade.<\/p>\n<p>De acordo com a publica\u00e7\u00e3o, a nova portaria do governo sobre o controle de fronteiras deve ser publicada durante a segunda (13). As regras passariam a valer a partir da divulga\u00e7\u00e3o do texto no Di\u00e1rio Oficial da Uni\u00e3o, segundo a assessoria de imprensa da Casa Civil. A ideia do governo era liberar, em aeroportos, a entrada de viajantes n\u00e3o vacinados que se comprometessem a realizar quarentena de cinco dias. J\u00e1 na fronteira terrestre o governo cobraria apenas o exame negativo da Covid-19 de quem n\u00e3o havia recebido a imuniza\u00e7\u00e3o.<\/p>\n<p>O ministro Barroso decidiu que n\u00e3o imunizados s\u00f3 podem entrar no Brasil em situa\u00e7\u00f5es mais restritas, como quem comprovar que n\u00e3o recebeu as doses por raz\u00f5es m\u00e9dicas ou quem chega de pa\u00edses sem vacinas dispon\u00edveis.<\/p>\n<p>Foto: divulga\u00e7\u00e3o<\/p>\n","protected":false},"excerpt":{"rendered":"<p>O certificado de vacina\u00e7\u00e3o da Covid-19 de quem entra no Brasil por voos internacionais ou pela fronteira terrestre deve come\u00e7ar a ser solicitado nesta segunda-feira (13).<\/p>\n","protected":false},"author":1,"featured_media":543811,"comment_status":"closed","ping_status":"closed","sticky":false,"template":"","format":"standard","meta":[],"categories":[3],"tags":[52,1135,528],"acf":[],"yoast_head":"<!-- This site is optimized with the Yoast SEO plugin v20.8 - https:\/\/yoast.com\/wordpress\/plugins\/seo\/ -->\n<title>COME\u00c7A A VALER HOJE REGRA QUE EXIGE PASSAPORTE DE VACINA\u00c7\u00c3O EM AEROPORTOS E FRONTEIRAS DO BRASIL - Bahia Economica<\/title>\n<meta name=\"description\" content=\"O maior portal de Economia da Bahia ECONOMIA \/ POL\u00cdTICA Bahia Economica\" \/>\n<meta name=\"robots\" content=\"index, follow, max-snippet:-1, max-image-preview:large, max-video-preview:-1\" \/>\n<link rel=\"canonical\" href=\"https:\/\/bahiaeconomica.com.br\/wp\/2021\/12\/13\/comeca-a-valer-hoje-regra-que-exige-passaporte-de-vacinacao-em-aeroportos-e-fronteiras-do-brasil\/\" \/>\n<meta property=\"og:locale\" content=\"pt_BR\" \/>\n<meta property=\"og:type\" content=\"article\" \/>\n<meta property=\"og:title\" content=\"COME\u00c7A A VALER HOJE REGRA QUE EXIGE PASSAPORTE DE VACINA\u00c7\u00c3O EM AEROPORTOS E FRONTEIRAS DO BRASIL - Bahia Economica\" \/>\n<meta property=\"og:description\" content=\"O maior portal de Economia da Bahia ECONOMIA \/ POL\u00cdTICA Bahia Economica\" \/>\n<meta property=\"og:url\" content=\"https:\/\/bahiaeconomica.com.br\/wp\/2021\/12\/13\/comeca-a-valer-hoje-regra-que-exige-passaporte-de-vacinacao-em-aeroportos-e-fronteiras-do-brasil\/\" \/>\n<meta property=\"og:site_name\" content=\"Bahia Economica\" \/>\n<meta property=\"article:publisher\" content=\"https:\/\/www.facebook.com\/bahiaeconomica\" \/>\n<meta property=\"article:published_time\" content=\"2021-12-13T09:14:52+00:00\" \/>\n<meta property=\"og:image\" content=\"https:\/\/bahiaeconomica.com.br\/wp\/wp-content\/uploads\/2021\/03\/tnrgo_abr_2707182266.jpg\" \/>\n\t<meta property=\"og:image:width\" content=\"1170\" \/>\n\t<meta property=\"og:image:height\" content=\"700\" \/>\n\t<meta property=\"og:image:type\" content=\"image\/jpeg\" \/>\n<meta name=\"author\" content=\"admin\" \/>\n<meta name=\"twitter:card\" content=\"summary_large_image\" \/>\n<meta name=\"twitter:label1\" content=\"Escrito por\" \/>\n\t<meta name=\"twitter:data1\" content=\"admin\" \/>\n\t<meta name=\"twitter:label2\" content=\"Est. tempo de leitura\" \/>\n\t<meta name=\"twitter:data2\" content=\"1 minuto\" \/>\n<script type=\"application\/ld+json\" class=\"yoast-schema-graph\">{\"@context\":\"https:\/\/schema.org\",\"@graph\":[{\"@type\":\"Article\",\"@id\":\"https:\/\/bahiaeconomica.com.br\/wp\/2021\/12\/13\/comeca-a-valer-hoje-regra-que-exige-passaporte-de-vacinacao-em-aeroportos-e-fronteiras-do-brasil\/#article\",\"isPartOf\":{\"@id\":\"https:\/\/bahiaeconomica.com.br\/wp\/2021\/12\/13\/comeca-a-valer-hoje-regra-que-exige-passaporte-de-vacinacao-em-aeroportos-e-fronteiras-do-brasil\/\"},\"author\":{\"name\":\"admin\",\"@id\":\"https:\/\/bahiaeconomica.com.br\/wp\/#\/schema\/person\/cb1ab5ba96ad3d9390805381c76284ec\"},\"headline\":\"COME\u00c7A A VALER HOJE REGRA QUE EXIGE PASSAPORTE DE VACINA\u00c7\u00c3O EM AEROPORTOS E FRONTEIRAS DO BRASIL\",\"datePublished\":\"2021-12-13T09:14:52+00:00\",\"dateModified\":\"2021-12-13T09:14:52+00:00\",\"mainEntityOfPage\":{\"@id\":\"https:\/\/bahiaeconomica.com.br\/wp\/2021\/12\/13\/comeca-a-valer-hoje-regra-que-exige-passaporte-de-vacinacao-em-aeroportos-e-fronteiras-do-brasil\/\"},\"wordCount\":231,\"publisher\":{\"@id\":\"https:\/\/bahiaeconomica.com.br\/wp\/#organization\"},\"keywords\":[\"Brasil\",\"passaporte\",\"Vacina\"],\"articleSection\":[\"ECONOMIA \/ POL\u00cdTICA\"],\"inLanguage\":\"pt-BR\"},{\"@type\":\"WebPage\",\"@id\":\"https:\/\/bahiaeconomica.com.br\/wp\/2021\/12\/13\/comeca-a-valer-hoje-regra-que-exige-passaporte-de-vacinacao-em-aeroportos-e-fronteiras-do-brasil\/\",\"url\":\"https:\/\/bahiaeconomica.com.br\/wp\/2021\/12\/13\/comeca-a-valer-hoje-regra-que-exige-passaporte-de-vacinacao-em-aeroportos-e-fronteiras-do-brasil\/\",\"name\":\"COME\u00c7A A VALER HOJE REGRA QUE EXIGE PASSAPORTE DE VACINA\u00c7\u00c3O EM AEROPORTOS E FRONTEIRAS DO BRASIL - Bahia Economica\",\"isPartOf\":{\"@id\":\"https:\/\/bahiaeconomica.com.br\/wp\/#website\"},\"datePublished\":\"2021-12-13T09:14:52+00:00\",\"dateModified\":\"2021-12-13T09:14:52+00:00\",\"description\":\"O maior portal de Economia da Bahia ECONOMIA \/ POL\u00cdTICA Bahia Economica\",\"breadcrumb\":{\"@id\":\"https:\/\/bahiaeconomica.com.br\/wp\/2021\/12\/13\/comeca-a-valer-hoje-regra-que-exige-passaporte-de-vacinacao-em-aeroportos-e-fronteiras-do-brasil\/#breadcrumb\"},\"inLanguage\":\"pt-BR\",\"potentialAction\":[{\"@type\":\"ReadAction\",\"target\":[\"https:\/\/bahiaeconomica.com.br\/wp\/2021\/12\/13\/comeca-a-valer-hoje-regra-que-exige-passaporte-de-vacinacao-em-aeroportos-e-fronteiras-do-brasil\/\"]}]},{\"@type\":\"BreadcrumbList\",\"@id\":\"https:\/\/bahiaeconomica.com.br\/wp\/2021\/12\/13\/comeca-a-valer-hoje-regra-que-exige-passaporte-de-vacinacao-em-aeroportos-e-fronteiras-do-brasil\/#breadcrumb\",\"itemListElement\":[{\"@type\":\"ListItem\",\"position\":1,\"name\":\"In\u00edcio\",\"item\":\"https:\/\/bahiaeconomica.com.br\/wp\/\"},{\"@type\":\"ListItem\",\"position\":2,\"name\":\"COME\u00c7A A VALER HOJE REGRA QUE EXIGE PASSAPORTE DE VACINA\u00c7\u00c3O EM AEROPORTOS E FRONTEIRAS DO BRASIL\"}]},{\"@type\":\"WebSite\",\"@id\":\"https:\/\/bahiaeconomica.com.br\/wp\/#website\",\"url\":\"https:\/\/bahiaeconomica.com.br\/wp\/\",\"name\":\"Bahia Economica\",\"description\":\"O maior portal de Economia da Bahia\",\"publisher\":{\"@id\":\"https:\/\/bahiaeconomica.com.br\/wp\/#organization\"},\"potentialAction\":[{\"@type\":\"SearchAction\",\"target\":{\"@type\":\"EntryPoint\",\"urlTemplate\":\"https:\/\/bahiaeconomica.com.br\/wp\/?s={search_term_string}\"},\"query-input\":\"required name=search_term_string\"}],\"inLanguage\":\"pt-BR\"},{\"@type\":\"Organization\",\"@id\":\"https:\/\/bahiaeconomica.com.br\/wp\/#organization\",\"name\":\"Bahia Econ\u00f4mica\",\"url\":\"https:\/\/bahiaeconomica.com.br\/wp\/\",\"logo\":{\"@type\":\"ImageObject\",\"inLanguage\":\"pt-BR\",\"@id\":\"https:\/\/bahiaeconomica.com.br\/wp\/#\/schema\/logo\/image\/\",\"url\":\"https:\/\/bahiaeconomica.com.br\/wp\/wp-content\/uploads\/2020\/12\/cropped-BE.png\",\"contentUrl\":\"https:\/\/bahiaeconomica.com.br\/wp\/wp-content\/uploads\/2020\/12\/cropped-BE.png\",\"width\":512,\"height\":512,\"caption\":\"Bahia Econ\u00f4mica\"},\"image\":{\"@id\":\"https:\/\/bahiaeconomica.com.br\/wp\/#\/schema\/logo\/image\/\"},\"sameAs\":[\"https:\/\/www.facebook.com\/bahiaeconomica\"]},{\"@type\":\"Person\",\"@id\":\"https:\/\/bahiaeconomica.com.br\/wp\/#\/schema\/person\/cb1ab5ba96ad3d9390805381c76284ec\",\"name\":\"admin\",\"url\":\"https:\/\/bahiaeconomica.com.br\/wp\/author\/admin\/\"}]}<\/script>\n<!-- \/ Yoast SEO plugin. -->","yoast_head_json":{"title":"COME\u00c7A A VALER HOJE REGRA QUE EXIGE PASSAPORTE DE VACINA\u00c7\u00c3O EM AEROPORTOS E FRONTEIRAS DO BRASIL - Bahia Economica","description":"O maior portal de Economia da Bahia ECONOMIA \/ POL\u00cdTICA Bahia Economica","robots":{"index":"index","follow":"follow","max-snippet":"max-snippet:-1","max-image-preview":"max-image-preview:large","max-video-preview":"max-video-preview:-1"},"canonical":"https:\/\/bahiaeconomica.com.br\/wp\/2021\/12\/13\/comeca-a-valer-hoje-regra-que-exige-passaporte-de-vacinacao-em-aeroportos-e-fronteiras-do-brasil\/","og_locale":"pt_BR","og_type":"article","og_title":"COME\u00c7A A VALER HOJE REGRA QUE EXIGE PASSAPORTE DE VACINA\u00c7\u00c3O EM AEROPORTOS E FRONTEIRAS DO BRASIL - Bahia Economica","og_description":"O maior portal de Economia da Bahia ECONOMIA \/ POL\u00cdTICA Bahia Economica","og_url":"https:\/\/bahiaeconomica.com.br\/wp\/2021\/12\/13\/comeca-a-valer-hoje-regra-que-exige-passaporte-de-vacinacao-em-aeroportos-e-fronteiras-do-brasil\/","og_site_name":"Bahia Economica","article_publisher":"https:\/\/www.facebook.com\/bahiaeconomica","article_published_time":"2021-12-13T09:14:52+00:00","og_image":[{"width":1170,"height":700,"url":"https:\/\/bahiaeconomica.com.br\/wp\/wp-content\/uploads\/2021\/03\/tnrgo_abr_2707182266.jpg","type":"image\/jpeg"}],"author":"admin","twitter_card":"summary_large_image","twitter_misc":{"Escrito por":"admin","Est. tempo de leitura":"1 minuto"},"schema":{"@context":"https:\/\/schema.org","@graph":[{"@type":"Article","@id":"https:\/\/bahiaeconomica.com.br\/wp\/2021\/12\/13\/comeca-a-valer-hoje-regra-que-exige-passaporte-de-vacinacao-em-aeroportos-e-fronteiras-do-brasil\/#article","isPartOf":{"@id":"https:\/\/bahiaeconomica.com.br\/wp\/2021\/12\/13\/comeca-a-valer-hoje-regra-que-exige-passaporte-de-vacinacao-em-aeroportos-e-fronteiras-do-brasil\/"},"author":{"name":"admin","@id":"https:\/\/bahiaeconomica.com.br\/wp\/#\/schema\/person\/cb1ab5ba96ad3d9390805381c76284ec"},"headline":"COME\u00c7A A VALER HOJE REGRA QUE EXIGE PASSAPORTE DE VACINA\u00c7\u00c3O EM AEROPORTOS E FRONTEIRAS DO BRASIL","datePublished":"2021-12-13T09:14:52+00:00","dateModified":"2021-12-13T09:14:52+00:00","mainEntityOfPage":{"@id":"https:\/\/bahiaeconomica.com.br\/wp\/2021\/12\/13\/comeca-a-valer-hoje-regra-que-exige-passaporte-de-vacinacao-em-aeroportos-e-fronteiras-do-brasil\/"},"wordCount":231,"publisher":{"@id":"https:\/\/bahiaeconomica.com.br\/wp\/#organization"},"keywords":["Brasil","passaporte","Vacina"],"articleSection":["ECONOMIA \/ POL\u00cdTICA"],"inLanguage":"pt-BR"},{"@type":"WebPage","@id":"https:\/\/bahiaeconomica.com.br\/wp\/2021\/12\/13\/comeca-a-valer-hoje-regra-que-exige-passaporte-de-vacinacao-em-aeroportos-e-fronteiras-do-brasil\/","url":"https:\/\/bahiaeconomica.com.br\/wp\/2021\/12\/13\/comeca-a-valer-hoje-regra-que-exige-passaporte-de-vacinacao-em-aeroportos-e-fronteiras-do-brasil\/","name":"COME\u00c7A A VALER HOJE REGRA QUE EXIGE PASSAPORTE DE VACINA\u00c7\u00c3O EM AEROPORTOS E FRONTEIRAS DO BRASIL - Bahia Economica","isPartOf":{"@id":"https:\/\/bahiaeconomica.com.br\/wp\/#website"},"datePublished":"2021-12-13T09:14:52+00:00","dateModified":"2021-12-13T09:14:52+00:00","description":"O maior portal de Economia da Bahia ECONOMIA \/ POL\u00cdTICA Bahia Economica","breadcrumb":{"@id":"https:\/\/bahiaeconomica.com.br\/wp\/2021\/12\/13\/comeca-a-valer-hoje-regra-que-exige-passaporte-de-vacinacao-em-aeroportos-e-fronteiras-do-brasil\/#breadcrumb"},"inLanguage":"pt-BR","potentialAction":[{"@type":"ReadAction","target":["https:\/\/bahiaeconomica.com.br\/wp\/2021\/12\/13\/comeca-a-valer-hoje-regra-que-exige-passaporte-de-vacinacao-em-aeroportos-e-fronteiras-do-brasil\/"]}]},{"@type":"BreadcrumbList","@id":"https:\/\/bahiaeconomica.com.br\/wp\/2021\/12\/13\/comeca-a-valer-hoje-regra-que-exige-passaporte-de-vacinacao-em-aeroportos-e-fronteiras-do-brasil\/#breadcrumb","itemListElement":[{"@type":"ListItem","position":1,"name":"In\u00edcio","item":"https:\/\/bahiaeconomica.com.br\/wp\/"},{"@type":"ListItem","position":2,"name":"COME\u00c7A A VALER HOJE REGRA QUE EXIGE PASSAPORTE DE VACINA\u00c7\u00c3O EM AEROPORTOS E FRONTEIRAS DO BRASIL"}]},{"@type":"WebSite","@id":"https:\/\/bahiaeconomica.com.br\/wp\/#website","url":"https:\/\/bahiaeconomica.com.br\/wp\/","name":"Bahia Economica","description":"O maior portal de Economia da Bahia","publisher":{"@id":"https:\/\/bahiaeconomica.com.br\/wp\/#organization"},"potentialAction":[{"@type":"SearchAction","target":{"@type":"EntryPoint","urlTemplate":"https:\/\/bahiaeconomica.com.br\/wp\/?s={search_term_string}"},"query-input":"required name=search_term_string"}],"inLanguage":"pt-BR"},{"@type":"Organization","@id":"https:\/\/bahiaeconomica.com.br\/wp\/#organization","name":"Bahia Econ\u00f4mica","url":"https:\/\/bahiaeconomica.com.br\/wp\/","logo":{"@type":"ImageObject","inLanguage":"pt-BR","@id":"https:\/\/bahiaeconomica.com.br\/wp\/#\/schema\/logo\/image\/","url":"https:\/\/bahiaeconomica.com.br\/wp\/wp-content\/uploads\/2020\/12\/cropped-BE.png","contentUrl":"https:\/\/bahiaeconomica.com.br\/wp\/wp-content\/uploads\/2020\/12\/cropped-BE.png","width":512,"height":512,"caption":"Bahia Econ\u00f4mica"},"image":{"@id":"https:\/\/bahiaeconomica.com.br\/wp\/#\/schema\/logo\/image\/"},"sameAs":["https:\/\/www.facebook.com\/bahiaeconomica"]},{"@type":"Person","@id":"https:\/\/bahiaeconomica.com.br\/wp\/#\/schema\/person\/cb1ab5ba96ad3d9390805381c76284ec","name":"admin","url":"https:\/\/bahiaeconomica.com.br\/wp\/author\/admin\/"}]}},"views":1,"_links":{"self":[{"href":"https:\/\/bahiaeconomica.com.br\/wp\/wp-json\/wp\/v2\/posts\/622436"}],"collection":[{"href":"https:\/\/bahiaeconomica.com.br\/wp\/wp-json\/wp\/v2\/posts"}],"about":[{"href":"https:\/\/bahiaeconomica.com.br\/wp\/wp-json\/wp\/v2\/types\/post"}],"author":[{"embeddable":true,"href":"https:\/\/bahiaeconomica.com.br\/wp\/wp-json\/wp\/v2\/users\/1"}],"replies":[{"embeddable":true,"href":"https:\/\/bahiaeconomica.com.br\/wp\/wp-json\/wp\/v2\/comments?post=622436"}],"version-history":[{"count":1,"href":"https:\/\/bahiaeconomica.com.br\/wp\/wp-json\/wp\/v2\/posts\/622436\/revisions"}],"predecessor-version":[{"id":622438,"href":"https:\/\/bahiaeconomica.com.br\/wp\/wp-json\/wp\/v2\/posts\/622436\/revisions\/622438"}],"wp:featuredmedia":[{"embeddable":true,"href":"https:\/\/bahiaeconomica.com.br\/wp\/wp-json\/wp\/v2\/media\/543811"}],"wp:attachment":[{"href":"https:\/\/bahiaeconomica.com.br\/wp\/wp-json\/wp\/v2\/media?parent=622436"}],"wp:term":[{"taxonomy":"category","embeddable":true,"href":"https:\/\/bahiaeconomica.com.br\/wp\/wp-json\/wp\/v2\/categories?post=622436"},{"taxonomy":"post_tag","embeddable":true,"href":"https:\/\/bahiaeconomica.com.br\/wp\/wp-json\/wp\/v2\/tags?post=622436"}],"curies":[{"name":"wp","href":"https:\/\/api.w.org\/{rel}","templated":true}]}}