{"id":620263,"date":"2021-12-02T10:07:46","date_gmt":"2021-12-02T13:07:46","guid":{"rendered":"https:\/\/bahiaeconomica.com.br\/wp\/beta\/?p=620263"},"modified":"2021-12-02T10:07:46","modified_gmt":"2021-12-02T13:07:46","slug":"apresentacoes-artisticas-voltam-a-acontecer-neste-fim-de-semana-nos-largos-do-pelourinho","status":"publish","type":"post","link":"https:\/\/bahiaeconomica.com.br\/wp\/2021\/12\/02\/apresentacoes-artisticas-voltam-a-acontecer-neste-fim-de-semana-nos-largos-do-pelourinho\/","title":{"rendered":"APRESENTA\u00c7\u00d5ES ART\u00cdSTICAS VOLTAM A ACONTECER NESTE FIM DE SEMANA NOS LARGOS DO PELOURINHO"},"content":{"rendered":"<p style=\"text-align: justify;\">Com apresenta\u00e7\u00f5es paralisadas desde mar\u00e7o de 2020, em virtude da pandemia da Covid-19, os largos do Pelourinho voltam a receber shows a partir desta sexta-feira (03). O samba e a m\u00fasica instrumental s\u00e3o destaques deste primeiro fim de semana de shows, com artistas participantes do credenciamento para contrata\u00e7\u00e3o de servi\u00e7os art\u00edsticos, existente desde 2012. A programa\u00e7\u00e3o gratuita \u00e9 realizada pela Secretaria de Cultura do Estado, atrav\u00e9s do Centro de Culturas Populares e Identit\u00e1rias e do Instituto do Patrim\u00f4nio Art\u00edstico e Cultural.<\/p>\n<p>Outras informa\u00e7\u00f5es podem ser consultadas no site\u00a0<a href=\"http:\/\/www.cultura.ba.gov.br\/\" target=\"_blank\" rel=\"noopener\">www.cultura.ba.gov.br<\/a><\/p>\n<p style=\"text-align: justify;\"><strong>Protocolos<\/strong>\u00a0\u2013 O acesso ao espa\u00e7o est\u00e1 condicionado \u00e0 capacidade de p\u00fablico definida de acordo com o decreto estadual 20.013, de 29 de novembro de 2021, limitando-se ao quantitativo de 500 pessoas.<\/p>\n<p style=\"text-align: justify;\">\u00c9 preciso comprovar as duas doses da vacina\u00e7\u00e3o contra a Covid-19 ou dose \u00fanica, mediante apresenta\u00e7\u00e3o do documento de vacina\u00e7\u00e3o fornecido no momento da vacina\u00e7\u00e3o ou do Certificado COVID, de prefer\u00eancia impresso, obtido atrav\u00e9s do aplicativo \u201cConectSUS\u201d, do Minist\u00e9rio da Sa\u00fade, e o documento de identifica\u00e7\u00e3o com foto.<\/p>\n<p style=\"text-align: justify;\">O uso de m\u00e1scara facial (cobrindo a boca e o nariz) \u00e9 obrigat\u00f3rio durante o per\u00edodo de perman\u00eancia nos largos, para quem n\u00e3o estiver em consumo nas \u00e1reas dos bares. \u00c9 proibida a venda e consumo de alimentos e bebidas para quem n\u00e3o estiver em cumprimento do protocolo para bares e restaurantes de acordo com o decreto municipal 34.424 de 10 de setembro de 2021 (p\u00fablico sentado).<\/p>\n<p>Foto: Divulga\u00e7\u00e3o<\/p>\n","protected":false},"excerpt":{"rendered":"<p>Com apresenta\u00e7\u00f5es paralisadas desde mar\u00e7o de 2020, em virtude da pandemia da Covid-19, os largos do Pelourinho voltam a receber shows a partir desta sexta-feira (03). O samba e a m\u00fasica instrumental s\u00e3o destaques deste primeiro fim de semana de shows, com artistas participantes do credenciamento para contrata\u00e7\u00e3o de servi\u00e7os art\u00edsticos, existente desde 2012. A [&hellip;]<\/p>\n","protected":false},"author":1,"featured_media":590628,"comment_status":"closed","ping_status":"closed","sticky":false,"template":"","format":"standard","meta":[],"categories":[689],"tags":[],"acf":[],"yoast_head":"<!-- This site is optimized with the Yoast SEO plugin v20.8 - https:\/\/yoast.com\/wordpress\/plugins\/seo\/ -->\n<title>APRESENTA\u00c7\u00d5ES ART\u00cdSTICAS VOLTAM A ACONTECER NESTE FIM DE SEMANA NOS LARGOS DO PELOURINHO - Bahia Economica<\/title>\n<meta name=\"description\" content=\"O maior portal de Economia da Bahia CULTURA E ARTE Bahia Economica\" \/>\n<meta name=\"robots\" content=\"index, follow, max-snippet:-1, max-image-preview:large, max-video-preview:-1\" \/>\n<link rel=\"canonical\" href=\"https:\/\/bahiaeconomica.com.br\/wp\/2021\/12\/02\/apresentacoes-artisticas-voltam-a-acontecer-neste-fim-de-semana-nos-largos-do-pelourinho\/\" \/>\n<meta property=\"og:locale\" content=\"pt_BR\" \/>\n<meta property=\"og:type\" content=\"article\" \/>\n<meta property=\"og:title\" content=\"APRESENTA\u00c7\u00d5ES ART\u00cdSTICAS VOLTAM A ACONTECER NESTE FIM DE SEMANA NOS LARGOS DO PELOURINHO - Bahia Economica\" \/>\n<meta property=\"og:description\" content=\"O maior portal de Economia da Bahia CULTURA E ARTE Bahia Economica\" \/>\n<meta property=\"og:url\" content=\"https:\/\/bahiaeconomica.com.br\/wp\/2021\/12\/02\/apresentacoes-artisticas-voltam-a-acontecer-neste-fim-de-semana-nos-largos-do-pelourinho\/\" \/>\n<meta property=\"og:site_name\" content=\"Bahia Economica\" \/>\n<meta property=\"article:publisher\" content=\"https:\/\/www.facebook.com\/bahiaeconomica\" \/>\n<meta property=\"article:published_time\" content=\"2021-12-02T13:07:46+00:00\" \/>\n<meta property=\"og:image\" content=\"https:\/\/bahiaeconomica.com.br\/wp\/wp-content\/uploads\/2021\/08\/Pelourinho-Salvador-Bahia.jpg\" \/>\n\t<meta property=\"og:image:width\" content=\"500\" \/>\n\t<meta property=\"og:image:height\" content=\"300\" \/>\n\t<meta property=\"og:image:type\" content=\"image\/jpeg\" \/>\n<meta name=\"author\" content=\"admin\" \/>\n<meta name=\"twitter:card\" content=\"summary_large_image\" \/>\n<meta name=\"twitter:label1\" content=\"Escrito por\" \/>\n\t<meta name=\"twitter:data1\" content=\"admin\" \/>\n\t<meta name=\"twitter:label2\" content=\"Est. tempo de leitura\" \/>\n\t<meta name=\"twitter:data2\" content=\"1 minuto\" \/>\n<script type=\"application\/ld+json\" class=\"yoast-schema-graph\">{\"@context\":\"https:\/\/schema.org\",\"@graph\":[{\"@type\":\"Article\",\"@id\":\"https:\/\/bahiaeconomica.com.br\/wp\/2021\/12\/02\/apresentacoes-artisticas-voltam-a-acontecer-neste-fim-de-semana-nos-largos-do-pelourinho\/#article\",\"isPartOf\":{\"@id\":\"https:\/\/bahiaeconomica.com.br\/wp\/2021\/12\/02\/apresentacoes-artisticas-voltam-a-acontecer-neste-fim-de-semana-nos-largos-do-pelourinho\/\"},\"author\":{\"name\":\"admin\",\"@id\":\"https:\/\/bahiaeconomica.com.br\/wp\/#\/schema\/person\/cb1ab5ba96ad3d9390805381c76284ec\"},\"headline\":\"APRESENTA\u00c7\u00d5ES ART\u00cdSTICAS VOLTAM A ACONTECER NESTE FIM DE SEMANA NOS LARGOS DO PELOURINHO\",\"datePublished\":\"2021-12-02T13:07:46+00:00\",\"dateModified\":\"2021-12-02T13:07:46+00:00\",\"mainEntityOfPage\":{\"@id\":\"https:\/\/bahiaeconomica.com.br\/wp\/2021\/12\/02\/apresentacoes-artisticas-voltam-a-acontecer-neste-fim-de-semana-nos-largos-do-pelourinho\/\"},\"wordCount\":273,\"publisher\":{\"@id\":\"https:\/\/bahiaeconomica.com.br\/wp\/#organization\"},\"articleSection\":[\"CULTURA E ARTE\"],\"inLanguage\":\"pt-BR\"},{\"@type\":\"WebPage\",\"@id\":\"https:\/\/bahiaeconomica.com.br\/wp\/2021\/12\/02\/apresentacoes-artisticas-voltam-a-acontecer-neste-fim-de-semana-nos-largos-do-pelourinho\/\",\"url\":\"https:\/\/bahiaeconomica.com.br\/wp\/2021\/12\/02\/apresentacoes-artisticas-voltam-a-acontecer-neste-fim-de-semana-nos-largos-do-pelourinho\/\",\"name\":\"APRESENTA\u00c7\u00d5ES ART\u00cdSTICAS VOLTAM A ACONTECER NESTE FIM DE SEMANA NOS LARGOS DO PELOURINHO - Bahia Economica\",\"isPartOf\":{\"@id\":\"https:\/\/bahiaeconomica.com.br\/wp\/#website\"},\"datePublished\":\"2021-12-02T13:07:46+00:00\",\"dateModified\":\"2021-12-02T13:07:46+00:00\",\"description\":\"O maior portal de Economia da Bahia CULTURA E ARTE Bahia Economica\",\"breadcrumb\":{\"@id\":\"https:\/\/bahiaeconomica.com.br\/wp\/2021\/12\/02\/apresentacoes-artisticas-voltam-a-acontecer-neste-fim-de-semana-nos-largos-do-pelourinho\/#breadcrumb\"},\"inLanguage\":\"pt-BR\",\"potentialAction\":[{\"@type\":\"ReadAction\",\"target\":[\"https:\/\/bahiaeconomica.com.br\/wp\/2021\/12\/02\/apresentacoes-artisticas-voltam-a-acontecer-neste-fim-de-semana-nos-largos-do-pelourinho\/\"]}]},{\"@type\":\"BreadcrumbList\",\"@id\":\"https:\/\/bahiaeconomica.com.br\/wp\/2021\/12\/02\/apresentacoes-artisticas-voltam-a-acontecer-neste-fim-de-semana-nos-largos-do-pelourinho\/#breadcrumb\",\"itemListElement\":[{\"@type\":\"ListItem\",\"position\":1,\"name\":\"In\u00edcio\",\"item\":\"https:\/\/bahiaeconomica.com.br\/wp\/\"},{\"@type\":\"ListItem\",\"position\":2,\"name\":\"APRESENTA\u00c7\u00d5ES ART\u00cdSTICAS VOLTAM A ACONTECER NESTE FIM DE SEMANA NOS LARGOS DO PELOURINHO\"}]},{\"@type\":\"WebSite\",\"@id\":\"https:\/\/bahiaeconomica.com.br\/wp\/#website\",\"url\":\"https:\/\/bahiaeconomica.com.br\/wp\/\",\"name\":\"Bahia Economica\",\"description\":\"O maior portal de Economia da Bahia\",\"publisher\":{\"@id\":\"https:\/\/bahiaeconomica.com.br\/wp\/#organization\"},\"potentialAction\":[{\"@type\":\"SearchAction\",\"target\":{\"@type\":\"EntryPoint\",\"urlTemplate\":\"https:\/\/bahiaeconomica.com.br\/wp\/?s={search_term_string}\"},\"query-input\":\"required name=search_term_string\"}],\"inLanguage\":\"pt-BR\"},{\"@type\":\"Organization\",\"@id\":\"https:\/\/bahiaeconomica.com.br\/wp\/#organization\",\"name\":\"Bahia Econ\u00f4mica\",\"url\":\"https:\/\/bahiaeconomica.com.br\/wp\/\",\"logo\":{\"@type\":\"ImageObject\",\"inLanguage\":\"pt-BR\",\"@id\":\"https:\/\/bahiaeconomica.com.br\/wp\/#\/schema\/logo\/image\/\",\"url\":\"https:\/\/bahiaeconomica.com.br\/wp\/wp-content\/uploads\/2020\/12\/cropped-BE.png\",\"contentUrl\":\"https:\/\/bahiaeconomica.com.br\/wp\/wp-content\/uploads\/2020\/12\/cropped-BE.png\",\"width\":512,\"height\":512,\"caption\":\"Bahia Econ\u00f4mica\"},\"image\":{\"@id\":\"https:\/\/bahiaeconomica.com.br\/wp\/#\/schema\/logo\/image\/\"},\"sameAs\":[\"https:\/\/www.facebook.com\/bahiaeconomica\"]},{\"@type\":\"Person\",\"@id\":\"https:\/\/bahiaeconomica.com.br\/wp\/#\/schema\/person\/cb1ab5ba96ad3d9390805381c76284ec\",\"name\":\"admin\",\"url\":\"https:\/\/bahiaeconomica.com.br\/wp\/author\/admin\/\"}]}<\/script>\n<!-- \/ Yoast SEO plugin. -->","yoast_head_json":{"title":"APRESENTA\u00c7\u00d5ES ART\u00cdSTICAS VOLTAM A ACONTECER NESTE FIM DE SEMANA NOS LARGOS DO PELOURINHO - Bahia Economica","description":"O maior portal de Economia da Bahia CULTURA E ARTE Bahia Economica","robots":{"index":"index","follow":"follow","max-snippet":"max-snippet:-1","max-image-preview":"max-image-preview:large","max-video-preview":"max-video-preview:-1"},"canonical":"https:\/\/bahiaeconomica.com.br\/wp\/2021\/12\/02\/apresentacoes-artisticas-voltam-a-acontecer-neste-fim-de-semana-nos-largos-do-pelourinho\/","og_locale":"pt_BR","og_type":"article","og_title":"APRESENTA\u00c7\u00d5ES ART\u00cdSTICAS VOLTAM A ACONTECER NESTE FIM DE SEMANA NOS LARGOS DO PELOURINHO - Bahia Economica","og_description":"O maior portal de Economia da Bahia CULTURA E ARTE Bahia Economica","og_url":"https:\/\/bahiaeconomica.com.br\/wp\/2021\/12\/02\/apresentacoes-artisticas-voltam-a-acontecer-neste-fim-de-semana-nos-largos-do-pelourinho\/","og_site_name":"Bahia Economica","article_publisher":"https:\/\/www.facebook.com\/bahiaeconomica","article_published_time":"2021-12-02T13:07:46+00:00","og_image":[{"width":500,"height":300,"url":"https:\/\/bahiaeconomica.com.br\/wp\/wp-content\/uploads\/2021\/08\/Pelourinho-Salvador-Bahia.jpg","type":"image\/jpeg"}],"author":"admin","twitter_card":"summary_large_image","twitter_misc":{"Escrito por":"admin","Est. tempo de leitura":"1 minuto"},"schema":{"@context":"https:\/\/schema.org","@graph":[{"@type":"Article","@id":"https:\/\/bahiaeconomica.com.br\/wp\/2021\/12\/02\/apresentacoes-artisticas-voltam-a-acontecer-neste-fim-de-semana-nos-largos-do-pelourinho\/#article","isPartOf":{"@id":"https:\/\/bahiaeconomica.com.br\/wp\/2021\/12\/02\/apresentacoes-artisticas-voltam-a-acontecer-neste-fim-de-semana-nos-largos-do-pelourinho\/"},"author":{"name":"admin","@id":"https:\/\/bahiaeconomica.com.br\/wp\/#\/schema\/person\/cb1ab5ba96ad3d9390805381c76284ec"},"headline":"APRESENTA\u00c7\u00d5ES ART\u00cdSTICAS VOLTAM A ACONTECER NESTE FIM DE SEMANA NOS LARGOS DO PELOURINHO","datePublished":"2021-12-02T13:07:46+00:00","dateModified":"2021-12-02T13:07:46+00:00","mainEntityOfPage":{"@id":"https:\/\/bahiaeconomica.com.br\/wp\/2021\/12\/02\/apresentacoes-artisticas-voltam-a-acontecer-neste-fim-de-semana-nos-largos-do-pelourinho\/"},"wordCount":273,"publisher":{"@id":"https:\/\/bahiaeconomica.com.br\/wp\/#organization"},"articleSection":["CULTURA E ARTE"],"inLanguage":"pt-BR"},{"@type":"WebPage","@id":"https:\/\/bahiaeconomica.com.br\/wp\/2021\/12\/02\/apresentacoes-artisticas-voltam-a-acontecer-neste-fim-de-semana-nos-largos-do-pelourinho\/","url":"https:\/\/bahiaeconomica.com.br\/wp\/2021\/12\/02\/apresentacoes-artisticas-voltam-a-acontecer-neste-fim-de-semana-nos-largos-do-pelourinho\/","name":"APRESENTA\u00c7\u00d5ES ART\u00cdSTICAS VOLTAM A ACONTECER NESTE FIM DE SEMANA NOS LARGOS DO PELOURINHO - Bahia Economica","isPartOf":{"@id":"https:\/\/bahiaeconomica.com.br\/wp\/#website"},"datePublished":"2021-12-02T13:07:46+00:00","dateModified":"2021-12-02T13:07:46+00:00","description":"O maior portal de Economia da Bahia CULTURA E ARTE Bahia Economica","breadcrumb":{"@id":"https:\/\/bahiaeconomica.com.br\/wp\/2021\/12\/02\/apresentacoes-artisticas-voltam-a-acontecer-neste-fim-de-semana-nos-largos-do-pelourinho\/#breadcrumb"},"inLanguage":"pt-BR","potentialAction":[{"@type":"ReadAction","target":["https:\/\/bahiaeconomica.com.br\/wp\/2021\/12\/02\/apresentacoes-artisticas-voltam-a-acontecer-neste-fim-de-semana-nos-largos-do-pelourinho\/"]}]},{"@type":"BreadcrumbList","@id":"https:\/\/bahiaeconomica.com.br\/wp\/2021\/12\/02\/apresentacoes-artisticas-voltam-a-acontecer-neste-fim-de-semana-nos-largos-do-pelourinho\/#breadcrumb","itemListElement":[{"@type":"ListItem","position":1,"name":"In\u00edcio","item":"https:\/\/bahiaeconomica.com.br\/wp\/"},{"@type":"ListItem","position":2,"name":"APRESENTA\u00c7\u00d5ES ART\u00cdSTICAS VOLTAM A ACONTECER NESTE FIM DE SEMANA NOS LARGOS DO PELOURINHO"}]},{"@type":"WebSite","@id":"https:\/\/bahiaeconomica.com.br\/wp\/#website","url":"https:\/\/bahiaeconomica.com.br\/wp\/","name":"Bahia Economica","description":"O maior portal de Economia da Bahia","publisher":{"@id":"https:\/\/bahiaeconomica.com.br\/wp\/#organization"},"potentialAction":[{"@type":"SearchAction","target":{"@type":"EntryPoint","urlTemplate":"https:\/\/bahiaeconomica.com.br\/wp\/?s={search_term_string}"},"query-input":"required name=search_term_string"}],"inLanguage":"pt-BR"},{"@type":"Organization","@id":"https:\/\/bahiaeconomica.com.br\/wp\/#organization","name":"Bahia Econ\u00f4mica","url":"https:\/\/bahiaeconomica.com.br\/wp\/","logo":{"@type":"ImageObject","inLanguage":"pt-BR","@id":"https:\/\/bahiaeconomica.com.br\/wp\/#\/schema\/logo\/image\/","url":"https:\/\/bahiaeconomica.com.br\/wp\/wp-content\/uploads\/2020\/12\/cropped-BE.png","contentUrl":"https:\/\/bahiaeconomica.com.br\/wp\/wp-content\/uploads\/2020\/12\/cropped-BE.png","width":512,"height":512,"caption":"Bahia Econ\u00f4mica"},"image":{"@id":"https:\/\/bahiaeconomica.com.br\/wp\/#\/schema\/logo\/image\/"},"sameAs":["https:\/\/www.facebook.com\/bahiaeconomica"]},{"@type":"Person","@id":"https:\/\/bahiaeconomica.com.br\/wp\/#\/schema\/person\/cb1ab5ba96ad3d9390805381c76284ec","name":"admin","url":"https:\/\/bahiaeconomica.com.br\/wp\/author\/admin\/"}]}},"views":2,"_links":{"self":[{"href":"https:\/\/bahiaeconomica.com.br\/wp\/wp-json\/wp\/v2\/posts\/620263"}],"collection":[{"href":"https:\/\/bahiaeconomica.com.br\/wp\/wp-json\/wp\/v2\/posts"}],"about":[{"href":"https:\/\/bahiaeconomica.com.br\/wp\/wp-json\/wp\/v2\/types\/post"}],"author":[{"embeddable":true,"href":"https:\/\/bahiaeconomica.com.br\/wp\/wp-json\/wp\/v2\/users\/1"}],"replies":[{"embeddable":true,"href":"https:\/\/bahiaeconomica.com.br\/wp\/wp-json\/wp\/v2\/comments?post=620263"}],"version-history":[{"count":1,"href":"https:\/\/bahiaeconomica.com.br\/wp\/wp-json\/wp\/v2\/posts\/620263\/revisions"}],"predecessor-version":[{"id":620267,"href":"https:\/\/bahiaeconomica.com.br\/wp\/wp-json\/wp\/v2\/posts\/620263\/revisions\/620267"}],"wp:featuredmedia":[{"embeddable":true,"href":"https:\/\/bahiaeconomica.com.br\/wp\/wp-json\/wp\/v2\/media\/590628"}],"wp:attachment":[{"href":"https:\/\/bahiaeconomica.com.br\/wp\/wp-json\/wp\/v2\/media?parent=620263"}],"wp:term":[{"taxonomy":"category","embeddable":true,"href":"https:\/\/bahiaeconomica.com.br\/wp\/wp-json\/wp\/v2\/categories?post=620263"},{"taxonomy":"post_tag","embeddable":true,"href":"https:\/\/bahiaeconomica.com.br\/wp\/wp-json\/wp\/v2\/tags?post=620263"}],"curies":[{"name":"wp","href":"https:\/\/api.w.org\/{rel}","templated":true}]}}