{"id":620101,"date":"2021-12-01T18:36:15","date_gmt":"2021-12-01T21:36:15","guid":{"rendered":"https:\/\/bahiaeconomica.com.br\/wp\/beta\/?p=620101"},"modified":"2021-12-01T18:40:07","modified_gmt":"2021-12-01T21:40:07","slug":"palocci-vaccari-e-outros-reus-da-lava-jato-tem-condenacao-anulada","status":"publish","type":"post","link":"https:\/\/bahiaeconomica.com.br\/wp\/2021\/12\/01\/palocci-vaccari-e-outros-reus-da-lava-jato-tem-condenacao-anulada\/","title":{"rendered":"LAVA JATO: PALOCCI, VACCARI E MAIS 11 T\u00caM CONDENA\u00c7\u00c3O ANULADA"},"content":{"rendered":"<p>O Superior Tribunal de Justi\u00e7a (STJ) anulou as condena\u00e7\u00f5es do ex-ministro Ant\u00f4nio Palocci, do ex-tesoureiro do PT Jo\u00e3o Vaccari Neto, do ex-diretor de Servi\u00e7os da Petrobras Renato Duque e outros 10 r\u00e9us julgados, em 2017, pelo ent\u00e3o juiz S\u00e9rgio Moro, no \u00e2mbito da Opera\u00e7\u00e3o Lava Jato. A decis\u00e3o ocorreu nesta quarta-feira (01) e foi feita pelo ministro Jesu\u00edno Rissato, que determinou o envio dos processos para a Justi\u00e7a Eleitoral.<!--more--><\/p>\n<p>Entre os condenados, tamb\u00e9m estavam Marcelo Odebrecht, ex-presidente do Grupo Odebrecht, e os publicit\u00e1rios Monica Moura e Jo\u00e3o Santana. Outros dois r\u00e9us no processo j\u00e1 tinham sido absolvidos por falta de provas, Branislav Kontic, ex-assessor de Palocci, e Rog\u00e9rio de Ara\u00fajo, ex-executivo da Odebrecht.<\/p>\n<p>\u201cReconhe\u00e7o a incompet\u00eancia da Justi\u00e7a Federal para processar e julgar o presente feito, declaro a nulidade de todos os atos decis\u00f3rios\u201d, afirmou Rissato.<\/p>\n<p>Os processos devem ser remetidos ao ju\u00edzo competente, que, por crit\u00e9rio pr\u00f3prio, pode ratificar os atos, se n\u00e3o houver preju\u00edzo aos acusados, \u201cem aten\u00e7\u00e3o aos princ\u00edpios da efici\u00eancia, da dura\u00e7\u00e3o razo\u00e1vel do processo e da economia processual\u201d, diz o ministro.<\/p>\n<p>Ele ainda mencionou a decis\u00e3o do Supremo Tribunal Federal (STF) que, em 2019, determinou que crimes eleitorais como o caixa 2 que tenham sido cometidos em conjunto com outros crimes como corrup\u00e7\u00e3o e lavagem de dinheiro devem ser enviados \u00e0 Justi\u00e7a Eleitoral.<\/p>\n<p>\u201c\u00c9 assente no sentido de que a compet\u00eancia para processar e julgar os casos de financiamento para campanhas eleitorais, mediante a utiliza\u00e7\u00e3o do denominado Caixa 2, que poderiam constituir o crime eleitoral de falsidade ideol\u00f3gica, \u00e9 da Justi\u00e7a Eleitoral\u201d, finalizou.<\/p>\n","protected":false},"excerpt":{"rendered":"<p>O Superior Tribunal de Justi\u00e7a (STJ) anulou as condena\u00e7\u00f5es do ex-ministro Ant\u00f4nio Palocci, do ex-tesoureiro do PT Jo\u00e3o Vaccari Neto, do ex-diretor de Servi\u00e7os da Petrobras Renato Duque e outros 10 r\u00e9us julgados, em 2017, pelo ent\u00e3o juiz S\u00e9rgio Moro, no \u00e2mbito da Opera\u00e7\u00e3o Lava Jato. A decis\u00e3o ocorreu nesta quarta-feira (01) e foi feita [&hellip;]<\/p>\n","protected":false},"author":1,"featured_media":407072,"comment_status":"closed","ping_status":"closed","sticky":false,"template":"","format":"standard","meta":[],"categories":[14,3],"tags":[1942,1941,276],"acf":[],"yoast_head":"<!-- This site is optimized with the Yoast SEO plugin v20.8 - https:\/\/yoast.com\/wordpress\/plugins\/seo\/ -->\n<title>LAVA JATO: PALOCCI, VACCARI E MAIS 11 T\u00caM CONDENA\u00c7\u00c3O ANULADA - Bahia Economica<\/title>\n<meta name=\"description\" content=\"O maior portal de Economia da Bahia DESTAQUE DO DIA, ECONOMIA \/ POL\u00cdTICA Bahia Economica\" \/>\n<meta name=\"robots\" content=\"index, follow, max-snippet:-1, max-image-preview:large, max-video-preview:-1\" \/>\n<link rel=\"canonical\" href=\"https:\/\/bahiaeconomica.com.br\/wp\/2021\/12\/01\/palocci-vaccari-e-outros-reus-da-lava-jato-tem-condenacao-anulada\/\" \/>\n<meta property=\"og:locale\" content=\"pt_BR\" \/>\n<meta property=\"og:type\" content=\"article\" \/>\n<meta property=\"og:title\" content=\"LAVA JATO: PALOCCI, VACCARI E MAIS 11 T\u00caM CONDENA\u00c7\u00c3O ANULADA - Bahia Economica\" \/>\n<meta property=\"og:description\" content=\"O maior portal de Economia da Bahia DESTAQUE DO DIA, ECONOMIA \/ POL\u00cdTICA Bahia Economica\" \/>\n<meta property=\"og:url\" content=\"https:\/\/bahiaeconomica.com.br\/wp\/2021\/12\/01\/palocci-vaccari-e-outros-reus-da-lava-jato-tem-condenacao-anulada\/\" \/>\n<meta property=\"og:site_name\" content=\"Bahia Economica\" \/>\n<meta property=\"article:publisher\" content=\"https:\/\/www.facebook.com\/bahiaeconomica\" \/>\n<meta property=\"article:published_time\" content=\"2021-12-01T21:36:15+00:00\" \/>\n<meta property=\"article:modified_time\" content=\"2021-12-01T21:40:07+00:00\" \/>\n<meta property=\"og:image\" content=\"https:\/\/bahiaeconomica.com.br\/wp\/wp-content\/uploads\/2019\/10\/81850stj-vai-decidir-se-condominios-podem-proibir-alugueis-por-aplicativos-3-1FFFFFF.jpg\" \/>\n\t<meta property=\"og:image:width\" content=\"500\" \/>\n\t<meta property=\"og:image:height\" content=\"300\" \/>\n\t<meta property=\"og:image:type\" content=\"image\/jpeg\" \/>\n<meta name=\"author\" content=\"admin\" \/>\n<meta name=\"twitter:card\" content=\"summary_large_image\" \/>\n<meta name=\"twitter:label1\" content=\"Escrito por\" \/>\n\t<meta name=\"twitter:data1\" content=\"admin\" \/>\n\t<meta name=\"twitter:label2\" content=\"Est. tempo de leitura\" \/>\n\t<meta name=\"twitter:data2\" content=\"1 minuto\" \/>\n<script type=\"application\/ld+json\" class=\"yoast-schema-graph\">{\"@context\":\"https:\/\/schema.org\",\"@graph\":[{\"@type\":\"Article\",\"@id\":\"https:\/\/bahiaeconomica.com.br\/wp\/2021\/12\/01\/palocci-vaccari-e-outros-reus-da-lava-jato-tem-condenacao-anulada\/#article\",\"isPartOf\":{\"@id\":\"https:\/\/bahiaeconomica.com.br\/wp\/2021\/12\/01\/palocci-vaccari-e-outros-reus-da-lava-jato-tem-condenacao-anulada\/\"},\"author\":{\"name\":\"admin\",\"@id\":\"https:\/\/bahiaeconomica.com.br\/wp\/#\/schema\/person\/cb1ab5ba96ad3d9390805381c76284ec\"},\"headline\":\"LAVA JATO: PALOCCI, VACCARI E MAIS 11 T\u00caM CONDENA\u00c7\u00c3O ANULADA\",\"datePublished\":\"2021-12-01T21:36:15+00:00\",\"dateModified\":\"2021-12-01T21:40:07+00:00\",\"mainEntityOfPage\":{\"@id\":\"https:\/\/bahiaeconomica.com.br\/wp\/2021\/12\/01\/palocci-vaccari-e-outros-reus-da-lava-jato-tem-condenacao-anulada\/\"},\"wordCount\":299,\"publisher\":{\"@id\":\"https:\/\/bahiaeconomica.com.br\/wp\/#organization\"},\"keywords\":[\"condena\u00e7\u00f5es\",\"lava-jato\",\"STJ\"],\"articleSection\":[\"DESTAQUE DO DIA\",\"ECONOMIA \/ POL\u00cdTICA\"],\"inLanguage\":\"pt-BR\"},{\"@type\":\"WebPage\",\"@id\":\"https:\/\/bahiaeconomica.com.br\/wp\/2021\/12\/01\/palocci-vaccari-e-outros-reus-da-lava-jato-tem-condenacao-anulada\/\",\"url\":\"https:\/\/bahiaeconomica.com.br\/wp\/2021\/12\/01\/palocci-vaccari-e-outros-reus-da-lava-jato-tem-condenacao-anulada\/\",\"name\":\"LAVA JATO: PALOCCI, VACCARI E MAIS 11 T\u00caM CONDENA\u00c7\u00c3O ANULADA - Bahia Economica\",\"isPartOf\":{\"@id\":\"https:\/\/bahiaeconomica.com.br\/wp\/#website\"},\"datePublished\":\"2021-12-01T21:36:15+00:00\",\"dateModified\":\"2021-12-01T21:40:07+00:00\",\"description\":\"O maior portal de Economia da Bahia DESTAQUE DO DIA, ECONOMIA \/ POL\u00cdTICA Bahia Economica\",\"breadcrumb\":{\"@id\":\"https:\/\/bahiaeconomica.com.br\/wp\/2021\/12\/01\/palocci-vaccari-e-outros-reus-da-lava-jato-tem-condenacao-anulada\/#breadcrumb\"},\"inLanguage\":\"pt-BR\",\"potentialAction\":[{\"@type\":\"ReadAction\",\"target\":[\"https:\/\/bahiaeconomica.com.br\/wp\/2021\/12\/01\/palocci-vaccari-e-outros-reus-da-lava-jato-tem-condenacao-anulada\/\"]}]},{\"@type\":\"BreadcrumbList\",\"@id\":\"https:\/\/bahiaeconomica.com.br\/wp\/2021\/12\/01\/palocci-vaccari-e-outros-reus-da-lava-jato-tem-condenacao-anulada\/#breadcrumb\",\"itemListElement\":[{\"@type\":\"ListItem\",\"position\":1,\"name\":\"In\u00edcio\",\"item\":\"https:\/\/bahiaeconomica.com.br\/wp\/\"},{\"@type\":\"ListItem\",\"position\":2,\"name\":\"LAVA JATO: PALOCCI, VACCARI E MAIS 11 T\u00caM CONDENA\u00c7\u00c3O ANULADA\"}]},{\"@type\":\"WebSite\",\"@id\":\"https:\/\/bahiaeconomica.com.br\/wp\/#website\",\"url\":\"https:\/\/bahiaeconomica.com.br\/wp\/\",\"name\":\"Bahia Economica\",\"description\":\"O maior portal de Economia da Bahia\",\"publisher\":{\"@id\":\"https:\/\/bahiaeconomica.com.br\/wp\/#organization\"},\"potentialAction\":[{\"@type\":\"SearchAction\",\"target\":{\"@type\":\"EntryPoint\",\"urlTemplate\":\"https:\/\/bahiaeconomica.com.br\/wp\/?s={search_term_string}\"},\"query-input\":\"required name=search_term_string\"}],\"inLanguage\":\"pt-BR\"},{\"@type\":\"Organization\",\"@id\":\"https:\/\/bahiaeconomica.com.br\/wp\/#organization\",\"name\":\"Bahia Econ\u00f4mica\",\"url\":\"https:\/\/bahiaeconomica.com.br\/wp\/\",\"logo\":{\"@type\":\"ImageObject\",\"inLanguage\":\"pt-BR\",\"@id\":\"https:\/\/bahiaeconomica.com.br\/wp\/#\/schema\/logo\/image\/\",\"url\":\"https:\/\/bahiaeconomica.com.br\/wp\/wp-content\/uploads\/2020\/12\/cropped-BE.png\",\"contentUrl\":\"https:\/\/bahiaeconomica.com.br\/wp\/wp-content\/uploads\/2020\/12\/cropped-BE.png\",\"width\":512,\"height\":512,\"caption\":\"Bahia Econ\u00f4mica\"},\"image\":{\"@id\":\"https:\/\/bahiaeconomica.com.br\/wp\/#\/schema\/logo\/image\/\"},\"sameAs\":[\"https:\/\/www.facebook.com\/bahiaeconomica\"]},{\"@type\":\"Person\",\"@id\":\"https:\/\/bahiaeconomica.com.br\/wp\/#\/schema\/person\/cb1ab5ba96ad3d9390805381c76284ec\",\"name\":\"admin\",\"url\":\"https:\/\/bahiaeconomica.com.br\/wp\/author\/admin\/\"}]}<\/script>\n<!-- \/ Yoast SEO plugin. -->","yoast_head_json":{"title":"LAVA JATO: PALOCCI, VACCARI E MAIS 11 T\u00caM CONDENA\u00c7\u00c3O ANULADA - Bahia Economica","description":"O maior portal de Economia da Bahia DESTAQUE DO DIA, ECONOMIA \/ POL\u00cdTICA Bahia Economica","robots":{"index":"index","follow":"follow","max-snippet":"max-snippet:-1","max-image-preview":"max-image-preview:large","max-video-preview":"max-video-preview:-1"},"canonical":"https:\/\/bahiaeconomica.com.br\/wp\/2021\/12\/01\/palocci-vaccari-e-outros-reus-da-lava-jato-tem-condenacao-anulada\/","og_locale":"pt_BR","og_type":"article","og_title":"LAVA JATO: PALOCCI, VACCARI E MAIS 11 T\u00caM CONDENA\u00c7\u00c3O ANULADA - Bahia Economica","og_description":"O maior portal de Economia da Bahia DESTAQUE DO DIA, ECONOMIA \/ POL\u00cdTICA Bahia Economica","og_url":"https:\/\/bahiaeconomica.com.br\/wp\/2021\/12\/01\/palocci-vaccari-e-outros-reus-da-lava-jato-tem-condenacao-anulada\/","og_site_name":"Bahia Economica","article_publisher":"https:\/\/www.facebook.com\/bahiaeconomica","article_published_time":"2021-12-01T21:36:15+00:00","article_modified_time":"2021-12-01T21:40:07+00:00","og_image":[{"width":500,"height":300,"url":"https:\/\/bahiaeconomica.com.br\/wp\/wp-content\/uploads\/2019\/10\/81850stj-vai-decidir-se-condominios-podem-proibir-alugueis-por-aplicativos-3-1FFFFFF.jpg","type":"image\/jpeg"}],"author":"admin","twitter_card":"summary_large_image","twitter_misc":{"Escrito por":"admin","Est. tempo de leitura":"1 minuto"},"schema":{"@context":"https:\/\/schema.org","@graph":[{"@type":"Article","@id":"https:\/\/bahiaeconomica.com.br\/wp\/2021\/12\/01\/palocci-vaccari-e-outros-reus-da-lava-jato-tem-condenacao-anulada\/#article","isPartOf":{"@id":"https:\/\/bahiaeconomica.com.br\/wp\/2021\/12\/01\/palocci-vaccari-e-outros-reus-da-lava-jato-tem-condenacao-anulada\/"},"author":{"name":"admin","@id":"https:\/\/bahiaeconomica.com.br\/wp\/#\/schema\/person\/cb1ab5ba96ad3d9390805381c76284ec"},"headline":"LAVA JATO: PALOCCI, VACCARI E MAIS 11 T\u00caM CONDENA\u00c7\u00c3O ANULADA","datePublished":"2021-12-01T21:36:15+00:00","dateModified":"2021-12-01T21:40:07+00:00","mainEntityOfPage":{"@id":"https:\/\/bahiaeconomica.com.br\/wp\/2021\/12\/01\/palocci-vaccari-e-outros-reus-da-lava-jato-tem-condenacao-anulada\/"},"wordCount":299,"publisher":{"@id":"https:\/\/bahiaeconomica.com.br\/wp\/#organization"},"keywords":["condena\u00e7\u00f5es","lava-jato","STJ"],"articleSection":["DESTAQUE DO DIA","ECONOMIA \/ POL\u00cdTICA"],"inLanguage":"pt-BR"},{"@type":"WebPage","@id":"https:\/\/bahiaeconomica.com.br\/wp\/2021\/12\/01\/palocci-vaccari-e-outros-reus-da-lava-jato-tem-condenacao-anulada\/","url":"https:\/\/bahiaeconomica.com.br\/wp\/2021\/12\/01\/palocci-vaccari-e-outros-reus-da-lava-jato-tem-condenacao-anulada\/","name":"LAVA JATO: PALOCCI, VACCARI E MAIS 11 T\u00caM CONDENA\u00c7\u00c3O ANULADA - Bahia Economica","isPartOf":{"@id":"https:\/\/bahiaeconomica.com.br\/wp\/#website"},"datePublished":"2021-12-01T21:36:15+00:00","dateModified":"2021-12-01T21:40:07+00:00","description":"O maior portal de Economia da Bahia DESTAQUE DO DIA, ECONOMIA \/ POL\u00cdTICA Bahia Economica","breadcrumb":{"@id":"https:\/\/bahiaeconomica.com.br\/wp\/2021\/12\/01\/palocci-vaccari-e-outros-reus-da-lava-jato-tem-condenacao-anulada\/#breadcrumb"},"inLanguage":"pt-BR","potentialAction":[{"@type":"ReadAction","target":["https:\/\/bahiaeconomica.com.br\/wp\/2021\/12\/01\/palocci-vaccari-e-outros-reus-da-lava-jato-tem-condenacao-anulada\/"]}]},{"@type":"BreadcrumbList","@id":"https:\/\/bahiaeconomica.com.br\/wp\/2021\/12\/01\/palocci-vaccari-e-outros-reus-da-lava-jato-tem-condenacao-anulada\/#breadcrumb","itemListElement":[{"@type":"ListItem","position":1,"name":"In\u00edcio","item":"https:\/\/bahiaeconomica.com.br\/wp\/"},{"@type":"ListItem","position":2,"name":"LAVA JATO: PALOCCI, VACCARI E MAIS 11 T\u00caM CONDENA\u00c7\u00c3O ANULADA"}]},{"@type":"WebSite","@id":"https:\/\/bahiaeconomica.com.br\/wp\/#website","url":"https:\/\/bahiaeconomica.com.br\/wp\/","name":"Bahia Economica","description":"O maior portal de Economia da Bahia","publisher":{"@id":"https:\/\/bahiaeconomica.com.br\/wp\/#organization"},"potentialAction":[{"@type":"SearchAction","target":{"@type":"EntryPoint","urlTemplate":"https:\/\/bahiaeconomica.com.br\/wp\/?s={search_term_string}"},"query-input":"required name=search_term_string"}],"inLanguage":"pt-BR"},{"@type":"Organization","@id":"https:\/\/bahiaeconomica.com.br\/wp\/#organization","name":"Bahia Econ\u00f4mica","url":"https:\/\/bahiaeconomica.com.br\/wp\/","logo":{"@type":"ImageObject","inLanguage":"pt-BR","@id":"https:\/\/bahiaeconomica.com.br\/wp\/#\/schema\/logo\/image\/","url":"https:\/\/bahiaeconomica.com.br\/wp\/wp-content\/uploads\/2020\/12\/cropped-BE.png","contentUrl":"https:\/\/bahiaeconomica.com.br\/wp\/wp-content\/uploads\/2020\/12\/cropped-BE.png","width":512,"height":512,"caption":"Bahia Econ\u00f4mica"},"image":{"@id":"https:\/\/bahiaeconomica.com.br\/wp\/#\/schema\/logo\/image\/"},"sameAs":["https:\/\/www.facebook.com\/bahiaeconomica"]},{"@type":"Person","@id":"https:\/\/bahiaeconomica.com.br\/wp\/#\/schema\/person\/cb1ab5ba96ad3d9390805381c76284ec","name":"admin","url":"https:\/\/bahiaeconomica.com.br\/wp\/author\/admin\/"}]}},"views":4,"_links":{"self":[{"href":"https:\/\/bahiaeconomica.com.br\/wp\/wp-json\/wp\/v2\/posts\/620101"}],"collection":[{"href":"https:\/\/bahiaeconomica.com.br\/wp\/wp-json\/wp\/v2\/posts"}],"about":[{"href":"https:\/\/bahiaeconomica.com.br\/wp\/wp-json\/wp\/v2\/types\/post"}],"author":[{"embeddable":true,"href":"https:\/\/bahiaeconomica.com.br\/wp\/wp-json\/wp\/v2\/users\/1"}],"replies":[{"embeddable":true,"href":"https:\/\/bahiaeconomica.com.br\/wp\/wp-json\/wp\/v2\/comments?post=620101"}],"version-history":[{"count":3,"href":"https:\/\/bahiaeconomica.com.br\/wp\/wp-json\/wp\/v2\/posts\/620101\/revisions"}],"predecessor-version":[{"id":620109,"href":"https:\/\/bahiaeconomica.com.br\/wp\/wp-json\/wp\/v2\/posts\/620101\/revisions\/620109"}],"wp:featuredmedia":[{"embeddable":true,"href":"https:\/\/bahiaeconomica.com.br\/wp\/wp-json\/wp\/v2\/media\/407072"}],"wp:attachment":[{"href":"https:\/\/bahiaeconomica.com.br\/wp\/wp-json\/wp\/v2\/media?parent=620101"}],"wp:term":[{"taxonomy":"category","embeddable":true,"href":"https:\/\/bahiaeconomica.com.br\/wp\/wp-json\/wp\/v2\/categories?post=620101"},{"taxonomy":"post_tag","embeddable":true,"href":"https:\/\/bahiaeconomica.com.br\/wp\/wp-json\/wp\/v2\/tags?post=620101"}],"curies":[{"name":"wp","href":"https:\/\/api.w.org\/{rel}","templated":true}]}}