{"id":619299,"date":"2021-11-29T13:00:39","date_gmt":"2021-11-29T16:00:39","guid":{"rendered":"https:\/\/bahiaeconomica.com.br\/wp\/beta\/?p=619299"},"modified":"2021-11-29T14:41:41","modified_gmt":"2021-11-29T17:41:41","slug":"cancelamento-do-reveillon-trade-tem-opinioes-distintas-e-questiona-30-mil-pessoas-em-estadio-de-futebol","status":"publish","type":"post","link":"https:\/\/bahiaeconomica.com.br\/wp\/2021\/11\/29\/cancelamento-do-reveillon-trade-tem-opinioes-distintas-e-questiona-30-mil-pessoas-em-estadio-de-futebol\/","title":{"rendered":"CANCELAMENTO DO R\u00c9VEILLON: TRADE TEM OPINI\u00d5ES DISTINTAS E QUESTIONA 30 MIL PESSOAS EM EST\u00c1DIO DE FUTEBOL\u00a0\u00a0"},"content":{"rendered":"<p>O prefeito de Salvador Bruno Reis (Uni\u00e3o) cancelou hoje a realiza\u00e7\u00e3o do festival virada Salvador, devido aos novos alardes que a pandemia trouxe. O gestor afirmou que<!--more--> n\u00e3o existe a possibilidade de se pensar em fazer uma festa grande dessas com o mundo voltado aos novos rumos da pandemia e suas variantes. <strong>Em entrevista ao portal Bahia Econ\u00f4mica<\/strong>, o presidente da Salvador Destination Roberto Duran, defendeu a iniciativa da prefeitura e disse que a cautela agora \u00e9 importante para se manter a economia aberta. \u201cDiante do cen\u00e1rio mundial , nada como cautela. Afinal \u00e9 imperativo a continua reabertura da economia. Para o bem de todos os segmentos\u201d, explicou<\/p>\n<p>Tamb\u00e9m em entrevista ao portal, S\u00edlvio Pessoa, presidente da Federa\u00e7\u00e3o Baiana de Hospedagem e Alimenta\u00e7\u00e3o (Fehba), disse que falta alinhamento entre os governantes para se tomar a decis\u00e3o e deixar as coisas mais claras para a iniciativa privada. Segundo o presidente Salvador est\u00e1 com a vacina\u00e7\u00e3o em estado avan\u00e7ado<\/p>\n<p>\u201cInfelizmente estes n\u00e3o alinhamentos da prefeitura e estado, repercute na iniciativa privada, n\u00e3o existe unanimidade nos estados e cada um age de acordo com suas convic\u00e7\u00f5es. Lembro que desde junho estavam esperando a variante delta , que ainda n\u00e3o chegou , agora \u00e9 a variante \u00f4micron. Salvador est\u00e1 com uma excelente cobertura vacinal, algo que n\u00e3o ocorre em algumas cidades no interior do estado. Os n\u00fameros da capital est\u00e3o em decr\u00e9scimo, o que precisamos \u00e9 de campanhas s\u00e9rias de vacina\u00e7\u00e3o e mantermos os cuidados b\u00e1sicos para a n\u00e3o transmiss\u00e3o. Os par\u00e2metros sanit\u00e1rios utilizados pelo estado , s\u00e3o dif\u00edceis de entender , nada justifica 30 mil em um est\u00e1dio e eventos musicais e cient\u00edficos em 3 mil participantes , portaria est\u00e1 at\u00e9 10 de dezembro. O turismo \u00e9 a mola mestra da economia em nossa cidade e estado\u201d, disse.<\/p>\n<p>Foto: divulga\u00e7\u00e3o<\/p>\n","protected":false},"excerpt":{"rendered":"<p>O prefeito de Salvador Bruno Reis (Uni\u00e3o) cancelou hoje a realiza\u00e7\u00e3o do festival virada Salvador, devido aos novos alardes que a pandemia trouxe. O gestor afirmou que<\/p>\n","protected":false},"author":1,"featured_media":590534,"comment_status":"closed","ping_status":"closed","sticky":false,"template":"","format":"standard","meta":[],"categories":[3],"tags":[52,1861,73],"acf":[],"yoast_head":"<!-- This site is optimized with the Yoast SEO plugin v20.8 - https:\/\/yoast.com\/wordpress\/plugins\/seo\/ -->\n<title>CANCELAMENTO DO R\u00c9VEILLON: TRADE TEM OPINI\u00d5ES DISTINTAS E QUESTIONA 30 MIL PESSOAS EM EST\u00c1DIO DE FUTEBOL\u00a0\u00a0 - Bahia Economica<\/title>\n<meta name=\"description\" content=\"O maior portal de Economia da Bahia ECONOMIA \/ POL\u00cdTICA Bahia Economica\" \/>\n<meta name=\"robots\" content=\"index, follow, max-snippet:-1, max-image-preview:large, max-video-preview:-1\" \/>\n<link rel=\"canonical\" href=\"https:\/\/bahiaeconomica.com.br\/wp\/2021\/11\/29\/cancelamento-do-reveillon-trade-tem-opinioes-distintas-e-questiona-30-mil-pessoas-em-estadio-de-futebol\/\" \/>\n<meta property=\"og:locale\" content=\"pt_BR\" \/>\n<meta property=\"og:type\" content=\"article\" \/>\n<meta property=\"og:title\" content=\"CANCELAMENTO DO R\u00c9VEILLON: TRADE TEM OPINI\u00d5ES DISTINTAS E QUESTIONA 30 MIL PESSOAS EM EST\u00c1DIO DE FUTEBOL\u00a0\u00a0 - Bahia Economica\" \/>\n<meta property=\"og:description\" content=\"O maior portal de Economia da Bahia ECONOMIA \/ POL\u00cdTICA Bahia Economica\" \/>\n<meta property=\"og:url\" content=\"https:\/\/bahiaeconomica.com.br\/wp\/2021\/11\/29\/cancelamento-do-reveillon-trade-tem-opinioes-distintas-e-questiona-30-mil-pessoas-em-estadio-de-futebol\/\" \/>\n<meta property=\"og:site_name\" content=\"Bahia Economica\" \/>\n<meta property=\"article:publisher\" content=\"https:\/\/www.facebook.com\/bahiaeconomica\" \/>\n<meta property=\"article:published_time\" content=\"2021-11-29T16:00:39+00:00\" \/>\n<meta property=\"article:modified_time\" content=\"2021-11-29T17:41:41+00:00\" \/>\n<meta property=\"og:image\" content=\"https:\/\/bahiaeconomica.com.br\/wp\/wp-content\/uploads\/2021\/08\/28-12-17-prefeito-acm-neto-reveillon-foto-valter-pontes-secom41.jpg\" \/>\n\t<meta property=\"og:image:width\" content=\"360\" \/>\n\t<meta property=\"og:image:height\" content=\"220\" \/>\n\t<meta property=\"og:image:type\" content=\"image\/jpeg\" \/>\n<meta name=\"author\" content=\"admin\" \/>\n<meta name=\"twitter:card\" content=\"summary_large_image\" \/>\n<meta name=\"twitter:label1\" content=\"Escrito por\" \/>\n\t<meta name=\"twitter:data1\" content=\"admin\" \/>\n\t<meta name=\"twitter:label2\" content=\"Est. tempo de leitura\" \/>\n\t<meta name=\"twitter:data2\" content=\"2 minutos\" \/>\n<script type=\"application\/ld+json\" class=\"yoast-schema-graph\">{\"@context\":\"https:\/\/schema.org\",\"@graph\":[{\"@type\":\"Article\",\"@id\":\"https:\/\/bahiaeconomica.com.br\/wp\/2021\/11\/29\/cancelamento-do-reveillon-trade-tem-opinioes-distintas-e-questiona-30-mil-pessoas-em-estadio-de-futebol\/#article\",\"isPartOf\":{\"@id\":\"https:\/\/bahiaeconomica.com.br\/wp\/2021\/11\/29\/cancelamento-do-reveillon-trade-tem-opinioes-distintas-e-questiona-30-mil-pessoas-em-estadio-de-futebol\/\"},\"author\":{\"name\":\"admin\",\"@id\":\"https:\/\/bahiaeconomica.com.br\/wp\/#\/schema\/person\/cb1ab5ba96ad3d9390805381c76284ec\"},\"headline\":\"CANCELAMENTO DO R\u00c9VEILLON: TRADE TEM OPINI\u00d5ES DISTINTAS E QUESTIONA 30 MIL PESSOAS EM EST\u00c1DIO DE FUTEBOL\u00a0\u00a0\",\"datePublished\":\"2021-11-29T16:00:39+00:00\",\"dateModified\":\"2021-11-29T17:41:41+00:00\",\"mainEntityOfPage\":{\"@id\":\"https:\/\/bahiaeconomica.com.br\/wp\/2021\/11\/29\/cancelamento-do-reveillon-trade-tem-opinioes-distintas-e-questiona-30-mil-pessoas-em-estadio-de-futebol\/\"},\"wordCount\":333,\"publisher\":{\"@id\":\"https:\/\/bahiaeconomica.com.br\/wp\/#organization\"},\"keywords\":[\"Brasil\",\"reveillon\",\"Salvador\"],\"articleSection\":[\"ECONOMIA \/ POL\u00cdTICA\"],\"inLanguage\":\"pt-BR\"},{\"@type\":\"WebPage\",\"@id\":\"https:\/\/bahiaeconomica.com.br\/wp\/2021\/11\/29\/cancelamento-do-reveillon-trade-tem-opinioes-distintas-e-questiona-30-mil-pessoas-em-estadio-de-futebol\/\",\"url\":\"https:\/\/bahiaeconomica.com.br\/wp\/2021\/11\/29\/cancelamento-do-reveillon-trade-tem-opinioes-distintas-e-questiona-30-mil-pessoas-em-estadio-de-futebol\/\",\"name\":\"CANCELAMENTO DO R\u00c9VEILLON: TRADE TEM OPINI\u00d5ES DISTINTAS E QUESTIONA 30 MIL PESSOAS EM EST\u00c1DIO DE FUTEBOL\u00a0\u00a0 - Bahia Economica\",\"isPartOf\":{\"@id\":\"https:\/\/bahiaeconomica.com.br\/wp\/#website\"},\"datePublished\":\"2021-11-29T16:00:39+00:00\",\"dateModified\":\"2021-11-29T17:41:41+00:00\",\"description\":\"O maior portal de Economia da Bahia ECONOMIA \/ POL\u00cdTICA Bahia Economica\",\"breadcrumb\":{\"@id\":\"https:\/\/bahiaeconomica.com.br\/wp\/2021\/11\/29\/cancelamento-do-reveillon-trade-tem-opinioes-distintas-e-questiona-30-mil-pessoas-em-estadio-de-futebol\/#breadcrumb\"},\"inLanguage\":\"pt-BR\",\"potentialAction\":[{\"@type\":\"ReadAction\",\"target\":[\"https:\/\/bahiaeconomica.com.br\/wp\/2021\/11\/29\/cancelamento-do-reveillon-trade-tem-opinioes-distintas-e-questiona-30-mil-pessoas-em-estadio-de-futebol\/\"]}]},{\"@type\":\"BreadcrumbList\",\"@id\":\"https:\/\/bahiaeconomica.com.br\/wp\/2021\/11\/29\/cancelamento-do-reveillon-trade-tem-opinioes-distintas-e-questiona-30-mil-pessoas-em-estadio-de-futebol\/#breadcrumb\",\"itemListElement\":[{\"@type\":\"ListItem\",\"position\":1,\"name\":\"In\u00edcio\",\"item\":\"https:\/\/bahiaeconomica.com.br\/wp\/\"},{\"@type\":\"ListItem\",\"position\":2,\"name\":\"CANCELAMENTO DO R\u00c9VEILLON: TRADE TEM OPINI\u00d5ES DISTINTAS E QUESTIONA 30 MIL PESSOAS EM EST\u00c1DIO DE FUTEBOL\u00a0\u00a0\"}]},{\"@type\":\"WebSite\",\"@id\":\"https:\/\/bahiaeconomica.com.br\/wp\/#website\",\"url\":\"https:\/\/bahiaeconomica.com.br\/wp\/\",\"name\":\"Bahia Economica\",\"description\":\"O maior portal de Economia da Bahia\",\"publisher\":{\"@id\":\"https:\/\/bahiaeconomica.com.br\/wp\/#organization\"},\"potentialAction\":[{\"@type\":\"SearchAction\",\"target\":{\"@type\":\"EntryPoint\",\"urlTemplate\":\"https:\/\/bahiaeconomica.com.br\/wp\/?s={search_term_string}\"},\"query-input\":\"required name=search_term_string\"}],\"inLanguage\":\"pt-BR\"},{\"@type\":\"Organization\",\"@id\":\"https:\/\/bahiaeconomica.com.br\/wp\/#organization\",\"name\":\"Bahia Econ\u00f4mica\",\"url\":\"https:\/\/bahiaeconomica.com.br\/wp\/\",\"logo\":{\"@type\":\"ImageObject\",\"inLanguage\":\"pt-BR\",\"@id\":\"https:\/\/bahiaeconomica.com.br\/wp\/#\/schema\/logo\/image\/\",\"url\":\"https:\/\/bahiaeconomica.com.br\/wp\/wp-content\/uploads\/2020\/12\/cropped-BE.png\",\"contentUrl\":\"https:\/\/bahiaeconomica.com.br\/wp\/wp-content\/uploads\/2020\/12\/cropped-BE.png\",\"width\":512,\"height\":512,\"caption\":\"Bahia Econ\u00f4mica\"},\"image\":{\"@id\":\"https:\/\/bahiaeconomica.com.br\/wp\/#\/schema\/logo\/image\/\"},\"sameAs\":[\"https:\/\/www.facebook.com\/bahiaeconomica\"]},{\"@type\":\"Person\",\"@id\":\"https:\/\/bahiaeconomica.com.br\/wp\/#\/schema\/person\/cb1ab5ba96ad3d9390805381c76284ec\",\"name\":\"admin\",\"url\":\"https:\/\/bahiaeconomica.com.br\/wp\/author\/admin\/\"}]}<\/script>\n<!-- \/ Yoast SEO plugin. -->","yoast_head_json":{"title":"CANCELAMENTO DO R\u00c9VEILLON: TRADE TEM OPINI\u00d5ES DISTINTAS E QUESTIONA 30 MIL PESSOAS EM EST\u00c1DIO DE FUTEBOL\u00a0\u00a0 - Bahia Economica","description":"O maior portal de Economia da Bahia ECONOMIA \/ POL\u00cdTICA Bahia Economica","robots":{"index":"index","follow":"follow","max-snippet":"max-snippet:-1","max-image-preview":"max-image-preview:large","max-video-preview":"max-video-preview:-1"},"canonical":"https:\/\/bahiaeconomica.com.br\/wp\/2021\/11\/29\/cancelamento-do-reveillon-trade-tem-opinioes-distintas-e-questiona-30-mil-pessoas-em-estadio-de-futebol\/","og_locale":"pt_BR","og_type":"article","og_title":"CANCELAMENTO DO R\u00c9VEILLON: TRADE TEM OPINI\u00d5ES DISTINTAS E QUESTIONA 30 MIL PESSOAS EM EST\u00c1DIO DE FUTEBOL\u00a0\u00a0 - Bahia Economica","og_description":"O maior portal de Economia da Bahia ECONOMIA \/ POL\u00cdTICA Bahia Economica","og_url":"https:\/\/bahiaeconomica.com.br\/wp\/2021\/11\/29\/cancelamento-do-reveillon-trade-tem-opinioes-distintas-e-questiona-30-mil-pessoas-em-estadio-de-futebol\/","og_site_name":"Bahia Economica","article_publisher":"https:\/\/www.facebook.com\/bahiaeconomica","article_published_time":"2021-11-29T16:00:39+00:00","article_modified_time":"2021-11-29T17:41:41+00:00","og_image":[{"width":360,"height":220,"url":"https:\/\/bahiaeconomica.com.br\/wp\/wp-content\/uploads\/2021\/08\/28-12-17-prefeito-acm-neto-reveillon-foto-valter-pontes-secom41.jpg","type":"image\/jpeg"}],"author":"admin","twitter_card":"summary_large_image","twitter_misc":{"Escrito por":"admin","Est. tempo de leitura":"2 minutos"},"schema":{"@context":"https:\/\/schema.org","@graph":[{"@type":"Article","@id":"https:\/\/bahiaeconomica.com.br\/wp\/2021\/11\/29\/cancelamento-do-reveillon-trade-tem-opinioes-distintas-e-questiona-30-mil-pessoas-em-estadio-de-futebol\/#article","isPartOf":{"@id":"https:\/\/bahiaeconomica.com.br\/wp\/2021\/11\/29\/cancelamento-do-reveillon-trade-tem-opinioes-distintas-e-questiona-30-mil-pessoas-em-estadio-de-futebol\/"},"author":{"name":"admin","@id":"https:\/\/bahiaeconomica.com.br\/wp\/#\/schema\/person\/cb1ab5ba96ad3d9390805381c76284ec"},"headline":"CANCELAMENTO DO R\u00c9VEILLON: TRADE TEM OPINI\u00d5ES DISTINTAS E QUESTIONA 30 MIL PESSOAS EM EST\u00c1DIO DE FUTEBOL\u00a0\u00a0","datePublished":"2021-11-29T16:00:39+00:00","dateModified":"2021-11-29T17:41:41+00:00","mainEntityOfPage":{"@id":"https:\/\/bahiaeconomica.com.br\/wp\/2021\/11\/29\/cancelamento-do-reveillon-trade-tem-opinioes-distintas-e-questiona-30-mil-pessoas-em-estadio-de-futebol\/"},"wordCount":333,"publisher":{"@id":"https:\/\/bahiaeconomica.com.br\/wp\/#organization"},"keywords":["Brasil","reveillon","Salvador"],"articleSection":["ECONOMIA \/ POL\u00cdTICA"],"inLanguage":"pt-BR"},{"@type":"WebPage","@id":"https:\/\/bahiaeconomica.com.br\/wp\/2021\/11\/29\/cancelamento-do-reveillon-trade-tem-opinioes-distintas-e-questiona-30-mil-pessoas-em-estadio-de-futebol\/","url":"https:\/\/bahiaeconomica.com.br\/wp\/2021\/11\/29\/cancelamento-do-reveillon-trade-tem-opinioes-distintas-e-questiona-30-mil-pessoas-em-estadio-de-futebol\/","name":"CANCELAMENTO DO R\u00c9VEILLON: TRADE TEM OPINI\u00d5ES DISTINTAS E QUESTIONA 30 MIL PESSOAS EM EST\u00c1DIO DE FUTEBOL\u00a0\u00a0 - Bahia Economica","isPartOf":{"@id":"https:\/\/bahiaeconomica.com.br\/wp\/#website"},"datePublished":"2021-11-29T16:00:39+00:00","dateModified":"2021-11-29T17:41:41+00:00","description":"O maior portal de Economia da Bahia ECONOMIA \/ POL\u00cdTICA Bahia Economica","breadcrumb":{"@id":"https:\/\/bahiaeconomica.com.br\/wp\/2021\/11\/29\/cancelamento-do-reveillon-trade-tem-opinioes-distintas-e-questiona-30-mil-pessoas-em-estadio-de-futebol\/#breadcrumb"},"inLanguage":"pt-BR","potentialAction":[{"@type":"ReadAction","target":["https:\/\/bahiaeconomica.com.br\/wp\/2021\/11\/29\/cancelamento-do-reveillon-trade-tem-opinioes-distintas-e-questiona-30-mil-pessoas-em-estadio-de-futebol\/"]}]},{"@type":"BreadcrumbList","@id":"https:\/\/bahiaeconomica.com.br\/wp\/2021\/11\/29\/cancelamento-do-reveillon-trade-tem-opinioes-distintas-e-questiona-30-mil-pessoas-em-estadio-de-futebol\/#breadcrumb","itemListElement":[{"@type":"ListItem","position":1,"name":"In\u00edcio","item":"https:\/\/bahiaeconomica.com.br\/wp\/"},{"@type":"ListItem","position":2,"name":"CANCELAMENTO DO R\u00c9VEILLON: TRADE TEM OPINI\u00d5ES DISTINTAS E QUESTIONA 30 MIL PESSOAS EM EST\u00c1DIO DE FUTEBOL\u00a0\u00a0"}]},{"@type":"WebSite","@id":"https:\/\/bahiaeconomica.com.br\/wp\/#website","url":"https:\/\/bahiaeconomica.com.br\/wp\/","name":"Bahia Economica","description":"O maior portal de Economia da Bahia","publisher":{"@id":"https:\/\/bahiaeconomica.com.br\/wp\/#organization"},"potentialAction":[{"@type":"SearchAction","target":{"@type":"EntryPoint","urlTemplate":"https:\/\/bahiaeconomica.com.br\/wp\/?s={search_term_string}"},"query-input":"required name=search_term_string"}],"inLanguage":"pt-BR"},{"@type":"Organization","@id":"https:\/\/bahiaeconomica.com.br\/wp\/#organization","name":"Bahia Econ\u00f4mica","url":"https:\/\/bahiaeconomica.com.br\/wp\/","logo":{"@type":"ImageObject","inLanguage":"pt-BR","@id":"https:\/\/bahiaeconomica.com.br\/wp\/#\/schema\/logo\/image\/","url":"https:\/\/bahiaeconomica.com.br\/wp\/wp-content\/uploads\/2020\/12\/cropped-BE.png","contentUrl":"https:\/\/bahiaeconomica.com.br\/wp\/wp-content\/uploads\/2020\/12\/cropped-BE.png","width":512,"height":512,"caption":"Bahia Econ\u00f4mica"},"image":{"@id":"https:\/\/bahiaeconomica.com.br\/wp\/#\/schema\/logo\/image\/"},"sameAs":["https:\/\/www.facebook.com\/bahiaeconomica"]},{"@type":"Person","@id":"https:\/\/bahiaeconomica.com.br\/wp\/#\/schema\/person\/cb1ab5ba96ad3d9390805381c76284ec","name":"admin","url":"https:\/\/bahiaeconomica.com.br\/wp\/author\/admin\/"}]}},"views":3,"_links":{"self":[{"href":"https:\/\/bahiaeconomica.com.br\/wp\/wp-json\/wp\/v2\/posts\/619299"}],"collection":[{"href":"https:\/\/bahiaeconomica.com.br\/wp\/wp-json\/wp\/v2\/posts"}],"about":[{"href":"https:\/\/bahiaeconomica.com.br\/wp\/wp-json\/wp\/v2\/types\/post"}],"author":[{"embeddable":true,"href":"https:\/\/bahiaeconomica.com.br\/wp\/wp-json\/wp\/v2\/users\/1"}],"replies":[{"embeddable":true,"href":"https:\/\/bahiaeconomica.com.br\/wp\/wp-json\/wp\/v2\/comments?post=619299"}],"version-history":[{"count":1,"href":"https:\/\/bahiaeconomica.com.br\/wp\/wp-json\/wp\/v2\/posts\/619299\/revisions"}],"predecessor-version":[{"id":619301,"href":"https:\/\/bahiaeconomica.com.br\/wp\/wp-json\/wp\/v2\/posts\/619299\/revisions\/619301"}],"wp:featuredmedia":[{"embeddable":true,"href":"https:\/\/bahiaeconomica.com.br\/wp\/wp-json\/wp\/v2\/media\/590534"}],"wp:attachment":[{"href":"https:\/\/bahiaeconomica.com.br\/wp\/wp-json\/wp\/v2\/media?parent=619299"}],"wp:term":[{"taxonomy":"category","embeddable":true,"href":"https:\/\/bahiaeconomica.com.br\/wp\/wp-json\/wp\/v2\/categories?post=619299"},{"taxonomy":"post_tag","embeddable":true,"href":"https:\/\/bahiaeconomica.com.br\/wp\/wp-json\/wp\/v2\/tags?post=619299"}],"curies":[{"name":"wp","href":"https:\/\/api.w.org\/{rel}","templated":true}]}}