{"id":619237,"date":"2021-11-29T09:05:53","date_gmt":"2021-11-29T12:05:53","guid":{"rendered":"https:\/\/bahiaeconomica.com.br\/wp\/beta\/?p=619237"},"modified":"2021-11-29T09:05:53","modified_gmt":"2021-11-29T12:05:53","slug":"sinebahia-tem-vagas-tem-emprego-no-interior-da-bahia","status":"publish","type":"post","link":"https:\/\/bahiaeconomica.com.br\/wp\/2021\/11\/29\/sinebahia-tem-vagas-tem-emprego-no-interior-da-bahia\/","title":{"rendered":"SINEBAHIA TEM VAGAS TEM EMPREGO NO INTERIOR DA BAHIA"},"content":{"rendered":"<p>O SineBahia divulgou as vagas de emprego oferecidas em Vit\u00f3ria da Conquista e Barreiras, na regi\u00e3o sudoeste do estado, e tamb\u00e9m em Alagoinhas, Irec\u00ea e Senhor do Bonfim, nesta segunda-feira (29). <!--more--><\/p>\n<p>Os interessados devem agendar atendimento atrav\u00e9s do site do Servi\u00e7o de Atendimento ao Cliente (SAC). Para se candidatar, \u00e9 necess\u00e1rio apresentar curr\u00edculo, nome completo, n\u00famero para contato, RG, CPF e PIS.<\/p>\n<p>Ainda de acordo com o SineBahia, est\u00e3o listadas apenas algumas das oportunidades dispon\u00edveis, que est\u00e3o sujeitas ao limite de encaminhamentos.<\/p>\n<p>&nbsp;<\/p>\n<p>VAGAS DE VIT\u00d3RIA DA CONQUISTA<\/p>\n<p>AUXILIAR DE LIMPEZA (PCD)<\/p>\n<p>Exclusivas para Pessoas com Defici\u00eancia<\/p>\n<p>Ensino M\u00e9dio completo<\/p>\n<p>Experi\u00eancia na carteira<\/p>\n<p>01 VAGA<\/p>\n<p>&nbsp;<\/p>\n<p>&nbsp;<\/p>\n<p>JARDINEIRO (PCD)<\/p>\n<p>Exclusivas para Pessoas com Defici\u00eancia<\/p>\n<p>Ensino M\u00e9dio completo<\/p>\n<p>Experi\u00eancia na fun\u00e7\u00e3o como operador de ro\u00e7adeira e motosserra<\/p>\n<p>Obrigat\u00f3rio possuir CNH<\/p>\n<p>01 VAGA<\/p>\n<p>&nbsp;<\/p>\n<p>MONITOR DE RESSOCIALIZA\u00c7\u00c3O PRISIONAL (PCD)<\/p>\n<p>Exclusivas para Pessoas com Defici\u00eancia<\/p>\n<p>Ensino M\u00e9dio completo<\/p>\n<p>01 VAGA<\/p>\n<p>&nbsp;<\/p>\n<p>AUXILIAR DE LIMPEZA<\/p>\n<p>Ensino M\u00e9dio completo<\/p>\n<p>Experi\u00eancia na fun\u00e7\u00e3o<\/p>\n<p>01 VAGA<\/p>\n<p>&nbsp;<\/p>\n<p>AUXILIAR MEC\u00c2NICO DE AUTOS<\/p>\n<p>Ensino Fundamental completo<\/p>\n<p>Experi\u00eancia na fun\u00e7\u00e3o<\/p>\n<p>01 VAGA<\/p>\n<p>&nbsp;<\/p>\n<p>CHEFE DE MANUTEN\u00c7\u00c3O ELETROMEC\u00c2NICA<\/p>\n<p>Ensino T\u00e9cnico completo em Eletromec\u00e2nica<\/p>\n<p>Experi\u00eancia na fun\u00e7\u00e3o com lideran\u00e7a de equipe e manuten\u00e7\u00e3o predial<\/p>\n<p>Obrigat\u00f3rio possuir CNH e conhecimento com circuitos e quadros el\u00e9tricos<\/p>\n<p>01 VAGA<\/p>\n<p>&nbsp;<\/p>\n<p>CONTADOR<\/p>\n<p>Ensino Superior completo em Ci\u00eancias Cont\u00e1beis<\/p>\n<p>Experi\u00eancia na fun\u00e7\u00e3o \u2013 Apresentar atestado de capacidade t\u00e9cnica em execu\u00e7\u00e3o de invent\u00e1rio patrimonial<\/p>\n<p>01 VAGA<\/p>\n<p>&nbsp;<\/p>\n<p>COPEIRO<\/p>\n<p>Ensino Fundamental completo<\/p>\n<p>Experi\u00eancia na fun\u00e7\u00e3o<\/p>\n<p>01 VAGA<\/p>\n<p>&nbsp;<\/p>\n<p>COZINHEIRO<\/p>\n<p>Ensino Fundamental completo<\/p>\n<p>Experi\u00eancia na fun\u00e7\u00e3o<\/p>\n<p>01 VAGA<\/p>\n<p>&nbsp;<\/p>\n<p>EMPREGADO DOM\u00c9STICO NOS SERVI\u00c7OS GERAIS<\/p>\n<p>Ensino Fundamental incompleto<\/p>\n<p>Obrigat\u00f3rio possuir habilidade com alimentos cem forno e fog\u00e3o<\/p>\n<p>01 VAGA<\/p>\n<p>&nbsp;<\/p>\n<p>ESTOQUISTA<\/p>\n<p>Ensino M\u00e9dio completo<\/p>\n<p>Experi\u00eancia na fun\u00e7\u00e3o<\/p>\n<p>01 VAGA<\/p>\n<p>&nbsp;<\/p>\n<p>FUNILEIRO DE VE\u00cdCULOS<\/p>\n<p>Ensino Fundamental completo<\/p>\n<p>Experi\u00eancia na fun\u00e7\u00e3o com caminh\u00f5es<\/p>\n<p>01 VAGA<\/p>\n<p>&nbsp;<\/p>\n<p>GAR\u00c7OM<\/p>\n<p>Ensino M\u00e9dio completo<\/p>\n<p>Experi\u00eancia na fun\u00e7\u00e3o<\/p>\n<p>01 VAGA<\/p>\n<p>&nbsp;<\/p>\n<p>INSTALADOR \/ REPARADOR DE REDES E CABOS TELEF\u00d4NICOS<\/p>\n<p>Experi\u00eancia na fun\u00e7\u00e3o com fibra e GPON<\/p>\n<p>Obrigat\u00f3rio possuir CNH &#8216;A\/B\u2019<\/p>\n<p>Atividade: Auxiliar na elabora\u00e7\u00e3o de ordens de servi\u00e7os vinculadas a instala\u00e7\u00f5es de telefonia, TV e Internet<\/p>\n<p>02 VAGAS<\/p>\n<p>&nbsp;<\/p>\n<p>JARDINEIRO<\/p>\n<p>Ensino M\u00e9dio completo<\/p>\n<p>Experi\u00eancia na fun\u00e7\u00e3o como operador de ro\u00e7adeira e motosserra<\/p>\n<p>Obrigat\u00f3rio possuir CNH<\/p>\n<p>01 VAGA<\/p>\n<p>&nbsp;<\/p>\n<p>&nbsp;<\/p>\n<p>MANICURE<\/p>\n<p>N\u00e3o exige escolaridade<\/p>\n<p>Experi\u00eancia na fun\u00e7\u00e3o com unha em gel e acr\u00edlica<\/p>\n<p>01 VAGA<\/p>\n<p>&nbsp;<\/p>\n<p>MEC\u00c2NICO DE AUTOM\u00d3VEL<\/p>\n<p>Ensino M\u00e9dio completo<\/p>\n<p>Experi\u00eancia na fun\u00e7\u00e3o com manuten\u00e7\u00e3o de ve\u00edculos<\/p>\n<p>Obrigat\u00f3rio possuir CNH \u2018B\u2019 e conhecimento em alinhamento, balanceamento, troca de pneus, suspens\u00e3o e freios<\/p>\n<p>Sal\u00e1rio 2.300,00 + benef\u00edcio<\/p>\n<p>02 VAGAS<\/p>\n<p>&nbsp;<\/p>\n<p>MEC\u00c2NICO DE REFRIGERA\u00c7\u00c3O<\/p>\n<p>Ensino T\u00e9cnico completo em Mec\u00e2nico de Refrigera\u00e7\u00e3o<\/p>\n<p>Experi\u00eancia na fun\u00e7\u00e3o<\/p>\n<p>Obrigat\u00f3rio possuir CNH<\/p>\n<p>Sal\u00e1rio 1.874,41+ benef\u00edcio<\/p>\n<p>01 VAGA<\/p>\n<p>&nbsp;<\/p>\n<p>MEC\u00c2NICOS DE VE\u00cdCULOS AUTOMOTORES<\/p>\n<p>Ensino Fundamental completo<\/p>\n<p>Experi\u00eancia na fun\u00e7\u00e3o<\/p>\n<p>01 VAGA<\/p>\n<p>&nbsp;<\/p>\n<p>MONTADOR DE M\u00d3VEIS<\/p>\n<p>Ensino Fundamental completo<\/p>\n<p>Experi\u00eancia na fun\u00e7\u00e3o<\/p>\n<p>01 VAGA<\/p>\n<p>&nbsp;<\/p>\n<p>MOTOFRETISTA \/ MOTOBOY<\/p>\n<p>Ensino Fundamental completo<\/p>\n<p>Experi\u00eancia na fun\u00e7\u00e3o<\/p>\n<p>Obrigat\u00f3rio possuir CNH &#8216;A&#8217;<\/p>\n<p>01 VAGA<\/p>\n<p>&nbsp;<\/p>\n<p>OFICIAL DE MANUTEN\u00c7\u00c3O<\/p>\n<p>Ensino M\u00e9dio completo<\/p>\n<p>Experi\u00eancia na fun\u00e7\u00e3o com reparos civis<\/p>\n<p>Obrigat\u00f3rio possuir conhecimento em equipamentos de climatiza\u00e7\u00e3o, refrigera\u00e7\u00e3o, circuitos, quadros el\u00e9tricos, pintura e reparos hidr\u00e1ulicos<\/p>\n<p>01 VAGA<\/p>\n<p>&nbsp;<\/p>\n<p>OPERADOR DE RETROESCAVADEIRA<\/p>\n<p>Ensino Fundamental completo<\/p>\n<p>Experi\u00eancia na fun\u00e7\u00e3o<\/p>\n<p>Obrigat\u00f3rio possuir cursos de NR10 40h e operador de retroescavadeira<\/p>\n<p>01 VAGA<\/p>\n<p>&nbsp;<\/p>\n<p>PINTOR DE AUTOM\u00d3VEIS<\/p>\n<p>Ensino Fundamental completo<\/p>\n<p>Experi\u00eancia na fun\u00e7\u00e3o com manuten\u00e7\u00e3o de frota<\/p>\n<p>Obrigat\u00f3rio possuir CNH \u2018D\u2019<\/p>\n<p>01 VAGA<\/p>\n<p>&nbsp;<\/p>\n<p>REPRESENTANTE COMERCIAL AUT\u00d4NOMO<\/p>\n<p>Experi\u00eancia na fun\u00e7\u00e3o com varejo<\/p>\n<p>Obrigat\u00f3rio possuir ve\u00edculo pr\u00f3prio e disponibilidade para trabalhar em VTD, Brumado e Po\u00e7\u00f5es<\/p>\n<p>01 VAGA<\/p>\n<p>&nbsp;<\/p>\n<p>T\u00c9CNICO EM SEGURAN\u00c7A DO TRABALHO<\/p>\n<p>Ensino T\u00e9cnico completo em Seguran\u00e7a do Trabalho<\/p>\n<p>Experi\u00eancia m\u00ednima de 06 meses na carteira<\/p>\n<p>Obrigat\u00f3rio possuir disponibilidade para realizar viagens<\/p>\n<p>Sal\u00e1rio 2.000,00 + benef\u00edcio<\/p>\n<p>01 VAGA<\/p>\n<p>&nbsp;<\/p>\n<p>TOSADOR DE ANIMAIS DOM\u00c9STICOS<\/p>\n<p>Ensino M\u00e9dio completo<\/p>\n<p>Experi\u00eancia na fun\u00e7\u00e3o<\/p>\n<p>Obrigat\u00f3rio possuir habilidade em dar banho e tosa de c\u00e3es\/gatos e disponibilidade de hor\u00e1rio<\/p>\n<p>01 VAGA<\/p>\n<p>&nbsp;<\/p>\n<p>&nbsp;<\/p>\n<p>TRABALHADOR RURAL<\/p>\n<p>N\u00e3o exige escolaridade<\/p>\n<p>Experi\u00eancia na fun\u00e7\u00e3o com cultivo de lavouras \u2013 Apresentar carta de refer\u00eancia<\/p>\n<p>Obrigat\u00f3rio possuir disponibilidade para trabalhar em Planalto<\/p>\n<p>01 VAGA<\/p>\n<p>&nbsp;<\/p>\n<p>VENDEDOR PORTA A PORTA<\/p>\n<p>Ensino M\u00e9dio completo<\/p>\n<p>N\u00e3o exige experi\u00eancia<\/p>\n<p>01 VAGA<\/p>\n<p>&nbsp;<\/p>\n<p>VENDEDOR PRACISTA<\/p>\n<p>Ensino M\u00e9dio completo<\/p>\n<p>Obrigat\u00f3rio possuir ve\u00edculo pr\u00f3prio<\/p>\n<p>OBS: Empregador reembolsar\u00e1 a quilometragem do ve\u00edculo<\/p>\n<p>01 VAGA<\/p>\n<p>&nbsp;<\/p>\n<p>VENDEDOR PRACISTA<\/p>\n<p>Ensino M\u00e9dio completo<\/p>\n<p>Experi\u00eancia na fun\u00e7\u00e3o<\/p>\n<p>Obrigat\u00f3rio possuir moto<\/p>\n<p>01 VAGA<\/p>\n<p>&nbsp;<\/p>\n<p>VAGAS DE BARREIRAS<\/p>\n<p>OPERADOR DE CAIXA (PCD)<\/p>\n<p>Exclusivas para Pessoas com defici\u00eancia<\/p>\n<p>Ensino M\u00e9dio completo<\/p>\n<p>N\u00e3o exige experi\u00eancia<\/p>\n<p>05 VAGAS<\/p>\n<p>&nbsp;<\/p>\n<p>REPOSITOR DE MERCADORIA (PCD)<\/p>\n<p>Exclusivas para Pessoas com defici\u00eancia<\/p>\n<p>Ensino Fundamental completo<\/p>\n<p>N\u00e3o exige experi\u00eancia<\/p>\n<p>05 VAGAS<\/p>\n<p>&nbsp;<\/p>\n<p>MONITOR DE RESSOCIALIZA\u00c7\u00c3O PRISIONAL (PCD)<\/p>\n<p>Exclusivas para Pessoas com defici\u00eancia<\/p>\n<p>Ensino Fundamental completo<\/p>\n<p>N\u00e3o exige experi\u00eancia<\/p>\n<p>01 VAGA<\/p>\n<p>&nbsp;<\/p>\n<p>COORDENADOR DE RESTAURANTE<\/p>\n<p>Ensino M\u00e9dio completo<\/p>\n<p>Experi\u00eancia m\u00ednima de 06 meses na carteira<\/p>\n<p>01 VAGA<\/p>\n<p>&nbsp;<\/p>\n<p>AUXILIAR DE CHURRASQUEIRO<\/p>\n<p>Ensino Fundamental incompleto<\/p>\n<p>Experi\u00eancia m\u00ednima de 06 meses na carteira<\/p>\n<p>01 VAGA<\/p>\n<p>&nbsp;<\/p>\n<p>T\u00c9CNICO EM ELETR\u00d4NICA<\/p>\n<p>Ensino T\u00e9cnico completo em Eletr\u00f4nica<\/p>\n<p>Experi\u00eancia m\u00ednima de 06 meses na fun\u00e7\u00e3o com instala\u00e7\u00e3o, manuten\u00e7\u00e3o e configura\u00e7\u00e3o em equipamentos de \u00e1udio, v\u00eddeo, r\u00e1dio frequ\u00eancia e inform\u00e1tica<\/p>\n<p>01 VAGA<\/p>\n<p>&nbsp;<\/p>\n<p>MEC\u00c2NICO DE REFRIGERA\u00c7\u00c3O<\/p>\n<p>Ensino M\u00e9dio completo<\/p>\n<p>Experi\u00eancia m\u00ednima de 06 meses na fun\u00e7\u00e3o<\/p>\n<p>01 VAGA<\/p>\n<p>&nbsp;<\/p>\n<p>AUXILIAR MEC\u00c2NICO DE REFRIGERA\u00c7\u00c3O<\/p>\n<p>Ensino Fundamental completo<\/p>\n<p>N\u00e3o exige experi\u00eancia<\/p>\n<p>01 VAGA<\/p>\n<p>&nbsp;<\/p>\n<p>PEDREIRO<\/p>\n<p>Ensino Fundamental completo<\/p>\n<p>Experi\u00eancia m\u00ednima de 06 meses na fun\u00e7\u00e3o<\/p>\n<p>05 VAGAS<\/p>\n<p>&nbsp;<\/p>\n<p>MEC\u00c2NICO DE M\u00c1QUINAS PESADAS<\/p>\n<p>Ensino Fundamental completo<\/p>\n<p>Experi\u00eancia m\u00ednima de 06 meses na fun\u00e7\u00e3o<\/p>\n<p>01 VAGA<\/p>\n<p>&nbsp;<\/p>\n<p>VENDEDOR INTERNO<\/p>\n<p>Ensino M\u00e9dio completo<\/p>\n<p>Experi\u00eancia m\u00ednima de 06 meses com vendas de pneus<\/p>\n<p>01 VAGA<\/p>\n<p>&nbsp;<\/p>\n<p>&nbsp;<\/p>\n<p>VAGAS DE ALAGOINHAS<\/p>\n<p>MEC\u00c2NICO DE PRODU\u00c7\u00c3O<\/p>\n<p>Ensino T\u00e9cnico completo<\/p>\n<p>Experi\u00eancia m\u00ednima de 06 meses na carteira<\/p>\n<p>Atividades: Operar e corrigir problemas de n\u00edvel b\u00e1sico dos equipamentos, garantir a qualidade, produtividade e continuidade no processo de produ\u00e7\u00e3o<\/p>\n<p>10 VAGAS<\/p>\n<p>&nbsp;<\/p>\n<p>VAGAS DE IREC\u00ca<\/p>\n<p>ELETROT\u00c9CNICO (PCD)<\/p>\n<p>Exclusivas para Pessoas com Defici\u00eancia<\/p>\n<p>Ensino M\u00e9dio completo<\/p>\n<p>Obrigat\u00f3rio possuir CNH \u2018B\u2019<\/p>\n<p>Sal\u00e1rio 2.282,00 + benef\u00edcio (vale-transporte e refei\u00e7\u00e3o)<\/p>\n<p>01 VAGA<\/p>\n<p>&nbsp;<\/p>\n<p>ASSISTENTE DE COBRAN\u00c7A\/ SETOR DE NEGOCIA\u00c7\u00d5ES<\/p>\n<p>Ensino M\u00e9dio completo<\/p>\n<p>Obrigat\u00f3rio residir em Jo\u00e3o Dourado<\/p>\n<p>Atividade: Atender liga\u00e7\u00f5es e realizar cobran\u00e7as externas quando necess\u00e1rio<\/p>\n<p>Sal\u00e1rio 1.100,00<\/p>\n<p>01 VAGA<\/p>\n<p>&nbsp;<\/p>\n<p>VENDEDOR INTERNO<\/p>\n<p>Ensino M\u00e9dio completo<\/p>\n<p>Experi\u00eancia m\u00ednima de 06 meses na carteira<\/p>\n<p>Obrigat\u00f3rio residir em Jo\u00e3o Dourado<\/p>\n<p>02 VAGAS<\/p>\n<p>&nbsp;<\/p>\n<p>AUXILIAR DE ESCRIT\u00d3RIO<\/p>\n<p>Ensino M\u00e9dio completo<\/p>\n<p>Experi\u00eancia na fun\u00e7\u00e3o com agronomia e vendas<\/p>\n<p>01 VAGA<\/p>\n<p>&nbsp;<\/p>\n<p>REPRESENTANTE COMERCIAL<\/p>\n<p>Ensino M\u00e9dio completo<\/p>\n<p>Experi\u00eancia com vendas<\/p>\n<p>02 VAGAS<\/p>\n<p>&nbsp;<\/p>\n<p>VAGAS DE SENHOR DO BONFIM<\/p>\n<p>JARDINEIRO (PCD)<\/p>\n<p>Exclusivas para Pessoas com Defici\u00eancia<\/p>\n<p>Ensino M\u00e9dio completo<\/p>\n<p>Obrigat\u00f3rio possuir disponibilidade para realizar viagens<\/p>\n<p>01 VAGA<\/p>\n<p>&nbsp;<\/p>\n<p>AUXILIAR DE SERVI\u00c7OS GERAIS (PCD)<\/p>\n<p>Exclusivas para Pessoas com Defici\u00eancia<\/p>\n<p>Ensino M\u00e9dio completo<\/p>\n<p>Obrigat\u00f3rio possuir disponibilidade para realizar viagens<\/p>\n<p>01 VAGA<\/p>\n<p>&nbsp;<\/p>\n<p>MEC\u00c2NICO DE REFRIGERA\u00c7\u00c3O<\/p>\n<p>Ensino T\u00e9cnico completo<\/p>\n<p>Experi\u00eancia na fun\u00e7\u00e3o<\/p>\n<p>Obrigat\u00f3rio possuir disponibilidade para realizar viagens<\/p>\n<p>01 VAGA<\/p>\n<p>&nbsp;<\/p>\n<p>OFICIAL DE MANUTEN\u00c7\u00c3O<\/p>\n<p>Ensino T\u00e9cnico completo em Refrigera\u00e7\u00e3o El\u00e9trica<\/p>\n<p>Experi\u00eancia m\u00ednima de 06 meses na carteira<\/p>\n<p>Obrigat\u00f3rio possuir disponibilidade para realizar viagens<\/p>\n<p>01 VAGA<\/p>\n<p>&nbsp;<\/p>\n<p>SUPERVISOR DE EQUIPE<\/p>\n<p>Ensino Superior em Administra\u00e7\u00e3o ou Gest\u00e3o de Empresas e Pessoas<\/p>\n<p>Experi\u00eancia m\u00ednima de 06 meses na carteira<\/p>\n<p>Obrigat\u00f3rio possuir disponibilidade para realizar viagens<\/p>\n<p>01 VAGA<\/p>\n<p>&nbsp;<\/p>\n<p>&nbsp;<\/p>\n<p>VENDEDOR PRACISTA<\/p>\n<p>Ensino M\u00e9dio completo<\/p>\n<p>Experi\u00eancia m\u00ednima de 06 meses na carteira<\/p>\n<p>Obrigat\u00f3rio possuir disponibilidade para realizar viagens<\/p>\n<p>01 VAGA<\/p>\n<p>&nbsp;<\/p>\n<p>VENDEDOR PRACISTA<\/p>\n<p>Ensino M\u00e9dio completo<\/p>\n<p>Experi\u00eancia m\u00ednima de 06 meses na carteira<\/p>\n<p>04 VAGAS<\/p>\n<p>&nbsp;<\/p>\n<p>AUXILIAR DE COZINHA<\/p>\n<p>Ensino Fundamental<\/p>\n<p>Experi\u00eancia m\u00ednima de 06 meses na carteira com doces e salgados<\/p>\n<p>01 VAGA<\/p>\n<p>&nbsp;<\/p>\n<p>VENDEDOR EXTERNO<\/p>\n<p>Ensino M\u00e9dio completo<\/p>\n<p>Experi\u00eancia m\u00ednima de 06 meses na carteira<\/p>\n<p>Obrigat\u00f3rio possuir CNH \u2018A\/B\u2019 e ve\u00edculo pr\u00f3prio (carro\/moto)<\/p>\n<p>01 VAGA<\/p>\n<p>&nbsp;<\/p>\n<p>BALCONISTA DE FRIOS<\/p>\n<p>Ensino Fundamental completo<\/p>\n<p>Experi\u00eancia m\u00ednima de 06 meses na carteira<\/p>\n<p>01 VAGA<\/p>\n","protected":false},"excerpt":{"rendered":"<p>O SineBahia divulgou as vagas de emprego oferecidas em Vit\u00f3ria da Conquista e Barreiras, na regi\u00e3o sudoeste do estado, e tamb\u00e9m em Alagoinhas, Irec\u00ea e Senhor do Bonfim, nesta segunda-feira (29).<\/p>\n","protected":false},"author":1,"featured_media":619241,"comment_status":"closed","ping_status":"closed","sticky":false,"template":"","format":"standard","meta":[],"categories":[8,5],"tags":[1012,1013],"acf":[],"yoast_head":"<!-- This site is optimized with the Yoast SEO plugin v20.8 - https:\/\/yoast.com\/wordpress\/plugins\/seo\/ -->\n<title>SINEBAHIA TEM VAGAS TEM EMPREGO NO INTERIOR DA BAHIA - Bahia Economica<\/title>\n<meta name=\"description\" content=\"O maior portal de Economia da Bahia EMPREGOS \/ CONCURSOS, MUNIC\u00cdPIOS Bahia Economica\" \/>\n<meta name=\"robots\" content=\"index, follow, max-snippet:-1, max-image-preview:large, max-video-preview:-1\" \/>\n<link rel=\"canonical\" href=\"https:\/\/bahiaeconomica.com.br\/wp\/2021\/11\/29\/sinebahia-tem-vagas-tem-emprego-no-interior-da-bahia\/\" \/>\n<meta property=\"og:locale\" content=\"pt_BR\" \/>\n<meta property=\"og:type\" content=\"article\" \/>\n<meta property=\"og:title\" content=\"SINEBAHIA TEM VAGAS TEM EMPREGO NO INTERIOR DA BAHIA - Bahia Economica\" \/>\n<meta property=\"og:description\" content=\"O maior portal de Economia da Bahia EMPREGOS \/ CONCURSOS, MUNIC\u00cdPIOS Bahia Economica\" \/>\n<meta property=\"og:url\" content=\"https:\/\/bahiaeconomica.com.br\/wp\/2021\/11\/29\/sinebahia-tem-vagas-tem-emprego-no-interior-da-bahia\/\" \/>\n<meta property=\"og:site_name\" content=\"Bahia Economica\" \/>\n<meta property=\"article:publisher\" content=\"https:\/\/www.facebook.com\/bahiaeconomica\" \/>\n<meta property=\"article:published_time\" content=\"2021-11-29T12:05:53+00:00\" \/>\n<meta property=\"og:image\" content=\"https:\/\/bahiaeconomica.com.br\/wp\/wp-content\/uploads\/2021\/11\/sinebahia.png\" \/>\n\t<meta property=\"og:image:width\" content=\"560\" \/>\n\t<meta property=\"og:image:height\" content=\"350\" \/>\n\t<meta property=\"og:image:type\" content=\"image\/png\" \/>\n<meta name=\"author\" content=\"admin\" \/>\n<meta name=\"twitter:card\" content=\"summary_large_image\" \/>\n<meta name=\"twitter:label1\" content=\"Escrito por\" \/>\n\t<meta name=\"twitter:data1\" content=\"admin\" \/>\n\t<meta name=\"twitter:label2\" content=\"Est. tempo de leitura\" \/>\n\t<meta name=\"twitter:data2\" content=\"7 minutos\" \/>\n<script type=\"application\/ld+json\" class=\"yoast-schema-graph\">{\"@context\":\"https:\/\/schema.org\",\"@graph\":[{\"@type\":\"Article\",\"@id\":\"https:\/\/bahiaeconomica.com.br\/wp\/2021\/11\/29\/sinebahia-tem-vagas-tem-emprego-no-interior-da-bahia\/#article\",\"isPartOf\":{\"@id\":\"https:\/\/bahiaeconomica.com.br\/wp\/2021\/11\/29\/sinebahia-tem-vagas-tem-emprego-no-interior-da-bahia\/\"},\"author\":{\"name\":\"admin\",\"@id\":\"https:\/\/bahiaeconomica.com.br\/wp\/#\/schema\/person\/cb1ab5ba96ad3d9390805381c76284ec\"},\"headline\":\"SINEBAHIA TEM VAGAS TEM EMPREGO NO INTERIOR DA BAHIA\",\"datePublished\":\"2021-11-29T12:05:53+00:00\",\"dateModified\":\"2021-11-29T12:05:53+00:00\",\"mainEntityOfPage\":{\"@id\":\"https:\/\/bahiaeconomica.com.br\/wp\/2021\/11\/29\/sinebahia-tem-vagas-tem-emprego-no-interior-da-bahia\/\"},\"wordCount\":1479,\"publisher\":{\"@id\":\"https:\/\/bahiaeconomica.com.br\/wp\/#organization\"},\"keywords\":[\"empregos\",\"vagas\"],\"articleSection\":[\"EMPREGOS \/ CONCURSOS\",\"MUNIC\u00cdPIOS\"],\"inLanguage\":\"pt-BR\"},{\"@type\":\"WebPage\",\"@id\":\"https:\/\/bahiaeconomica.com.br\/wp\/2021\/11\/29\/sinebahia-tem-vagas-tem-emprego-no-interior-da-bahia\/\",\"url\":\"https:\/\/bahiaeconomica.com.br\/wp\/2021\/11\/29\/sinebahia-tem-vagas-tem-emprego-no-interior-da-bahia\/\",\"name\":\"SINEBAHIA TEM VAGAS TEM EMPREGO NO INTERIOR DA BAHIA - Bahia Economica\",\"isPartOf\":{\"@id\":\"https:\/\/bahiaeconomica.com.br\/wp\/#website\"},\"datePublished\":\"2021-11-29T12:05:53+00:00\",\"dateModified\":\"2021-11-29T12:05:53+00:00\",\"description\":\"O maior portal de Economia da Bahia EMPREGOS \/ CONCURSOS, MUNIC\u00cdPIOS Bahia Economica\",\"breadcrumb\":{\"@id\":\"https:\/\/bahiaeconomica.com.br\/wp\/2021\/11\/29\/sinebahia-tem-vagas-tem-emprego-no-interior-da-bahia\/#breadcrumb\"},\"inLanguage\":\"pt-BR\",\"potentialAction\":[{\"@type\":\"ReadAction\",\"target\":[\"https:\/\/bahiaeconomica.com.br\/wp\/2021\/11\/29\/sinebahia-tem-vagas-tem-emprego-no-interior-da-bahia\/\"]}]},{\"@type\":\"BreadcrumbList\",\"@id\":\"https:\/\/bahiaeconomica.com.br\/wp\/2021\/11\/29\/sinebahia-tem-vagas-tem-emprego-no-interior-da-bahia\/#breadcrumb\",\"itemListElement\":[{\"@type\":\"ListItem\",\"position\":1,\"name\":\"In\u00edcio\",\"item\":\"https:\/\/bahiaeconomica.com.br\/wp\/\"},{\"@type\":\"ListItem\",\"position\":2,\"name\":\"SINEBAHIA TEM VAGAS TEM EMPREGO NO INTERIOR DA BAHIA\"}]},{\"@type\":\"WebSite\",\"@id\":\"https:\/\/bahiaeconomica.com.br\/wp\/#website\",\"url\":\"https:\/\/bahiaeconomica.com.br\/wp\/\",\"name\":\"Bahia Economica\",\"description\":\"O maior portal de Economia da Bahia\",\"publisher\":{\"@id\":\"https:\/\/bahiaeconomica.com.br\/wp\/#organization\"},\"potentialAction\":[{\"@type\":\"SearchAction\",\"target\":{\"@type\":\"EntryPoint\",\"urlTemplate\":\"https:\/\/bahiaeconomica.com.br\/wp\/?s={search_term_string}\"},\"query-input\":\"required name=search_term_string\"}],\"inLanguage\":\"pt-BR\"},{\"@type\":\"Organization\",\"@id\":\"https:\/\/bahiaeconomica.com.br\/wp\/#organization\",\"name\":\"Bahia Econ\u00f4mica\",\"url\":\"https:\/\/bahiaeconomica.com.br\/wp\/\",\"logo\":{\"@type\":\"ImageObject\",\"inLanguage\":\"pt-BR\",\"@id\":\"https:\/\/bahiaeconomica.com.br\/wp\/#\/schema\/logo\/image\/\",\"url\":\"https:\/\/bahiaeconomica.com.br\/wp\/wp-content\/uploads\/2020\/12\/cropped-BE.png\",\"contentUrl\":\"https:\/\/bahiaeconomica.com.br\/wp\/wp-content\/uploads\/2020\/12\/cropped-BE.png\",\"width\":512,\"height\":512,\"caption\":\"Bahia Econ\u00f4mica\"},\"image\":{\"@id\":\"https:\/\/bahiaeconomica.com.br\/wp\/#\/schema\/logo\/image\/\"},\"sameAs\":[\"https:\/\/www.facebook.com\/bahiaeconomica\"]},{\"@type\":\"Person\",\"@id\":\"https:\/\/bahiaeconomica.com.br\/wp\/#\/schema\/person\/cb1ab5ba96ad3d9390805381c76284ec\",\"name\":\"admin\",\"url\":\"https:\/\/bahiaeconomica.com.br\/wp\/author\/admin\/\"}]}<\/script>\n<!-- \/ Yoast SEO plugin. -->","yoast_head_json":{"title":"SINEBAHIA TEM VAGAS TEM EMPREGO NO INTERIOR DA BAHIA - Bahia Economica","description":"O maior portal de Economia da Bahia EMPREGOS \/ CONCURSOS, MUNIC\u00cdPIOS Bahia Economica","robots":{"index":"index","follow":"follow","max-snippet":"max-snippet:-1","max-image-preview":"max-image-preview:large","max-video-preview":"max-video-preview:-1"},"canonical":"https:\/\/bahiaeconomica.com.br\/wp\/2021\/11\/29\/sinebahia-tem-vagas-tem-emprego-no-interior-da-bahia\/","og_locale":"pt_BR","og_type":"article","og_title":"SINEBAHIA TEM VAGAS TEM EMPREGO NO INTERIOR DA BAHIA - Bahia Economica","og_description":"O maior portal de Economia da Bahia EMPREGOS \/ CONCURSOS, MUNIC\u00cdPIOS Bahia Economica","og_url":"https:\/\/bahiaeconomica.com.br\/wp\/2021\/11\/29\/sinebahia-tem-vagas-tem-emprego-no-interior-da-bahia\/","og_site_name":"Bahia Economica","article_publisher":"https:\/\/www.facebook.com\/bahiaeconomica","article_published_time":"2021-11-29T12:05:53+00:00","og_image":[{"width":560,"height":350,"url":"https:\/\/bahiaeconomica.com.br\/wp\/wp-content\/uploads\/2021\/11\/sinebahia.png","type":"image\/png"}],"author":"admin","twitter_card":"summary_large_image","twitter_misc":{"Escrito por":"admin","Est. tempo de leitura":"7 minutos"},"schema":{"@context":"https:\/\/schema.org","@graph":[{"@type":"Article","@id":"https:\/\/bahiaeconomica.com.br\/wp\/2021\/11\/29\/sinebahia-tem-vagas-tem-emprego-no-interior-da-bahia\/#article","isPartOf":{"@id":"https:\/\/bahiaeconomica.com.br\/wp\/2021\/11\/29\/sinebahia-tem-vagas-tem-emprego-no-interior-da-bahia\/"},"author":{"name":"admin","@id":"https:\/\/bahiaeconomica.com.br\/wp\/#\/schema\/person\/cb1ab5ba96ad3d9390805381c76284ec"},"headline":"SINEBAHIA TEM VAGAS TEM EMPREGO NO INTERIOR DA BAHIA","datePublished":"2021-11-29T12:05:53+00:00","dateModified":"2021-11-29T12:05:53+00:00","mainEntityOfPage":{"@id":"https:\/\/bahiaeconomica.com.br\/wp\/2021\/11\/29\/sinebahia-tem-vagas-tem-emprego-no-interior-da-bahia\/"},"wordCount":1479,"publisher":{"@id":"https:\/\/bahiaeconomica.com.br\/wp\/#organization"},"keywords":["empregos","vagas"],"articleSection":["EMPREGOS \/ CONCURSOS","MUNIC\u00cdPIOS"],"inLanguage":"pt-BR"},{"@type":"WebPage","@id":"https:\/\/bahiaeconomica.com.br\/wp\/2021\/11\/29\/sinebahia-tem-vagas-tem-emprego-no-interior-da-bahia\/","url":"https:\/\/bahiaeconomica.com.br\/wp\/2021\/11\/29\/sinebahia-tem-vagas-tem-emprego-no-interior-da-bahia\/","name":"SINEBAHIA TEM VAGAS TEM EMPREGO NO INTERIOR DA BAHIA - Bahia Economica","isPartOf":{"@id":"https:\/\/bahiaeconomica.com.br\/wp\/#website"},"datePublished":"2021-11-29T12:05:53+00:00","dateModified":"2021-11-29T12:05:53+00:00","description":"O maior portal de Economia da Bahia EMPREGOS \/ CONCURSOS, MUNIC\u00cdPIOS Bahia Economica","breadcrumb":{"@id":"https:\/\/bahiaeconomica.com.br\/wp\/2021\/11\/29\/sinebahia-tem-vagas-tem-emprego-no-interior-da-bahia\/#breadcrumb"},"inLanguage":"pt-BR","potentialAction":[{"@type":"ReadAction","target":["https:\/\/bahiaeconomica.com.br\/wp\/2021\/11\/29\/sinebahia-tem-vagas-tem-emprego-no-interior-da-bahia\/"]}]},{"@type":"BreadcrumbList","@id":"https:\/\/bahiaeconomica.com.br\/wp\/2021\/11\/29\/sinebahia-tem-vagas-tem-emprego-no-interior-da-bahia\/#breadcrumb","itemListElement":[{"@type":"ListItem","position":1,"name":"In\u00edcio","item":"https:\/\/bahiaeconomica.com.br\/wp\/"},{"@type":"ListItem","position":2,"name":"SINEBAHIA TEM VAGAS TEM EMPREGO NO INTERIOR DA BAHIA"}]},{"@type":"WebSite","@id":"https:\/\/bahiaeconomica.com.br\/wp\/#website","url":"https:\/\/bahiaeconomica.com.br\/wp\/","name":"Bahia Economica","description":"O maior portal de Economia da Bahia","publisher":{"@id":"https:\/\/bahiaeconomica.com.br\/wp\/#organization"},"potentialAction":[{"@type":"SearchAction","target":{"@type":"EntryPoint","urlTemplate":"https:\/\/bahiaeconomica.com.br\/wp\/?s={search_term_string}"},"query-input":"required name=search_term_string"}],"inLanguage":"pt-BR"},{"@type":"Organization","@id":"https:\/\/bahiaeconomica.com.br\/wp\/#organization","name":"Bahia Econ\u00f4mica","url":"https:\/\/bahiaeconomica.com.br\/wp\/","logo":{"@type":"ImageObject","inLanguage":"pt-BR","@id":"https:\/\/bahiaeconomica.com.br\/wp\/#\/schema\/logo\/image\/","url":"https:\/\/bahiaeconomica.com.br\/wp\/wp-content\/uploads\/2020\/12\/cropped-BE.png","contentUrl":"https:\/\/bahiaeconomica.com.br\/wp\/wp-content\/uploads\/2020\/12\/cropped-BE.png","width":512,"height":512,"caption":"Bahia Econ\u00f4mica"},"image":{"@id":"https:\/\/bahiaeconomica.com.br\/wp\/#\/schema\/logo\/image\/"},"sameAs":["https:\/\/www.facebook.com\/bahiaeconomica"]},{"@type":"Person","@id":"https:\/\/bahiaeconomica.com.br\/wp\/#\/schema\/person\/cb1ab5ba96ad3d9390805381c76284ec","name":"admin","url":"https:\/\/bahiaeconomica.com.br\/wp\/author\/admin\/"}]}},"views":11,"_links":{"self":[{"href":"https:\/\/bahiaeconomica.com.br\/wp\/wp-json\/wp\/v2\/posts\/619237"}],"collection":[{"href":"https:\/\/bahiaeconomica.com.br\/wp\/wp-json\/wp\/v2\/posts"}],"about":[{"href":"https:\/\/bahiaeconomica.com.br\/wp\/wp-json\/wp\/v2\/types\/post"}],"author":[{"embeddable":true,"href":"https:\/\/bahiaeconomica.com.br\/wp\/wp-json\/wp\/v2\/users\/1"}],"replies":[{"embeddable":true,"href":"https:\/\/bahiaeconomica.com.br\/wp\/wp-json\/wp\/v2\/comments?post=619237"}],"version-history":[{"count":1,"href":"https:\/\/bahiaeconomica.com.br\/wp\/wp-json\/wp\/v2\/posts\/619237\/revisions"}],"predecessor-version":[{"id":619242,"href":"https:\/\/bahiaeconomica.com.br\/wp\/wp-json\/wp\/v2\/posts\/619237\/revisions\/619242"}],"wp:featuredmedia":[{"embeddable":true,"href":"https:\/\/bahiaeconomica.com.br\/wp\/wp-json\/wp\/v2\/media\/619241"}],"wp:attachment":[{"href":"https:\/\/bahiaeconomica.com.br\/wp\/wp-json\/wp\/v2\/media?parent=619237"}],"wp:term":[{"taxonomy":"category","embeddable":true,"href":"https:\/\/bahiaeconomica.com.br\/wp\/wp-json\/wp\/v2\/categories?post=619237"},{"taxonomy":"post_tag","embeddable":true,"href":"https:\/\/bahiaeconomica.com.br\/wp\/wp-json\/wp\/v2\/tags?post=619237"}],"curies":[{"name":"wp","href":"https:\/\/api.w.org\/{rel}","templated":true}]}}