{"id":617466,"date":"2021-11-22T07:00:29","date_gmt":"2021-11-22T10:00:29","guid":{"rendered":"https:\/\/bahiaeconomica.com.br\/wp\/beta\/?p=617466"},"modified":"2021-11-22T06:55:27","modified_gmt":"2021-11-22T09:55:27","slug":"vasco-quer-ricardo-gomes-para-nova-estrutura-do-futebol","status":"publish","type":"post","link":"https:\/\/bahiaeconomica.com.br\/wp\/2021\/11\/22\/vasco-quer-ricardo-gomes-para-nova-estrutura-do-futebol\/","title":{"rendered":"VASCO QUER RICARDO GOMES PARA NOVA ESTRUTURA DO FUTEBOL"},"content":{"rendered":"<p>A diretoria vasca\u00edna busca nome de consenso para avan\u00e7ar para a nova estrutura no departamento de futebol, depois da sa\u00edda de Alexandre P\u00e1ssaro e de ano de 2021 de resultados <!--more-->decepcionantes, sem o acesso \u00e0 Primeira Divis\u00e3o no Brasileiro. Com alguns profissionais na mesa para avalia\u00e7\u00e3o, o presidente do clube Jorge Salgado tem conversa prevista para esta semana com Ricardo Gomes, treinador campe\u00e3o da Copa do Brasil de 2011.<\/p>\n<p>Fora do futebol desde a sa\u00edda do Bordeaux, da Fran\u00e7a, em 2019 &#8211; ficou apenas seis meses -, Ricardo trabalhou tamb\u00e9m no Santos &#8211; e em 2013 no pr\u00f3prio Vasco &#8211; em fun\u00e7\u00e3o diferente da de treinador, cargo que ocupou no Botafogo em 2016 e em seguida no S\u00e3o Paulo.<\/p>\n<p>Salgado tem boa rela\u00e7\u00e3o com Ricardo desde o tempo da passagem de 2011, durante a diretoria de Roberto Dinamite, quando socorreu o clube com empr\u00e9stimos para diminuir a d\u00edvida com sal\u00e1rios atrasados. O nome de Ricardo se aproxima mais da fun\u00e7\u00e3o que o pr\u00f3prio Salgado havia pensado para Paulo Roberto Falc\u00e3o &#8211; na ocasi\u00e3o, chamou o cargo de esp\u00e9cie de CEO do futebol durante a campanha para a presid\u00eancia do Vasco.<\/p>\n<p>Com a queda para a S\u00e9rie B, no Brasileiro, de 2020, o mandat\u00e1rio vasca\u00edno recuou. Para a fun\u00e7\u00e3o da coordena\u00e7\u00e3o t\u00e9cnica do departamento, o nome de Fernando Prass, ex-goleiro aposentado recentemente, tamb\u00e9m \u00e9 avaliado. Ele assistiu a uma partida do Vasco na reta final da S\u00e9rie B em S\u00e3o Janu\u00e1rio e tamb\u00e9m visitou o centro de treinamento Moacyr Barbosa.<\/p>\n<p>Para o cargo de executivo de futebol, Eduardo Freeland, atual diretor do Botafogo, \u00e9 o favorito da diretoria &#8211; mas h\u00e1 d\u00favidas sobre a sa\u00edda dele do Alvinegro, campe\u00e3o da S\u00e9rie B. Outros nomes tamb\u00e9m citados s\u00e3o os de Alexandre Mattos, ex-Cruzeiro e Palmeiras, e Jorge Macedo, que trabalhou no Internacional, Fluminense e hoje est\u00e1 no Cear\u00e1.<\/p>\n<p>Seriam, portanto, dois nomes para a nova estrutura, um cargo de gest\u00e3o executiva e outro de coordenador t\u00e9cnico. J\u00e1 sem chances de acesso \u00e0 S\u00e9rie A, o Vasco encerra as atividades no ano de 2021 no pr\u00f3ximo domingo contra o Londrina, no est\u00e1dio do Caf\u00e9, em Londrina, no Paran\u00e1.<\/p>\n<p>Foto: divulga\u00e7\u00e3o<\/p>\n","protected":false},"excerpt":{"rendered":"<p>A diretoria vasca\u00edna busca nome de consenso para avan\u00e7ar para a nova estrutura no departamento de futebol, depois da sa\u00edda de Alexandre P\u00e1ssaro e de ano de 2021 de resultados<\/p>\n","protected":false},"author":1,"featured_media":617468,"comment_status":"closed","ping_status":"closed","sticky":false,"template":"","format":"standard","meta":[],"categories":[4],"tags":[52,1604,1633,1632],"acf":[],"yoast_head":"<!-- This site is optimized with the Yoast SEO plugin v20.8 - https:\/\/yoast.com\/wordpress\/plugins\/seo\/ -->\n<title>VASCO QUER RICARDO GOMES PARA NOVA ESTRUTURA DO FUTEBOL - Bahia Economica<\/title>\n<meta name=\"description\" content=\"O maior portal de Economia da Bahia ENTRETENIMENTO Bahia Economica\" \/>\n<meta name=\"robots\" content=\"index, follow, max-snippet:-1, max-image-preview:large, max-video-preview:-1\" \/>\n<link rel=\"canonical\" href=\"https:\/\/bahiaeconomica.com.br\/wp\/2021\/11\/22\/vasco-quer-ricardo-gomes-para-nova-estrutura-do-futebol\/\" \/>\n<meta property=\"og:locale\" content=\"pt_BR\" \/>\n<meta property=\"og:type\" content=\"article\" \/>\n<meta property=\"og:title\" content=\"VASCO QUER RICARDO GOMES PARA NOVA ESTRUTURA DO FUTEBOL - Bahia Economica\" \/>\n<meta property=\"og:description\" content=\"O maior portal de Economia da Bahia ENTRETENIMENTO Bahia Economica\" \/>\n<meta property=\"og:url\" content=\"https:\/\/bahiaeconomica.com.br\/wp\/2021\/11\/22\/vasco-quer-ricardo-gomes-para-nova-estrutura-do-futebol\/\" \/>\n<meta property=\"og:site_name\" content=\"Bahia Economica\" \/>\n<meta property=\"article:publisher\" content=\"https:\/\/www.facebook.com\/bahiaeconomica\" \/>\n<meta property=\"article:published_time\" content=\"2021-11-22T10:00:29+00:00\" \/>\n<meta property=\"article:modified_time\" content=\"2021-11-22T09:55:27+00:00\" \/>\n<meta property=\"og:image\" content=\"https:\/\/bahiaeconomica.com.br\/wp\/wp-content\/uploads\/2021\/11\/ricardo2.jpg\" \/>\n\t<meta property=\"og:image:width\" content=\"924\" \/>\n\t<meta property=\"og:image:height\" content=\"649\" \/>\n\t<meta property=\"og:image:type\" content=\"image\/jpeg\" \/>\n<meta name=\"author\" content=\"admin\" \/>\n<meta name=\"twitter:card\" content=\"summary_large_image\" \/>\n<meta name=\"twitter:label1\" content=\"Escrito por\" \/>\n\t<meta name=\"twitter:data1\" content=\"admin\" \/>\n\t<meta name=\"twitter:label2\" content=\"Est. tempo de leitura\" \/>\n\t<meta name=\"twitter:data2\" content=\"2 minutos\" \/>\n<script type=\"application\/ld+json\" class=\"yoast-schema-graph\">{\"@context\":\"https:\/\/schema.org\",\"@graph\":[{\"@type\":\"Article\",\"@id\":\"https:\/\/bahiaeconomica.com.br\/wp\/2021\/11\/22\/vasco-quer-ricardo-gomes-para-nova-estrutura-do-futebol\/#article\",\"isPartOf\":{\"@id\":\"https:\/\/bahiaeconomica.com.br\/wp\/2021\/11\/22\/vasco-quer-ricardo-gomes-para-nova-estrutura-do-futebol\/\"},\"author\":{\"name\":\"admin\",\"@id\":\"https:\/\/bahiaeconomica.com.br\/wp\/#\/schema\/person\/cb1ab5ba96ad3d9390805381c76284ec\"},\"headline\":\"VASCO QUER RICARDO GOMES PARA NOVA ESTRUTURA DO FUTEBOL\",\"datePublished\":\"2021-11-22T10:00:29+00:00\",\"dateModified\":\"2021-11-22T09:55:27+00:00\",\"mainEntityOfPage\":{\"@id\":\"https:\/\/bahiaeconomica.com.br\/wp\/2021\/11\/22\/vasco-quer-ricardo-gomes-para-nova-estrutura-do-futebol\/\"},\"wordCount\":400,\"publisher\":{\"@id\":\"https:\/\/bahiaeconomica.com.br\/wp\/#organization\"},\"keywords\":[\"Brasil\",\"goleiro\",\"gomes\",\"ricardo\"],\"articleSection\":[\"ENTRETENIMENTO\"],\"inLanguage\":\"pt-BR\"},{\"@type\":\"WebPage\",\"@id\":\"https:\/\/bahiaeconomica.com.br\/wp\/2021\/11\/22\/vasco-quer-ricardo-gomes-para-nova-estrutura-do-futebol\/\",\"url\":\"https:\/\/bahiaeconomica.com.br\/wp\/2021\/11\/22\/vasco-quer-ricardo-gomes-para-nova-estrutura-do-futebol\/\",\"name\":\"VASCO QUER RICARDO GOMES PARA NOVA ESTRUTURA DO FUTEBOL - Bahia Economica\",\"isPartOf\":{\"@id\":\"https:\/\/bahiaeconomica.com.br\/wp\/#website\"},\"datePublished\":\"2021-11-22T10:00:29+00:00\",\"dateModified\":\"2021-11-22T09:55:27+00:00\",\"description\":\"O maior portal de Economia da Bahia ENTRETENIMENTO Bahia Economica\",\"breadcrumb\":{\"@id\":\"https:\/\/bahiaeconomica.com.br\/wp\/2021\/11\/22\/vasco-quer-ricardo-gomes-para-nova-estrutura-do-futebol\/#breadcrumb\"},\"inLanguage\":\"pt-BR\",\"potentialAction\":[{\"@type\":\"ReadAction\",\"target\":[\"https:\/\/bahiaeconomica.com.br\/wp\/2021\/11\/22\/vasco-quer-ricardo-gomes-para-nova-estrutura-do-futebol\/\"]}]},{\"@type\":\"BreadcrumbList\",\"@id\":\"https:\/\/bahiaeconomica.com.br\/wp\/2021\/11\/22\/vasco-quer-ricardo-gomes-para-nova-estrutura-do-futebol\/#breadcrumb\",\"itemListElement\":[{\"@type\":\"ListItem\",\"position\":1,\"name\":\"In\u00edcio\",\"item\":\"https:\/\/bahiaeconomica.com.br\/wp\/\"},{\"@type\":\"ListItem\",\"position\":2,\"name\":\"VASCO QUER RICARDO GOMES PARA NOVA ESTRUTURA DO FUTEBOL\"}]},{\"@type\":\"WebSite\",\"@id\":\"https:\/\/bahiaeconomica.com.br\/wp\/#website\",\"url\":\"https:\/\/bahiaeconomica.com.br\/wp\/\",\"name\":\"Bahia Economica\",\"description\":\"O maior portal de Economia da Bahia\",\"publisher\":{\"@id\":\"https:\/\/bahiaeconomica.com.br\/wp\/#organization\"},\"potentialAction\":[{\"@type\":\"SearchAction\",\"target\":{\"@type\":\"EntryPoint\",\"urlTemplate\":\"https:\/\/bahiaeconomica.com.br\/wp\/?s={search_term_string}\"},\"query-input\":\"required name=search_term_string\"}],\"inLanguage\":\"pt-BR\"},{\"@type\":\"Organization\",\"@id\":\"https:\/\/bahiaeconomica.com.br\/wp\/#organization\",\"name\":\"Bahia Econ\u00f4mica\",\"url\":\"https:\/\/bahiaeconomica.com.br\/wp\/\",\"logo\":{\"@type\":\"ImageObject\",\"inLanguage\":\"pt-BR\",\"@id\":\"https:\/\/bahiaeconomica.com.br\/wp\/#\/schema\/logo\/image\/\",\"url\":\"https:\/\/bahiaeconomica.com.br\/wp\/wp-content\/uploads\/2020\/12\/cropped-BE.png\",\"contentUrl\":\"https:\/\/bahiaeconomica.com.br\/wp\/wp-content\/uploads\/2020\/12\/cropped-BE.png\",\"width\":512,\"height\":512,\"caption\":\"Bahia Econ\u00f4mica\"},\"image\":{\"@id\":\"https:\/\/bahiaeconomica.com.br\/wp\/#\/schema\/logo\/image\/\"},\"sameAs\":[\"https:\/\/www.facebook.com\/bahiaeconomica\"]},{\"@type\":\"Person\",\"@id\":\"https:\/\/bahiaeconomica.com.br\/wp\/#\/schema\/person\/cb1ab5ba96ad3d9390805381c76284ec\",\"name\":\"admin\",\"url\":\"https:\/\/bahiaeconomica.com.br\/wp\/author\/admin\/\"}]}<\/script>\n<!-- \/ Yoast SEO plugin. -->","yoast_head_json":{"title":"VASCO QUER RICARDO GOMES PARA NOVA ESTRUTURA DO FUTEBOL - Bahia Economica","description":"O maior portal de Economia da Bahia ENTRETENIMENTO Bahia Economica","robots":{"index":"index","follow":"follow","max-snippet":"max-snippet:-1","max-image-preview":"max-image-preview:large","max-video-preview":"max-video-preview:-1"},"canonical":"https:\/\/bahiaeconomica.com.br\/wp\/2021\/11\/22\/vasco-quer-ricardo-gomes-para-nova-estrutura-do-futebol\/","og_locale":"pt_BR","og_type":"article","og_title":"VASCO QUER RICARDO GOMES PARA NOVA ESTRUTURA DO FUTEBOL - Bahia Economica","og_description":"O maior portal de Economia da Bahia ENTRETENIMENTO Bahia Economica","og_url":"https:\/\/bahiaeconomica.com.br\/wp\/2021\/11\/22\/vasco-quer-ricardo-gomes-para-nova-estrutura-do-futebol\/","og_site_name":"Bahia Economica","article_publisher":"https:\/\/www.facebook.com\/bahiaeconomica","article_published_time":"2021-11-22T10:00:29+00:00","article_modified_time":"2021-11-22T09:55:27+00:00","og_image":[{"width":924,"height":649,"url":"https:\/\/bahiaeconomica.com.br\/wp\/wp-content\/uploads\/2021\/11\/ricardo2.jpg","type":"image\/jpeg"}],"author":"admin","twitter_card":"summary_large_image","twitter_misc":{"Escrito por":"admin","Est. tempo de leitura":"2 minutos"},"schema":{"@context":"https:\/\/schema.org","@graph":[{"@type":"Article","@id":"https:\/\/bahiaeconomica.com.br\/wp\/2021\/11\/22\/vasco-quer-ricardo-gomes-para-nova-estrutura-do-futebol\/#article","isPartOf":{"@id":"https:\/\/bahiaeconomica.com.br\/wp\/2021\/11\/22\/vasco-quer-ricardo-gomes-para-nova-estrutura-do-futebol\/"},"author":{"name":"admin","@id":"https:\/\/bahiaeconomica.com.br\/wp\/#\/schema\/person\/cb1ab5ba96ad3d9390805381c76284ec"},"headline":"VASCO QUER RICARDO GOMES PARA NOVA ESTRUTURA DO FUTEBOL","datePublished":"2021-11-22T10:00:29+00:00","dateModified":"2021-11-22T09:55:27+00:00","mainEntityOfPage":{"@id":"https:\/\/bahiaeconomica.com.br\/wp\/2021\/11\/22\/vasco-quer-ricardo-gomes-para-nova-estrutura-do-futebol\/"},"wordCount":400,"publisher":{"@id":"https:\/\/bahiaeconomica.com.br\/wp\/#organization"},"keywords":["Brasil","goleiro","gomes","ricardo"],"articleSection":["ENTRETENIMENTO"],"inLanguage":"pt-BR"},{"@type":"WebPage","@id":"https:\/\/bahiaeconomica.com.br\/wp\/2021\/11\/22\/vasco-quer-ricardo-gomes-para-nova-estrutura-do-futebol\/","url":"https:\/\/bahiaeconomica.com.br\/wp\/2021\/11\/22\/vasco-quer-ricardo-gomes-para-nova-estrutura-do-futebol\/","name":"VASCO QUER RICARDO GOMES PARA NOVA ESTRUTURA DO FUTEBOL - Bahia Economica","isPartOf":{"@id":"https:\/\/bahiaeconomica.com.br\/wp\/#website"},"datePublished":"2021-11-22T10:00:29+00:00","dateModified":"2021-11-22T09:55:27+00:00","description":"O maior portal de Economia da Bahia ENTRETENIMENTO Bahia Economica","breadcrumb":{"@id":"https:\/\/bahiaeconomica.com.br\/wp\/2021\/11\/22\/vasco-quer-ricardo-gomes-para-nova-estrutura-do-futebol\/#breadcrumb"},"inLanguage":"pt-BR","potentialAction":[{"@type":"ReadAction","target":["https:\/\/bahiaeconomica.com.br\/wp\/2021\/11\/22\/vasco-quer-ricardo-gomes-para-nova-estrutura-do-futebol\/"]}]},{"@type":"BreadcrumbList","@id":"https:\/\/bahiaeconomica.com.br\/wp\/2021\/11\/22\/vasco-quer-ricardo-gomes-para-nova-estrutura-do-futebol\/#breadcrumb","itemListElement":[{"@type":"ListItem","position":1,"name":"In\u00edcio","item":"https:\/\/bahiaeconomica.com.br\/wp\/"},{"@type":"ListItem","position":2,"name":"VASCO QUER RICARDO GOMES PARA NOVA ESTRUTURA DO FUTEBOL"}]},{"@type":"WebSite","@id":"https:\/\/bahiaeconomica.com.br\/wp\/#website","url":"https:\/\/bahiaeconomica.com.br\/wp\/","name":"Bahia Economica","description":"O maior portal de Economia da Bahia","publisher":{"@id":"https:\/\/bahiaeconomica.com.br\/wp\/#organization"},"potentialAction":[{"@type":"SearchAction","target":{"@type":"EntryPoint","urlTemplate":"https:\/\/bahiaeconomica.com.br\/wp\/?s={search_term_string}"},"query-input":"required name=search_term_string"}],"inLanguage":"pt-BR"},{"@type":"Organization","@id":"https:\/\/bahiaeconomica.com.br\/wp\/#organization","name":"Bahia Econ\u00f4mica","url":"https:\/\/bahiaeconomica.com.br\/wp\/","logo":{"@type":"ImageObject","inLanguage":"pt-BR","@id":"https:\/\/bahiaeconomica.com.br\/wp\/#\/schema\/logo\/image\/","url":"https:\/\/bahiaeconomica.com.br\/wp\/wp-content\/uploads\/2020\/12\/cropped-BE.png","contentUrl":"https:\/\/bahiaeconomica.com.br\/wp\/wp-content\/uploads\/2020\/12\/cropped-BE.png","width":512,"height":512,"caption":"Bahia Econ\u00f4mica"},"image":{"@id":"https:\/\/bahiaeconomica.com.br\/wp\/#\/schema\/logo\/image\/"},"sameAs":["https:\/\/www.facebook.com\/bahiaeconomica"]},{"@type":"Person","@id":"https:\/\/bahiaeconomica.com.br\/wp\/#\/schema\/person\/cb1ab5ba96ad3d9390805381c76284ec","name":"admin","url":"https:\/\/bahiaeconomica.com.br\/wp\/author\/admin\/"}]}},"views":10,"_links":{"self":[{"href":"https:\/\/bahiaeconomica.com.br\/wp\/wp-json\/wp\/v2\/posts\/617466"}],"collection":[{"href":"https:\/\/bahiaeconomica.com.br\/wp\/wp-json\/wp\/v2\/posts"}],"about":[{"href":"https:\/\/bahiaeconomica.com.br\/wp\/wp-json\/wp\/v2\/types\/post"}],"author":[{"embeddable":true,"href":"https:\/\/bahiaeconomica.com.br\/wp\/wp-json\/wp\/v2\/users\/1"}],"replies":[{"embeddable":true,"href":"https:\/\/bahiaeconomica.com.br\/wp\/wp-json\/wp\/v2\/comments?post=617466"}],"version-history":[{"count":1,"href":"https:\/\/bahiaeconomica.com.br\/wp\/wp-json\/wp\/v2\/posts\/617466\/revisions"}],"predecessor-version":[{"id":617469,"href":"https:\/\/bahiaeconomica.com.br\/wp\/wp-json\/wp\/v2\/posts\/617466\/revisions\/617469"}],"wp:featuredmedia":[{"embeddable":true,"href":"https:\/\/bahiaeconomica.com.br\/wp\/wp-json\/wp\/v2\/media\/617468"}],"wp:attachment":[{"href":"https:\/\/bahiaeconomica.com.br\/wp\/wp-json\/wp\/v2\/media?parent=617466"}],"wp:term":[{"taxonomy":"category","embeddable":true,"href":"https:\/\/bahiaeconomica.com.br\/wp\/wp-json\/wp\/v2\/categories?post=617466"},{"taxonomy":"post_tag","embeddable":true,"href":"https:\/\/bahiaeconomica.com.br\/wp\/wp-json\/wp\/v2\/tags?post=617466"}],"curies":[{"name":"wp","href":"https:\/\/api.w.org\/{rel}","templated":true}]}}