{"id":617044,"date":"2021-11-18T16:40:47","date_gmt":"2021-11-18T19:40:47","guid":{"rendered":"https:\/\/bahiaeconomica.com.br\/wp\/beta\/?p=617044"},"modified":"2021-11-18T16:40:47","modified_gmt":"2021-11-18T19:40:47","slug":"sindicato-dos-rodoviarios-anuncia-paralisacao-na-entrada-da-lapa-na-proxima-terca-feira","status":"publish","type":"post","link":"https:\/\/bahiaeconomica.com.br\/wp\/2021\/11\/18\/sindicato-dos-rodoviarios-anuncia-paralisacao-na-entrada-da-lapa-na-proxima-terca-feira\/","title":{"rendered":"SINDICATO DOS RODOVI\u00c1RIOS ANUNCIA PARALISA\u00c7\u00c3O NA ENTRADA DA LAPA NA PR\u00d3XIMA TER\u00c7A-FEIRA"},"content":{"rendered":"<p>O vereador e presidente do Sindicato dos Rodovi\u00e1rios, H\u00e9lio Ferreira, anunciou em sua conta no Instagram uma paralisa\u00e7\u00e3o da categoria na pr\u00f3xima ter\u00e7a-feira (23), \u00e0s 10h, na entrada da Esta\u00e7\u00e3o da Lapa. Segundo o presidente, a situa\u00e7\u00e3o que envolve os trabalhadores da antiga CNS ainda n\u00e3o foi resolvida.<!--more--><\/p>\n<p>Em sua conta no Instagram, H\u00e9lio convocou os rodovi\u00e1rios para o movimento: &#8220;companheiros, quero convidar todos os trabalhadores que atuavam na CSN para uma Grande Manifesta\u00e7\u00e3o na pr\u00f3xima ter\u00e7a-feira, dia 23, \u00e0s 10h, na entrada da Lapa. Estamos buscando uma resposta para resolver as nossas pend\u00eancias. Aproveito para estender o convite para todos os colegas em solidariedade aos trabalhadores da antiga CSN. Precisamos avan\u00e7ar na quest\u00e3o da venda dos terrenos como tamb\u00e9m na quest\u00e3o do plano de sa\u00fade que foi suspenso para aqueles companheiros que ainda n\u00e3o come\u00e7aram a trabalhar. Vamos para as ruas com o objetivo de sensibilizar as autoridades para resolver os nossos problemas. Conto com a presen\u00e7a de todos voc\u00eas!&#8221;.<\/p>\n<p>&#8220;Tem a situa\u00e7\u00e3o do pessoal que estava no Reda e ainda n\u00e3o come\u00e7ou nas outras empresas, que n\u00e3o come\u00e7ou a trabalhar, e por isso est\u00e1 sem plano de sa\u00fade, e que n\u00e3o tem seguro desemprego. A homologa\u00e7\u00e3o est\u00e1 no acordo feito com a CSN, mas pra pagar precisa vender as garagens. E a gente quer pedir apoio do prefeito pra ver se consegue vender esse terrenos&#8221;, declarou.<\/p>\n<p>Questionado sobre quem seria o respons\u00e1vel por resolver as pend\u00eancias citadas, H\u00e9lio Ferreira explicou que &#8220;a quest\u00e3o do plano de sa\u00fade \u00e9 de responsabilidade da prefeitura, porque esse pessoal estava no Reda. A quest\u00e3o da venda dos terrenos a gente acha que ele [o prefeito] pode ajudar. A CSN deu as garagens para vender, mas esse processo t\u00e1 muito lento&#8221;. Ainda de acordo com H\u00e9lio, as quatro garagens em quest\u00e3o valem cerca de R$ 54 milh\u00f5es, quantia suficiente para quitar todas as d\u00edvidas da empresa com os trabalhadores.<\/p>\n<p>Foto: divulga\u00e7\u00e3o<\/p>\n","protected":false},"excerpt":{"rendered":"<p>O vereador e presidente do Sindicato dos Rodovi\u00e1rios, H\u00e9lio Ferreira, anunciou em sua conta no Instagram uma paralisa\u00e7\u00e3o da categoria na pr\u00f3xima ter\u00e7a-feira (23), \u00e0s 10h, na entrada da Esta\u00e7\u00e3o da Lapa. Segundo o presidente, a situa\u00e7\u00e3o que envolve os trabalhadores da antiga CNS ainda n\u00e3o foi resolvida.<\/p>\n","protected":false},"author":1,"featured_media":478083,"comment_status":"closed","ping_status":"closed","sticky":false,"template":"","format":"standard","meta":[],"categories":[3],"tags":[1475,1523,1522],"acf":[],"yoast_head":"<!-- This site is optimized with the Yoast SEO plugin v20.8 - https:\/\/yoast.com\/wordpress\/plugins\/seo\/ -->\n<title>SINDICATO DOS RODOVI\u00c1RIOS ANUNCIA PARALISA\u00c7\u00c3O NA ENTRADA DA LAPA NA PR\u00d3XIMA TER\u00c7A-FEIRA - Bahia Economica<\/title>\n<meta name=\"description\" content=\"O maior portal de Economia da Bahia ECONOMIA \/ POL\u00cdTICA Bahia Economica\" \/>\n<meta name=\"robots\" content=\"index, follow, max-snippet:-1, max-image-preview:large, max-video-preview:-1\" \/>\n<link rel=\"canonical\" href=\"https:\/\/bahiaeconomica.com.br\/wp\/2021\/11\/18\/sindicato-dos-rodoviarios-anuncia-paralisacao-na-entrada-da-lapa-na-proxima-terca-feira\/\" \/>\n<meta property=\"og:locale\" content=\"pt_BR\" \/>\n<meta property=\"og:type\" content=\"article\" \/>\n<meta property=\"og:title\" content=\"SINDICATO DOS RODOVI\u00c1RIOS ANUNCIA PARALISA\u00c7\u00c3O NA ENTRADA DA LAPA NA PR\u00d3XIMA TER\u00c7A-FEIRA - Bahia Economica\" \/>\n<meta property=\"og:description\" content=\"O maior portal de Economia da Bahia ECONOMIA \/ POL\u00cdTICA Bahia Economica\" \/>\n<meta property=\"og:url\" content=\"https:\/\/bahiaeconomica.com.br\/wp\/2021\/11\/18\/sindicato-dos-rodoviarios-anuncia-paralisacao-na-entrada-da-lapa-na-proxima-terca-feira\/\" \/>\n<meta property=\"og:site_name\" content=\"Bahia Economica\" \/>\n<meta property=\"article:publisher\" content=\"https:\/\/www.facebook.com\/bahiaeconomica\" \/>\n<meta property=\"article:published_time\" content=\"2021-11-18T19:40:47+00:00\" \/>\n<meta property=\"og:image\" content=\"https:\/\/bahiaeconomica.com.br\/wp\/wp-content\/uploads\/2020\/07\/rodoviarios.jpg\" \/>\n\t<meta property=\"og:image:width\" content=\"500\" \/>\n\t<meta property=\"og:image:height\" content=\"300\" \/>\n\t<meta property=\"og:image:type\" content=\"image\/jpeg\" \/>\n<meta name=\"author\" content=\"admin\" \/>\n<meta name=\"twitter:card\" content=\"summary_large_image\" \/>\n<meta name=\"twitter:label1\" content=\"Escrito por\" \/>\n\t<meta name=\"twitter:data1\" content=\"admin\" \/>\n\t<meta name=\"twitter:label2\" content=\"Est. tempo de leitura\" \/>\n\t<meta name=\"twitter:data2\" content=\"2 minutos\" \/>\n<script type=\"application\/ld+json\" class=\"yoast-schema-graph\">{\"@context\":\"https:\/\/schema.org\",\"@graph\":[{\"@type\":\"Article\",\"@id\":\"https:\/\/bahiaeconomica.com.br\/wp\/2021\/11\/18\/sindicato-dos-rodoviarios-anuncia-paralisacao-na-entrada-da-lapa-na-proxima-terca-feira\/#article\",\"isPartOf\":{\"@id\":\"https:\/\/bahiaeconomica.com.br\/wp\/2021\/11\/18\/sindicato-dos-rodoviarios-anuncia-paralisacao-na-entrada-da-lapa-na-proxima-terca-feira\/\"},\"author\":{\"name\":\"admin\",\"@id\":\"https:\/\/bahiaeconomica.com.br\/wp\/#\/schema\/person\/cb1ab5ba96ad3d9390805381c76284ec\"},\"headline\":\"SINDICATO DOS RODOVI\u00c1RIOS ANUNCIA PARALISA\u00c7\u00c3O NA ENTRADA DA LAPA NA PR\u00d3XIMA TER\u00c7A-FEIRA\",\"datePublished\":\"2021-11-18T19:40:47+00:00\",\"dateModified\":\"2021-11-18T19:40:47+00:00\",\"mainEntityOfPage\":{\"@id\":\"https:\/\/bahiaeconomica.com.br\/wp\/2021\/11\/18\/sindicato-dos-rodoviarios-anuncia-paralisacao-na-entrada-da-lapa-na-proxima-terca-feira\/\"},\"wordCount\":372,\"publisher\":{\"@id\":\"https:\/\/bahiaeconomica.com.br\/wp\/#organization\"},\"keywords\":[\"lapa\",\"paralisa\u00e7\u00e3o\",\"rodovi\u00e1rios\"],\"articleSection\":[\"ECONOMIA \/ POL\u00cdTICA\"],\"inLanguage\":\"pt-BR\"},{\"@type\":\"WebPage\",\"@id\":\"https:\/\/bahiaeconomica.com.br\/wp\/2021\/11\/18\/sindicato-dos-rodoviarios-anuncia-paralisacao-na-entrada-da-lapa-na-proxima-terca-feira\/\",\"url\":\"https:\/\/bahiaeconomica.com.br\/wp\/2021\/11\/18\/sindicato-dos-rodoviarios-anuncia-paralisacao-na-entrada-da-lapa-na-proxima-terca-feira\/\",\"name\":\"SINDICATO DOS RODOVI\u00c1RIOS ANUNCIA PARALISA\u00c7\u00c3O NA ENTRADA DA LAPA NA PR\u00d3XIMA TER\u00c7A-FEIRA - Bahia Economica\",\"isPartOf\":{\"@id\":\"https:\/\/bahiaeconomica.com.br\/wp\/#website\"},\"datePublished\":\"2021-11-18T19:40:47+00:00\",\"dateModified\":\"2021-11-18T19:40:47+00:00\",\"description\":\"O maior portal de Economia da Bahia ECONOMIA \/ POL\u00cdTICA Bahia Economica\",\"breadcrumb\":{\"@id\":\"https:\/\/bahiaeconomica.com.br\/wp\/2021\/11\/18\/sindicato-dos-rodoviarios-anuncia-paralisacao-na-entrada-da-lapa-na-proxima-terca-feira\/#breadcrumb\"},\"inLanguage\":\"pt-BR\",\"potentialAction\":[{\"@type\":\"ReadAction\",\"target\":[\"https:\/\/bahiaeconomica.com.br\/wp\/2021\/11\/18\/sindicato-dos-rodoviarios-anuncia-paralisacao-na-entrada-da-lapa-na-proxima-terca-feira\/\"]}]},{\"@type\":\"BreadcrumbList\",\"@id\":\"https:\/\/bahiaeconomica.com.br\/wp\/2021\/11\/18\/sindicato-dos-rodoviarios-anuncia-paralisacao-na-entrada-da-lapa-na-proxima-terca-feira\/#breadcrumb\",\"itemListElement\":[{\"@type\":\"ListItem\",\"position\":1,\"name\":\"In\u00edcio\",\"item\":\"https:\/\/bahiaeconomica.com.br\/wp\/\"},{\"@type\":\"ListItem\",\"position\":2,\"name\":\"SINDICATO DOS RODOVI\u00c1RIOS ANUNCIA PARALISA\u00c7\u00c3O NA ENTRADA DA LAPA NA PR\u00d3XIMA TER\u00c7A-FEIRA\"}]},{\"@type\":\"WebSite\",\"@id\":\"https:\/\/bahiaeconomica.com.br\/wp\/#website\",\"url\":\"https:\/\/bahiaeconomica.com.br\/wp\/\",\"name\":\"Bahia Economica\",\"description\":\"O maior portal de Economia da Bahia\",\"publisher\":{\"@id\":\"https:\/\/bahiaeconomica.com.br\/wp\/#organization\"},\"potentialAction\":[{\"@type\":\"SearchAction\",\"target\":{\"@type\":\"EntryPoint\",\"urlTemplate\":\"https:\/\/bahiaeconomica.com.br\/wp\/?s={search_term_string}\"},\"query-input\":\"required name=search_term_string\"}],\"inLanguage\":\"pt-BR\"},{\"@type\":\"Organization\",\"@id\":\"https:\/\/bahiaeconomica.com.br\/wp\/#organization\",\"name\":\"Bahia Econ\u00f4mica\",\"url\":\"https:\/\/bahiaeconomica.com.br\/wp\/\",\"logo\":{\"@type\":\"ImageObject\",\"inLanguage\":\"pt-BR\",\"@id\":\"https:\/\/bahiaeconomica.com.br\/wp\/#\/schema\/logo\/image\/\",\"url\":\"https:\/\/bahiaeconomica.com.br\/wp\/wp-content\/uploads\/2020\/12\/cropped-BE.png\",\"contentUrl\":\"https:\/\/bahiaeconomica.com.br\/wp\/wp-content\/uploads\/2020\/12\/cropped-BE.png\",\"width\":512,\"height\":512,\"caption\":\"Bahia Econ\u00f4mica\"},\"image\":{\"@id\":\"https:\/\/bahiaeconomica.com.br\/wp\/#\/schema\/logo\/image\/\"},\"sameAs\":[\"https:\/\/www.facebook.com\/bahiaeconomica\"]},{\"@type\":\"Person\",\"@id\":\"https:\/\/bahiaeconomica.com.br\/wp\/#\/schema\/person\/cb1ab5ba96ad3d9390805381c76284ec\",\"name\":\"admin\",\"url\":\"https:\/\/bahiaeconomica.com.br\/wp\/author\/admin\/\"}]}<\/script>\n<!-- \/ Yoast SEO plugin. -->","yoast_head_json":{"title":"SINDICATO DOS RODOVI\u00c1RIOS ANUNCIA PARALISA\u00c7\u00c3O NA ENTRADA DA LAPA NA PR\u00d3XIMA TER\u00c7A-FEIRA - Bahia Economica","description":"O maior portal de Economia da Bahia ECONOMIA \/ POL\u00cdTICA Bahia Economica","robots":{"index":"index","follow":"follow","max-snippet":"max-snippet:-1","max-image-preview":"max-image-preview:large","max-video-preview":"max-video-preview:-1"},"canonical":"https:\/\/bahiaeconomica.com.br\/wp\/2021\/11\/18\/sindicato-dos-rodoviarios-anuncia-paralisacao-na-entrada-da-lapa-na-proxima-terca-feira\/","og_locale":"pt_BR","og_type":"article","og_title":"SINDICATO DOS RODOVI\u00c1RIOS ANUNCIA PARALISA\u00c7\u00c3O NA ENTRADA DA LAPA NA PR\u00d3XIMA TER\u00c7A-FEIRA - Bahia Economica","og_description":"O maior portal de Economia da Bahia ECONOMIA \/ POL\u00cdTICA Bahia Economica","og_url":"https:\/\/bahiaeconomica.com.br\/wp\/2021\/11\/18\/sindicato-dos-rodoviarios-anuncia-paralisacao-na-entrada-da-lapa-na-proxima-terca-feira\/","og_site_name":"Bahia Economica","article_publisher":"https:\/\/www.facebook.com\/bahiaeconomica","article_published_time":"2021-11-18T19:40:47+00:00","og_image":[{"width":500,"height":300,"url":"https:\/\/bahiaeconomica.com.br\/wp\/wp-content\/uploads\/2020\/07\/rodoviarios.jpg","type":"image\/jpeg"}],"author":"admin","twitter_card":"summary_large_image","twitter_misc":{"Escrito por":"admin","Est. tempo de leitura":"2 minutos"},"schema":{"@context":"https:\/\/schema.org","@graph":[{"@type":"Article","@id":"https:\/\/bahiaeconomica.com.br\/wp\/2021\/11\/18\/sindicato-dos-rodoviarios-anuncia-paralisacao-na-entrada-da-lapa-na-proxima-terca-feira\/#article","isPartOf":{"@id":"https:\/\/bahiaeconomica.com.br\/wp\/2021\/11\/18\/sindicato-dos-rodoviarios-anuncia-paralisacao-na-entrada-da-lapa-na-proxima-terca-feira\/"},"author":{"name":"admin","@id":"https:\/\/bahiaeconomica.com.br\/wp\/#\/schema\/person\/cb1ab5ba96ad3d9390805381c76284ec"},"headline":"SINDICATO DOS RODOVI\u00c1RIOS ANUNCIA PARALISA\u00c7\u00c3O NA ENTRADA DA LAPA NA PR\u00d3XIMA TER\u00c7A-FEIRA","datePublished":"2021-11-18T19:40:47+00:00","dateModified":"2021-11-18T19:40:47+00:00","mainEntityOfPage":{"@id":"https:\/\/bahiaeconomica.com.br\/wp\/2021\/11\/18\/sindicato-dos-rodoviarios-anuncia-paralisacao-na-entrada-da-lapa-na-proxima-terca-feira\/"},"wordCount":372,"publisher":{"@id":"https:\/\/bahiaeconomica.com.br\/wp\/#organization"},"keywords":["lapa","paralisa\u00e7\u00e3o","rodovi\u00e1rios"],"articleSection":["ECONOMIA \/ POL\u00cdTICA"],"inLanguage":"pt-BR"},{"@type":"WebPage","@id":"https:\/\/bahiaeconomica.com.br\/wp\/2021\/11\/18\/sindicato-dos-rodoviarios-anuncia-paralisacao-na-entrada-da-lapa-na-proxima-terca-feira\/","url":"https:\/\/bahiaeconomica.com.br\/wp\/2021\/11\/18\/sindicato-dos-rodoviarios-anuncia-paralisacao-na-entrada-da-lapa-na-proxima-terca-feira\/","name":"SINDICATO DOS RODOVI\u00c1RIOS ANUNCIA PARALISA\u00c7\u00c3O NA ENTRADA DA LAPA NA PR\u00d3XIMA TER\u00c7A-FEIRA - Bahia Economica","isPartOf":{"@id":"https:\/\/bahiaeconomica.com.br\/wp\/#website"},"datePublished":"2021-11-18T19:40:47+00:00","dateModified":"2021-11-18T19:40:47+00:00","description":"O maior portal de Economia da Bahia ECONOMIA \/ POL\u00cdTICA Bahia Economica","breadcrumb":{"@id":"https:\/\/bahiaeconomica.com.br\/wp\/2021\/11\/18\/sindicato-dos-rodoviarios-anuncia-paralisacao-na-entrada-da-lapa-na-proxima-terca-feira\/#breadcrumb"},"inLanguage":"pt-BR","potentialAction":[{"@type":"ReadAction","target":["https:\/\/bahiaeconomica.com.br\/wp\/2021\/11\/18\/sindicato-dos-rodoviarios-anuncia-paralisacao-na-entrada-da-lapa-na-proxima-terca-feira\/"]}]},{"@type":"BreadcrumbList","@id":"https:\/\/bahiaeconomica.com.br\/wp\/2021\/11\/18\/sindicato-dos-rodoviarios-anuncia-paralisacao-na-entrada-da-lapa-na-proxima-terca-feira\/#breadcrumb","itemListElement":[{"@type":"ListItem","position":1,"name":"In\u00edcio","item":"https:\/\/bahiaeconomica.com.br\/wp\/"},{"@type":"ListItem","position":2,"name":"SINDICATO DOS RODOVI\u00c1RIOS ANUNCIA PARALISA\u00c7\u00c3O NA ENTRADA DA LAPA NA PR\u00d3XIMA TER\u00c7A-FEIRA"}]},{"@type":"WebSite","@id":"https:\/\/bahiaeconomica.com.br\/wp\/#website","url":"https:\/\/bahiaeconomica.com.br\/wp\/","name":"Bahia Economica","description":"O maior portal de Economia da Bahia","publisher":{"@id":"https:\/\/bahiaeconomica.com.br\/wp\/#organization"},"potentialAction":[{"@type":"SearchAction","target":{"@type":"EntryPoint","urlTemplate":"https:\/\/bahiaeconomica.com.br\/wp\/?s={search_term_string}"},"query-input":"required name=search_term_string"}],"inLanguage":"pt-BR"},{"@type":"Organization","@id":"https:\/\/bahiaeconomica.com.br\/wp\/#organization","name":"Bahia Econ\u00f4mica","url":"https:\/\/bahiaeconomica.com.br\/wp\/","logo":{"@type":"ImageObject","inLanguage":"pt-BR","@id":"https:\/\/bahiaeconomica.com.br\/wp\/#\/schema\/logo\/image\/","url":"https:\/\/bahiaeconomica.com.br\/wp\/wp-content\/uploads\/2020\/12\/cropped-BE.png","contentUrl":"https:\/\/bahiaeconomica.com.br\/wp\/wp-content\/uploads\/2020\/12\/cropped-BE.png","width":512,"height":512,"caption":"Bahia Econ\u00f4mica"},"image":{"@id":"https:\/\/bahiaeconomica.com.br\/wp\/#\/schema\/logo\/image\/"},"sameAs":["https:\/\/www.facebook.com\/bahiaeconomica"]},{"@type":"Person","@id":"https:\/\/bahiaeconomica.com.br\/wp\/#\/schema\/person\/cb1ab5ba96ad3d9390805381c76284ec","name":"admin","url":"https:\/\/bahiaeconomica.com.br\/wp\/author\/admin\/"}]}},"views":5,"_links":{"self":[{"href":"https:\/\/bahiaeconomica.com.br\/wp\/wp-json\/wp\/v2\/posts\/617044"}],"collection":[{"href":"https:\/\/bahiaeconomica.com.br\/wp\/wp-json\/wp\/v2\/posts"}],"about":[{"href":"https:\/\/bahiaeconomica.com.br\/wp\/wp-json\/wp\/v2\/types\/post"}],"author":[{"embeddable":true,"href":"https:\/\/bahiaeconomica.com.br\/wp\/wp-json\/wp\/v2\/users\/1"}],"replies":[{"embeddable":true,"href":"https:\/\/bahiaeconomica.com.br\/wp\/wp-json\/wp\/v2\/comments?post=617044"}],"version-history":[{"count":1,"href":"https:\/\/bahiaeconomica.com.br\/wp\/wp-json\/wp\/v2\/posts\/617044\/revisions"}],"predecessor-version":[{"id":617048,"href":"https:\/\/bahiaeconomica.com.br\/wp\/wp-json\/wp\/v2\/posts\/617044\/revisions\/617048"}],"wp:featuredmedia":[{"embeddable":true,"href":"https:\/\/bahiaeconomica.com.br\/wp\/wp-json\/wp\/v2\/media\/478083"}],"wp:attachment":[{"href":"https:\/\/bahiaeconomica.com.br\/wp\/wp-json\/wp\/v2\/media?parent=617044"}],"wp:term":[{"taxonomy":"category","embeddable":true,"href":"https:\/\/bahiaeconomica.com.br\/wp\/wp-json\/wp\/v2\/categories?post=617044"},{"taxonomy":"post_tag","embeddable":true,"href":"https:\/\/bahiaeconomica.com.br\/wp\/wp-json\/wp\/v2\/tags?post=617044"}],"curies":[{"name":"wp","href":"https:\/\/api.w.org\/{rel}","templated":true}]}}