{"id":616785,"date":"2021-11-18T11:15:10","date_gmt":"2021-11-18T14:15:10","guid":{"rendered":"https:\/\/bahiaeconomica.com.br\/wp\/beta\/?p=616785"},"modified":"2021-11-18T11:17:28","modified_gmt":"2021-11-18T14:17:28","slug":"governo-bolsonaro-busca-equilibrio-no-oriente-medio","status":"publish","type":"post","link":"https:\/\/bahiaeconomica.com.br\/wp\/2021\/11\/18\/governo-bolsonaro-busca-equilibrio-no-oriente-medio\/","title":{"rendered":"GOVERNO BOLSONARO BUSCA EQUIL\u00cdBRIO NO ORIENTE M\u00c9DIO"},"content":{"rendered":"<p>Os gestos foram discretos, mas simb\u00f3licos. O presidente Jair Bolsonaro aproveitou dois de seus compromissos p\u00fablicos na viagem aos pa\u00edses \u00e1rabes do circuito dos \u201cpetrod\u00f3lares\u201d<!--more--> para manifestar apre\u00e7o por Israel, numa tentativa de se equilibrar nas rela\u00e7\u00f5es diplom\u00e1ticas durante o giro por Catar, Bahrein e Emirados \u00c1rabes Unidos (EAU), no Golfo P\u00e9rsico.<\/p>\n<p>O malabarismo do Pal\u00e1cio do Planalto e do Itamaraty na quest\u00e3o entre \u00e1rabes e israelenses vem de governos passados. A tentativa de dinamizar a balan\u00e7a comercial e atender exportadores sempre ditou a sens\u00edvel atua\u00e7\u00e3o dos diplomatas brasileiros no Oriente M\u00e9dio. Bolsonaro, especialmente, tratou Israel como parceiro estrat\u00e9gico j\u00e1 na campanha eleitoral. Al\u00e9m disso, costuma posar com a bandeira do pa\u00eds e chegou a propor a mudan\u00e7a da embaixada de Tel-Aviv para Jerusal\u00e9m, cidade no epicentro da disputa. O presidente tamb\u00e9m causou inc\u00f4modo a representantes da comunidade judaica ao fazer refer\u00eancias a s\u00edmbolos do povo hebreu, apropriados pelo setor evang\u00e9lico, uma de suas bases de apoio.<\/p>\n<p>Na Dubai Air Show, logo no primeiro dia da viagem, Bolsonaro parou no estande israelense e posou para fotos. Era uma estreia hist\u00f3rica. A ind\u00fastria de defesa do pa\u00eds \u00e9 renomada internacionalmente e participou pela primeira vez da feira de avia\u00e7\u00e3o. Bolsonaro prestigiou a exposi\u00e7\u00e3o promovida pela Israel Aerospace Industries (IAI), fabricante de sistemas de intelig\u00eancia, m\u00edsseis e radares, que atua na avia\u00e7\u00e3o militar e civil.<\/p>\n<p>Ainda mais simb\u00f3lica foi a visita ao pavilh\u00e3o de Israel na Expo 2020, quando ele reservou alguns minutos para o encontro restrito \u00e0 delega\u00e7\u00e3o presidencial, ap\u00f3s circular a p\u00e9 pela feira, ciceroneado por xeques dos Emirados \u00c1rabes Unidos, entre eles o ministro da Toler\u00e2ncia e Coexist\u00eancia, Nahayan Bin Mobarak Al Nahayan. Horas antes, o presidente tamb\u00e9m havia atendido ao convite para visitar o pavilh\u00e3o da Ar\u00e1bia Saudita, um dos mais influentes na regi\u00e3o do Golfo e candidato a sediar a Expo 2030.<\/p>\n<p>A participa\u00e7\u00e3o maior de expositores israelenses nesses megaeventos foi permitida a partir dos Acordos de Abra\u00e3o. No ano passado, incentivados pelos Estados Unidos do ent\u00e3o presidente Donald Trump, Bahrein e Emirados \u00c1rabes assinaram acordos para normalizar as rela\u00e7\u00f5es com Israel, \u00e0 \u00e9poca sob comando de Benjamin Netanyahu. Os dois ex-l\u00edderes eram considerados aliados de Bolsonaro. O Catar descartou participar e estabelecer rela\u00e7\u00f5es diplom\u00e1ticas por causa da ocupa\u00e7\u00e3o de territ\u00f3rios \u00e1rabes por Israel. O governo catariano afirmou que os pactos \u201cn\u00e3o contribuem para o processo de paz\u201d na Palestina.<\/p>\n<p>O pano de fundo desse cen\u00e1rio \u00e9 o conflito Israel-Palestina, fundamental para os \u00e1rabes. Na avalia\u00e7\u00e3o de diplomatas, por\u00e9m, o tema perdeu import\u00e2ncia em alguns pa\u00edses da regi\u00e3o do Golfo, mais preocupados com o Ir\u00e3. Todos continuam defendendo o lado palestino, mas n\u00e3o h\u00e1 press\u00e3o da sociedade civil para manifesta\u00e7\u00f5es. Em outras palavras, n\u00e3o h\u00e1 a \u201crua \u00e1rabe\u201d, express\u00e3o usada por um embaixador ouvido pelo Estad\u00e3o, em Dubai, para definir a massa de cidad\u00e3os com pensamento cr\u00edtico, que mobiliza e incomoda os governos, como pode ocorrer no Egito, na Jord\u00e2nia e na Arg\u00e9lia.<\/p>\n<p>Em comunicado conjunto, os governos do Brasil e dos Emirados \u00c1rabes Unidos disseram que Bolsonaro conversou sobre os Acordos de Abra\u00e3o com o xeque Mohamed bin Zayed Al Nahyan, pr\u00edncipe herdeiro de Abu Dhabi. Conhecido como MBZ, \u00e9 ele quem governa o pa\u00eds atualmente e vem sendo considerado o mais poderoso l\u00edder \u00e1rabe da regi\u00e3o. Brasil e Emirados \u00c1rabes ocupar\u00e3o, entre 2022 e 2023, assentos tempor\u00e1rios no Conselho de Seguran\u00e7a das Na\u00e7\u00f5es Unidas e se comprometeram a manter consultas regulares.<\/p>\n<p>\u201cEnfatizando a import\u00e2ncia de promover a toler\u00e2ncia e a coexist\u00eancia para a estabilidade regional e a prosperidade econ\u00f4mica, o presidente Bolsonaro saudou a assinatura dos Acordos de Abra\u00e3o entre os EAU (Emirados \u00c1rabes Unidos) e o Estado de Israel. O lado emir\u00e1tico reiterou que os Acordos de Abra\u00e3o representam oportunidade hist\u00f3rica que facilita a coopera\u00e7\u00e3o, a pacifica\u00e7\u00e3o e o di\u00e1logo inter-religioso\u201d, diz a nota oficial, divulgada pelo Itamaraty.<\/p>\n<p>O ministro da Economia, Paulo Guedes, destacou que essa rela\u00e7\u00e3o com os pa\u00edses \u00e1rabes \u00e9 ben\u00e9fica para todos. \u201cIsso est\u00e1 bonito, porque vamos ficar de m\u00e3os dadas com Israel e vamos ficar aqui. \u00c9 a tradi\u00e7\u00e3o brasileira. O Brasil \u00e9 o \u00fanico lugar do mundo onde eles se entendem, \u00e1rabes e judeus s\u00e3o amigos\u201d, afirmou Guedes. Bolsonaro fez sua segunda viagem aos pa\u00edses \u00e1rabes nesta semana. Em Israel ele havia estado apenas uma vez como presidente, em mar\u00e7o de 2019, embora no ano passado tenha despachado uma miss\u00e3o oficial para conhecer um spray nasal que reputava ser \u201cmilagroso\u201d contra a covid-19.<\/p>\n<p>Desde que o governo decidiu reorientar as posi\u00e7\u00f5es do Brasil e adotar uma tend\u00eancia pr\u00f3-Israel, o Itamaraty sugeriu que o presidente buscasse cada vez mais fazer acenos aos dois lados para n\u00e3o criar problemas, que poderiam provocar impacto em grandes clientes do agroneg\u00f3cio, do min\u00e9rio e da ind\u00fastria nacional de Defesa. H\u00e1 um fato pouco conhecido: ainda no primeiro ano do governo, diplomatas do Itamaraty realizaram uma viagem para acalmar a situa\u00e7\u00e3o e dar explica\u00e7\u00f5es aos pa\u00edses \u00e1rabes. Passaram por Catar, Jord\u00e2nia e Emirados \u00c1rabes. Todos os embaixadores brasileiros na regi\u00e3o foram convocados para receber instru\u00e7\u00f5es, numa reuni\u00e3o em Dubai.<\/p>\n<p>O tour de \u201cbombeiros\u201d do Itamaraty foi realizado assim que Bolsonaro regressou de Israel. Naquela ocasi\u00e3o, o presidente havia autorizado a abertura de um escrit\u00f3rio comercial em Jerusal\u00e9m, a cidade sagrada disputada por \u00e1rabes e israelenses. A prometida transfer\u00eancia da embaixada de Tel Aviv para l\u00e1, que na pr\u00e1tica seria um reconhecimento brasileiro de que o Estado de Israel tem direito \u00e0 cidade, nunca foi concretizada.Mesmo assim, os votos do Brasil nas Na\u00e7\u00f5es Unidas, relacionados ao conflito, t\u00eam sido de absten\u00e7\u00e3o ou at\u00e9 contr\u00e1rios. Trata-se de uma forma de concess\u00e3o a Israel, quando s\u00e3o discutidas quest\u00f5es espec\u00edficas, como viol\u00eancia e viola\u00e7\u00f5es de direitos humanos contra palestinos. Antes, o Itamaraty tradicionalmente apoiava o lado palestino.<\/p>\n<p>Em maio, o pr\u00f3prio Bolsonaro condenou nas redes sociais o lan\u00e7amento de foguetes por militantes palestinos, contra o territ\u00f3rio de Israel, e fez ampla divulga\u00e7\u00e3o de v\u00eddeos dos ataques do Hamas. Mas se calou sobre a ofensiva israelense em Gaza, mais letal. \u201c\u00c9 absolutamente injustific\u00e1vel o lan\u00e7amento indiscriminado de foguetes contra o territ\u00f3rio israelense. A ofensiva provocada por militantes que controlam a Faixa de Gaza, e a rea\u00e7\u00e3o israelense, j\u00e1 deixaram mortos e feridos de ambos os lados. Expresso minhas condol\u00eancias \u00e0s fam\u00edlias das v\u00edtimas e conclamo pelo fim imediato de todos os ataques contra Israel, manifestando meu apoio aos esfor\u00e7os em andamento para reduzir a tens\u00e3o em Gaza\u201d, disse o presidente.O Brasil, no entanto, n\u00e3o aceitou mexer no princ\u00edpio de autodetermina\u00e7\u00e3o dos povos e continua reconhecendo o direito ao Estado Palestino, e n\u00e3o apenas ao de Israel, a chamada solu\u00e7\u00e3o de dois Estados.<\/p>\n<p>Foto: divulga\u00e7\u00e3o<\/p>\n","protected":false},"excerpt":{"rendered":"<p>Os gestos foram discretos, mas simb\u00f3licos. O presidente Jair Bolsonaro aproveitou dois de seus compromissos p\u00fablicos na viagem aos pa\u00edses \u00e1rabes do circuito dos \u201cpetrod\u00f3lares\u201d<\/p>\n","protected":false},"author":1,"featured_media":616787,"comment_status":"closed","ping_status":"closed","sticky":false,"template":"","format":"standard","meta":[],"categories":[14,3],"tags":[95,233,1490],"acf":[],"yoast_head":"<!-- This site is optimized with the Yoast SEO plugin v20.8 - https:\/\/yoast.com\/wordpress\/plugins\/seo\/ -->\n<title>GOVERNO BOLSONARO BUSCA EQUIL\u00cdBRIO NO ORIENTE M\u00c9DIO - Bahia Economica<\/title>\n<meta name=\"description\" content=\"O maior portal de Economia da Bahia DESTAQUE DO DIA, ECONOMIA \/ POL\u00cdTICA Bahia Economica\" \/>\n<meta name=\"robots\" content=\"index, follow, max-snippet:-1, max-image-preview:large, max-video-preview:-1\" \/>\n<link rel=\"canonical\" href=\"https:\/\/bahiaeconomica.com.br\/wp\/2021\/11\/18\/governo-bolsonaro-busca-equilibrio-no-oriente-medio\/\" \/>\n<meta property=\"og:locale\" content=\"pt_BR\" \/>\n<meta property=\"og:type\" content=\"article\" \/>\n<meta property=\"og:title\" content=\"GOVERNO BOLSONARO BUSCA EQUIL\u00cdBRIO NO ORIENTE M\u00c9DIO - Bahia Economica\" \/>\n<meta property=\"og:description\" content=\"O maior portal de Economia da Bahia DESTAQUE DO DIA, ECONOMIA \/ POL\u00cdTICA Bahia Economica\" \/>\n<meta property=\"og:url\" content=\"https:\/\/bahiaeconomica.com.br\/wp\/2021\/11\/18\/governo-bolsonaro-busca-equilibrio-no-oriente-medio\/\" \/>\n<meta property=\"og:site_name\" content=\"Bahia Economica\" \/>\n<meta property=\"article:publisher\" content=\"https:\/\/www.facebook.com\/bahiaeconomica\" \/>\n<meta property=\"article:published_time\" content=\"2021-11-18T14:15:10+00:00\" \/>\n<meta property=\"article:modified_time\" content=\"2021-11-18T14:17:28+00:00\" \/>\n<meta property=\"og:image\" content=\"https:\/\/bahiaeconomica.com.br\/wp\/wp-content\/uploads\/2021\/11\/1636833013619016f58d939_1636833013_3x2_md.jpg\" \/>\n\t<meta property=\"og:image:width\" content=\"768\" \/>\n\t<meta property=\"og:image:height\" content=\"512\" \/>\n\t<meta property=\"og:image:type\" content=\"image\/jpeg\" \/>\n<meta name=\"author\" content=\"admin\" \/>\n<meta name=\"twitter:card\" content=\"summary_large_image\" \/>\n<meta name=\"twitter:label1\" content=\"Escrito por\" \/>\n\t<meta name=\"twitter:data1\" content=\"admin\" \/>\n\t<meta name=\"twitter:label2\" content=\"Est. tempo de leitura\" \/>\n\t<meta name=\"twitter:data2\" content=\"6 minutos\" \/>\n<script type=\"application\/ld+json\" class=\"yoast-schema-graph\">{\"@context\":\"https:\/\/schema.org\",\"@graph\":[{\"@type\":\"Article\",\"@id\":\"https:\/\/bahiaeconomica.com.br\/wp\/2021\/11\/18\/governo-bolsonaro-busca-equilibrio-no-oriente-medio\/#article\",\"isPartOf\":{\"@id\":\"https:\/\/bahiaeconomica.com.br\/wp\/2021\/11\/18\/governo-bolsonaro-busca-equilibrio-no-oriente-medio\/\"},\"author\":{\"name\":\"admin\",\"@id\":\"https:\/\/bahiaeconomica.com.br\/wp\/#\/schema\/person\/cb1ab5ba96ad3d9390805381c76284ec\"},\"headline\":\"GOVERNO BOLSONARO BUSCA EQUIL\u00cdBRIO NO ORIENTE M\u00c9DIO\",\"datePublished\":\"2021-11-18T14:15:10+00:00\",\"dateModified\":\"2021-11-18T14:17:28+00:00\",\"mainEntityOfPage\":{\"@id\":\"https:\/\/bahiaeconomica.com.br\/wp\/2021\/11\/18\/governo-bolsonaro-busca-equilibrio-no-oriente-medio\/\"},\"wordCount\":1237,\"publisher\":{\"@id\":\"https:\/\/bahiaeconomica.com.br\/wp\/#organization\"},\"keywords\":[\"Bolsonaro\",\"Governo\",\"viagem\"],\"articleSection\":[\"DESTAQUE DO DIA\",\"ECONOMIA \/ POL\u00cdTICA\"],\"inLanguage\":\"pt-BR\"},{\"@type\":\"WebPage\",\"@id\":\"https:\/\/bahiaeconomica.com.br\/wp\/2021\/11\/18\/governo-bolsonaro-busca-equilibrio-no-oriente-medio\/\",\"url\":\"https:\/\/bahiaeconomica.com.br\/wp\/2021\/11\/18\/governo-bolsonaro-busca-equilibrio-no-oriente-medio\/\",\"name\":\"GOVERNO BOLSONARO BUSCA EQUIL\u00cdBRIO NO ORIENTE M\u00c9DIO - Bahia Economica\",\"isPartOf\":{\"@id\":\"https:\/\/bahiaeconomica.com.br\/wp\/#website\"},\"datePublished\":\"2021-11-18T14:15:10+00:00\",\"dateModified\":\"2021-11-18T14:17:28+00:00\",\"description\":\"O maior portal de Economia da Bahia DESTAQUE DO DIA, ECONOMIA \/ POL\u00cdTICA Bahia Economica\",\"breadcrumb\":{\"@id\":\"https:\/\/bahiaeconomica.com.br\/wp\/2021\/11\/18\/governo-bolsonaro-busca-equilibrio-no-oriente-medio\/#breadcrumb\"},\"inLanguage\":\"pt-BR\",\"potentialAction\":[{\"@type\":\"ReadAction\",\"target\":[\"https:\/\/bahiaeconomica.com.br\/wp\/2021\/11\/18\/governo-bolsonaro-busca-equilibrio-no-oriente-medio\/\"]}]},{\"@type\":\"BreadcrumbList\",\"@id\":\"https:\/\/bahiaeconomica.com.br\/wp\/2021\/11\/18\/governo-bolsonaro-busca-equilibrio-no-oriente-medio\/#breadcrumb\",\"itemListElement\":[{\"@type\":\"ListItem\",\"position\":1,\"name\":\"In\u00edcio\",\"item\":\"https:\/\/bahiaeconomica.com.br\/wp\/\"},{\"@type\":\"ListItem\",\"position\":2,\"name\":\"GOVERNO BOLSONARO BUSCA EQUIL\u00cdBRIO NO ORIENTE M\u00c9DIO\"}]},{\"@type\":\"WebSite\",\"@id\":\"https:\/\/bahiaeconomica.com.br\/wp\/#website\",\"url\":\"https:\/\/bahiaeconomica.com.br\/wp\/\",\"name\":\"Bahia Economica\",\"description\":\"O maior portal de Economia da Bahia\",\"publisher\":{\"@id\":\"https:\/\/bahiaeconomica.com.br\/wp\/#organization\"},\"potentialAction\":[{\"@type\":\"SearchAction\",\"target\":{\"@type\":\"EntryPoint\",\"urlTemplate\":\"https:\/\/bahiaeconomica.com.br\/wp\/?s={search_term_string}\"},\"query-input\":\"required name=search_term_string\"}],\"inLanguage\":\"pt-BR\"},{\"@type\":\"Organization\",\"@id\":\"https:\/\/bahiaeconomica.com.br\/wp\/#organization\",\"name\":\"Bahia Econ\u00f4mica\",\"url\":\"https:\/\/bahiaeconomica.com.br\/wp\/\",\"logo\":{\"@type\":\"ImageObject\",\"inLanguage\":\"pt-BR\",\"@id\":\"https:\/\/bahiaeconomica.com.br\/wp\/#\/schema\/logo\/image\/\",\"url\":\"https:\/\/bahiaeconomica.com.br\/wp\/wp-content\/uploads\/2020\/12\/cropped-BE.png\",\"contentUrl\":\"https:\/\/bahiaeconomica.com.br\/wp\/wp-content\/uploads\/2020\/12\/cropped-BE.png\",\"width\":512,\"height\":512,\"caption\":\"Bahia Econ\u00f4mica\"},\"image\":{\"@id\":\"https:\/\/bahiaeconomica.com.br\/wp\/#\/schema\/logo\/image\/\"},\"sameAs\":[\"https:\/\/www.facebook.com\/bahiaeconomica\"]},{\"@type\":\"Person\",\"@id\":\"https:\/\/bahiaeconomica.com.br\/wp\/#\/schema\/person\/cb1ab5ba96ad3d9390805381c76284ec\",\"name\":\"admin\",\"url\":\"https:\/\/bahiaeconomica.com.br\/wp\/author\/admin\/\"}]}<\/script>\n<!-- \/ Yoast SEO plugin. -->","yoast_head_json":{"title":"GOVERNO BOLSONARO BUSCA EQUIL\u00cdBRIO NO ORIENTE M\u00c9DIO - Bahia Economica","description":"O maior portal de Economia da Bahia DESTAQUE DO DIA, ECONOMIA \/ POL\u00cdTICA Bahia Economica","robots":{"index":"index","follow":"follow","max-snippet":"max-snippet:-1","max-image-preview":"max-image-preview:large","max-video-preview":"max-video-preview:-1"},"canonical":"https:\/\/bahiaeconomica.com.br\/wp\/2021\/11\/18\/governo-bolsonaro-busca-equilibrio-no-oriente-medio\/","og_locale":"pt_BR","og_type":"article","og_title":"GOVERNO BOLSONARO BUSCA EQUIL\u00cdBRIO NO ORIENTE M\u00c9DIO - Bahia Economica","og_description":"O maior portal de Economia da Bahia DESTAQUE DO DIA, ECONOMIA \/ POL\u00cdTICA Bahia Economica","og_url":"https:\/\/bahiaeconomica.com.br\/wp\/2021\/11\/18\/governo-bolsonaro-busca-equilibrio-no-oriente-medio\/","og_site_name":"Bahia Economica","article_publisher":"https:\/\/www.facebook.com\/bahiaeconomica","article_published_time":"2021-11-18T14:15:10+00:00","article_modified_time":"2021-11-18T14:17:28+00:00","og_image":[{"width":768,"height":512,"url":"https:\/\/bahiaeconomica.com.br\/wp\/wp-content\/uploads\/2021\/11\/1636833013619016f58d939_1636833013_3x2_md.jpg","type":"image\/jpeg"}],"author":"admin","twitter_card":"summary_large_image","twitter_misc":{"Escrito por":"admin","Est. tempo de leitura":"6 minutos"},"schema":{"@context":"https:\/\/schema.org","@graph":[{"@type":"Article","@id":"https:\/\/bahiaeconomica.com.br\/wp\/2021\/11\/18\/governo-bolsonaro-busca-equilibrio-no-oriente-medio\/#article","isPartOf":{"@id":"https:\/\/bahiaeconomica.com.br\/wp\/2021\/11\/18\/governo-bolsonaro-busca-equilibrio-no-oriente-medio\/"},"author":{"name":"admin","@id":"https:\/\/bahiaeconomica.com.br\/wp\/#\/schema\/person\/cb1ab5ba96ad3d9390805381c76284ec"},"headline":"GOVERNO BOLSONARO BUSCA EQUIL\u00cdBRIO NO ORIENTE M\u00c9DIO","datePublished":"2021-11-18T14:15:10+00:00","dateModified":"2021-11-18T14:17:28+00:00","mainEntityOfPage":{"@id":"https:\/\/bahiaeconomica.com.br\/wp\/2021\/11\/18\/governo-bolsonaro-busca-equilibrio-no-oriente-medio\/"},"wordCount":1237,"publisher":{"@id":"https:\/\/bahiaeconomica.com.br\/wp\/#organization"},"keywords":["Bolsonaro","Governo","viagem"],"articleSection":["DESTAQUE DO DIA","ECONOMIA \/ POL\u00cdTICA"],"inLanguage":"pt-BR"},{"@type":"WebPage","@id":"https:\/\/bahiaeconomica.com.br\/wp\/2021\/11\/18\/governo-bolsonaro-busca-equilibrio-no-oriente-medio\/","url":"https:\/\/bahiaeconomica.com.br\/wp\/2021\/11\/18\/governo-bolsonaro-busca-equilibrio-no-oriente-medio\/","name":"GOVERNO BOLSONARO BUSCA EQUIL\u00cdBRIO NO ORIENTE M\u00c9DIO - Bahia Economica","isPartOf":{"@id":"https:\/\/bahiaeconomica.com.br\/wp\/#website"},"datePublished":"2021-11-18T14:15:10+00:00","dateModified":"2021-11-18T14:17:28+00:00","description":"O maior portal de Economia da Bahia DESTAQUE DO DIA, ECONOMIA \/ POL\u00cdTICA Bahia Economica","breadcrumb":{"@id":"https:\/\/bahiaeconomica.com.br\/wp\/2021\/11\/18\/governo-bolsonaro-busca-equilibrio-no-oriente-medio\/#breadcrumb"},"inLanguage":"pt-BR","potentialAction":[{"@type":"ReadAction","target":["https:\/\/bahiaeconomica.com.br\/wp\/2021\/11\/18\/governo-bolsonaro-busca-equilibrio-no-oriente-medio\/"]}]},{"@type":"BreadcrumbList","@id":"https:\/\/bahiaeconomica.com.br\/wp\/2021\/11\/18\/governo-bolsonaro-busca-equilibrio-no-oriente-medio\/#breadcrumb","itemListElement":[{"@type":"ListItem","position":1,"name":"In\u00edcio","item":"https:\/\/bahiaeconomica.com.br\/wp\/"},{"@type":"ListItem","position":2,"name":"GOVERNO BOLSONARO BUSCA EQUIL\u00cdBRIO NO ORIENTE M\u00c9DIO"}]},{"@type":"WebSite","@id":"https:\/\/bahiaeconomica.com.br\/wp\/#website","url":"https:\/\/bahiaeconomica.com.br\/wp\/","name":"Bahia Economica","description":"O maior portal de Economia da Bahia","publisher":{"@id":"https:\/\/bahiaeconomica.com.br\/wp\/#organization"},"potentialAction":[{"@type":"SearchAction","target":{"@type":"EntryPoint","urlTemplate":"https:\/\/bahiaeconomica.com.br\/wp\/?s={search_term_string}"},"query-input":"required name=search_term_string"}],"inLanguage":"pt-BR"},{"@type":"Organization","@id":"https:\/\/bahiaeconomica.com.br\/wp\/#organization","name":"Bahia Econ\u00f4mica","url":"https:\/\/bahiaeconomica.com.br\/wp\/","logo":{"@type":"ImageObject","inLanguage":"pt-BR","@id":"https:\/\/bahiaeconomica.com.br\/wp\/#\/schema\/logo\/image\/","url":"https:\/\/bahiaeconomica.com.br\/wp\/wp-content\/uploads\/2020\/12\/cropped-BE.png","contentUrl":"https:\/\/bahiaeconomica.com.br\/wp\/wp-content\/uploads\/2020\/12\/cropped-BE.png","width":512,"height":512,"caption":"Bahia Econ\u00f4mica"},"image":{"@id":"https:\/\/bahiaeconomica.com.br\/wp\/#\/schema\/logo\/image\/"},"sameAs":["https:\/\/www.facebook.com\/bahiaeconomica"]},{"@type":"Person","@id":"https:\/\/bahiaeconomica.com.br\/wp\/#\/schema\/person\/cb1ab5ba96ad3d9390805381c76284ec","name":"admin","url":"https:\/\/bahiaeconomica.com.br\/wp\/author\/admin\/"}]}},"views":10,"_links":{"self":[{"href":"https:\/\/bahiaeconomica.com.br\/wp\/wp-json\/wp\/v2\/posts\/616785"}],"collection":[{"href":"https:\/\/bahiaeconomica.com.br\/wp\/wp-json\/wp\/v2\/posts"}],"about":[{"href":"https:\/\/bahiaeconomica.com.br\/wp\/wp-json\/wp\/v2\/types\/post"}],"author":[{"embeddable":true,"href":"https:\/\/bahiaeconomica.com.br\/wp\/wp-json\/wp\/v2\/users\/1"}],"replies":[{"embeddable":true,"href":"https:\/\/bahiaeconomica.com.br\/wp\/wp-json\/wp\/v2\/comments?post=616785"}],"version-history":[{"count":1,"href":"https:\/\/bahiaeconomica.com.br\/wp\/wp-json\/wp\/v2\/posts\/616785\/revisions"}],"predecessor-version":[{"id":616788,"href":"https:\/\/bahiaeconomica.com.br\/wp\/wp-json\/wp\/v2\/posts\/616785\/revisions\/616788"}],"wp:featuredmedia":[{"embeddable":true,"href":"https:\/\/bahiaeconomica.com.br\/wp\/wp-json\/wp\/v2\/media\/616787"}],"wp:attachment":[{"href":"https:\/\/bahiaeconomica.com.br\/wp\/wp-json\/wp\/v2\/media?parent=616785"}],"wp:term":[{"taxonomy":"category","embeddable":true,"href":"https:\/\/bahiaeconomica.com.br\/wp\/wp-json\/wp\/v2\/categories?post=616785"},{"taxonomy":"post_tag","embeddable":true,"href":"https:\/\/bahiaeconomica.com.br\/wp\/wp-json\/wp\/v2\/tags?post=616785"}],"curies":[{"name":"wp","href":"https:\/\/api.w.org\/{rel}","templated":true}]}}