{"id":616578,"date":"2021-11-17T10:11:58","date_gmt":"2021-11-17T13:11:58","guid":{"rendered":"https:\/\/bahiaeconomica.com.br\/wp\/beta\/?p=616578"},"modified":"2021-11-17T10:11:58","modified_gmt":"2021-11-17T13:11:58","slug":"salvador-vai-realizar-mutirao-da-3a-dose-sabado-20","status":"publish","type":"post","link":"https:\/\/bahiaeconomica.com.br\/wp\/2021\/11\/17\/salvador-vai-realizar-mutirao-da-3a-dose-sabado-20\/","title":{"rendered":"SALVADOR VAI REALIZAR MUTIR\u00c3O DA 3\u00aa DOSE S\u00c1BADO, 20"},"content":{"rendered":"<p>Um mutir\u00e3o vai ser realizado no pr\u00f3ximo s\u00e1bado (20) para aplicar a dose de refor\u00e7o da vacina contra a covid em pessoas que t\u00eam 18 anos ou mais e que j\u00e1 conclu\u00edram o<!--more--> ciclo vacinal h\u00e1 5 meses. O mutir\u00e3o foi organizado para atender \u00e0 nova determina\u00e7\u00e3o do Minist\u00e9rio da Sa\u00fade, que ampliou o p\u00fablico apto a receber o refor\u00e7o. O mutir\u00e3o da dose de refor\u00e7o vai acontecer das 8h \u00e0s 18h, em todos os postos de vacina\u00e7\u00e3o. A estrat\u00e9gia para organizar o p\u00fablico ainda ser\u00e1 divulgada.<\/p>\n<p>Cerca de 180 mil pessoas est\u00e3o aptas para receber essa dose, informou o secret\u00e1rio municipal da Sa\u00fade (SMS), Leo Prates, em entrevista \u00e0 TV Bahia, nesta quarta-feira (17). A decis\u00e3o de realizar o mutir\u00e3o aconteceu ap\u00f3s uma reuni\u00e3o com a Secretaria Estadual da Sa\u00fade (Sesab).<\/p>\n<p>&#8220;Eu estou entusiasmado porque acho que isso vai garantir uma seguran\u00e7a epidemiol\u00f3gica no ver\u00e3o&#8221;, disse o secret\u00e1rio. Poder\u00e3o tomar a dose de refor\u00e7o todas as pessoas que t\u00eam mais de 18 anos e tomaram a segunda dose h\u00e1 cinco meses, incluindo as que tomaram a vacina da Janssen.<\/p>\n","protected":false},"excerpt":{"rendered":"<p>Um mutir\u00e3o vai ser realizado no pr\u00f3ximo s\u00e1bado (20) para aplicar a dose de refor\u00e7o da vacina contra a covid em pessoas que t\u00eam 18 anos ou mais e que j\u00e1 conclu\u00edram o<\/p>\n","protected":false},"author":1,"featured_media":596405,"comment_status":"closed","ping_status":"closed","sticky":false,"template":"","format":"standard","meta":[],"categories":[14,3],"tags":[],"acf":[],"yoast_head":"<!-- This site is optimized with the Yoast SEO plugin v20.8 - https:\/\/yoast.com\/wordpress\/plugins\/seo\/ -->\n<title>SALVADOR VAI REALIZAR MUTIR\u00c3O DA 3\u00aa DOSE S\u00c1BADO, 20 - Bahia Economica<\/title>\n<meta name=\"description\" content=\"O maior portal de Economia da Bahia DESTAQUE DO DIA, ECONOMIA \/ POL\u00cdTICA Bahia Economica\" \/>\n<meta name=\"robots\" content=\"index, follow, max-snippet:-1, max-image-preview:large, max-video-preview:-1\" \/>\n<link rel=\"canonical\" href=\"https:\/\/bahiaeconomica.com.br\/wp\/2021\/11\/17\/salvador-vai-realizar-mutirao-da-3a-dose-sabado-20\/\" \/>\n<meta property=\"og:locale\" content=\"pt_BR\" \/>\n<meta property=\"og:type\" content=\"article\" \/>\n<meta property=\"og:title\" content=\"SALVADOR VAI REALIZAR MUTIR\u00c3O DA 3\u00aa DOSE S\u00c1BADO, 20 - Bahia Economica\" \/>\n<meta property=\"og:description\" content=\"O maior portal de Economia da Bahia DESTAQUE DO DIA, ECONOMIA \/ POL\u00cdTICA Bahia Economica\" \/>\n<meta property=\"og:url\" content=\"https:\/\/bahiaeconomica.com.br\/wp\/2021\/11\/17\/salvador-vai-realizar-mutirao-da-3a-dose-sabado-20\/\" \/>\n<meta property=\"og:site_name\" content=\"Bahia Economica\" \/>\n<meta property=\"article:publisher\" content=\"https:\/\/www.facebook.com\/bahiaeconomica\" \/>\n<meta property=\"article:published_time\" content=\"2021-11-17T13:11:58+00:00\" \/>\n<meta property=\"og:image\" content=\"https:\/\/bahiaeconomica.com.br\/wp\/wp-content\/uploads\/2021\/08\/13_08_2021_Vacina-Covid-19-Para-os-Jovens_Foto_Jefferson-Peixoto_Secom_Pms-8.jpg\" \/>\n\t<meta property=\"og:image:width\" content=\"500\" \/>\n\t<meta property=\"og:image:height\" content=\"300\" \/>\n\t<meta property=\"og:image:type\" content=\"image\/jpeg\" \/>\n<meta name=\"author\" content=\"admin\" \/>\n<meta name=\"twitter:card\" content=\"summary_large_image\" \/>\n<meta name=\"twitter:label1\" content=\"Escrito por\" \/>\n\t<meta name=\"twitter:data1\" content=\"admin\" \/>\n\t<meta name=\"twitter:label2\" content=\"Est. tempo de leitura\" \/>\n\t<meta name=\"twitter:data2\" content=\"1 minuto\" \/>\n<script type=\"application\/ld+json\" class=\"yoast-schema-graph\">{\"@context\":\"https:\/\/schema.org\",\"@graph\":[{\"@type\":\"Article\",\"@id\":\"https:\/\/bahiaeconomica.com.br\/wp\/2021\/11\/17\/salvador-vai-realizar-mutirao-da-3a-dose-sabado-20\/#article\",\"isPartOf\":{\"@id\":\"https:\/\/bahiaeconomica.com.br\/wp\/2021\/11\/17\/salvador-vai-realizar-mutirao-da-3a-dose-sabado-20\/\"},\"author\":{\"name\":\"admin\",\"@id\":\"https:\/\/bahiaeconomica.com.br\/wp\/#\/schema\/person\/cb1ab5ba96ad3d9390805381c76284ec\"},\"headline\":\"SALVADOR VAI REALIZAR MUTIR\u00c3O DA 3\u00aa DOSE S\u00c1BADO, 20\",\"datePublished\":\"2021-11-17T13:11:58+00:00\",\"dateModified\":\"2021-11-17T13:11:58+00:00\",\"mainEntityOfPage\":{\"@id\":\"https:\/\/bahiaeconomica.com.br\/wp\/2021\/11\/17\/salvador-vai-realizar-mutirao-da-3a-dose-sabado-20\/\"},\"wordCount\":213,\"publisher\":{\"@id\":\"https:\/\/bahiaeconomica.com.br\/wp\/#organization\"},\"articleSection\":[\"DESTAQUE DO DIA\",\"ECONOMIA \/ POL\u00cdTICA\"],\"inLanguage\":\"pt-BR\"},{\"@type\":\"WebPage\",\"@id\":\"https:\/\/bahiaeconomica.com.br\/wp\/2021\/11\/17\/salvador-vai-realizar-mutirao-da-3a-dose-sabado-20\/\",\"url\":\"https:\/\/bahiaeconomica.com.br\/wp\/2021\/11\/17\/salvador-vai-realizar-mutirao-da-3a-dose-sabado-20\/\",\"name\":\"SALVADOR VAI REALIZAR MUTIR\u00c3O DA 3\u00aa DOSE S\u00c1BADO, 20 - Bahia Economica\",\"isPartOf\":{\"@id\":\"https:\/\/bahiaeconomica.com.br\/wp\/#website\"},\"datePublished\":\"2021-11-17T13:11:58+00:00\",\"dateModified\":\"2021-11-17T13:11:58+00:00\",\"description\":\"O maior portal de Economia da Bahia DESTAQUE DO DIA, ECONOMIA \/ POL\u00cdTICA Bahia Economica\",\"breadcrumb\":{\"@id\":\"https:\/\/bahiaeconomica.com.br\/wp\/2021\/11\/17\/salvador-vai-realizar-mutirao-da-3a-dose-sabado-20\/#breadcrumb\"},\"inLanguage\":\"pt-BR\",\"potentialAction\":[{\"@type\":\"ReadAction\",\"target\":[\"https:\/\/bahiaeconomica.com.br\/wp\/2021\/11\/17\/salvador-vai-realizar-mutirao-da-3a-dose-sabado-20\/\"]}]},{\"@type\":\"BreadcrumbList\",\"@id\":\"https:\/\/bahiaeconomica.com.br\/wp\/2021\/11\/17\/salvador-vai-realizar-mutirao-da-3a-dose-sabado-20\/#breadcrumb\",\"itemListElement\":[{\"@type\":\"ListItem\",\"position\":1,\"name\":\"In\u00edcio\",\"item\":\"https:\/\/bahiaeconomica.com.br\/wp\/\"},{\"@type\":\"ListItem\",\"position\":2,\"name\":\"SALVADOR VAI REALIZAR MUTIR\u00c3O DA 3\u00aa DOSE S\u00c1BADO, 20\"}]},{\"@type\":\"WebSite\",\"@id\":\"https:\/\/bahiaeconomica.com.br\/wp\/#website\",\"url\":\"https:\/\/bahiaeconomica.com.br\/wp\/\",\"name\":\"Bahia Economica\",\"description\":\"O maior portal de Economia da Bahia\",\"publisher\":{\"@id\":\"https:\/\/bahiaeconomica.com.br\/wp\/#organization\"},\"potentialAction\":[{\"@type\":\"SearchAction\",\"target\":{\"@type\":\"EntryPoint\",\"urlTemplate\":\"https:\/\/bahiaeconomica.com.br\/wp\/?s={search_term_string}\"},\"query-input\":\"required name=search_term_string\"}],\"inLanguage\":\"pt-BR\"},{\"@type\":\"Organization\",\"@id\":\"https:\/\/bahiaeconomica.com.br\/wp\/#organization\",\"name\":\"Bahia Econ\u00f4mica\",\"url\":\"https:\/\/bahiaeconomica.com.br\/wp\/\",\"logo\":{\"@type\":\"ImageObject\",\"inLanguage\":\"pt-BR\",\"@id\":\"https:\/\/bahiaeconomica.com.br\/wp\/#\/schema\/logo\/image\/\",\"url\":\"https:\/\/bahiaeconomica.com.br\/wp\/wp-content\/uploads\/2020\/12\/cropped-BE.png\",\"contentUrl\":\"https:\/\/bahiaeconomica.com.br\/wp\/wp-content\/uploads\/2020\/12\/cropped-BE.png\",\"width\":512,\"height\":512,\"caption\":\"Bahia Econ\u00f4mica\"},\"image\":{\"@id\":\"https:\/\/bahiaeconomica.com.br\/wp\/#\/schema\/logo\/image\/\"},\"sameAs\":[\"https:\/\/www.facebook.com\/bahiaeconomica\"]},{\"@type\":\"Person\",\"@id\":\"https:\/\/bahiaeconomica.com.br\/wp\/#\/schema\/person\/cb1ab5ba96ad3d9390805381c76284ec\",\"name\":\"admin\",\"url\":\"https:\/\/bahiaeconomica.com.br\/wp\/author\/admin\/\"}]}<\/script>\n<!-- \/ Yoast SEO plugin. -->","yoast_head_json":{"title":"SALVADOR VAI REALIZAR MUTIR\u00c3O DA 3\u00aa DOSE S\u00c1BADO, 20 - Bahia Economica","description":"O maior portal de Economia da Bahia DESTAQUE DO DIA, ECONOMIA \/ POL\u00cdTICA Bahia Economica","robots":{"index":"index","follow":"follow","max-snippet":"max-snippet:-1","max-image-preview":"max-image-preview:large","max-video-preview":"max-video-preview:-1"},"canonical":"https:\/\/bahiaeconomica.com.br\/wp\/2021\/11\/17\/salvador-vai-realizar-mutirao-da-3a-dose-sabado-20\/","og_locale":"pt_BR","og_type":"article","og_title":"SALVADOR VAI REALIZAR MUTIR\u00c3O DA 3\u00aa DOSE S\u00c1BADO, 20 - Bahia Economica","og_description":"O maior portal de Economia da Bahia DESTAQUE DO DIA, ECONOMIA \/ POL\u00cdTICA Bahia Economica","og_url":"https:\/\/bahiaeconomica.com.br\/wp\/2021\/11\/17\/salvador-vai-realizar-mutirao-da-3a-dose-sabado-20\/","og_site_name":"Bahia Economica","article_publisher":"https:\/\/www.facebook.com\/bahiaeconomica","article_published_time":"2021-11-17T13:11:58+00:00","og_image":[{"width":500,"height":300,"url":"https:\/\/bahiaeconomica.com.br\/wp\/wp-content\/uploads\/2021\/08\/13_08_2021_Vacina-Covid-19-Para-os-Jovens_Foto_Jefferson-Peixoto_Secom_Pms-8.jpg","type":"image\/jpeg"}],"author":"admin","twitter_card":"summary_large_image","twitter_misc":{"Escrito por":"admin","Est. tempo de leitura":"1 minuto"},"schema":{"@context":"https:\/\/schema.org","@graph":[{"@type":"Article","@id":"https:\/\/bahiaeconomica.com.br\/wp\/2021\/11\/17\/salvador-vai-realizar-mutirao-da-3a-dose-sabado-20\/#article","isPartOf":{"@id":"https:\/\/bahiaeconomica.com.br\/wp\/2021\/11\/17\/salvador-vai-realizar-mutirao-da-3a-dose-sabado-20\/"},"author":{"name":"admin","@id":"https:\/\/bahiaeconomica.com.br\/wp\/#\/schema\/person\/cb1ab5ba96ad3d9390805381c76284ec"},"headline":"SALVADOR VAI REALIZAR MUTIR\u00c3O DA 3\u00aa DOSE S\u00c1BADO, 20","datePublished":"2021-11-17T13:11:58+00:00","dateModified":"2021-11-17T13:11:58+00:00","mainEntityOfPage":{"@id":"https:\/\/bahiaeconomica.com.br\/wp\/2021\/11\/17\/salvador-vai-realizar-mutirao-da-3a-dose-sabado-20\/"},"wordCount":213,"publisher":{"@id":"https:\/\/bahiaeconomica.com.br\/wp\/#organization"},"articleSection":["DESTAQUE DO DIA","ECONOMIA \/ POL\u00cdTICA"],"inLanguage":"pt-BR"},{"@type":"WebPage","@id":"https:\/\/bahiaeconomica.com.br\/wp\/2021\/11\/17\/salvador-vai-realizar-mutirao-da-3a-dose-sabado-20\/","url":"https:\/\/bahiaeconomica.com.br\/wp\/2021\/11\/17\/salvador-vai-realizar-mutirao-da-3a-dose-sabado-20\/","name":"SALVADOR VAI REALIZAR MUTIR\u00c3O DA 3\u00aa DOSE S\u00c1BADO, 20 - Bahia Economica","isPartOf":{"@id":"https:\/\/bahiaeconomica.com.br\/wp\/#website"},"datePublished":"2021-11-17T13:11:58+00:00","dateModified":"2021-11-17T13:11:58+00:00","description":"O maior portal de Economia da Bahia DESTAQUE DO DIA, ECONOMIA \/ POL\u00cdTICA Bahia Economica","breadcrumb":{"@id":"https:\/\/bahiaeconomica.com.br\/wp\/2021\/11\/17\/salvador-vai-realizar-mutirao-da-3a-dose-sabado-20\/#breadcrumb"},"inLanguage":"pt-BR","potentialAction":[{"@type":"ReadAction","target":["https:\/\/bahiaeconomica.com.br\/wp\/2021\/11\/17\/salvador-vai-realizar-mutirao-da-3a-dose-sabado-20\/"]}]},{"@type":"BreadcrumbList","@id":"https:\/\/bahiaeconomica.com.br\/wp\/2021\/11\/17\/salvador-vai-realizar-mutirao-da-3a-dose-sabado-20\/#breadcrumb","itemListElement":[{"@type":"ListItem","position":1,"name":"In\u00edcio","item":"https:\/\/bahiaeconomica.com.br\/wp\/"},{"@type":"ListItem","position":2,"name":"SALVADOR VAI REALIZAR MUTIR\u00c3O DA 3\u00aa DOSE S\u00c1BADO, 20"}]},{"@type":"WebSite","@id":"https:\/\/bahiaeconomica.com.br\/wp\/#website","url":"https:\/\/bahiaeconomica.com.br\/wp\/","name":"Bahia Economica","description":"O maior portal de Economia da Bahia","publisher":{"@id":"https:\/\/bahiaeconomica.com.br\/wp\/#organization"},"potentialAction":[{"@type":"SearchAction","target":{"@type":"EntryPoint","urlTemplate":"https:\/\/bahiaeconomica.com.br\/wp\/?s={search_term_string}"},"query-input":"required name=search_term_string"}],"inLanguage":"pt-BR"},{"@type":"Organization","@id":"https:\/\/bahiaeconomica.com.br\/wp\/#organization","name":"Bahia Econ\u00f4mica","url":"https:\/\/bahiaeconomica.com.br\/wp\/","logo":{"@type":"ImageObject","inLanguage":"pt-BR","@id":"https:\/\/bahiaeconomica.com.br\/wp\/#\/schema\/logo\/image\/","url":"https:\/\/bahiaeconomica.com.br\/wp\/wp-content\/uploads\/2020\/12\/cropped-BE.png","contentUrl":"https:\/\/bahiaeconomica.com.br\/wp\/wp-content\/uploads\/2020\/12\/cropped-BE.png","width":512,"height":512,"caption":"Bahia Econ\u00f4mica"},"image":{"@id":"https:\/\/bahiaeconomica.com.br\/wp\/#\/schema\/logo\/image\/"},"sameAs":["https:\/\/www.facebook.com\/bahiaeconomica"]},{"@type":"Person","@id":"https:\/\/bahiaeconomica.com.br\/wp\/#\/schema\/person\/cb1ab5ba96ad3d9390805381c76284ec","name":"admin","url":"https:\/\/bahiaeconomica.com.br\/wp\/author\/admin\/"}]}},"views":1,"_links":{"self":[{"href":"https:\/\/bahiaeconomica.com.br\/wp\/wp-json\/wp\/v2\/posts\/616578"}],"collection":[{"href":"https:\/\/bahiaeconomica.com.br\/wp\/wp-json\/wp\/v2\/posts"}],"about":[{"href":"https:\/\/bahiaeconomica.com.br\/wp\/wp-json\/wp\/v2\/types\/post"}],"author":[{"embeddable":true,"href":"https:\/\/bahiaeconomica.com.br\/wp\/wp-json\/wp\/v2\/users\/1"}],"replies":[{"embeddable":true,"href":"https:\/\/bahiaeconomica.com.br\/wp\/wp-json\/wp\/v2\/comments?post=616578"}],"version-history":[{"count":1,"href":"https:\/\/bahiaeconomica.com.br\/wp\/wp-json\/wp\/v2\/posts\/616578\/revisions"}],"predecessor-version":[{"id":616580,"href":"https:\/\/bahiaeconomica.com.br\/wp\/wp-json\/wp\/v2\/posts\/616578\/revisions\/616580"}],"wp:featuredmedia":[{"embeddable":true,"href":"https:\/\/bahiaeconomica.com.br\/wp\/wp-json\/wp\/v2\/media\/596405"}],"wp:attachment":[{"href":"https:\/\/bahiaeconomica.com.br\/wp\/wp-json\/wp\/v2\/media?parent=616578"}],"wp:term":[{"taxonomy":"category","embeddable":true,"href":"https:\/\/bahiaeconomica.com.br\/wp\/wp-json\/wp\/v2\/categories?post=616578"},{"taxonomy":"post_tag","embeddable":true,"href":"https:\/\/bahiaeconomica.com.br\/wp\/wp-json\/wp\/v2\/tags?post=616578"}],"curies":[{"name":"wp","href":"https:\/\/api.w.org\/{rel}","templated":true}]}}