{"id":614056,"date":"2021-11-04T06:53:22","date_gmt":"2021-11-04T09:53:22","guid":{"rendered":"https:\/\/bahiaeconomica.com.br\/wp\/beta\/?p=614056"},"modified":"2021-11-04T07:38:54","modified_gmt":"2021-11-04T10:38:54","slug":"camara-aprova-em-primeiro-turno-texto-base-da-pec-dos-precatorios","status":"publish","type":"post","link":"https:\/\/bahiaeconomica.com.br\/wp\/2021\/11\/04\/camara-aprova-em-primeiro-turno-texto-base-da-pec-dos-precatorios\/","title":{"rendered":"C\u00c2MARA APROVA EM PRIMEIRO TURNO TEXTO-BASE DA PEC DOS PRECAT\u00d3RIOS"},"content":{"rendered":"<p>Por 312 votos a 144, a C\u00e2mara dos Deputados aprovou na madrugada desta quinta-feira (4), em primeiro turno, o texto-base da Proposta de Emenda \u00e0 Constitui\u00e7\u00e3o (PEC) dos Precat\u00f3rios. <!--more-->A proposta recebeu somente quatro votos a mais que os necess\u00e1rios (308) para aprova\u00e7\u00e3o de uma emenda \u00e0 Constitui\u00e7\u00e3o.<\/p>\n<p>&#8220;Tivemos importantes 25 votos de partidos de oposi\u00e7\u00e3o, de PSB e PDT&#8221;, afirmou o presidente da C\u00e2mara, Arthur Lira (PP-AL), defensor e patrocinador da proposta. A PEC \u00e9 a principal aposta do governo para viabilizar o programa social Aux\u00edlio Brasil \u2014 anunciado pelo governo para suceder o Bolsa Fam\u00edlia. A proposta adia o pagamento de precat\u00f3rios (d\u00edvidas do governo j\u00e1 reconhecidas pela Justi\u00e7a), a fim de viabilizar a concess\u00e3o de pelo menos R$ 400 mensais aos benefici\u00e1rios do novo programa no ano eleitoral de 2022.<\/p>\n<p>Os parlamentares ainda precisam votar os chamados destaques (sugest\u00f5es pontuais de altera\u00e7\u00e3o no texto principal) e o segundo turno. De acordo com Arthur Lira, isso deve acontecer ainda nesta quinta ou na ter\u00e7a-feira (9). Se aprovado em segundo turno, o texto seguir\u00e1 para o Senado, onde tamb\u00e9m necessitar\u00e1 de aprova\u00e7\u00e3o em dois turnos.<\/p>\n<p>Um dos pontos mais pol\u00eamicos do texto \u00e9 a flexibiliza\u00e7\u00e3o do pagamento de precat\u00f3rios do antigo Fundo de Manuten\u00e7\u00e3o e Desenvolvimento do Ensino Fundamental e de Valoriza\u00e7\u00e3o do Magist\u00e9rio (Fundef) \u2014 atual Fundo de Manuten\u00e7\u00e3o e Desenvolvimento da Educa\u00e7\u00e3o B\u00e1sica e de Valoriza\u00e7\u00e3o dos Profissionais da Educa\u00e7\u00e3o (Fundeb).<\/p>\n<p>A estimativa \u00e9 que a d\u00edvida da Uni\u00e3o com o Fundef para o ano que vem gira em torno de R$ 16 bilh\u00f5es. Parte desses recursos seria destinada aos professores, em forma de abono. Para viabilizar a vota\u00e7\u00e3o nesta quarta-feira (3), principalmente da oposi\u00e7\u00e3o, o presidente da C\u00e2mara, Arthur Lira (PP-AL) e Motta articularam uma mudan\u00e7a para parcelar, em tr\u00eas vezes, as d\u00edvidas ao Fundef \u2014 40% em 2022, 30% em 2023 e 30% em 2024.<\/p>\n<p>A mudan\u00e7a no texto convenceu o PDT, partido da oposi\u00e7\u00e3o que tem 24 deputados, a orientar voto a favor da mat\u00e9ria. Mas o diretor-executivo do Instituto Fiscal Independente (IFI), Felipe Salto, chamou a altera\u00e7\u00e3o de &#8220;conto do vig\u00e1rio&#8221;. &#8220;O Fundef \u00e9 priorizado na PEC (tr\u00eas parcelas, sendo a primeira de 40%), sim, mas tem uma fila a ser respeitada e h\u00e1 um limite sendo institu\u00eddo pela mesma PEC. Se algum deputado foi sensibilizado por este argumento, fica aqui essa informa\u00e7\u00e3o&#8221;, escreveu em uma rede social.<\/p>\n<p>A altera\u00e7\u00e3o no relat\u00f3rio \u00e9 vista por alguns parlamentares como uma manobra no regimento, uma vez que, segundo eles, j\u00e1 n\u00e3o era poss\u00edvel fazer altera\u00e7\u00f5es de m\u00e9rito nesta fase de tramita\u00e7\u00e3o. No entanto, em entrevista nesta quarta-feira (3), Lira sustentou que a altera\u00e7\u00e3o \u00e9 regimental. &#8220;N\u00f3s n\u00e3o fazemos nada antirregimental&#8221;, disse. &#8220;At\u00e9 o in\u00edcio da vota\u00e7\u00e3o, o relator pode apresentar [emendas]. Se n\u00e3o, n\u00f3s n\u00e3o estar\u00edamos fazendo&#8221;, disse o presidente da C\u00e2mara.<\/p>\n<p>Ao longo do dia, Lira teve de enfrentar a dificuldade de alcan\u00e7ar um qu\u00f3rum alto para a an\u00e1lise da mat\u00e9ria. Para garantir um n\u00famero expressivo de deputados em plen\u00e1rio, Lira esperou at\u00e9 o in\u00edcio da noite para iniciar a vota\u00e7\u00e3o. Al\u00e9m disso, um ato da Mesa Diretora permitiu a vota\u00e7\u00e3o de deputados que estivessem em miss\u00e3o oficial, para permitir a participa\u00e7\u00e3o de quem participa da COP26 em Glasgow, na Esc\u00f3cia. Por se tratar de uma altera\u00e7\u00e3o na Constitui\u00e7\u00e3o, s\u00e3o necess\u00e1rios pelo menos 308 votos para aprova\u00e7\u00e3o da mat\u00e9ria. Com isso, vota\u00e7\u00f5es pol\u00eamicas, em geral, dependem de um grande n\u00famero de deputados na Casa para garantir a aprova\u00e7\u00e3o.<\/p>\n<p>Foto: divulga\u00e7\u00e3o<\/p>\n","protected":false},"excerpt":{"rendered":"<p>Por 312 votos a 144, a C\u00e2mara dos Deputados aprovou na madrugada desta quinta-feira (4), em primeiro turno, o texto-base da Proposta de Emenda \u00e0 Constitui\u00e7\u00e3o (PEC) dos Precat\u00f3rios.<\/p>\n","protected":false},"author":1,"featured_media":591635,"comment_status":"closed","ping_status":"closed","sticky":false,"template":"","format":"standard","meta":[],"categories":[3],"tags":[],"acf":[],"yoast_head":"<!-- This site is optimized with the Yoast SEO plugin v20.8 - https:\/\/yoast.com\/wordpress\/plugins\/seo\/ -->\n<title>C\u00c2MARA APROVA EM PRIMEIRO TURNO TEXTO-BASE DA PEC DOS PRECAT\u00d3RIOS - Bahia Economica<\/title>\n<meta name=\"description\" content=\"O maior portal de Economia da Bahia ECONOMIA \/ POL\u00cdTICA Bahia Economica\" \/>\n<meta name=\"robots\" content=\"index, follow, max-snippet:-1, max-image-preview:large, max-video-preview:-1\" \/>\n<link rel=\"canonical\" href=\"https:\/\/bahiaeconomica.com.br\/wp\/2021\/11\/04\/camara-aprova-em-primeiro-turno-texto-base-da-pec-dos-precatorios\/\" \/>\n<meta property=\"og:locale\" content=\"pt_BR\" \/>\n<meta property=\"og:type\" content=\"article\" \/>\n<meta property=\"og:title\" content=\"C\u00c2MARA APROVA EM PRIMEIRO TURNO TEXTO-BASE DA PEC DOS PRECAT\u00d3RIOS - Bahia Economica\" \/>\n<meta property=\"og:description\" content=\"O maior portal de Economia da Bahia ECONOMIA \/ POL\u00cdTICA Bahia Economica\" \/>\n<meta property=\"og:url\" content=\"https:\/\/bahiaeconomica.com.br\/wp\/2021\/11\/04\/camara-aprova-em-primeiro-turno-texto-base-da-pec-dos-precatorios\/\" \/>\n<meta property=\"og:site_name\" content=\"Bahia Economica\" \/>\n<meta property=\"article:publisher\" content=\"https:\/\/www.facebook.com\/bahiaeconomica\" \/>\n<meta property=\"article:published_time\" content=\"2021-11-04T09:53:22+00:00\" \/>\n<meta property=\"article:modified_time\" content=\"2021-11-04T10:38:54+00:00\" \/>\n<meta property=\"og:image\" content=\"https:\/\/bahiaeconomica.com.br\/wp\/wp-content\/uploads\/2021\/08\/camara-foto-cleia-viana-camara-dos-deputados.jpg\" \/>\n\t<meta property=\"og:image:width\" content=\"500\" \/>\n\t<meta property=\"og:image:height\" content=\"333\" \/>\n\t<meta property=\"og:image:type\" content=\"image\/jpeg\" \/>\n<meta name=\"author\" content=\"admin\" \/>\n<meta name=\"twitter:card\" content=\"summary_large_image\" \/>\n<meta name=\"twitter:label1\" content=\"Escrito por\" \/>\n\t<meta name=\"twitter:data1\" content=\"admin\" \/>\n\t<meta name=\"twitter:label2\" content=\"Est. tempo de leitura\" \/>\n\t<meta name=\"twitter:data2\" content=\"3 minutos\" \/>\n<script type=\"application\/ld+json\" class=\"yoast-schema-graph\">{\"@context\":\"https:\/\/schema.org\",\"@graph\":[{\"@type\":\"Article\",\"@id\":\"https:\/\/bahiaeconomica.com.br\/wp\/2021\/11\/04\/camara-aprova-em-primeiro-turno-texto-base-da-pec-dos-precatorios\/#article\",\"isPartOf\":{\"@id\":\"https:\/\/bahiaeconomica.com.br\/wp\/2021\/11\/04\/camara-aprova-em-primeiro-turno-texto-base-da-pec-dos-precatorios\/\"},\"author\":{\"name\":\"admin\",\"@id\":\"https:\/\/bahiaeconomica.com.br\/wp\/#\/schema\/person\/cb1ab5ba96ad3d9390805381c76284ec\"},\"headline\":\"C\u00c2MARA APROVA EM PRIMEIRO TURNO TEXTO-BASE DA PEC DOS PRECAT\u00d3RIOS\",\"datePublished\":\"2021-11-04T09:53:22+00:00\",\"dateModified\":\"2021-11-04T10:38:54+00:00\",\"mainEntityOfPage\":{\"@id\":\"https:\/\/bahiaeconomica.com.br\/wp\/2021\/11\/04\/camara-aprova-em-primeiro-turno-texto-base-da-pec-dos-precatorios\/\"},\"wordCount\":646,\"publisher\":{\"@id\":\"https:\/\/bahiaeconomica.com.br\/wp\/#organization\"},\"articleSection\":[\"ECONOMIA \/ POL\u00cdTICA\"],\"inLanguage\":\"pt-BR\"},{\"@type\":\"WebPage\",\"@id\":\"https:\/\/bahiaeconomica.com.br\/wp\/2021\/11\/04\/camara-aprova-em-primeiro-turno-texto-base-da-pec-dos-precatorios\/\",\"url\":\"https:\/\/bahiaeconomica.com.br\/wp\/2021\/11\/04\/camara-aprova-em-primeiro-turno-texto-base-da-pec-dos-precatorios\/\",\"name\":\"C\u00c2MARA APROVA EM PRIMEIRO TURNO TEXTO-BASE DA PEC DOS PRECAT\u00d3RIOS - Bahia Economica\",\"isPartOf\":{\"@id\":\"https:\/\/bahiaeconomica.com.br\/wp\/#website\"},\"datePublished\":\"2021-11-04T09:53:22+00:00\",\"dateModified\":\"2021-11-04T10:38:54+00:00\",\"description\":\"O maior portal de Economia da Bahia ECONOMIA \/ POL\u00cdTICA Bahia Economica\",\"breadcrumb\":{\"@id\":\"https:\/\/bahiaeconomica.com.br\/wp\/2021\/11\/04\/camara-aprova-em-primeiro-turno-texto-base-da-pec-dos-precatorios\/#breadcrumb\"},\"inLanguage\":\"pt-BR\",\"potentialAction\":[{\"@type\":\"ReadAction\",\"target\":[\"https:\/\/bahiaeconomica.com.br\/wp\/2021\/11\/04\/camara-aprova-em-primeiro-turno-texto-base-da-pec-dos-precatorios\/\"]}]},{\"@type\":\"BreadcrumbList\",\"@id\":\"https:\/\/bahiaeconomica.com.br\/wp\/2021\/11\/04\/camara-aprova-em-primeiro-turno-texto-base-da-pec-dos-precatorios\/#breadcrumb\",\"itemListElement\":[{\"@type\":\"ListItem\",\"position\":1,\"name\":\"In\u00edcio\",\"item\":\"https:\/\/bahiaeconomica.com.br\/wp\/\"},{\"@type\":\"ListItem\",\"position\":2,\"name\":\"C\u00c2MARA APROVA EM PRIMEIRO TURNO TEXTO-BASE DA PEC DOS PRECAT\u00d3RIOS\"}]},{\"@type\":\"WebSite\",\"@id\":\"https:\/\/bahiaeconomica.com.br\/wp\/#website\",\"url\":\"https:\/\/bahiaeconomica.com.br\/wp\/\",\"name\":\"Bahia Economica\",\"description\":\"O maior portal de Economia da Bahia\",\"publisher\":{\"@id\":\"https:\/\/bahiaeconomica.com.br\/wp\/#organization\"},\"potentialAction\":[{\"@type\":\"SearchAction\",\"target\":{\"@type\":\"EntryPoint\",\"urlTemplate\":\"https:\/\/bahiaeconomica.com.br\/wp\/?s={search_term_string}\"},\"query-input\":\"required name=search_term_string\"}],\"inLanguage\":\"pt-BR\"},{\"@type\":\"Organization\",\"@id\":\"https:\/\/bahiaeconomica.com.br\/wp\/#organization\",\"name\":\"Bahia Econ\u00f4mica\",\"url\":\"https:\/\/bahiaeconomica.com.br\/wp\/\",\"logo\":{\"@type\":\"ImageObject\",\"inLanguage\":\"pt-BR\",\"@id\":\"https:\/\/bahiaeconomica.com.br\/wp\/#\/schema\/logo\/image\/\",\"url\":\"https:\/\/bahiaeconomica.com.br\/wp\/wp-content\/uploads\/2020\/12\/cropped-BE.png\",\"contentUrl\":\"https:\/\/bahiaeconomica.com.br\/wp\/wp-content\/uploads\/2020\/12\/cropped-BE.png\",\"width\":512,\"height\":512,\"caption\":\"Bahia Econ\u00f4mica\"},\"image\":{\"@id\":\"https:\/\/bahiaeconomica.com.br\/wp\/#\/schema\/logo\/image\/\"},\"sameAs\":[\"https:\/\/www.facebook.com\/bahiaeconomica\"]},{\"@type\":\"Person\",\"@id\":\"https:\/\/bahiaeconomica.com.br\/wp\/#\/schema\/person\/cb1ab5ba96ad3d9390805381c76284ec\",\"name\":\"admin\",\"url\":\"https:\/\/bahiaeconomica.com.br\/wp\/author\/admin\/\"}]}<\/script>\n<!-- \/ Yoast SEO plugin. -->","yoast_head_json":{"title":"C\u00c2MARA APROVA EM PRIMEIRO TURNO TEXTO-BASE DA PEC DOS PRECAT\u00d3RIOS - Bahia Economica","description":"O maior portal de Economia da Bahia ECONOMIA \/ POL\u00cdTICA Bahia Economica","robots":{"index":"index","follow":"follow","max-snippet":"max-snippet:-1","max-image-preview":"max-image-preview:large","max-video-preview":"max-video-preview:-1"},"canonical":"https:\/\/bahiaeconomica.com.br\/wp\/2021\/11\/04\/camara-aprova-em-primeiro-turno-texto-base-da-pec-dos-precatorios\/","og_locale":"pt_BR","og_type":"article","og_title":"C\u00c2MARA APROVA EM PRIMEIRO TURNO TEXTO-BASE DA PEC DOS PRECAT\u00d3RIOS - Bahia Economica","og_description":"O maior portal de Economia da Bahia ECONOMIA \/ POL\u00cdTICA Bahia Economica","og_url":"https:\/\/bahiaeconomica.com.br\/wp\/2021\/11\/04\/camara-aprova-em-primeiro-turno-texto-base-da-pec-dos-precatorios\/","og_site_name":"Bahia Economica","article_publisher":"https:\/\/www.facebook.com\/bahiaeconomica","article_published_time":"2021-11-04T09:53:22+00:00","article_modified_time":"2021-11-04T10:38:54+00:00","og_image":[{"width":500,"height":333,"url":"https:\/\/bahiaeconomica.com.br\/wp\/wp-content\/uploads\/2021\/08\/camara-foto-cleia-viana-camara-dos-deputados.jpg","type":"image\/jpeg"}],"author":"admin","twitter_card":"summary_large_image","twitter_misc":{"Escrito por":"admin","Est. tempo de leitura":"3 minutos"},"schema":{"@context":"https:\/\/schema.org","@graph":[{"@type":"Article","@id":"https:\/\/bahiaeconomica.com.br\/wp\/2021\/11\/04\/camara-aprova-em-primeiro-turno-texto-base-da-pec-dos-precatorios\/#article","isPartOf":{"@id":"https:\/\/bahiaeconomica.com.br\/wp\/2021\/11\/04\/camara-aprova-em-primeiro-turno-texto-base-da-pec-dos-precatorios\/"},"author":{"name":"admin","@id":"https:\/\/bahiaeconomica.com.br\/wp\/#\/schema\/person\/cb1ab5ba96ad3d9390805381c76284ec"},"headline":"C\u00c2MARA APROVA EM PRIMEIRO TURNO TEXTO-BASE DA PEC DOS PRECAT\u00d3RIOS","datePublished":"2021-11-04T09:53:22+00:00","dateModified":"2021-11-04T10:38:54+00:00","mainEntityOfPage":{"@id":"https:\/\/bahiaeconomica.com.br\/wp\/2021\/11\/04\/camara-aprova-em-primeiro-turno-texto-base-da-pec-dos-precatorios\/"},"wordCount":646,"publisher":{"@id":"https:\/\/bahiaeconomica.com.br\/wp\/#organization"},"articleSection":["ECONOMIA \/ POL\u00cdTICA"],"inLanguage":"pt-BR"},{"@type":"WebPage","@id":"https:\/\/bahiaeconomica.com.br\/wp\/2021\/11\/04\/camara-aprova-em-primeiro-turno-texto-base-da-pec-dos-precatorios\/","url":"https:\/\/bahiaeconomica.com.br\/wp\/2021\/11\/04\/camara-aprova-em-primeiro-turno-texto-base-da-pec-dos-precatorios\/","name":"C\u00c2MARA APROVA EM PRIMEIRO TURNO TEXTO-BASE DA PEC DOS PRECAT\u00d3RIOS - Bahia Economica","isPartOf":{"@id":"https:\/\/bahiaeconomica.com.br\/wp\/#website"},"datePublished":"2021-11-04T09:53:22+00:00","dateModified":"2021-11-04T10:38:54+00:00","description":"O maior portal de Economia da Bahia ECONOMIA \/ POL\u00cdTICA Bahia Economica","breadcrumb":{"@id":"https:\/\/bahiaeconomica.com.br\/wp\/2021\/11\/04\/camara-aprova-em-primeiro-turno-texto-base-da-pec-dos-precatorios\/#breadcrumb"},"inLanguage":"pt-BR","potentialAction":[{"@type":"ReadAction","target":["https:\/\/bahiaeconomica.com.br\/wp\/2021\/11\/04\/camara-aprova-em-primeiro-turno-texto-base-da-pec-dos-precatorios\/"]}]},{"@type":"BreadcrumbList","@id":"https:\/\/bahiaeconomica.com.br\/wp\/2021\/11\/04\/camara-aprova-em-primeiro-turno-texto-base-da-pec-dos-precatorios\/#breadcrumb","itemListElement":[{"@type":"ListItem","position":1,"name":"In\u00edcio","item":"https:\/\/bahiaeconomica.com.br\/wp\/"},{"@type":"ListItem","position":2,"name":"C\u00c2MARA APROVA EM PRIMEIRO TURNO TEXTO-BASE DA PEC DOS PRECAT\u00d3RIOS"}]},{"@type":"WebSite","@id":"https:\/\/bahiaeconomica.com.br\/wp\/#website","url":"https:\/\/bahiaeconomica.com.br\/wp\/","name":"Bahia Economica","description":"O maior portal de Economia da Bahia","publisher":{"@id":"https:\/\/bahiaeconomica.com.br\/wp\/#organization"},"potentialAction":[{"@type":"SearchAction","target":{"@type":"EntryPoint","urlTemplate":"https:\/\/bahiaeconomica.com.br\/wp\/?s={search_term_string}"},"query-input":"required name=search_term_string"}],"inLanguage":"pt-BR"},{"@type":"Organization","@id":"https:\/\/bahiaeconomica.com.br\/wp\/#organization","name":"Bahia Econ\u00f4mica","url":"https:\/\/bahiaeconomica.com.br\/wp\/","logo":{"@type":"ImageObject","inLanguage":"pt-BR","@id":"https:\/\/bahiaeconomica.com.br\/wp\/#\/schema\/logo\/image\/","url":"https:\/\/bahiaeconomica.com.br\/wp\/wp-content\/uploads\/2020\/12\/cropped-BE.png","contentUrl":"https:\/\/bahiaeconomica.com.br\/wp\/wp-content\/uploads\/2020\/12\/cropped-BE.png","width":512,"height":512,"caption":"Bahia Econ\u00f4mica"},"image":{"@id":"https:\/\/bahiaeconomica.com.br\/wp\/#\/schema\/logo\/image\/"},"sameAs":["https:\/\/www.facebook.com\/bahiaeconomica"]},{"@type":"Person","@id":"https:\/\/bahiaeconomica.com.br\/wp\/#\/schema\/person\/cb1ab5ba96ad3d9390805381c76284ec","name":"admin","url":"https:\/\/bahiaeconomica.com.br\/wp\/author\/admin\/"}]}},"views":2,"_links":{"self":[{"href":"https:\/\/bahiaeconomica.com.br\/wp\/wp-json\/wp\/v2\/posts\/614056"}],"collection":[{"href":"https:\/\/bahiaeconomica.com.br\/wp\/wp-json\/wp\/v2\/posts"}],"about":[{"href":"https:\/\/bahiaeconomica.com.br\/wp\/wp-json\/wp\/v2\/types\/post"}],"author":[{"embeddable":true,"href":"https:\/\/bahiaeconomica.com.br\/wp\/wp-json\/wp\/v2\/users\/1"}],"replies":[{"embeddable":true,"href":"https:\/\/bahiaeconomica.com.br\/wp\/wp-json\/wp\/v2\/comments?post=614056"}],"version-history":[{"count":1,"href":"https:\/\/bahiaeconomica.com.br\/wp\/wp-json\/wp\/v2\/posts\/614056\/revisions"}],"predecessor-version":[{"id":614058,"href":"https:\/\/bahiaeconomica.com.br\/wp\/wp-json\/wp\/v2\/posts\/614056\/revisions\/614058"}],"wp:featuredmedia":[{"embeddable":true,"href":"https:\/\/bahiaeconomica.com.br\/wp\/wp-json\/wp\/v2\/media\/591635"}],"wp:attachment":[{"href":"https:\/\/bahiaeconomica.com.br\/wp\/wp-json\/wp\/v2\/media?parent=614056"}],"wp:term":[{"taxonomy":"category","embeddable":true,"href":"https:\/\/bahiaeconomica.com.br\/wp\/wp-json\/wp\/v2\/categories?post=614056"},{"taxonomy":"post_tag","embeddable":true,"href":"https:\/\/bahiaeconomica.com.br\/wp\/wp-json\/wp\/v2\/tags?post=614056"}],"curies":[{"name":"wp","href":"https:\/\/api.w.org\/{rel}","templated":true}]}}