{"id":613818,"date":"2021-11-03T12:16:33","date_gmt":"2021-11-03T15:16:33","guid":{"rendered":"https:\/\/bahiaeconomica.com.br\/wp\/beta\/?p=613818"},"modified":"2021-11-03T14:26:20","modified_gmt":"2021-11-03T17:26:20","slug":"potencias-turisticas-da-bahia-sao-apresentadas-em-evento-em-sao-paulo-e-gramado","status":"publish","type":"post","link":"https:\/\/bahiaeconomica.com.br\/wp\/2021\/11\/03\/potencias-turisticas-da-bahia-sao-apresentadas-em-evento-em-sao-paulo-e-gramado\/","title":{"rendered":"POT\u00caNCIAS TUR\u00cdSTICAS DA BAHIA S\u00c3O APRESENTADAS EM EVENTO EM S\u00c3O PAULO E GRAMADO"},"content":{"rendered":"<p>As potencialidades tur\u00edsticas da Ba\u00eda de Todos-os-Santos (BTS) e de outras regi\u00f5es litor\u00e2neas do estado ser\u00e3o divulgadas no S\u00e3o Paulo Boat Show 2021, o maior sal\u00e3o<!--more--> n\u00e1utico da Am\u00e9rica Latina. O evento ocorre entre os dias 4 e 9 de novembro, no SP Expo, na capital paulista, com a participa\u00e7\u00e3o da Secretaria de Turismo da Bahia (Setur-BA).<\/p>\n<p>Na programa\u00e7\u00e3o do Boat Show, um congresso sobre turismo das \u00e1guas, onde estar\u00e3o em destaque as interven\u00e7\u00f5es de infraestrutura n\u00e1utica realizadas pela Setur-BA na BTS, al\u00e9m de exposi\u00e7\u00e3o de embarca\u00e7\u00f5es, feira de destinos e espa\u00e7o para produtos exclusivos. A expectativa \u00e9 de mais de 30 mil visitantes.<\/p>\n<p>A Setur-BA estar\u00e1 presente tamb\u00e9m no 33\u00ba Festival de Turismo de Gramado (Festuris), no Rio Grande do Sul, de 4 a 7 de novembro, para promover os atrativos da Bahia. Com o tema \u2018Era da Transforma\u00e7\u00e3o\u2019, o evento de neg\u00f3cios prev\u00ea 10 mil participantes e a exposi\u00e7\u00e3o de duas mil marcas nacionais e internacionais. A novidade este ano \u00e9 o espa\u00e7o Green &amp; Experience, voltado para o turismo sustent\u00e1vel.<\/p>\n<p>A promo\u00e7\u00e3o dos destinos baianos, no Brasil e no exterior, \u00e9 um dos eixos do plano estrat\u00e9gico do Governo do Estado no reaquecimento das atividades tur\u00edsticas, composto tamb\u00e9m por protocolos de seguran\u00e7a sanit\u00e1ria, capacita\u00e7\u00e3o e qualifica\u00e7\u00e3o de empres\u00e1rios, gestores p\u00fablicos e profissionais do setor e obras estruturantes.<\/p>\n<p>&nbsp;<\/p>\n<p>&nbsp;<\/p>\n<p>Foto: Tatiana Azeviche\/Setur<\/p>\n","protected":false},"excerpt":{"rendered":"<p>As potencialidades tur\u00edsticas da Ba\u00eda de Todos-os-Santos (BTS) e de outras regi\u00f5es litor\u00e2neas do estado ser\u00e3o divulgadas no S\u00e3o Paulo Boat Show 2021, o maior sal\u00e3o<\/p>\n","protected":false},"author":1,"featured_media":613820,"comment_status":"closed","ping_status":"closed","sticky":false,"template":"","format":"standard","meta":[],"categories":[7,3],"tags":[],"acf":[],"yoast_head":"<!-- This site is optimized with the Yoast SEO plugin v20.8 - https:\/\/yoast.com\/wordpress\/plugins\/seo\/ -->\n<title>POT\u00caNCIAS TUR\u00cdSTICAS DA BAHIA S\u00c3O APRESENTADAS EM EVENTO EM S\u00c3O PAULO E GRAMADO - Bahia Economica<\/title>\n<meta name=\"description\" content=\"O maior portal de Economia da Bahia BAHIA INVEST, ECONOMIA \/ POL\u00cdTICA Bahia Economica\" \/>\n<meta name=\"robots\" content=\"index, follow, max-snippet:-1, max-image-preview:large, max-video-preview:-1\" \/>\n<link rel=\"canonical\" href=\"https:\/\/bahiaeconomica.com.br\/wp\/2021\/11\/03\/potencias-turisticas-da-bahia-sao-apresentadas-em-evento-em-sao-paulo-e-gramado\/\" \/>\n<meta property=\"og:locale\" content=\"pt_BR\" \/>\n<meta property=\"og:type\" content=\"article\" \/>\n<meta property=\"og:title\" content=\"POT\u00caNCIAS TUR\u00cdSTICAS DA BAHIA S\u00c3O APRESENTADAS EM EVENTO EM S\u00c3O PAULO E GRAMADO - Bahia Economica\" \/>\n<meta property=\"og:description\" content=\"O maior portal de Economia da Bahia BAHIA INVEST, ECONOMIA \/ POL\u00cdTICA Bahia Economica\" \/>\n<meta property=\"og:url\" content=\"https:\/\/bahiaeconomica.com.br\/wp\/2021\/11\/03\/potencias-turisticas-da-bahia-sao-apresentadas-em-evento-em-sao-paulo-e-gramado\/\" \/>\n<meta property=\"og:site_name\" content=\"Bahia Economica\" \/>\n<meta property=\"article:publisher\" content=\"https:\/\/www.facebook.com\/bahiaeconomica\" \/>\n<meta property=\"article:published_time\" content=\"2021-11-03T15:16:33+00:00\" \/>\n<meta property=\"article:modified_time\" content=\"2021-11-03T17:26:20+00:00\" \/>\n<meta property=\"og:image\" content=\"https:\/\/bahiaeconomica.com.br\/wp\/wp-content\/uploads\/2021\/11\/Rio-Una-Valenca-696x464-1.jpg\" \/>\n\t<meta property=\"og:image:width\" content=\"696\" \/>\n\t<meta property=\"og:image:height\" content=\"464\" \/>\n\t<meta property=\"og:image:type\" content=\"image\/jpeg\" \/>\n<meta name=\"author\" content=\"admin\" \/>\n<meta name=\"twitter:card\" content=\"summary_large_image\" \/>\n<meta name=\"twitter:label1\" content=\"Escrito por\" \/>\n\t<meta name=\"twitter:data1\" content=\"admin\" \/>\n\t<meta name=\"twitter:label2\" content=\"Est. tempo de leitura\" \/>\n\t<meta name=\"twitter:data2\" content=\"1 minuto\" \/>\n<script type=\"application\/ld+json\" class=\"yoast-schema-graph\">{\"@context\":\"https:\/\/schema.org\",\"@graph\":[{\"@type\":\"Article\",\"@id\":\"https:\/\/bahiaeconomica.com.br\/wp\/2021\/11\/03\/potencias-turisticas-da-bahia-sao-apresentadas-em-evento-em-sao-paulo-e-gramado\/#article\",\"isPartOf\":{\"@id\":\"https:\/\/bahiaeconomica.com.br\/wp\/2021\/11\/03\/potencias-turisticas-da-bahia-sao-apresentadas-em-evento-em-sao-paulo-e-gramado\/\"},\"author\":{\"name\":\"admin\",\"@id\":\"https:\/\/bahiaeconomica.com.br\/wp\/#\/schema\/person\/cb1ab5ba96ad3d9390805381c76284ec\"},\"headline\":\"POT\u00caNCIAS TUR\u00cdSTICAS DA BAHIA S\u00c3O APRESENTADAS EM EVENTO EM S\u00c3O PAULO E GRAMADO\",\"datePublished\":\"2021-11-03T15:16:33+00:00\",\"dateModified\":\"2021-11-03T17:26:20+00:00\",\"mainEntityOfPage\":{\"@id\":\"https:\/\/bahiaeconomica.com.br\/wp\/2021\/11\/03\/potencias-turisticas-da-bahia-sao-apresentadas-em-evento-em-sao-paulo-e-gramado\/\"},\"wordCount\":266,\"publisher\":{\"@id\":\"https:\/\/bahiaeconomica.com.br\/wp\/#organization\"},\"articleSection\":[\"BAHIA INVEST\",\"ECONOMIA \/ POL\u00cdTICA\"],\"inLanguage\":\"pt-BR\"},{\"@type\":\"WebPage\",\"@id\":\"https:\/\/bahiaeconomica.com.br\/wp\/2021\/11\/03\/potencias-turisticas-da-bahia-sao-apresentadas-em-evento-em-sao-paulo-e-gramado\/\",\"url\":\"https:\/\/bahiaeconomica.com.br\/wp\/2021\/11\/03\/potencias-turisticas-da-bahia-sao-apresentadas-em-evento-em-sao-paulo-e-gramado\/\",\"name\":\"POT\u00caNCIAS TUR\u00cdSTICAS DA BAHIA S\u00c3O APRESENTADAS EM EVENTO EM S\u00c3O PAULO E GRAMADO - Bahia Economica\",\"isPartOf\":{\"@id\":\"https:\/\/bahiaeconomica.com.br\/wp\/#website\"},\"datePublished\":\"2021-11-03T15:16:33+00:00\",\"dateModified\":\"2021-11-03T17:26:20+00:00\",\"description\":\"O maior portal de Economia da Bahia BAHIA INVEST, ECONOMIA \/ POL\u00cdTICA Bahia Economica\",\"breadcrumb\":{\"@id\":\"https:\/\/bahiaeconomica.com.br\/wp\/2021\/11\/03\/potencias-turisticas-da-bahia-sao-apresentadas-em-evento-em-sao-paulo-e-gramado\/#breadcrumb\"},\"inLanguage\":\"pt-BR\",\"potentialAction\":[{\"@type\":\"ReadAction\",\"target\":[\"https:\/\/bahiaeconomica.com.br\/wp\/2021\/11\/03\/potencias-turisticas-da-bahia-sao-apresentadas-em-evento-em-sao-paulo-e-gramado\/\"]}]},{\"@type\":\"BreadcrumbList\",\"@id\":\"https:\/\/bahiaeconomica.com.br\/wp\/2021\/11\/03\/potencias-turisticas-da-bahia-sao-apresentadas-em-evento-em-sao-paulo-e-gramado\/#breadcrumb\",\"itemListElement\":[{\"@type\":\"ListItem\",\"position\":1,\"name\":\"In\u00edcio\",\"item\":\"https:\/\/bahiaeconomica.com.br\/wp\/\"},{\"@type\":\"ListItem\",\"position\":2,\"name\":\"POT\u00caNCIAS TUR\u00cdSTICAS DA BAHIA S\u00c3O APRESENTADAS EM EVENTO EM S\u00c3O PAULO E GRAMADO\"}]},{\"@type\":\"WebSite\",\"@id\":\"https:\/\/bahiaeconomica.com.br\/wp\/#website\",\"url\":\"https:\/\/bahiaeconomica.com.br\/wp\/\",\"name\":\"Bahia Economica\",\"description\":\"O maior portal de Economia da Bahia\",\"publisher\":{\"@id\":\"https:\/\/bahiaeconomica.com.br\/wp\/#organization\"},\"potentialAction\":[{\"@type\":\"SearchAction\",\"target\":{\"@type\":\"EntryPoint\",\"urlTemplate\":\"https:\/\/bahiaeconomica.com.br\/wp\/?s={search_term_string}\"},\"query-input\":\"required name=search_term_string\"}],\"inLanguage\":\"pt-BR\"},{\"@type\":\"Organization\",\"@id\":\"https:\/\/bahiaeconomica.com.br\/wp\/#organization\",\"name\":\"Bahia Econ\u00f4mica\",\"url\":\"https:\/\/bahiaeconomica.com.br\/wp\/\",\"logo\":{\"@type\":\"ImageObject\",\"inLanguage\":\"pt-BR\",\"@id\":\"https:\/\/bahiaeconomica.com.br\/wp\/#\/schema\/logo\/image\/\",\"url\":\"https:\/\/bahiaeconomica.com.br\/wp\/wp-content\/uploads\/2020\/12\/cropped-BE.png\",\"contentUrl\":\"https:\/\/bahiaeconomica.com.br\/wp\/wp-content\/uploads\/2020\/12\/cropped-BE.png\",\"width\":512,\"height\":512,\"caption\":\"Bahia Econ\u00f4mica\"},\"image\":{\"@id\":\"https:\/\/bahiaeconomica.com.br\/wp\/#\/schema\/logo\/image\/\"},\"sameAs\":[\"https:\/\/www.facebook.com\/bahiaeconomica\"]},{\"@type\":\"Person\",\"@id\":\"https:\/\/bahiaeconomica.com.br\/wp\/#\/schema\/person\/cb1ab5ba96ad3d9390805381c76284ec\",\"name\":\"admin\",\"url\":\"https:\/\/bahiaeconomica.com.br\/wp\/author\/admin\/\"}]}<\/script>\n<!-- \/ Yoast SEO plugin. -->","yoast_head_json":{"title":"POT\u00caNCIAS TUR\u00cdSTICAS DA BAHIA S\u00c3O APRESENTADAS EM EVENTO EM S\u00c3O PAULO E GRAMADO - Bahia Economica","description":"O maior portal de Economia da Bahia BAHIA INVEST, ECONOMIA \/ POL\u00cdTICA Bahia Economica","robots":{"index":"index","follow":"follow","max-snippet":"max-snippet:-1","max-image-preview":"max-image-preview:large","max-video-preview":"max-video-preview:-1"},"canonical":"https:\/\/bahiaeconomica.com.br\/wp\/2021\/11\/03\/potencias-turisticas-da-bahia-sao-apresentadas-em-evento-em-sao-paulo-e-gramado\/","og_locale":"pt_BR","og_type":"article","og_title":"POT\u00caNCIAS TUR\u00cdSTICAS DA BAHIA S\u00c3O APRESENTADAS EM EVENTO EM S\u00c3O PAULO E GRAMADO - Bahia Economica","og_description":"O maior portal de Economia da Bahia BAHIA INVEST, ECONOMIA \/ POL\u00cdTICA Bahia Economica","og_url":"https:\/\/bahiaeconomica.com.br\/wp\/2021\/11\/03\/potencias-turisticas-da-bahia-sao-apresentadas-em-evento-em-sao-paulo-e-gramado\/","og_site_name":"Bahia Economica","article_publisher":"https:\/\/www.facebook.com\/bahiaeconomica","article_published_time":"2021-11-03T15:16:33+00:00","article_modified_time":"2021-11-03T17:26:20+00:00","og_image":[{"width":696,"height":464,"url":"https:\/\/bahiaeconomica.com.br\/wp\/wp-content\/uploads\/2021\/11\/Rio-Una-Valenca-696x464-1.jpg","type":"image\/jpeg"}],"author":"admin","twitter_card":"summary_large_image","twitter_misc":{"Escrito por":"admin","Est. tempo de leitura":"1 minuto"},"schema":{"@context":"https:\/\/schema.org","@graph":[{"@type":"Article","@id":"https:\/\/bahiaeconomica.com.br\/wp\/2021\/11\/03\/potencias-turisticas-da-bahia-sao-apresentadas-em-evento-em-sao-paulo-e-gramado\/#article","isPartOf":{"@id":"https:\/\/bahiaeconomica.com.br\/wp\/2021\/11\/03\/potencias-turisticas-da-bahia-sao-apresentadas-em-evento-em-sao-paulo-e-gramado\/"},"author":{"name":"admin","@id":"https:\/\/bahiaeconomica.com.br\/wp\/#\/schema\/person\/cb1ab5ba96ad3d9390805381c76284ec"},"headline":"POT\u00caNCIAS TUR\u00cdSTICAS DA BAHIA S\u00c3O APRESENTADAS EM EVENTO EM S\u00c3O PAULO E GRAMADO","datePublished":"2021-11-03T15:16:33+00:00","dateModified":"2021-11-03T17:26:20+00:00","mainEntityOfPage":{"@id":"https:\/\/bahiaeconomica.com.br\/wp\/2021\/11\/03\/potencias-turisticas-da-bahia-sao-apresentadas-em-evento-em-sao-paulo-e-gramado\/"},"wordCount":266,"publisher":{"@id":"https:\/\/bahiaeconomica.com.br\/wp\/#organization"},"articleSection":["BAHIA INVEST","ECONOMIA \/ POL\u00cdTICA"],"inLanguage":"pt-BR"},{"@type":"WebPage","@id":"https:\/\/bahiaeconomica.com.br\/wp\/2021\/11\/03\/potencias-turisticas-da-bahia-sao-apresentadas-em-evento-em-sao-paulo-e-gramado\/","url":"https:\/\/bahiaeconomica.com.br\/wp\/2021\/11\/03\/potencias-turisticas-da-bahia-sao-apresentadas-em-evento-em-sao-paulo-e-gramado\/","name":"POT\u00caNCIAS TUR\u00cdSTICAS DA BAHIA S\u00c3O APRESENTADAS EM EVENTO EM S\u00c3O PAULO E GRAMADO - Bahia Economica","isPartOf":{"@id":"https:\/\/bahiaeconomica.com.br\/wp\/#website"},"datePublished":"2021-11-03T15:16:33+00:00","dateModified":"2021-11-03T17:26:20+00:00","description":"O maior portal de Economia da Bahia BAHIA INVEST, ECONOMIA \/ POL\u00cdTICA Bahia Economica","breadcrumb":{"@id":"https:\/\/bahiaeconomica.com.br\/wp\/2021\/11\/03\/potencias-turisticas-da-bahia-sao-apresentadas-em-evento-em-sao-paulo-e-gramado\/#breadcrumb"},"inLanguage":"pt-BR","potentialAction":[{"@type":"ReadAction","target":["https:\/\/bahiaeconomica.com.br\/wp\/2021\/11\/03\/potencias-turisticas-da-bahia-sao-apresentadas-em-evento-em-sao-paulo-e-gramado\/"]}]},{"@type":"BreadcrumbList","@id":"https:\/\/bahiaeconomica.com.br\/wp\/2021\/11\/03\/potencias-turisticas-da-bahia-sao-apresentadas-em-evento-em-sao-paulo-e-gramado\/#breadcrumb","itemListElement":[{"@type":"ListItem","position":1,"name":"In\u00edcio","item":"https:\/\/bahiaeconomica.com.br\/wp\/"},{"@type":"ListItem","position":2,"name":"POT\u00caNCIAS TUR\u00cdSTICAS DA BAHIA S\u00c3O APRESENTADAS EM EVENTO EM S\u00c3O PAULO E GRAMADO"}]},{"@type":"WebSite","@id":"https:\/\/bahiaeconomica.com.br\/wp\/#website","url":"https:\/\/bahiaeconomica.com.br\/wp\/","name":"Bahia Economica","description":"O maior portal de Economia da Bahia","publisher":{"@id":"https:\/\/bahiaeconomica.com.br\/wp\/#organization"},"potentialAction":[{"@type":"SearchAction","target":{"@type":"EntryPoint","urlTemplate":"https:\/\/bahiaeconomica.com.br\/wp\/?s={search_term_string}"},"query-input":"required name=search_term_string"}],"inLanguage":"pt-BR"},{"@type":"Organization","@id":"https:\/\/bahiaeconomica.com.br\/wp\/#organization","name":"Bahia Econ\u00f4mica","url":"https:\/\/bahiaeconomica.com.br\/wp\/","logo":{"@type":"ImageObject","inLanguage":"pt-BR","@id":"https:\/\/bahiaeconomica.com.br\/wp\/#\/schema\/logo\/image\/","url":"https:\/\/bahiaeconomica.com.br\/wp\/wp-content\/uploads\/2020\/12\/cropped-BE.png","contentUrl":"https:\/\/bahiaeconomica.com.br\/wp\/wp-content\/uploads\/2020\/12\/cropped-BE.png","width":512,"height":512,"caption":"Bahia Econ\u00f4mica"},"image":{"@id":"https:\/\/bahiaeconomica.com.br\/wp\/#\/schema\/logo\/image\/"},"sameAs":["https:\/\/www.facebook.com\/bahiaeconomica"]},{"@type":"Person","@id":"https:\/\/bahiaeconomica.com.br\/wp\/#\/schema\/person\/cb1ab5ba96ad3d9390805381c76284ec","name":"admin","url":"https:\/\/bahiaeconomica.com.br\/wp\/author\/admin\/"}]}},"views":57,"_links":{"self":[{"href":"https:\/\/bahiaeconomica.com.br\/wp\/wp-json\/wp\/v2\/posts\/613818"}],"collection":[{"href":"https:\/\/bahiaeconomica.com.br\/wp\/wp-json\/wp\/v2\/posts"}],"about":[{"href":"https:\/\/bahiaeconomica.com.br\/wp\/wp-json\/wp\/v2\/types\/post"}],"author":[{"embeddable":true,"href":"https:\/\/bahiaeconomica.com.br\/wp\/wp-json\/wp\/v2\/users\/1"}],"replies":[{"embeddable":true,"href":"https:\/\/bahiaeconomica.com.br\/wp\/wp-json\/wp\/v2\/comments?post=613818"}],"version-history":[{"count":1,"href":"https:\/\/bahiaeconomica.com.br\/wp\/wp-json\/wp\/v2\/posts\/613818\/revisions"}],"predecessor-version":[{"id":613821,"href":"https:\/\/bahiaeconomica.com.br\/wp\/wp-json\/wp\/v2\/posts\/613818\/revisions\/613821"}],"wp:featuredmedia":[{"embeddable":true,"href":"https:\/\/bahiaeconomica.com.br\/wp\/wp-json\/wp\/v2\/media\/613820"}],"wp:attachment":[{"href":"https:\/\/bahiaeconomica.com.br\/wp\/wp-json\/wp\/v2\/media?parent=613818"}],"wp:term":[{"taxonomy":"category","embeddable":true,"href":"https:\/\/bahiaeconomica.com.br\/wp\/wp-json\/wp\/v2\/categories?post=613818"},{"taxonomy":"post_tag","embeddable":true,"href":"https:\/\/bahiaeconomica.com.br\/wp\/wp-json\/wp\/v2\/tags?post=613818"}],"curies":[{"name":"wp","href":"https:\/\/api.w.org\/{rel}","templated":true}]}}