{"id":613220,"date":"2021-11-01T07:21:33","date_gmt":"2021-11-01T10:21:33","guid":{"rendered":"https:\/\/bahiaeconomica.com.br\/wp\/beta\/?p=613220"},"modified":"2021-11-01T08:18:29","modified_gmt":"2021-11-01T11:18:29","slug":"brasil-preve-aumentar-meta-de-reducao-de-emissoes-ate-2030","status":"publish","type":"post","link":"https:\/\/bahiaeconomica.com.br\/wp\/2021\/11\/01\/brasil-preve-aumentar-meta-de-reducao-de-emissoes-ate-2030\/","title":{"rendered":"BRASIL PREV\u00ca AUMENTAR META DE REDU\u00c7\u00c3O DE EMISS\u00d5ES AT\u00c9 2030"},"content":{"rendered":"<p>O Brasil deve elevar sua meta de redu\u00e7\u00e3o de gases do efeito estufa. O governo brasileiro j\u00e1 comunicou a decis\u00e3o \u00e0 secret\u00e1ria-executiva da Conven\u00e7\u00e3o Quadro das Na\u00e7\u00f5es Unidas <!--more-->sobre Mudan\u00e7a Clim\u00e1tica (UNFCCC), Patricia Espinosa. O an\u00fancio dever\u00e1 ser feito amanh\u00e3 de manh\u00e3 (hor\u00e1rio de Bras\u00edlia), em um v\u00eddeo gravado na quinta-feira (28) pelo presidente Jair Bolsonaro (sem partido), com legendas em ingl\u00eas. Ele ser\u00e1 exibido no stand da Confedera\u00e7\u00e3o Nacional da Ind\u00fastria (CNI), na Confer\u00eancia sobre Mudan\u00e7a Clim\u00e1tica (COP26), em Glasgow.<\/p>\n<p>A meta atual para 2030 \u00e9 43%. O novo n\u00famero ainda est\u00e1 em discuss\u00e3o, mas deve ficar entre 45% e 48%. O Brasil est\u00e1 sob press\u00e3o para elevar sua meta, depois que v\u00e1rios pa\u00edses aumentaram as suas, diante de novas evid\u00eancias cient\u00edficas de que as atuais n\u00e3o s\u00e3o suficientes para manter o aquecimento global em no m\u00e1ximo 2\u00baC at\u00e9 2050, e preferencialmente 1,5\u00baC \u2014 a meta do Acordo de Paris, de 2015.<\/p>\n<p>Foto: divulga\u00e7\u00e3o<\/p>\n","protected":false},"excerpt":{"rendered":"<p>O Brasil deve elevar sua meta de redu\u00e7\u00e3o de gases do efeito estufa. O governo brasileiro j\u00e1 comunicou a decis\u00e3o \u00e0 secret\u00e1ria-executiva da Conven\u00e7\u00e3o Quadro das Na\u00e7\u00f5es Unidas<\/p>\n","protected":false},"author":1,"featured_media":416625,"comment_status":"closed","ping_status":"closed","sticky":false,"template":"","format":"standard","meta":[],"categories":[14,3,21],"tags":[],"acf":[],"yoast_head":"<!-- This site is optimized with the Yoast SEO plugin v20.8 - https:\/\/yoast.com\/wordpress\/plugins\/seo\/ -->\n<title>BRASIL PREV\u00ca AUMENTAR META DE REDU\u00c7\u00c3O DE EMISS\u00d5ES AT\u00c9 2030 - Bahia Economica<\/title>\n<meta name=\"description\" content=\"O maior portal de Economia da Bahia DESTAQUE DO DIA, ECONOMIA \/ POL\u00cdTICA, Sa\u00fade \/ Educa\u00e7\u00e3o Bahia Economica\" \/>\n<meta name=\"robots\" content=\"index, follow, max-snippet:-1, max-image-preview:large, max-video-preview:-1\" \/>\n<link rel=\"canonical\" href=\"https:\/\/bahiaeconomica.com.br\/wp\/2021\/11\/01\/brasil-preve-aumentar-meta-de-reducao-de-emissoes-ate-2030\/\" \/>\n<meta property=\"og:locale\" content=\"pt_BR\" \/>\n<meta property=\"og:type\" content=\"article\" \/>\n<meta property=\"og:title\" content=\"BRASIL PREV\u00ca AUMENTAR META DE REDU\u00c7\u00c3O DE EMISS\u00d5ES AT\u00c9 2030 - Bahia Economica\" \/>\n<meta property=\"og:description\" content=\"O maior portal de Economia da Bahia DESTAQUE DO DIA, ECONOMIA \/ POL\u00cdTICA, Sa\u00fade \/ Educa\u00e7\u00e3o Bahia Economica\" \/>\n<meta property=\"og:url\" content=\"https:\/\/bahiaeconomica.com.br\/wp\/2021\/11\/01\/brasil-preve-aumentar-meta-de-reducao-de-emissoes-ate-2030\/\" \/>\n<meta property=\"og:site_name\" content=\"Bahia Economica\" \/>\n<meta property=\"article:publisher\" content=\"https:\/\/www.facebook.com\/bahiaeconomica\" \/>\n<meta property=\"article:published_time\" content=\"2021-11-01T10:21:33+00:00\" \/>\n<meta property=\"article:modified_time\" content=\"2021-11-01T11:18:29+00:00\" \/>\n<meta property=\"og:image\" content=\"https:\/\/bahiaeconomica.com.br\/wp\/wp-content\/uploads\/2019\/11\/970802-barqueata_0354eeeeeeeeeeeeeee.jpg\" \/>\n\t<meta property=\"og:image:width\" content=\"500\" \/>\n\t<meta property=\"og:image:height\" content=\"300\" \/>\n\t<meta property=\"og:image:type\" content=\"image\/jpeg\" \/>\n<meta name=\"author\" content=\"admin\" \/>\n<meta name=\"twitter:card\" content=\"summary_large_image\" \/>\n<meta name=\"twitter:label1\" content=\"Escrito por\" \/>\n\t<meta name=\"twitter:data1\" content=\"admin\" \/>\n\t<meta name=\"twitter:label2\" content=\"Est. tempo de leitura\" \/>\n\t<meta name=\"twitter:data2\" content=\"1 minuto\" \/>\n<script type=\"application\/ld+json\" class=\"yoast-schema-graph\">{\"@context\":\"https:\/\/schema.org\",\"@graph\":[{\"@type\":\"Article\",\"@id\":\"https:\/\/bahiaeconomica.com.br\/wp\/2021\/11\/01\/brasil-preve-aumentar-meta-de-reducao-de-emissoes-ate-2030\/#article\",\"isPartOf\":{\"@id\":\"https:\/\/bahiaeconomica.com.br\/wp\/2021\/11\/01\/brasil-preve-aumentar-meta-de-reducao-de-emissoes-ate-2030\/\"},\"author\":{\"name\":\"admin\",\"@id\":\"https:\/\/bahiaeconomica.com.br\/wp\/#\/schema\/person\/cb1ab5ba96ad3d9390805381c76284ec\"},\"headline\":\"BRASIL PREV\u00ca AUMENTAR META DE REDU\u00c7\u00c3O DE EMISS\u00d5ES AT\u00c9 2030\",\"datePublished\":\"2021-11-01T10:21:33+00:00\",\"dateModified\":\"2021-11-01T11:18:29+00:00\",\"mainEntityOfPage\":{\"@id\":\"https:\/\/bahiaeconomica.com.br\/wp\/2021\/11\/01\/brasil-preve-aumentar-meta-de-reducao-de-emissoes-ate-2030\/\"},\"wordCount\":184,\"publisher\":{\"@id\":\"https:\/\/bahiaeconomica.com.br\/wp\/#organization\"},\"articleSection\":[\"DESTAQUE DO DIA\",\"ECONOMIA \/ POL\u00cdTICA\",\"Sa\u00fade \/ Educa\u00e7\u00e3o\"],\"inLanguage\":\"pt-BR\"},{\"@type\":\"WebPage\",\"@id\":\"https:\/\/bahiaeconomica.com.br\/wp\/2021\/11\/01\/brasil-preve-aumentar-meta-de-reducao-de-emissoes-ate-2030\/\",\"url\":\"https:\/\/bahiaeconomica.com.br\/wp\/2021\/11\/01\/brasil-preve-aumentar-meta-de-reducao-de-emissoes-ate-2030\/\",\"name\":\"BRASIL PREV\u00ca AUMENTAR META DE REDU\u00c7\u00c3O DE EMISS\u00d5ES AT\u00c9 2030 - Bahia Economica\",\"isPartOf\":{\"@id\":\"https:\/\/bahiaeconomica.com.br\/wp\/#website\"},\"datePublished\":\"2021-11-01T10:21:33+00:00\",\"dateModified\":\"2021-11-01T11:18:29+00:00\",\"description\":\"O maior portal de Economia da Bahia DESTAQUE DO DIA, ECONOMIA \/ POL\u00cdTICA, Sa\u00fade \/ Educa\u00e7\u00e3o Bahia Economica\",\"breadcrumb\":{\"@id\":\"https:\/\/bahiaeconomica.com.br\/wp\/2021\/11\/01\/brasil-preve-aumentar-meta-de-reducao-de-emissoes-ate-2030\/#breadcrumb\"},\"inLanguage\":\"pt-BR\",\"potentialAction\":[{\"@type\":\"ReadAction\",\"target\":[\"https:\/\/bahiaeconomica.com.br\/wp\/2021\/11\/01\/brasil-preve-aumentar-meta-de-reducao-de-emissoes-ate-2030\/\"]}]},{\"@type\":\"BreadcrumbList\",\"@id\":\"https:\/\/bahiaeconomica.com.br\/wp\/2021\/11\/01\/brasil-preve-aumentar-meta-de-reducao-de-emissoes-ate-2030\/#breadcrumb\",\"itemListElement\":[{\"@type\":\"ListItem\",\"position\":1,\"name\":\"In\u00edcio\",\"item\":\"https:\/\/bahiaeconomica.com.br\/wp\/\"},{\"@type\":\"ListItem\",\"position\":2,\"name\":\"BRASIL PREV\u00ca AUMENTAR META DE REDU\u00c7\u00c3O DE EMISS\u00d5ES AT\u00c9 2030\"}]},{\"@type\":\"WebSite\",\"@id\":\"https:\/\/bahiaeconomica.com.br\/wp\/#website\",\"url\":\"https:\/\/bahiaeconomica.com.br\/wp\/\",\"name\":\"Bahia Economica\",\"description\":\"O maior portal de Economia da Bahia\",\"publisher\":{\"@id\":\"https:\/\/bahiaeconomica.com.br\/wp\/#organization\"},\"potentialAction\":[{\"@type\":\"SearchAction\",\"target\":{\"@type\":\"EntryPoint\",\"urlTemplate\":\"https:\/\/bahiaeconomica.com.br\/wp\/?s={search_term_string}\"},\"query-input\":\"required name=search_term_string\"}],\"inLanguage\":\"pt-BR\"},{\"@type\":\"Organization\",\"@id\":\"https:\/\/bahiaeconomica.com.br\/wp\/#organization\",\"name\":\"Bahia Econ\u00f4mica\",\"url\":\"https:\/\/bahiaeconomica.com.br\/wp\/\",\"logo\":{\"@type\":\"ImageObject\",\"inLanguage\":\"pt-BR\",\"@id\":\"https:\/\/bahiaeconomica.com.br\/wp\/#\/schema\/logo\/image\/\",\"url\":\"https:\/\/bahiaeconomica.com.br\/wp\/wp-content\/uploads\/2020\/12\/cropped-BE.png\",\"contentUrl\":\"https:\/\/bahiaeconomica.com.br\/wp\/wp-content\/uploads\/2020\/12\/cropped-BE.png\",\"width\":512,\"height\":512,\"caption\":\"Bahia Econ\u00f4mica\"},\"image\":{\"@id\":\"https:\/\/bahiaeconomica.com.br\/wp\/#\/schema\/logo\/image\/\"},\"sameAs\":[\"https:\/\/www.facebook.com\/bahiaeconomica\"]},{\"@type\":\"Person\",\"@id\":\"https:\/\/bahiaeconomica.com.br\/wp\/#\/schema\/person\/cb1ab5ba96ad3d9390805381c76284ec\",\"name\":\"admin\",\"url\":\"https:\/\/bahiaeconomica.com.br\/wp\/author\/admin\/\"}]}<\/script>\n<!-- \/ Yoast SEO plugin. -->","yoast_head_json":{"title":"BRASIL PREV\u00ca AUMENTAR META DE REDU\u00c7\u00c3O DE EMISS\u00d5ES AT\u00c9 2030 - Bahia Economica","description":"O maior portal de Economia da Bahia DESTAQUE DO DIA, ECONOMIA \/ POL\u00cdTICA, Sa\u00fade \/ Educa\u00e7\u00e3o Bahia Economica","robots":{"index":"index","follow":"follow","max-snippet":"max-snippet:-1","max-image-preview":"max-image-preview:large","max-video-preview":"max-video-preview:-1"},"canonical":"https:\/\/bahiaeconomica.com.br\/wp\/2021\/11\/01\/brasil-preve-aumentar-meta-de-reducao-de-emissoes-ate-2030\/","og_locale":"pt_BR","og_type":"article","og_title":"BRASIL PREV\u00ca AUMENTAR META DE REDU\u00c7\u00c3O DE EMISS\u00d5ES AT\u00c9 2030 - Bahia Economica","og_description":"O maior portal de Economia da Bahia DESTAQUE DO DIA, ECONOMIA \/ POL\u00cdTICA, Sa\u00fade \/ Educa\u00e7\u00e3o Bahia Economica","og_url":"https:\/\/bahiaeconomica.com.br\/wp\/2021\/11\/01\/brasil-preve-aumentar-meta-de-reducao-de-emissoes-ate-2030\/","og_site_name":"Bahia Economica","article_publisher":"https:\/\/www.facebook.com\/bahiaeconomica","article_published_time":"2021-11-01T10:21:33+00:00","article_modified_time":"2021-11-01T11:18:29+00:00","og_image":[{"width":500,"height":300,"url":"https:\/\/bahiaeconomica.com.br\/wp\/wp-content\/uploads\/2019\/11\/970802-barqueata_0354eeeeeeeeeeeeeee.jpg","type":"image\/jpeg"}],"author":"admin","twitter_card":"summary_large_image","twitter_misc":{"Escrito por":"admin","Est. tempo de leitura":"1 minuto"},"schema":{"@context":"https:\/\/schema.org","@graph":[{"@type":"Article","@id":"https:\/\/bahiaeconomica.com.br\/wp\/2021\/11\/01\/brasil-preve-aumentar-meta-de-reducao-de-emissoes-ate-2030\/#article","isPartOf":{"@id":"https:\/\/bahiaeconomica.com.br\/wp\/2021\/11\/01\/brasil-preve-aumentar-meta-de-reducao-de-emissoes-ate-2030\/"},"author":{"name":"admin","@id":"https:\/\/bahiaeconomica.com.br\/wp\/#\/schema\/person\/cb1ab5ba96ad3d9390805381c76284ec"},"headline":"BRASIL PREV\u00ca AUMENTAR META DE REDU\u00c7\u00c3O DE EMISS\u00d5ES AT\u00c9 2030","datePublished":"2021-11-01T10:21:33+00:00","dateModified":"2021-11-01T11:18:29+00:00","mainEntityOfPage":{"@id":"https:\/\/bahiaeconomica.com.br\/wp\/2021\/11\/01\/brasil-preve-aumentar-meta-de-reducao-de-emissoes-ate-2030\/"},"wordCount":184,"publisher":{"@id":"https:\/\/bahiaeconomica.com.br\/wp\/#organization"},"articleSection":["DESTAQUE DO DIA","ECONOMIA \/ POL\u00cdTICA","Sa\u00fade \/ Educa\u00e7\u00e3o"],"inLanguage":"pt-BR"},{"@type":"WebPage","@id":"https:\/\/bahiaeconomica.com.br\/wp\/2021\/11\/01\/brasil-preve-aumentar-meta-de-reducao-de-emissoes-ate-2030\/","url":"https:\/\/bahiaeconomica.com.br\/wp\/2021\/11\/01\/brasil-preve-aumentar-meta-de-reducao-de-emissoes-ate-2030\/","name":"BRASIL PREV\u00ca AUMENTAR META DE REDU\u00c7\u00c3O DE EMISS\u00d5ES AT\u00c9 2030 - Bahia Economica","isPartOf":{"@id":"https:\/\/bahiaeconomica.com.br\/wp\/#website"},"datePublished":"2021-11-01T10:21:33+00:00","dateModified":"2021-11-01T11:18:29+00:00","description":"O maior portal de Economia da Bahia DESTAQUE DO DIA, ECONOMIA \/ POL\u00cdTICA, Sa\u00fade \/ Educa\u00e7\u00e3o Bahia Economica","breadcrumb":{"@id":"https:\/\/bahiaeconomica.com.br\/wp\/2021\/11\/01\/brasil-preve-aumentar-meta-de-reducao-de-emissoes-ate-2030\/#breadcrumb"},"inLanguage":"pt-BR","potentialAction":[{"@type":"ReadAction","target":["https:\/\/bahiaeconomica.com.br\/wp\/2021\/11\/01\/brasil-preve-aumentar-meta-de-reducao-de-emissoes-ate-2030\/"]}]},{"@type":"BreadcrumbList","@id":"https:\/\/bahiaeconomica.com.br\/wp\/2021\/11\/01\/brasil-preve-aumentar-meta-de-reducao-de-emissoes-ate-2030\/#breadcrumb","itemListElement":[{"@type":"ListItem","position":1,"name":"In\u00edcio","item":"https:\/\/bahiaeconomica.com.br\/wp\/"},{"@type":"ListItem","position":2,"name":"BRASIL PREV\u00ca AUMENTAR META DE REDU\u00c7\u00c3O DE EMISS\u00d5ES AT\u00c9 2030"}]},{"@type":"WebSite","@id":"https:\/\/bahiaeconomica.com.br\/wp\/#website","url":"https:\/\/bahiaeconomica.com.br\/wp\/","name":"Bahia Economica","description":"O maior portal de Economia da Bahia","publisher":{"@id":"https:\/\/bahiaeconomica.com.br\/wp\/#organization"},"potentialAction":[{"@type":"SearchAction","target":{"@type":"EntryPoint","urlTemplate":"https:\/\/bahiaeconomica.com.br\/wp\/?s={search_term_string}"},"query-input":"required name=search_term_string"}],"inLanguage":"pt-BR"},{"@type":"Organization","@id":"https:\/\/bahiaeconomica.com.br\/wp\/#organization","name":"Bahia Econ\u00f4mica","url":"https:\/\/bahiaeconomica.com.br\/wp\/","logo":{"@type":"ImageObject","inLanguage":"pt-BR","@id":"https:\/\/bahiaeconomica.com.br\/wp\/#\/schema\/logo\/image\/","url":"https:\/\/bahiaeconomica.com.br\/wp\/wp-content\/uploads\/2020\/12\/cropped-BE.png","contentUrl":"https:\/\/bahiaeconomica.com.br\/wp\/wp-content\/uploads\/2020\/12\/cropped-BE.png","width":512,"height":512,"caption":"Bahia Econ\u00f4mica"},"image":{"@id":"https:\/\/bahiaeconomica.com.br\/wp\/#\/schema\/logo\/image\/"},"sameAs":["https:\/\/www.facebook.com\/bahiaeconomica"]},{"@type":"Person","@id":"https:\/\/bahiaeconomica.com.br\/wp\/#\/schema\/person\/cb1ab5ba96ad3d9390805381c76284ec","name":"admin","url":"https:\/\/bahiaeconomica.com.br\/wp\/author\/admin\/"}]}},"views":1,"_links":{"self":[{"href":"https:\/\/bahiaeconomica.com.br\/wp\/wp-json\/wp\/v2\/posts\/613220"}],"collection":[{"href":"https:\/\/bahiaeconomica.com.br\/wp\/wp-json\/wp\/v2\/posts"}],"about":[{"href":"https:\/\/bahiaeconomica.com.br\/wp\/wp-json\/wp\/v2\/types\/post"}],"author":[{"embeddable":true,"href":"https:\/\/bahiaeconomica.com.br\/wp\/wp-json\/wp\/v2\/users\/1"}],"replies":[{"embeddable":true,"href":"https:\/\/bahiaeconomica.com.br\/wp\/wp-json\/wp\/v2\/comments?post=613220"}],"version-history":[{"count":1,"href":"https:\/\/bahiaeconomica.com.br\/wp\/wp-json\/wp\/v2\/posts\/613220\/revisions"}],"predecessor-version":[{"id":613222,"href":"https:\/\/bahiaeconomica.com.br\/wp\/wp-json\/wp\/v2\/posts\/613220\/revisions\/613222"}],"wp:featuredmedia":[{"embeddable":true,"href":"https:\/\/bahiaeconomica.com.br\/wp\/wp-json\/wp\/v2\/media\/416625"}],"wp:attachment":[{"href":"https:\/\/bahiaeconomica.com.br\/wp\/wp-json\/wp\/v2\/media?parent=613220"}],"wp:term":[{"taxonomy":"category","embeddable":true,"href":"https:\/\/bahiaeconomica.com.br\/wp\/wp-json\/wp\/v2\/categories?post=613220"},{"taxonomy":"post_tag","embeddable":true,"href":"https:\/\/bahiaeconomica.com.br\/wp\/wp-json\/wp\/v2\/tags?post=613220"}],"curies":[{"name":"wp","href":"https:\/\/api.w.org\/{rel}","templated":true}]}}