{"id":612241,"date":"2021-10-27T11:00:21","date_gmt":"2021-10-27T14:00:21","guid":{"rendered":"https:\/\/bahiaeconomica.com.br\/wp\/beta\/?p=612241"},"modified":"2021-10-27T11:09:08","modified_gmt":"2021-10-27T14:09:08","slug":"ilheus-capacitacao-profissional-e-oferecida-a-200-moradores","status":"publish","type":"post","link":"https:\/\/bahiaeconomica.com.br\/wp\/2021\/10\/27\/ilheus-capacitacao-profissional-e-oferecida-a-200-moradores\/","title":{"rendered":"ILH\u00c9US: CAPACITA\u00c7\u00c3O PROFISSIONAL \u00c9 OFERECIDA A 200 MORADORES"},"content":{"rendered":"<p>Duzentos profissionais ser\u00e3o capacitados at\u00e9 o final deste ano por meio do Canteiro Escola, uma iniciativa da BAMIN, em parceria com o SENAI e a empreiteira EMPA, que transforma o <!--more-->canteiro de obras do Porto Sul, em Ilh\u00e9us, em sala de aula te\u00f3rica e pr\u00e1tica para profiss\u00f5es ligadas \u00e0 constru\u00e7\u00e3o civil. As primeiras turmas foram conclu\u00eddas e novos estudantes seguem com aulas at\u00e9 dezembro.<\/p>\n<p>S\u00e3o oferecidos cinco cursos 100% gratuitos: auxiliar civil, motorista de obra da constru\u00e7\u00e3o civil, opera\u00e7\u00e3o de escavadeira e retroescavadeira, opera\u00e7\u00e3o de trator e esteira, e opera\u00e7\u00e3o de rolo compressor. Todos os alunos receberam camisas, material de estudo, estrutura de transporte e equipamento de prote\u00e7\u00e3o individual (EPI). Al\u00e9m disso, foi oferecido diariamente lanche, ambiente confort\u00e1vel e acesso aos maquin\u00e1rios, mat\u00e9rias-primas e insumos necess\u00e1rios ao aprendizado pr\u00e1tico.<\/p>\n<p>A BAMIN j\u00e1 est\u00e1 contratando profissionais formados no Canteiro Escola, iniciativa que amplia o n\u00famero de moradores de Ilh\u00e9us envolvidos na obra. Um dos primeiros beneficiados \u00e9 Jefferson Silva, 36 anos, que terminou o curso de motorista de obra da constru\u00e7\u00e3o civil e se prepara para assumir o of\u00edcio na BAMIN.<\/p>\n<p>Desempregado desde 2019 e com oito anos de experi\u00eancia como motorista de carreto, Jefferson encontrou no Canteiro Escola a oportunidade de se qualificar e encarar novos desafios profissionais. \u201cAl\u00e9m de ter aprendido muito no curso, recebi palavras de incentivo. \u00c9 bom saber que terei a oportunidade de trabalhar perto de casa\u201d, comenta.<\/p>\n<p>INCLUS\u00c3O \u2013 Outra parte do contingente treinado no Canteiro Escola poder\u00e1 ser absorvido por obras na regi\u00e3o, como a amplia\u00e7\u00e3o da rodovia Ilh\u00e9us-Itabuna, do governo do Estado da Bahia. Para a gerente geral de Meio Ambiente e Relacionamento com Comunidades do Porto Sul, Caroline Azevedo, a qualifica\u00e7\u00e3o promovida pelo Canteiro Escola fornece conhecimento e abre portas no mercado de trabalho.<\/p>\n<p>\u201cEste \u00e9 mais um legado vivo que o Porto Sul deixar\u00e1: a capacita\u00e7\u00e3o e a forma\u00e7\u00e3o de trabalhadores, dando mais chances de empregabilidade para quem vive na regi\u00e3o\u201d, afirma.<\/p>\n<p>O Canteiro Escola revela tamb\u00e9m a for\u00e7a das mulheres no mercado de trabalho. Na primeira turma, a participa\u00e7\u00e3o feminina representou 60%, como foi o caso de Adriana Martins, 38 anos, aluna do curso de auxiliar civil. Desligada h\u00e1 oito meses do emprego como recepcionista, Aline ajuda no sustento familiar como peixeira na Central de Abastecimento do Malhado. Ap\u00f3s participar do Canteiro Escola, planeja sua carreira em outro setor. \u201cAdquiri conhecimento e, agora, sigo em busca do crescimento financeiro e profissional\u201d, assinala.<\/p>\n<p>SOBRE O CANTEIRO ESCOLA<\/p>\n<p>O projeto Canteiro Escola \u00e9 uma iniciativa da BAMIN e acontece em parceria com o SENAI e a EMPA. Professores do SENAI est\u00e3o \u00e0 frente das aulas e a EMPA oferece a log\u00edstica para o funcionamento dos cursos (eletricidade, climatiza\u00e7\u00e3o, internet, banheiros etc), al\u00e9m de fornecer equipamentos paras aulas pr\u00e1ticas.<\/p>\n<p>Foto: divulga\u00e7\u00e3o<\/p>\n","protected":false},"excerpt":{"rendered":"<p>Duzentos profissionais ser\u00e3o capacitados at\u00e9 o final deste ano por meio do Canteiro Escola, uma iniciativa da BAMIN, em parceria com o SENAI e a empreiteira EMPA, que transforma o<\/p>\n","protected":false},"author":1,"featured_media":612243,"comment_status":"closed","ping_status":"closed","sticky":false,"template":"","format":"standard","meta":[],"categories":[14,3,8],"tags":[],"acf":[],"yoast_head":"<!-- This site is optimized with the Yoast SEO plugin v20.8 - https:\/\/yoast.com\/wordpress\/plugins\/seo\/ -->\n<title>ILH\u00c9US: CAPACITA\u00c7\u00c3O PROFISSIONAL \u00c9 OFERECIDA A 200 MORADORES - Bahia Economica<\/title>\n<meta name=\"description\" content=\"O maior portal de Economia da Bahia DESTAQUE DO DIA, ECONOMIA \/ POL\u00cdTICA, EMPREGOS \/ CONCURSOS Bahia Economica\" \/>\n<meta name=\"robots\" content=\"index, follow, max-snippet:-1, max-image-preview:large, max-video-preview:-1\" \/>\n<link rel=\"canonical\" href=\"https:\/\/bahiaeconomica.com.br\/wp\/2021\/10\/27\/ilheus-capacitacao-profissional-e-oferecida-a-200-moradores\/\" \/>\n<meta property=\"og:locale\" content=\"pt_BR\" \/>\n<meta property=\"og:type\" content=\"article\" \/>\n<meta property=\"og:title\" content=\"ILH\u00c9US: CAPACITA\u00c7\u00c3O PROFISSIONAL \u00c9 OFERECIDA A 200 MORADORES - Bahia Economica\" \/>\n<meta property=\"og:description\" content=\"O maior portal de Economia da Bahia DESTAQUE DO DIA, ECONOMIA \/ POL\u00cdTICA, EMPREGOS \/ CONCURSOS Bahia Economica\" \/>\n<meta property=\"og:url\" content=\"https:\/\/bahiaeconomica.com.br\/wp\/2021\/10\/27\/ilheus-capacitacao-profissional-e-oferecida-a-200-moradores\/\" \/>\n<meta property=\"og:site_name\" content=\"Bahia Economica\" \/>\n<meta property=\"article:publisher\" content=\"https:\/\/www.facebook.com\/bahiaeconomica\" \/>\n<meta property=\"article:published_time\" content=\"2021-10-27T14:00:21+00:00\" \/>\n<meta property=\"article:modified_time\" content=\"2021-10-27T14:09:08+00:00\" \/>\n<meta property=\"og:image\" content=\"https:\/\/bahiaeconomica.com.br\/wp\/wp-content\/uploads\/2021\/10\/JeffersonSilva_alunoCanteiroEscola-300x226-1.jpeg\" \/>\n\t<meta property=\"og:image:width\" content=\"300\" \/>\n\t<meta property=\"og:image:height\" content=\"226\" \/>\n\t<meta property=\"og:image:type\" content=\"image\/jpeg\" \/>\n<meta name=\"author\" content=\"admin\" \/>\n<meta name=\"twitter:card\" content=\"summary_large_image\" \/>\n<meta name=\"twitter:label1\" content=\"Escrito por\" \/>\n\t<meta name=\"twitter:data1\" content=\"admin\" \/>\n\t<meta name=\"twitter:label2\" content=\"Est. tempo de leitura\" \/>\n\t<meta name=\"twitter:data2\" content=\"2 minutos\" \/>\n<script type=\"application\/ld+json\" class=\"yoast-schema-graph\">{\"@context\":\"https:\/\/schema.org\",\"@graph\":[{\"@type\":\"Article\",\"@id\":\"https:\/\/bahiaeconomica.com.br\/wp\/2021\/10\/27\/ilheus-capacitacao-profissional-e-oferecida-a-200-moradores\/#article\",\"isPartOf\":{\"@id\":\"https:\/\/bahiaeconomica.com.br\/wp\/2021\/10\/27\/ilheus-capacitacao-profissional-e-oferecida-a-200-moradores\/\"},\"author\":{\"name\":\"admin\",\"@id\":\"https:\/\/bahiaeconomica.com.br\/wp\/#\/schema\/person\/cb1ab5ba96ad3d9390805381c76284ec\"},\"headline\":\"ILH\u00c9US: CAPACITA\u00c7\u00c3O PROFISSIONAL \u00c9 OFERECIDA A 200 MORADORES\",\"datePublished\":\"2021-10-27T14:00:21+00:00\",\"dateModified\":\"2021-10-27T14:09:08+00:00\",\"mainEntityOfPage\":{\"@id\":\"https:\/\/bahiaeconomica.com.br\/wp\/2021\/10\/27\/ilheus-capacitacao-profissional-e-oferecida-a-200-moradores\/\"},\"wordCount\":497,\"publisher\":{\"@id\":\"https:\/\/bahiaeconomica.com.br\/wp\/#organization\"},\"articleSection\":[\"DESTAQUE DO DIA\",\"ECONOMIA \/ POL\u00cdTICA\",\"EMPREGOS \/ CONCURSOS\"],\"inLanguage\":\"pt-BR\"},{\"@type\":\"WebPage\",\"@id\":\"https:\/\/bahiaeconomica.com.br\/wp\/2021\/10\/27\/ilheus-capacitacao-profissional-e-oferecida-a-200-moradores\/\",\"url\":\"https:\/\/bahiaeconomica.com.br\/wp\/2021\/10\/27\/ilheus-capacitacao-profissional-e-oferecida-a-200-moradores\/\",\"name\":\"ILH\u00c9US: CAPACITA\u00c7\u00c3O PROFISSIONAL \u00c9 OFERECIDA A 200 MORADORES - Bahia Economica\",\"isPartOf\":{\"@id\":\"https:\/\/bahiaeconomica.com.br\/wp\/#website\"},\"datePublished\":\"2021-10-27T14:00:21+00:00\",\"dateModified\":\"2021-10-27T14:09:08+00:00\",\"description\":\"O maior portal de Economia da Bahia DESTAQUE DO DIA, ECONOMIA \/ POL\u00cdTICA, EMPREGOS \/ CONCURSOS Bahia Economica\",\"breadcrumb\":{\"@id\":\"https:\/\/bahiaeconomica.com.br\/wp\/2021\/10\/27\/ilheus-capacitacao-profissional-e-oferecida-a-200-moradores\/#breadcrumb\"},\"inLanguage\":\"pt-BR\",\"potentialAction\":[{\"@type\":\"ReadAction\",\"target\":[\"https:\/\/bahiaeconomica.com.br\/wp\/2021\/10\/27\/ilheus-capacitacao-profissional-e-oferecida-a-200-moradores\/\"]}]},{\"@type\":\"BreadcrumbList\",\"@id\":\"https:\/\/bahiaeconomica.com.br\/wp\/2021\/10\/27\/ilheus-capacitacao-profissional-e-oferecida-a-200-moradores\/#breadcrumb\",\"itemListElement\":[{\"@type\":\"ListItem\",\"position\":1,\"name\":\"In\u00edcio\",\"item\":\"https:\/\/bahiaeconomica.com.br\/wp\/\"},{\"@type\":\"ListItem\",\"position\":2,\"name\":\"ILH\u00c9US: CAPACITA\u00c7\u00c3O PROFISSIONAL \u00c9 OFERECIDA A 200 MORADORES\"}]},{\"@type\":\"WebSite\",\"@id\":\"https:\/\/bahiaeconomica.com.br\/wp\/#website\",\"url\":\"https:\/\/bahiaeconomica.com.br\/wp\/\",\"name\":\"Bahia Economica\",\"description\":\"O maior portal de Economia da Bahia\",\"publisher\":{\"@id\":\"https:\/\/bahiaeconomica.com.br\/wp\/#organization\"},\"potentialAction\":[{\"@type\":\"SearchAction\",\"target\":{\"@type\":\"EntryPoint\",\"urlTemplate\":\"https:\/\/bahiaeconomica.com.br\/wp\/?s={search_term_string}\"},\"query-input\":\"required name=search_term_string\"}],\"inLanguage\":\"pt-BR\"},{\"@type\":\"Organization\",\"@id\":\"https:\/\/bahiaeconomica.com.br\/wp\/#organization\",\"name\":\"Bahia Econ\u00f4mica\",\"url\":\"https:\/\/bahiaeconomica.com.br\/wp\/\",\"logo\":{\"@type\":\"ImageObject\",\"inLanguage\":\"pt-BR\",\"@id\":\"https:\/\/bahiaeconomica.com.br\/wp\/#\/schema\/logo\/image\/\",\"url\":\"https:\/\/bahiaeconomica.com.br\/wp\/wp-content\/uploads\/2020\/12\/cropped-BE.png\",\"contentUrl\":\"https:\/\/bahiaeconomica.com.br\/wp\/wp-content\/uploads\/2020\/12\/cropped-BE.png\",\"width\":512,\"height\":512,\"caption\":\"Bahia Econ\u00f4mica\"},\"image\":{\"@id\":\"https:\/\/bahiaeconomica.com.br\/wp\/#\/schema\/logo\/image\/\"},\"sameAs\":[\"https:\/\/www.facebook.com\/bahiaeconomica\"]},{\"@type\":\"Person\",\"@id\":\"https:\/\/bahiaeconomica.com.br\/wp\/#\/schema\/person\/cb1ab5ba96ad3d9390805381c76284ec\",\"name\":\"admin\",\"url\":\"https:\/\/bahiaeconomica.com.br\/wp\/author\/admin\/\"}]}<\/script>\n<!-- \/ Yoast SEO plugin. -->","yoast_head_json":{"title":"ILH\u00c9US: CAPACITA\u00c7\u00c3O PROFISSIONAL \u00c9 OFERECIDA A 200 MORADORES - Bahia Economica","description":"O maior portal de Economia da Bahia DESTAQUE DO DIA, ECONOMIA \/ POL\u00cdTICA, EMPREGOS \/ CONCURSOS Bahia Economica","robots":{"index":"index","follow":"follow","max-snippet":"max-snippet:-1","max-image-preview":"max-image-preview:large","max-video-preview":"max-video-preview:-1"},"canonical":"https:\/\/bahiaeconomica.com.br\/wp\/2021\/10\/27\/ilheus-capacitacao-profissional-e-oferecida-a-200-moradores\/","og_locale":"pt_BR","og_type":"article","og_title":"ILH\u00c9US: CAPACITA\u00c7\u00c3O PROFISSIONAL \u00c9 OFERECIDA A 200 MORADORES - Bahia Economica","og_description":"O maior portal de Economia da Bahia DESTAQUE DO DIA, ECONOMIA \/ POL\u00cdTICA, EMPREGOS \/ CONCURSOS Bahia Economica","og_url":"https:\/\/bahiaeconomica.com.br\/wp\/2021\/10\/27\/ilheus-capacitacao-profissional-e-oferecida-a-200-moradores\/","og_site_name":"Bahia Economica","article_publisher":"https:\/\/www.facebook.com\/bahiaeconomica","article_published_time":"2021-10-27T14:00:21+00:00","article_modified_time":"2021-10-27T14:09:08+00:00","og_image":[{"width":300,"height":226,"url":"https:\/\/bahiaeconomica.com.br\/wp\/wp-content\/uploads\/2021\/10\/JeffersonSilva_alunoCanteiroEscola-300x226-1.jpeg","type":"image\/jpeg"}],"author":"admin","twitter_card":"summary_large_image","twitter_misc":{"Escrito por":"admin","Est. tempo de leitura":"2 minutos"},"schema":{"@context":"https:\/\/schema.org","@graph":[{"@type":"Article","@id":"https:\/\/bahiaeconomica.com.br\/wp\/2021\/10\/27\/ilheus-capacitacao-profissional-e-oferecida-a-200-moradores\/#article","isPartOf":{"@id":"https:\/\/bahiaeconomica.com.br\/wp\/2021\/10\/27\/ilheus-capacitacao-profissional-e-oferecida-a-200-moradores\/"},"author":{"name":"admin","@id":"https:\/\/bahiaeconomica.com.br\/wp\/#\/schema\/person\/cb1ab5ba96ad3d9390805381c76284ec"},"headline":"ILH\u00c9US: CAPACITA\u00c7\u00c3O PROFISSIONAL \u00c9 OFERECIDA A 200 MORADORES","datePublished":"2021-10-27T14:00:21+00:00","dateModified":"2021-10-27T14:09:08+00:00","mainEntityOfPage":{"@id":"https:\/\/bahiaeconomica.com.br\/wp\/2021\/10\/27\/ilheus-capacitacao-profissional-e-oferecida-a-200-moradores\/"},"wordCount":497,"publisher":{"@id":"https:\/\/bahiaeconomica.com.br\/wp\/#organization"},"articleSection":["DESTAQUE DO DIA","ECONOMIA \/ POL\u00cdTICA","EMPREGOS \/ CONCURSOS"],"inLanguage":"pt-BR"},{"@type":"WebPage","@id":"https:\/\/bahiaeconomica.com.br\/wp\/2021\/10\/27\/ilheus-capacitacao-profissional-e-oferecida-a-200-moradores\/","url":"https:\/\/bahiaeconomica.com.br\/wp\/2021\/10\/27\/ilheus-capacitacao-profissional-e-oferecida-a-200-moradores\/","name":"ILH\u00c9US: CAPACITA\u00c7\u00c3O PROFISSIONAL \u00c9 OFERECIDA A 200 MORADORES - Bahia Economica","isPartOf":{"@id":"https:\/\/bahiaeconomica.com.br\/wp\/#website"},"datePublished":"2021-10-27T14:00:21+00:00","dateModified":"2021-10-27T14:09:08+00:00","description":"O maior portal de Economia da Bahia DESTAQUE DO DIA, ECONOMIA \/ POL\u00cdTICA, EMPREGOS \/ CONCURSOS Bahia Economica","breadcrumb":{"@id":"https:\/\/bahiaeconomica.com.br\/wp\/2021\/10\/27\/ilheus-capacitacao-profissional-e-oferecida-a-200-moradores\/#breadcrumb"},"inLanguage":"pt-BR","potentialAction":[{"@type":"ReadAction","target":["https:\/\/bahiaeconomica.com.br\/wp\/2021\/10\/27\/ilheus-capacitacao-profissional-e-oferecida-a-200-moradores\/"]}]},{"@type":"BreadcrumbList","@id":"https:\/\/bahiaeconomica.com.br\/wp\/2021\/10\/27\/ilheus-capacitacao-profissional-e-oferecida-a-200-moradores\/#breadcrumb","itemListElement":[{"@type":"ListItem","position":1,"name":"In\u00edcio","item":"https:\/\/bahiaeconomica.com.br\/wp\/"},{"@type":"ListItem","position":2,"name":"ILH\u00c9US: CAPACITA\u00c7\u00c3O PROFISSIONAL \u00c9 OFERECIDA A 200 MORADORES"}]},{"@type":"WebSite","@id":"https:\/\/bahiaeconomica.com.br\/wp\/#website","url":"https:\/\/bahiaeconomica.com.br\/wp\/","name":"Bahia Economica","description":"O maior portal de Economia da Bahia","publisher":{"@id":"https:\/\/bahiaeconomica.com.br\/wp\/#organization"},"potentialAction":[{"@type":"SearchAction","target":{"@type":"EntryPoint","urlTemplate":"https:\/\/bahiaeconomica.com.br\/wp\/?s={search_term_string}"},"query-input":"required name=search_term_string"}],"inLanguage":"pt-BR"},{"@type":"Organization","@id":"https:\/\/bahiaeconomica.com.br\/wp\/#organization","name":"Bahia Econ\u00f4mica","url":"https:\/\/bahiaeconomica.com.br\/wp\/","logo":{"@type":"ImageObject","inLanguage":"pt-BR","@id":"https:\/\/bahiaeconomica.com.br\/wp\/#\/schema\/logo\/image\/","url":"https:\/\/bahiaeconomica.com.br\/wp\/wp-content\/uploads\/2020\/12\/cropped-BE.png","contentUrl":"https:\/\/bahiaeconomica.com.br\/wp\/wp-content\/uploads\/2020\/12\/cropped-BE.png","width":512,"height":512,"caption":"Bahia Econ\u00f4mica"},"image":{"@id":"https:\/\/bahiaeconomica.com.br\/wp\/#\/schema\/logo\/image\/"},"sameAs":["https:\/\/www.facebook.com\/bahiaeconomica"]},{"@type":"Person","@id":"https:\/\/bahiaeconomica.com.br\/wp\/#\/schema\/person\/cb1ab5ba96ad3d9390805381c76284ec","name":"admin","url":"https:\/\/bahiaeconomica.com.br\/wp\/author\/admin\/"}]}},"views":9,"_links":{"self":[{"href":"https:\/\/bahiaeconomica.com.br\/wp\/wp-json\/wp\/v2\/posts\/612241"}],"collection":[{"href":"https:\/\/bahiaeconomica.com.br\/wp\/wp-json\/wp\/v2\/posts"}],"about":[{"href":"https:\/\/bahiaeconomica.com.br\/wp\/wp-json\/wp\/v2\/types\/post"}],"author":[{"embeddable":true,"href":"https:\/\/bahiaeconomica.com.br\/wp\/wp-json\/wp\/v2\/users\/1"}],"replies":[{"embeddable":true,"href":"https:\/\/bahiaeconomica.com.br\/wp\/wp-json\/wp\/v2\/comments?post=612241"}],"version-history":[{"count":1,"href":"https:\/\/bahiaeconomica.com.br\/wp\/wp-json\/wp\/v2\/posts\/612241\/revisions"}],"predecessor-version":[{"id":612244,"href":"https:\/\/bahiaeconomica.com.br\/wp\/wp-json\/wp\/v2\/posts\/612241\/revisions\/612244"}],"wp:featuredmedia":[{"embeddable":true,"href":"https:\/\/bahiaeconomica.com.br\/wp\/wp-json\/wp\/v2\/media\/612243"}],"wp:attachment":[{"href":"https:\/\/bahiaeconomica.com.br\/wp\/wp-json\/wp\/v2\/media?parent=612241"}],"wp:term":[{"taxonomy":"category","embeddable":true,"href":"https:\/\/bahiaeconomica.com.br\/wp\/wp-json\/wp\/v2\/categories?post=612241"},{"taxonomy":"post_tag","embeddable":true,"href":"https:\/\/bahiaeconomica.com.br\/wp\/wp-json\/wp\/v2\/tags?post=612241"}],"curies":[{"name":"wp","href":"https:\/\/api.w.org\/{rel}","templated":true}]}}