{"id":610924,"date":"2021-10-21T12:15:58","date_gmt":"2021-10-21T15:15:58","guid":{"rendered":"https:\/\/bahiaeconomica.com.br\/wp\/beta\/?p=610924"},"modified":"2021-10-21T12:15:58","modified_gmt":"2021-10-21T15:15:58","slug":"governo-do-estado-amplia-acesso-ao-microcredito","status":"publish","type":"post","link":"https:\/\/bahiaeconomica.com.br\/wp\/2021\/10\/21\/governo-do-estado-amplia-acesso-ao-microcredito\/","title":{"rendered":"GOVERNO DO ESTADO AMPLIA ACESSO AO MICROCR\u00c9DITO"},"content":{"rendered":"<p>O Governo do Estado est\u00e1 investindo na expans\u00e3o dos postos de atendimento do CrediBahia. At\u00e9 o final do ano, ser\u00e3o mais de 200 unidades do servi\u00e7o em funcionamento <!--more-->oferecendo R$ 100 milh\u00f5es em linha de cr\u00e9dito para microempreendedores. A expectativa \u00e9 beneficiar 25 mil micro e pequenos empreendedores informais ou formais das atividades de produ\u00e7\u00e3o, com\u00e9rcio e servi\u00e7os.<\/p>\n<p>Desde o m\u00eas de agosto, j\u00e1 foram inaugurados postos do programa em Aratu\u00edpe, Jo\u00e3o Dourado, Concei\u00e7\u00e3o da Feira, Ipir\u00e1, Novo Horizonte, Itanagra e Santan\u00f3polis. No planejamento de expans\u00e3o da rede est\u00e3o os munic\u00edpios de Queimadas, Ca\u00e9m, Campo Alegre de Lourdes, Cardeal da Silva, Floresta Azul, Formosa do Rio Preto, Ibitiara, Inhambupe, Itagi, Jacobina, Miguel Calmon, Muniz Ferreira, Nova F\u00e1tima, Quijingue, Ruy Barbosa, Santa B\u00e1rbara, S\u00e3o F\u00e9lix, Souto Soares, Uau\u00e1 e Urandi.<\/p>\n<p>O programa realiza empr\u00e9stimos para todas as modalidades de cr\u00e9dito, como investimento fixo, capital de giro e misto, com juros de 2% ao m\u00eas. Os limites de financiamento v\u00e3o de R$ 500 a R$ 21 mil, com at\u00e9 24 meses para quitar e 6 meses de car\u00eancia. Para acessar a linha de cr\u00e9dito, \u00e9 necess\u00e1rio ter mais de 18 anos, atuar h\u00e1 mais de seis meses no ramo e n\u00e3o faturar mais de R$ 300 mil anualmente.<\/p>\n<p>O CrediBahia \u00e9 uma parceria do Governo do Estado, por meio das secretarias do Trabalho, Emprego, Renda e Esporte (Setre); Desenvolvimento Econ\u00f4mico (SDE), da Fazenda (Sefaz) e a Desenbahia, e tem o apoio do Servi\u00e7o Brasileiro de Apoio \u00e0s Micro e Pequenas Empresas (Sebrae) e de prefeituras municipais. Para conferir os postos de atendimento nos diversos munic\u00edpios do estado, basta acessar o link: http:\/\/www.setre.ba.gov.br\/modules\/conteudo\/conteudo.php?conteudo=283. Mais informa\u00e7\u00f5es sobre o programa podem ser obtidas tamb\u00e9m por meio do telefone 0800 285 1626.<\/p>\n","protected":false},"excerpt":{"rendered":"<p>O Governo do Estado est\u00e1 investindo na expans\u00e3o dos postos de atendimento do CrediBahia. At\u00e9 o final do ano, ser\u00e3o mais de 200 unidades do servi\u00e7o em funcionamento<\/p>\n","protected":false},"author":1,"featured_media":610926,"comment_status":"closed","ping_status":"closed","sticky":false,"template":"","format":"standard","meta":[],"categories":[14,3],"tags":[],"acf":[],"yoast_head":"<!-- This site is optimized with the Yoast SEO plugin v20.8 - https:\/\/yoast.com\/wordpress\/plugins\/seo\/ -->\n<title>GOVERNO DO ESTADO AMPLIA ACESSO AO MICROCR\u00c9DITO - Bahia Economica<\/title>\n<meta name=\"description\" content=\"O maior portal de Economia da Bahia DESTAQUE DO DIA, ECONOMIA \/ POL\u00cdTICA Bahia Economica\" \/>\n<meta name=\"robots\" content=\"index, follow, max-snippet:-1, max-image-preview:large, max-video-preview:-1\" \/>\n<link rel=\"canonical\" href=\"https:\/\/bahiaeconomica.com.br\/wp\/2021\/10\/21\/governo-do-estado-amplia-acesso-ao-microcredito\/\" \/>\n<meta property=\"og:locale\" content=\"pt_BR\" \/>\n<meta property=\"og:type\" content=\"article\" \/>\n<meta property=\"og:title\" content=\"GOVERNO DO ESTADO AMPLIA ACESSO AO MICROCR\u00c9DITO - Bahia Economica\" \/>\n<meta property=\"og:description\" content=\"O maior portal de Economia da Bahia DESTAQUE DO DIA, ECONOMIA \/ POL\u00cdTICA Bahia Economica\" \/>\n<meta property=\"og:url\" content=\"https:\/\/bahiaeconomica.com.br\/wp\/2021\/10\/21\/governo-do-estado-amplia-acesso-ao-microcredito\/\" \/>\n<meta property=\"og:site_name\" content=\"Bahia Economica\" \/>\n<meta property=\"article:publisher\" content=\"https:\/\/www.facebook.com\/bahiaeconomica\" \/>\n<meta property=\"article:published_time\" content=\"2021-10-21T15:15:58+00:00\" \/>\n<meta property=\"og:image\" content=\"https:\/\/bahiaeconomica.com.br\/wp\/wp-content\/uploads\/2021\/10\/microcredito-produtivo-orientado-768x432-1.jpg\" \/>\n\t<meta property=\"og:image:width\" content=\"500\" \/>\n\t<meta property=\"og:image:height\" content=\"300\" \/>\n\t<meta property=\"og:image:type\" content=\"image\/jpeg\" \/>\n<meta name=\"author\" content=\"admin\" \/>\n<meta name=\"twitter:card\" content=\"summary_large_image\" \/>\n<meta name=\"twitter:label1\" content=\"Escrito por\" \/>\n\t<meta name=\"twitter:data1\" content=\"admin\" \/>\n\t<meta name=\"twitter:label2\" content=\"Est. tempo de leitura\" \/>\n\t<meta name=\"twitter:data2\" content=\"2 minutos\" \/>\n<script type=\"application\/ld+json\" class=\"yoast-schema-graph\">{\"@context\":\"https:\/\/schema.org\",\"@graph\":[{\"@type\":\"Article\",\"@id\":\"https:\/\/bahiaeconomica.com.br\/wp\/2021\/10\/21\/governo-do-estado-amplia-acesso-ao-microcredito\/#article\",\"isPartOf\":{\"@id\":\"https:\/\/bahiaeconomica.com.br\/wp\/2021\/10\/21\/governo-do-estado-amplia-acesso-ao-microcredito\/\"},\"author\":{\"name\":\"admin\",\"@id\":\"https:\/\/bahiaeconomica.com.br\/wp\/#\/schema\/person\/cb1ab5ba96ad3d9390805381c76284ec\"},\"headline\":\"GOVERNO DO ESTADO AMPLIA ACESSO AO MICROCR\u00c9DITO\",\"datePublished\":\"2021-10-21T15:15:58+00:00\",\"dateModified\":\"2021-10-21T15:15:58+00:00\",\"mainEntityOfPage\":{\"@id\":\"https:\/\/bahiaeconomica.com.br\/wp\/2021\/10\/21\/governo-do-estado-amplia-acesso-ao-microcredito\/\"},\"wordCount\":322,\"publisher\":{\"@id\":\"https:\/\/bahiaeconomica.com.br\/wp\/#organization\"},\"articleSection\":[\"DESTAQUE DO DIA\",\"ECONOMIA \/ POL\u00cdTICA\"],\"inLanguage\":\"pt-BR\"},{\"@type\":\"WebPage\",\"@id\":\"https:\/\/bahiaeconomica.com.br\/wp\/2021\/10\/21\/governo-do-estado-amplia-acesso-ao-microcredito\/\",\"url\":\"https:\/\/bahiaeconomica.com.br\/wp\/2021\/10\/21\/governo-do-estado-amplia-acesso-ao-microcredito\/\",\"name\":\"GOVERNO DO ESTADO AMPLIA ACESSO AO MICROCR\u00c9DITO - Bahia Economica\",\"isPartOf\":{\"@id\":\"https:\/\/bahiaeconomica.com.br\/wp\/#website\"},\"datePublished\":\"2021-10-21T15:15:58+00:00\",\"dateModified\":\"2021-10-21T15:15:58+00:00\",\"description\":\"O maior portal de Economia da Bahia DESTAQUE DO DIA, ECONOMIA \/ POL\u00cdTICA Bahia Economica\",\"breadcrumb\":{\"@id\":\"https:\/\/bahiaeconomica.com.br\/wp\/2021\/10\/21\/governo-do-estado-amplia-acesso-ao-microcredito\/#breadcrumb\"},\"inLanguage\":\"pt-BR\",\"potentialAction\":[{\"@type\":\"ReadAction\",\"target\":[\"https:\/\/bahiaeconomica.com.br\/wp\/2021\/10\/21\/governo-do-estado-amplia-acesso-ao-microcredito\/\"]}]},{\"@type\":\"BreadcrumbList\",\"@id\":\"https:\/\/bahiaeconomica.com.br\/wp\/2021\/10\/21\/governo-do-estado-amplia-acesso-ao-microcredito\/#breadcrumb\",\"itemListElement\":[{\"@type\":\"ListItem\",\"position\":1,\"name\":\"In\u00edcio\",\"item\":\"https:\/\/bahiaeconomica.com.br\/wp\/\"},{\"@type\":\"ListItem\",\"position\":2,\"name\":\"GOVERNO DO ESTADO AMPLIA ACESSO AO MICROCR\u00c9DITO\"}]},{\"@type\":\"WebSite\",\"@id\":\"https:\/\/bahiaeconomica.com.br\/wp\/#website\",\"url\":\"https:\/\/bahiaeconomica.com.br\/wp\/\",\"name\":\"Bahia Economica\",\"description\":\"O maior portal de Economia da Bahia\",\"publisher\":{\"@id\":\"https:\/\/bahiaeconomica.com.br\/wp\/#organization\"},\"potentialAction\":[{\"@type\":\"SearchAction\",\"target\":{\"@type\":\"EntryPoint\",\"urlTemplate\":\"https:\/\/bahiaeconomica.com.br\/wp\/?s={search_term_string}\"},\"query-input\":\"required name=search_term_string\"}],\"inLanguage\":\"pt-BR\"},{\"@type\":\"Organization\",\"@id\":\"https:\/\/bahiaeconomica.com.br\/wp\/#organization\",\"name\":\"Bahia Econ\u00f4mica\",\"url\":\"https:\/\/bahiaeconomica.com.br\/wp\/\",\"logo\":{\"@type\":\"ImageObject\",\"inLanguage\":\"pt-BR\",\"@id\":\"https:\/\/bahiaeconomica.com.br\/wp\/#\/schema\/logo\/image\/\",\"url\":\"https:\/\/bahiaeconomica.com.br\/wp\/wp-content\/uploads\/2020\/12\/cropped-BE.png\",\"contentUrl\":\"https:\/\/bahiaeconomica.com.br\/wp\/wp-content\/uploads\/2020\/12\/cropped-BE.png\",\"width\":512,\"height\":512,\"caption\":\"Bahia Econ\u00f4mica\"},\"image\":{\"@id\":\"https:\/\/bahiaeconomica.com.br\/wp\/#\/schema\/logo\/image\/\"},\"sameAs\":[\"https:\/\/www.facebook.com\/bahiaeconomica\"]},{\"@type\":\"Person\",\"@id\":\"https:\/\/bahiaeconomica.com.br\/wp\/#\/schema\/person\/cb1ab5ba96ad3d9390805381c76284ec\",\"name\":\"admin\",\"url\":\"https:\/\/bahiaeconomica.com.br\/wp\/author\/admin\/\"}]}<\/script>\n<!-- \/ Yoast SEO plugin. -->","yoast_head_json":{"title":"GOVERNO DO ESTADO AMPLIA ACESSO AO MICROCR\u00c9DITO - Bahia Economica","description":"O maior portal de Economia da Bahia DESTAQUE DO DIA, ECONOMIA \/ POL\u00cdTICA Bahia Economica","robots":{"index":"index","follow":"follow","max-snippet":"max-snippet:-1","max-image-preview":"max-image-preview:large","max-video-preview":"max-video-preview:-1"},"canonical":"https:\/\/bahiaeconomica.com.br\/wp\/2021\/10\/21\/governo-do-estado-amplia-acesso-ao-microcredito\/","og_locale":"pt_BR","og_type":"article","og_title":"GOVERNO DO ESTADO AMPLIA ACESSO AO MICROCR\u00c9DITO - Bahia Economica","og_description":"O maior portal de Economia da Bahia DESTAQUE DO DIA, ECONOMIA \/ POL\u00cdTICA Bahia Economica","og_url":"https:\/\/bahiaeconomica.com.br\/wp\/2021\/10\/21\/governo-do-estado-amplia-acesso-ao-microcredito\/","og_site_name":"Bahia Economica","article_publisher":"https:\/\/www.facebook.com\/bahiaeconomica","article_published_time":"2021-10-21T15:15:58+00:00","og_image":[{"width":500,"height":300,"url":"https:\/\/bahiaeconomica.com.br\/wp\/wp-content\/uploads\/2021\/10\/microcredito-produtivo-orientado-768x432-1.jpg","type":"image\/jpeg"}],"author":"admin","twitter_card":"summary_large_image","twitter_misc":{"Escrito por":"admin","Est. tempo de leitura":"2 minutos"},"schema":{"@context":"https:\/\/schema.org","@graph":[{"@type":"Article","@id":"https:\/\/bahiaeconomica.com.br\/wp\/2021\/10\/21\/governo-do-estado-amplia-acesso-ao-microcredito\/#article","isPartOf":{"@id":"https:\/\/bahiaeconomica.com.br\/wp\/2021\/10\/21\/governo-do-estado-amplia-acesso-ao-microcredito\/"},"author":{"name":"admin","@id":"https:\/\/bahiaeconomica.com.br\/wp\/#\/schema\/person\/cb1ab5ba96ad3d9390805381c76284ec"},"headline":"GOVERNO DO ESTADO AMPLIA ACESSO AO MICROCR\u00c9DITO","datePublished":"2021-10-21T15:15:58+00:00","dateModified":"2021-10-21T15:15:58+00:00","mainEntityOfPage":{"@id":"https:\/\/bahiaeconomica.com.br\/wp\/2021\/10\/21\/governo-do-estado-amplia-acesso-ao-microcredito\/"},"wordCount":322,"publisher":{"@id":"https:\/\/bahiaeconomica.com.br\/wp\/#organization"},"articleSection":["DESTAQUE DO DIA","ECONOMIA \/ POL\u00cdTICA"],"inLanguage":"pt-BR"},{"@type":"WebPage","@id":"https:\/\/bahiaeconomica.com.br\/wp\/2021\/10\/21\/governo-do-estado-amplia-acesso-ao-microcredito\/","url":"https:\/\/bahiaeconomica.com.br\/wp\/2021\/10\/21\/governo-do-estado-amplia-acesso-ao-microcredito\/","name":"GOVERNO DO ESTADO AMPLIA ACESSO AO MICROCR\u00c9DITO - Bahia Economica","isPartOf":{"@id":"https:\/\/bahiaeconomica.com.br\/wp\/#website"},"datePublished":"2021-10-21T15:15:58+00:00","dateModified":"2021-10-21T15:15:58+00:00","description":"O maior portal de Economia da Bahia DESTAQUE DO DIA, ECONOMIA \/ POL\u00cdTICA Bahia Economica","breadcrumb":{"@id":"https:\/\/bahiaeconomica.com.br\/wp\/2021\/10\/21\/governo-do-estado-amplia-acesso-ao-microcredito\/#breadcrumb"},"inLanguage":"pt-BR","potentialAction":[{"@type":"ReadAction","target":["https:\/\/bahiaeconomica.com.br\/wp\/2021\/10\/21\/governo-do-estado-amplia-acesso-ao-microcredito\/"]}]},{"@type":"BreadcrumbList","@id":"https:\/\/bahiaeconomica.com.br\/wp\/2021\/10\/21\/governo-do-estado-amplia-acesso-ao-microcredito\/#breadcrumb","itemListElement":[{"@type":"ListItem","position":1,"name":"In\u00edcio","item":"https:\/\/bahiaeconomica.com.br\/wp\/"},{"@type":"ListItem","position":2,"name":"GOVERNO DO ESTADO AMPLIA ACESSO AO MICROCR\u00c9DITO"}]},{"@type":"WebSite","@id":"https:\/\/bahiaeconomica.com.br\/wp\/#website","url":"https:\/\/bahiaeconomica.com.br\/wp\/","name":"Bahia Economica","description":"O maior portal de Economia da Bahia","publisher":{"@id":"https:\/\/bahiaeconomica.com.br\/wp\/#organization"},"potentialAction":[{"@type":"SearchAction","target":{"@type":"EntryPoint","urlTemplate":"https:\/\/bahiaeconomica.com.br\/wp\/?s={search_term_string}"},"query-input":"required name=search_term_string"}],"inLanguage":"pt-BR"},{"@type":"Organization","@id":"https:\/\/bahiaeconomica.com.br\/wp\/#organization","name":"Bahia Econ\u00f4mica","url":"https:\/\/bahiaeconomica.com.br\/wp\/","logo":{"@type":"ImageObject","inLanguage":"pt-BR","@id":"https:\/\/bahiaeconomica.com.br\/wp\/#\/schema\/logo\/image\/","url":"https:\/\/bahiaeconomica.com.br\/wp\/wp-content\/uploads\/2020\/12\/cropped-BE.png","contentUrl":"https:\/\/bahiaeconomica.com.br\/wp\/wp-content\/uploads\/2020\/12\/cropped-BE.png","width":512,"height":512,"caption":"Bahia Econ\u00f4mica"},"image":{"@id":"https:\/\/bahiaeconomica.com.br\/wp\/#\/schema\/logo\/image\/"},"sameAs":["https:\/\/www.facebook.com\/bahiaeconomica"]},{"@type":"Person","@id":"https:\/\/bahiaeconomica.com.br\/wp\/#\/schema\/person\/cb1ab5ba96ad3d9390805381c76284ec","name":"admin","url":"https:\/\/bahiaeconomica.com.br\/wp\/author\/admin\/"}]}},"views":1,"_links":{"self":[{"href":"https:\/\/bahiaeconomica.com.br\/wp\/wp-json\/wp\/v2\/posts\/610924"}],"collection":[{"href":"https:\/\/bahiaeconomica.com.br\/wp\/wp-json\/wp\/v2\/posts"}],"about":[{"href":"https:\/\/bahiaeconomica.com.br\/wp\/wp-json\/wp\/v2\/types\/post"}],"author":[{"embeddable":true,"href":"https:\/\/bahiaeconomica.com.br\/wp\/wp-json\/wp\/v2\/users\/1"}],"replies":[{"embeddable":true,"href":"https:\/\/bahiaeconomica.com.br\/wp\/wp-json\/wp\/v2\/comments?post=610924"}],"version-history":[{"count":1,"href":"https:\/\/bahiaeconomica.com.br\/wp\/wp-json\/wp\/v2\/posts\/610924\/revisions"}],"predecessor-version":[{"id":610927,"href":"https:\/\/bahiaeconomica.com.br\/wp\/wp-json\/wp\/v2\/posts\/610924\/revisions\/610927"}],"wp:featuredmedia":[{"embeddable":true,"href":"https:\/\/bahiaeconomica.com.br\/wp\/wp-json\/wp\/v2\/media\/610926"}],"wp:attachment":[{"href":"https:\/\/bahiaeconomica.com.br\/wp\/wp-json\/wp\/v2\/media?parent=610924"}],"wp:term":[{"taxonomy":"category","embeddable":true,"href":"https:\/\/bahiaeconomica.com.br\/wp\/wp-json\/wp\/v2\/categories?post=610924"},{"taxonomy":"post_tag","embeddable":true,"href":"https:\/\/bahiaeconomica.com.br\/wp\/wp-json\/wp\/v2\/tags?post=610924"}],"curies":[{"name":"wp","href":"https:\/\/api.w.org\/{rel}","templated":true}]}}