{"id":610882,"date":"2021-10-21T10:33:51","date_gmt":"2021-10-21T13:33:51","guid":{"rendered":"https:\/\/bahiaeconomica.com.br\/wp\/beta\/?p=610882"},"modified":"2021-10-21T12:38:29","modified_gmt":"2021-10-21T15:38:29","slug":"no-cazaquistao-rui-assina-acordo-de-cooperacao-para-parcerias-em-ciencia-tecnologia-e-formacao-profissional","status":"publish","type":"post","link":"https:\/\/bahiaeconomica.com.br\/wp\/2021\/10\/21\/no-cazaquistao-rui-assina-acordo-de-cooperacao-para-parcerias-em-ciencia-tecnologia-e-formacao-profissional\/","title":{"rendered":"NO CAZAQUIST\u00c3O, RUI ASSINA ACORDO DE COOPERA\u00c7\u00c3O PARA PARCERIAS EM CI\u00caNCIA, TECNOLOGIA E FORMA\u00c7\u00c3O PROFISSIONAL"},"content":{"rendered":"<p>O acordo assinado entre o governador Rui Costa e o chefe do executivo do Estado de Qaraghandy, na regi\u00e3o central do Cazaquist\u00e3o, Zhenis Mahmuduly Kasimbek, cria <!--more-->um canal de coopera\u00e7\u00e3o para parcerias comerciais e cient\u00edficas entre os dois Estados. A assinatura ocorreu nesta quinta-feira (21), na cidade de Karaganda, capital de Qaraghandy e quarta maior cidade do pa\u00eds.<br \/>\n&#8220;Com esse acordo, vamos estreitar la\u00e7os de amizade, culturais e econ\u00f4micos, identificar possibilidades de troca de experi\u00eancias com coopera\u00e7\u00e3o nas \u00e1reas da ci\u00eancia, tecnologia e forma\u00e7\u00e3o de profissionais. Al\u00e9m de buscar oportunidades de interc\u00e2mbio do setor privado dos dois estados\u201d, afirmou Rui.<br \/>\nO governador de Qaraghandy agradeceu a visita da comitiva baiana e ressaltou as semelhan\u00e7as entre os dois estados, que, segundo ele, v\u00e3o facilitar essa aproxima\u00e7\u00e3o. &#8220;Temos um territ\u00f3rio extenso como a Bahia, mas com uma popula\u00e7\u00e3o menor. Nosso interesse \u00e9 buscar coopera\u00e7\u00e3o em setores como educa\u00e7\u00e3o e sa\u00fade, al\u00e9m de estreitar la\u00e7os com o agroneg\u00f3cio, que na Bahia \u00e9 muito forte, e minera\u00e7\u00e3o, que \u00e9 uma das nossas especialidades&#8221;, explicou Kasimbek.<\/p>\n<p>Tamb\u00e9m em Qaraghandy, o governador Rui Costa conheceu o parque industrial do estado. Ele esteve numa unidade sider\u00fargica que produz ferro sil\u00edcio com 75% de pureza, um tipo de metal nobre e mais resistente. Rui tamb\u00e9m visitou uma f\u00e1brica de pe\u00e7as para sistemas de aquecimento residencial, fruto da atra\u00e7\u00e3o de investimentos estrangeiros pelo Cazaquist\u00e3o.<\/p>\n<p>&#8220;Essa \u00e9 uma regi\u00e3o com forte voca\u00e7\u00e3o industrial aqui do Cazaquist\u00e3o, viemos visitar algumas ind\u00fastrias e conhecer o modelo de neg\u00f3cio que eles usam para atrair investimentos. Tamb\u00e9m convidamos o governador Kasimbek para visitar a Bahia e conhecer de perto nossas oportunidades de investimento&#8221;, finalizou Rui.<\/p>\n<p>Com essa agenda em Karaganda, o governador Rui Costa encerra sua passagem pelo Cazaquist\u00e3o. A miss\u00e3o internacional come\u00e7ou na segunda-feira (18), em Berlim, na Alemanha, e segue para a Rep\u00fablica Tcheca, onde vai buscar parcerias com empresas do setor de vacinas, equipamentos hospitalares, m\u00e1quinas agr\u00edcolas e rob\u00f3tica. A viagem ser\u00e1 encerrada nos Emirados \u00c1rabes, onde o governador se re\u00fane com representantes de fundos de investimento que t\u00eam interesse na Bahia.<\/p>\n","protected":false},"excerpt":{"rendered":"<p>O acordo assinado entre o governador Rui Costa e o chefe do executivo do Estado de Qaraghandy, na regi\u00e3o central do Cazaquist\u00e3o, Zhenis Mahmuduly Kasimbek, cria<\/p>\n","protected":false},"author":1,"featured_media":610884,"comment_status":"closed","ping_status":"closed","sticky":false,"template":"","format":"standard","meta":[],"categories":[3],"tags":[],"acf":[],"yoast_head":"<!-- This site is optimized with the Yoast SEO plugin v20.8 - https:\/\/yoast.com\/wordpress\/plugins\/seo\/ -->\n<title>NO CAZAQUIST\u00c3O, RUI ASSINA ACORDO DE COOPERA\u00c7\u00c3O PARA PARCERIAS EM CI\u00caNCIA, TECNOLOGIA E FORMA\u00c7\u00c3O PROFISSIONAL - Bahia Economica<\/title>\n<meta name=\"description\" content=\"O maior portal de Economia da Bahia ECONOMIA \/ POL\u00cdTICA Bahia Economica\" \/>\n<meta name=\"robots\" content=\"index, follow, max-snippet:-1, max-image-preview:large, max-video-preview:-1\" \/>\n<link rel=\"canonical\" href=\"https:\/\/bahiaeconomica.com.br\/wp\/2021\/10\/21\/no-cazaquistao-rui-assina-acordo-de-cooperacao-para-parcerias-em-ciencia-tecnologia-e-formacao-profissional\/\" \/>\n<meta property=\"og:locale\" content=\"pt_BR\" \/>\n<meta property=\"og:type\" content=\"article\" \/>\n<meta property=\"og:title\" content=\"NO CAZAQUIST\u00c3O, RUI ASSINA ACORDO DE COOPERA\u00c7\u00c3O PARA PARCERIAS EM CI\u00caNCIA, TECNOLOGIA E FORMA\u00c7\u00c3O PROFISSIONAL - Bahia Economica\" \/>\n<meta property=\"og:description\" content=\"O maior portal de Economia da Bahia ECONOMIA \/ POL\u00cdTICA Bahia Economica\" \/>\n<meta property=\"og:url\" content=\"https:\/\/bahiaeconomica.com.br\/wp\/2021\/10\/21\/no-cazaquistao-rui-assina-acordo-de-cooperacao-para-parcerias-em-ciencia-tecnologia-e-formacao-profissional\/\" \/>\n<meta property=\"og:site_name\" content=\"Bahia Economica\" \/>\n<meta property=\"article:publisher\" content=\"https:\/\/www.facebook.com\/bahiaeconomica\" \/>\n<meta property=\"article:published_time\" content=\"2021-10-21T13:33:51+00:00\" \/>\n<meta property=\"article:modified_time\" content=\"2021-10-21T15:38:29+00:00\" \/>\n<meta property=\"og:image\" content=\"https:\/\/bahiaeconomica.com.br\/wp\/wp-content\/uploads\/2021\/10\/RUI-CAZAQUISTAO.jpg\" \/>\n\t<meta property=\"og:image:width\" content=\"770\" \/>\n\t<meta property=\"og:image:height\" content=\"474\" \/>\n\t<meta property=\"og:image:type\" content=\"image\/jpeg\" \/>\n<meta name=\"author\" content=\"admin\" \/>\n<meta name=\"twitter:card\" content=\"summary_large_image\" \/>\n<meta name=\"twitter:label1\" content=\"Escrito por\" \/>\n\t<meta name=\"twitter:data1\" content=\"admin\" \/>\n\t<meta name=\"twitter:label2\" content=\"Est. tempo de leitura\" \/>\n\t<meta name=\"twitter:data2\" content=\"2 minutos\" \/>\n<script type=\"application\/ld+json\" class=\"yoast-schema-graph\">{\"@context\":\"https:\/\/schema.org\",\"@graph\":[{\"@type\":\"Article\",\"@id\":\"https:\/\/bahiaeconomica.com.br\/wp\/2021\/10\/21\/no-cazaquistao-rui-assina-acordo-de-cooperacao-para-parcerias-em-ciencia-tecnologia-e-formacao-profissional\/#article\",\"isPartOf\":{\"@id\":\"https:\/\/bahiaeconomica.com.br\/wp\/2021\/10\/21\/no-cazaquistao-rui-assina-acordo-de-cooperacao-para-parcerias-em-ciencia-tecnologia-e-formacao-profissional\/\"},\"author\":{\"name\":\"admin\",\"@id\":\"https:\/\/bahiaeconomica.com.br\/wp\/#\/schema\/person\/cb1ab5ba96ad3d9390805381c76284ec\"},\"headline\":\"NO CAZAQUIST\u00c3O, RUI ASSINA ACORDO DE COOPERA\u00c7\u00c3O PARA PARCERIAS EM CI\u00caNCIA, TECNOLOGIA E FORMA\u00c7\u00c3O PROFISSIONAL\",\"datePublished\":\"2021-10-21T13:33:51+00:00\",\"dateModified\":\"2021-10-21T15:38:29+00:00\",\"mainEntityOfPage\":{\"@id\":\"https:\/\/bahiaeconomica.com.br\/wp\/2021\/10\/21\/no-cazaquistao-rui-assina-acordo-de-cooperacao-para-parcerias-em-ciencia-tecnologia-e-formacao-profissional\/\"},\"wordCount\":401,\"publisher\":{\"@id\":\"https:\/\/bahiaeconomica.com.br\/wp\/#organization\"},\"articleSection\":[\"ECONOMIA \/ POL\u00cdTICA\"],\"inLanguage\":\"pt-BR\"},{\"@type\":\"WebPage\",\"@id\":\"https:\/\/bahiaeconomica.com.br\/wp\/2021\/10\/21\/no-cazaquistao-rui-assina-acordo-de-cooperacao-para-parcerias-em-ciencia-tecnologia-e-formacao-profissional\/\",\"url\":\"https:\/\/bahiaeconomica.com.br\/wp\/2021\/10\/21\/no-cazaquistao-rui-assina-acordo-de-cooperacao-para-parcerias-em-ciencia-tecnologia-e-formacao-profissional\/\",\"name\":\"NO CAZAQUIST\u00c3O, RUI ASSINA ACORDO DE COOPERA\u00c7\u00c3O PARA PARCERIAS EM CI\u00caNCIA, TECNOLOGIA E FORMA\u00c7\u00c3O PROFISSIONAL - Bahia Economica\",\"isPartOf\":{\"@id\":\"https:\/\/bahiaeconomica.com.br\/wp\/#website\"},\"datePublished\":\"2021-10-21T13:33:51+00:00\",\"dateModified\":\"2021-10-21T15:38:29+00:00\",\"description\":\"O maior portal de Economia da Bahia ECONOMIA \/ POL\u00cdTICA Bahia Economica\",\"breadcrumb\":{\"@id\":\"https:\/\/bahiaeconomica.com.br\/wp\/2021\/10\/21\/no-cazaquistao-rui-assina-acordo-de-cooperacao-para-parcerias-em-ciencia-tecnologia-e-formacao-profissional\/#breadcrumb\"},\"inLanguage\":\"pt-BR\",\"potentialAction\":[{\"@type\":\"ReadAction\",\"target\":[\"https:\/\/bahiaeconomica.com.br\/wp\/2021\/10\/21\/no-cazaquistao-rui-assina-acordo-de-cooperacao-para-parcerias-em-ciencia-tecnologia-e-formacao-profissional\/\"]}]},{\"@type\":\"BreadcrumbList\",\"@id\":\"https:\/\/bahiaeconomica.com.br\/wp\/2021\/10\/21\/no-cazaquistao-rui-assina-acordo-de-cooperacao-para-parcerias-em-ciencia-tecnologia-e-formacao-profissional\/#breadcrumb\",\"itemListElement\":[{\"@type\":\"ListItem\",\"position\":1,\"name\":\"In\u00edcio\",\"item\":\"https:\/\/bahiaeconomica.com.br\/wp\/\"},{\"@type\":\"ListItem\",\"position\":2,\"name\":\"NO CAZAQUIST\u00c3O, RUI ASSINA ACORDO DE COOPERA\u00c7\u00c3O PARA PARCERIAS EM CI\u00caNCIA, TECNOLOGIA E FORMA\u00c7\u00c3O PROFISSIONAL\"}]},{\"@type\":\"WebSite\",\"@id\":\"https:\/\/bahiaeconomica.com.br\/wp\/#website\",\"url\":\"https:\/\/bahiaeconomica.com.br\/wp\/\",\"name\":\"Bahia Economica\",\"description\":\"O maior portal de Economia da Bahia\",\"publisher\":{\"@id\":\"https:\/\/bahiaeconomica.com.br\/wp\/#organization\"},\"potentialAction\":[{\"@type\":\"SearchAction\",\"target\":{\"@type\":\"EntryPoint\",\"urlTemplate\":\"https:\/\/bahiaeconomica.com.br\/wp\/?s={search_term_string}\"},\"query-input\":\"required name=search_term_string\"}],\"inLanguage\":\"pt-BR\"},{\"@type\":\"Organization\",\"@id\":\"https:\/\/bahiaeconomica.com.br\/wp\/#organization\",\"name\":\"Bahia Econ\u00f4mica\",\"url\":\"https:\/\/bahiaeconomica.com.br\/wp\/\",\"logo\":{\"@type\":\"ImageObject\",\"inLanguage\":\"pt-BR\",\"@id\":\"https:\/\/bahiaeconomica.com.br\/wp\/#\/schema\/logo\/image\/\",\"url\":\"https:\/\/bahiaeconomica.com.br\/wp\/wp-content\/uploads\/2020\/12\/cropped-BE.png\",\"contentUrl\":\"https:\/\/bahiaeconomica.com.br\/wp\/wp-content\/uploads\/2020\/12\/cropped-BE.png\",\"width\":512,\"height\":512,\"caption\":\"Bahia Econ\u00f4mica\"},\"image\":{\"@id\":\"https:\/\/bahiaeconomica.com.br\/wp\/#\/schema\/logo\/image\/\"},\"sameAs\":[\"https:\/\/www.facebook.com\/bahiaeconomica\"]},{\"@type\":\"Person\",\"@id\":\"https:\/\/bahiaeconomica.com.br\/wp\/#\/schema\/person\/cb1ab5ba96ad3d9390805381c76284ec\",\"name\":\"admin\",\"url\":\"https:\/\/bahiaeconomica.com.br\/wp\/author\/admin\/\"}]}<\/script>\n<!-- \/ Yoast SEO plugin. -->","yoast_head_json":{"title":"NO CAZAQUIST\u00c3O, RUI ASSINA ACORDO DE COOPERA\u00c7\u00c3O PARA PARCERIAS EM CI\u00caNCIA, TECNOLOGIA E FORMA\u00c7\u00c3O PROFISSIONAL - Bahia Economica","description":"O maior portal de Economia da Bahia ECONOMIA \/ POL\u00cdTICA Bahia Economica","robots":{"index":"index","follow":"follow","max-snippet":"max-snippet:-1","max-image-preview":"max-image-preview:large","max-video-preview":"max-video-preview:-1"},"canonical":"https:\/\/bahiaeconomica.com.br\/wp\/2021\/10\/21\/no-cazaquistao-rui-assina-acordo-de-cooperacao-para-parcerias-em-ciencia-tecnologia-e-formacao-profissional\/","og_locale":"pt_BR","og_type":"article","og_title":"NO CAZAQUIST\u00c3O, RUI ASSINA ACORDO DE COOPERA\u00c7\u00c3O PARA PARCERIAS EM CI\u00caNCIA, TECNOLOGIA E FORMA\u00c7\u00c3O PROFISSIONAL - Bahia Economica","og_description":"O maior portal de Economia da Bahia ECONOMIA \/ POL\u00cdTICA Bahia Economica","og_url":"https:\/\/bahiaeconomica.com.br\/wp\/2021\/10\/21\/no-cazaquistao-rui-assina-acordo-de-cooperacao-para-parcerias-em-ciencia-tecnologia-e-formacao-profissional\/","og_site_name":"Bahia Economica","article_publisher":"https:\/\/www.facebook.com\/bahiaeconomica","article_published_time":"2021-10-21T13:33:51+00:00","article_modified_time":"2021-10-21T15:38:29+00:00","og_image":[{"width":770,"height":474,"url":"https:\/\/bahiaeconomica.com.br\/wp\/wp-content\/uploads\/2021\/10\/RUI-CAZAQUISTAO.jpg","type":"image\/jpeg"}],"author":"admin","twitter_card":"summary_large_image","twitter_misc":{"Escrito por":"admin","Est. tempo de leitura":"2 minutos"},"schema":{"@context":"https:\/\/schema.org","@graph":[{"@type":"Article","@id":"https:\/\/bahiaeconomica.com.br\/wp\/2021\/10\/21\/no-cazaquistao-rui-assina-acordo-de-cooperacao-para-parcerias-em-ciencia-tecnologia-e-formacao-profissional\/#article","isPartOf":{"@id":"https:\/\/bahiaeconomica.com.br\/wp\/2021\/10\/21\/no-cazaquistao-rui-assina-acordo-de-cooperacao-para-parcerias-em-ciencia-tecnologia-e-formacao-profissional\/"},"author":{"name":"admin","@id":"https:\/\/bahiaeconomica.com.br\/wp\/#\/schema\/person\/cb1ab5ba96ad3d9390805381c76284ec"},"headline":"NO CAZAQUIST\u00c3O, RUI ASSINA ACORDO DE COOPERA\u00c7\u00c3O PARA PARCERIAS EM CI\u00caNCIA, TECNOLOGIA E FORMA\u00c7\u00c3O PROFISSIONAL","datePublished":"2021-10-21T13:33:51+00:00","dateModified":"2021-10-21T15:38:29+00:00","mainEntityOfPage":{"@id":"https:\/\/bahiaeconomica.com.br\/wp\/2021\/10\/21\/no-cazaquistao-rui-assina-acordo-de-cooperacao-para-parcerias-em-ciencia-tecnologia-e-formacao-profissional\/"},"wordCount":401,"publisher":{"@id":"https:\/\/bahiaeconomica.com.br\/wp\/#organization"},"articleSection":["ECONOMIA \/ POL\u00cdTICA"],"inLanguage":"pt-BR"},{"@type":"WebPage","@id":"https:\/\/bahiaeconomica.com.br\/wp\/2021\/10\/21\/no-cazaquistao-rui-assina-acordo-de-cooperacao-para-parcerias-em-ciencia-tecnologia-e-formacao-profissional\/","url":"https:\/\/bahiaeconomica.com.br\/wp\/2021\/10\/21\/no-cazaquistao-rui-assina-acordo-de-cooperacao-para-parcerias-em-ciencia-tecnologia-e-formacao-profissional\/","name":"NO CAZAQUIST\u00c3O, RUI ASSINA ACORDO DE COOPERA\u00c7\u00c3O PARA PARCERIAS EM CI\u00caNCIA, TECNOLOGIA E FORMA\u00c7\u00c3O PROFISSIONAL - Bahia Economica","isPartOf":{"@id":"https:\/\/bahiaeconomica.com.br\/wp\/#website"},"datePublished":"2021-10-21T13:33:51+00:00","dateModified":"2021-10-21T15:38:29+00:00","description":"O maior portal de Economia da Bahia ECONOMIA \/ POL\u00cdTICA Bahia Economica","breadcrumb":{"@id":"https:\/\/bahiaeconomica.com.br\/wp\/2021\/10\/21\/no-cazaquistao-rui-assina-acordo-de-cooperacao-para-parcerias-em-ciencia-tecnologia-e-formacao-profissional\/#breadcrumb"},"inLanguage":"pt-BR","potentialAction":[{"@type":"ReadAction","target":["https:\/\/bahiaeconomica.com.br\/wp\/2021\/10\/21\/no-cazaquistao-rui-assina-acordo-de-cooperacao-para-parcerias-em-ciencia-tecnologia-e-formacao-profissional\/"]}]},{"@type":"BreadcrumbList","@id":"https:\/\/bahiaeconomica.com.br\/wp\/2021\/10\/21\/no-cazaquistao-rui-assina-acordo-de-cooperacao-para-parcerias-em-ciencia-tecnologia-e-formacao-profissional\/#breadcrumb","itemListElement":[{"@type":"ListItem","position":1,"name":"In\u00edcio","item":"https:\/\/bahiaeconomica.com.br\/wp\/"},{"@type":"ListItem","position":2,"name":"NO CAZAQUIST\u00c3O, RUI ASSINA ACORDO DE COOPERA\u00c7\u00c3O PARA PARCERIAS EM CI\u00caNCIA, TECNOLOGIA E FORMA\u00c7\u00c3O PROFISSIONAL"}]},{"@type":"WebSite","@id":"https:\/\/bahiaeconomica.com.br\/wp\/#website","url":"https:\/\/bahiaeconomica.com.br\/wp\/","name":"Bahia Economica","description":"O maior portal de Economia da Bahia","publisher":{"@id":"https:\/\/bahiaeconomica.com.br\/wp\/#organization"},"potentialAction":[{"@type":"SearchAction","target":{"@type":"EntryPoint","urlTemplate":"https:\/\/bahiaeconomica.com.br\/wp\/?s={search_term_string}"},"query-input":"required name=search_term_string"}],"inLanguage":"pt-BR"},{"@type":"Organization","@id":"https:\/\/bahiaeconomica.com.br\/wp\/#organization","name":"Bahia Econ\u00f4mica","url":"https:\/\/bahiaeconomica.com.br\/wp\/","logo":{"@type":"ImageObject","inLanguage":"pt-BR","@id":"https:\/\/bahiaeconomica.com.br\/wp\/#\/schema\/logo\/image\/","url":"https:\/\/bahiaeconomica.com.br\/wp\/wp-content\/uploads\/2020\/12\/cropped-BE.png","contentUrl":"https:\/\/bahiaeconomica.com.br\/wp\/wp-content\/uploads\/2020\/12\/cropped-BE.png","width":512,"height":512,"caption":"Bahia Econ\u00f4mica"},"image":{"@id":"https:\/\/bahiaeconomica.com.br\/wp\/#\/schema\/logo\/image\/"},"sameAs":["https:\/\/www.facebook.com\/bahiaeconomica"]},{"@type":"Person","@id":"https:\/\/bahiaeconomica.com.br\/wp\/#\/schema\/person\/cb1ab5ba96ad3d9390805381c76284ec","name":"admin","url":"https:\/\/bahiaeconomica.com.br\/wp\/author\/admin\/"}]}},"views":1,"_links":{"self":[{"href":"https:\/\/bahiaeconomica.com.br\/wp\/wp-json\/wp\/v2\/posts\/610882"}],"collection":[{"href":"https:\/\/bahiaeconomica.com.br\/wp\/wp-json\/wp\/v2\/posts"}],"about":[{"href":"https:\/\/bahiaeconomica.com.br\/wp\/wp-json\/wp\/v2\/types\/post"}],"author":[{"embeddable":true,"href":"https:\/\/bahiaeconomica.com.br\/wp\/wp-json\/wp\/v2\/users\/1"}],"replies":[{"embeddable":true,"href":"https:\/\/bahiaeconomica.com.br\/wp\/wp-json\/wp\/v2\/comments?post=610882"}],"version-history":[{"count":1,"href":"https:\/\/bahiaeconomica.com.br\/wp\/wp-json\/wp\/v2\/posts\/610882\/revisions"}],"predecessor-version":[{"id":610885,"href":"https:\/\/bahiaeconomica.com.br\/wp\/wp-json\/wp\/v2\/posts\/610882\/revisions\/610885"}],"wp:featuredmedia":[{"embeddable":true,"href":"https:\/\/bahiaeconomica.com.br\/wp\/wp-json\/wp\/v2\/media\/610884"}],"wp:attachment":[{"href":"https:\/\/bahiaeconomica.com.br\/wp\/wp-json\/wp\/v2\/media?parent=610882"}],"wp:term":[{"taxonomy":"category","embeddable":true,"href":"https:\/\/bahiaeconomica.com.br\/wp\/wp-json\/wp\/v2\/categories?post=610882"},{"taxonomy":"post_tag","embeddable":true,"href":"https:\/\/bahiaeconomica.com.br\/wp\/wp-json\/wp\/v2\/tags?post=610882"}],"curies":[{"name":"wp","href":"https:\/\/api.w.org\/{rel}","templated":true}]}}