{"id":608682,"date":"2021-10-13T11:00:40","date_gmt":"2021-10-13T14:00:40","guid":{"rendered":"https:\/\/bahiaeconomica.com.br\/wp\/beta\/?p=608682"},"modified":"2021-10-13T11:11:27","modified_gmt":"2021-10-13T14:11:27","slug":"africa-avanca-no-combate-a-miseria-e-fome-diz-porta-voz-da-onu","status":"publish","type":"post","link":"https:\/\/bahiaeconomica.com.br\/wp\/2021\/10\/13\/africa-avanca-no-combate-a-miseria-e-fome-diz-porta-voz-da-onu\/","title":{"rendered":"\u00c1FRICA AVAN\u00c7A NO COMBATE \u00c0 MIS\u00c9RIA E FOME, DIZ ONU"},"content":{"rendered":"<p>No quesito mudan\u00e7as estruturais na tributa\u00e7\u00e3o e governan\u00e7a de programas sociais para combater a mis\u00e9ria e a fome, pa\u00edses africanos t\u00eam avan\u00e7ado mais que o Brasil. \u00c9 o que aponta<!--more--> o representante brasileiro do United Nations World Food Programme (programa mundial de alimentos da ONU), Daniel Balaban. Em sua an\u00e1lise, o pa\u00eds brasileiro precisa adotar tributa\u00e7\u00e3o mais progressiva e desonerar o consumo para avan\u00e7ar nessa quest\u00e3o. No Brasil, apenas cerca de 15% da popula\u00e7\u00e3o paga Imposto de Renda e os mais pobres s\u00e3o onerados pela cobran\u00e7a do ICMS (Imposto sobre Circula\u00e7\u00e3o de Mercadorias e Servi\u00e7os), que incide sobre o consumo.<\/p>\n<p>\u201cEm todos os pa\u00edses que trabalhamos, batemos nesse mesmo ponto. Temos visto mudan\u00e7as radicais, inclusive em na\u00e7\u00f5es pobres da \u00c1frica. Mas, no Brasil, isso \u00e9 tabu. Todo pa\u00eds desenvolvido tem alguma pol\u00edtica para desconcentrar renda, fazendo com que pessoas que est\u00e3o na pobreza n\u00e3o caiam na mis\u00e9ria extrema e na fome. Isso pode ser feito por meio do aumento de sal\u00e1rio m\u00ednimo, pol\u00edtica que foi interrompida no Brasil, e por financiamentos aos pequenos produtores\u201d, disse \u00e0 Folha de S.Paulo.<\/p>\n<p>Sobre o fato de mais da metade do Brasil sofrer algum tipo de inseguran\u00e7a alimentar, ele opinou: \u201cPa\u00edses que sa\u00edram dessa mesma situa\u00e7\u00e3o no passado, como os n\u00f3rdicos e a Cor\u00e9ia [do Sul], mostram que o crescimento econ\u00f4mico est\u00e1 atrelado a uma base de sustenta\u00e7\u00e3o da pr\u00f3pria popula\u00e7\u00e3o. Ao deixar que uma propor\u00e7\u00e3o muito grande da popula\u00e7\u00e3o caia abaixo da linha da mis\u00e9ria, estamos achatando o PIB, porque essas pessoas n\u00e3o contribuem\u201d.<\/p>\n<p>E acrescentou: \u201c\u00c9 um ciclo vicioso que j\u00e1 estamos vendo no Brasil, com um quadro de estagfla\u00e7\u00e3o [infla\u00e7\u00e3o elevada sem crescimento econ\u00f4mico]. O Brasil \u00e9 um exemplo perfeito de erros de pol\u00edtica e seus resultados, que redundaram no aumento da fome. O Brasil n\u00e3o \u00e9 como alguns dos pa\u00edses com os quais trabalhamos, realmente pobres, como na \u00c1frica, na \u00c1sia e mesmo na Am\u00e9rica Latina. Nesses pa\u00edses, n\u00e3o h\u00e1 alimentos e eles t\u00eam infraestrutura realmente prec\u00e1ria, o que \u00e9 totalmente diferente do Brasil, que est\u00e1 entre os maiores produtores de alimentos do mundo. A fome est\u00e1 relacionada \u00e0 economia e \u00e0 desigualdade, e o Brasil figura entre os pa\u00edses mais desiguais do mundo. Para trabalhar isso, \u00e9 preciso mudar a estrutura econ\u00f4mica e tribut\u00e1ria. N\u00e3o adianta darmos uma migalha aqui, ter programa de cesta b\u00e1sica ali. Isso n\u00e3o resolve nada. Em todos os pa\u00edses que trabalhamos, batemos nesse ponto, e temos visto mudan\u00e7as radicais, inclusive em na\u00e7\u00f5es pobres da \u00c1frica.\u00c9 preciso mudar a estrutura tribut\u00e1ria para que quem tem mais possa contribuir mais. \u00c9 uma coisa b\u00e1sica\u201d.<\/p>\n<p>&nbsp;<\/p>\n<p>Foto: Roberto Parizotti\/ CUT<\/p>\n","protected":false},"excerpt":{"rendered":"<p>No quesito mudan\u00e7as estruturais na tributa\u00e7\u00e3o e governan\u00e7a de programas sociais para combater a mis\u00e9ria e a fome, pa\u00edses africanos t\u00eam avan\u00e7ado mais que o Brasil. \u00c9 o que aponta<\/p>\n","protected":false},"author":1,"featured_media":416156,"comment_status":"closed","ping_status":"closed","sticky":false,"template":"","format":"standard","meta":[],"categories":[14,3],"tags":[],"acf":[],"yoast_head":"<!-- This site is optimized with the Yoast SEO plugin v20.8 - https:\/\/yoast.com\/wordpress\/plugins\/seo\/ -->\n<title>\u00c1FRICA AVAN\u00c7A NO COMBATE \u00c0 MIS\u00c9RIA E FOME, DIZ ONU - Bahia Economica<\/title>\n<meta name=\"description\" content=\"O maior portal de Economia da Bahia DESTAQUE DO DIA, ECONOMIA \/ POL\u00cdTICA Bahia Economica\" \/>\n<meta name=\"robots\" content=\"index, follow, max-snippet:-1, max-image-preview:large, max-video-preview:-1\" \/>\n<link rel=\"canonical\" href=\"https:\/\/bahiaeconomica.com.br\/wp\/2021\/10\/13\/africa-avanca-no-combate-a-miseria-e-fome-diz-porta-voz-da-onu\/\" \/>\n<meta property=\"og:locale\" content=\"pt_BR\" \/>\n<meta property=\"og:type\" content=\"article\" \/>\n<meta property=\"og:title\" content=\"\u00c1FRICA AVAN\u00c7A NO COMBATE \u00c0 MIS\u00c9RIA E FOME, DIZ ONU - Bahia Economica\" \/>\n<meta property=\"og:description\" content=\"O maior portal de Economia da Bahia DESTAQUE DO DIA, ECONOMIA \/ POL\u00cdTICA Bahia Economica\" \/>\n<meta property=\"og:url\" content=\"https:\/\/bahiaeconomica.com.br\/wp\/2021\/10\/13\/africa-avanca-no-combate-a-miseria-e-fome-diz-porta-voz-da-onu\/\" \/>\n<meta property=\"og:site_name\" content=\"Bahia Economica\" \/>\n<meta property=\"article:publisher\" content=\"https:\/\/www.facebook.com\/bahiaeconomica\" \/>\n<meta property=\"article:published_time\" content=\"2021-10-13T14:00:40+00:00\" \/>\n<meta property=\"article:modified_time\" content=\"2021-10-13T14:11:27+00:00\" \/>\n<meta property=\"og:image\" content=\"https:\/\/bahiaeconomica.com.br\/wp\/wp-content\/uploads\/2019\/11\/mulher-negra-SHANNON-STAPLETON-REUTERS-1.jpg\" \/>\n\t<meta property=\"og:image:width\" content=\"720\" \/>\n\t<meta property=\"og:image:height\" content=\"405\" \/>\n\t<meta property=\"og:image:type\" content=\"image\/jpeg\" \/>\n<meta name=\"author\" content=\"admin\" \/>\n<meta name=\"twitter:card\" content=\"summary_large_image\" \/>\n<meta name=\"twitter:label1\" content=\"Escrito por\" \/>\n\t<meta name=\"twitter:data1\" content=\"admin\" \/>\n\t<meta name=\"twitter:label2\" content=\"Est. tempo de leitura\" \/>\n\t<meta name=\"twitter:data2\" content=\"2 minutos\" \/>\n<script type=\"application\/ld+json\" class=\"yoast-schema-graph\">{\"@context\":\"https:\/\/schema.org\",\"@graph\":[{\"@type\":\"Article\",\"@id\":\"https:\/\/bahiaeconomica.com.br\/wp\/2021\/10\/13\/africa-avanca-no-combate-a-miseria-e-fome-diz-porta-voz-da-onu\/#article\",\"isPartOf\":{\"@id\":\"https:\/\/bahiaeconomica.com.br\/wp\/2021\/10\/13\/africa-avanca-no-combate-a-miseria-e-fome-diz-porta-voz-da-onu\/\"},\"author\":{\"name\":\"admin\",\"@id\":\"https:\/\/bahiaeconomica.com.br\/wp\/#\/schema\/person\/cb1ab5ba96ad3d9390805381c76284ec\"},\"headline\":\"\u00c1FRICA AVAN\u00c7A NO COMBATE \u00c0 MIS\u00c9RIA E FOME, DIZ ONU\",\"datePublished\":\"2021-10-13T14:00:40+00:00\",\"dateModified\":\"2021-10-13T14:11:27+00:00\",\"mainEntityOfPage\":{\"@id\":\"https:\/\/bahiaeconomica.com.br\/wp\/2021\/10\/13\/africa-avanca-no-combate-a-miseria-e-fome-diz-porta-voz-da-onu\/\"},\"wordCount\":497,\"publisher\":{\"@id\":\"https:\/\/bahiaeconomica.com.br\/wp\/#organization\"},\"articleSection\":[\"DESTAQUE DO DIA\",\"ECONOMIA \/ POL\u00cdTICA\"],\"inLanguage\":\"pt-BR\"},{\"@type\":\"WebPage\",\"@id\":\"https:\/\/bahiaeconomica.com.br\/wp\/2021\/10\/13\/africa-avanca-no-combate-a-miseria-e-fome-diz-porta-voz-da-onu\/\",\"url\":\"https:\/\/bahiaeconomica.com.br\/wp\/2021\/10\/13\/africa-avanca-no-combate-a-miseria-e-fome-diz-porta-voz-da-onu\/\",\"name\":\"\u00c1FRICA AVAN\u00c7A NO COMBATE \u00c0 MIS\u00c9RIA E FOME, DIZ ONU - Bahia Economica\",\"isPartOf\":{\"@id\":\"https:\/\/bahiaeconomica.com.br\/wp\/#website\"},\"datePublished\":\"2021-10-13T14:00:40+00:00\",\"dateModified\":\"2021-10-13T14:11:27+00:00\",\"description\":\"O maior portal de Economia da Bahia DESTAQUE DO DIA, ECONOMIA \/ POL\u00cdTICA Bahia Economica\",\"breadcrumb\":{\"@id\":\"https:\/\/bahiaeconomica.com.br\/wp\/2021\/10\/13\/africa-avanca-no-combate-a-miseria-e-fome-diz-porta-voz-da-onu\/#breadcrumb\"},\"inLanguage\":\"pt-BR\",\"potentialAction\":[{\"@type\":\"ReadAction\",\"target\":[\"https:\/\/bahiaeconomica.com.br\/wp\/2021\/10\/13\/africa-avanca-no-combate-a-miseria-e-fome-diz-porta-voz-da-onu\/\"]}]},{\"@type\":\"BreadcrumbList\",\"@id\":\"https:\/\/bahiaeconomica.com.br\/wp\/2021\/10\/13\/africa-avanca-no-combate-a-miseria-e-fome-diz-porta-voz-da-onu\/#breadcrumb\",\"itemListElement\":[{\"@type\":\"ListItem\",\"position\":1,\"name\":\"In\u00edcio\",\"item\":\"https:\/\/bahiaeconomica.com.br\/wp\/\"},{\"@type\":\"ListItem\",\"position\":2,\"name\":\"\u00c1FRICA AVAN\u00c7A NO COMBATE \u00c0 MIS\u00c9RIA E FOME, DIZ ONU\"}]},{\"@type\":\"WebSite\",\"@id\":\"https:\/\/bahiaeconomica.com.br\/wp\/#website\",\"url\":\"https:\/\/bahiaeconomica.com.br\/wp\/\",\"name\":\"Bahia Economica\",\"description\":\"O maior portal de Economia da Bahia\",\"publisher\":{\"@id\":\"https:\/\/bahiaeconomica.com.br\/wp\/#organization\"},\"potentialAction\":[{\"@type\":\"SearchAction\",\"target\":{\"@type\":\"EntryPoint\",\"urlTemplate\":\"https:\/\/bahiaeconomica.com.br\/wp\/?s={search_term_string}\"},\"query-input\":\"required name=search_term_string\"}],\"inLanguage\":\"pt-BR\"},{\"@type\":\"Organization\",\"@id\":\"https:\/\/bahiaeconomica.com.br\/wp\/#organization\",\"name\":\"Bahia Econ\u00f4mica\",\"url\":\"https:\/\/bahiaeconomica.com.br\/wp\/\",\"logo\":{\"@type\":\"ImageObject\",\"inLanguage\":\"pt-BR\",\"@id\":\"https:\/\/bahiaeconomica.com.br\/wp\/#\/schema\/logo\/image\/\",\"url\":\"https:\/\/bahiaeconomica.com.br\/wp\/wp-content\/uploads\/2020\/12\/cropped-BE.png\",\"contentUrl\":\"https:\/\/bahiaeconomica.com.br\/wp\/wp-content\/uploads\/2020\/12\/cropped-BE.png\",\"width\":512,\"height\":512,\"caption\":\"Bahia Econ\u00f4mica\"},\"image\":{\"@id\":\"https:\/\/bahiaeconomica.com.br\/wp\/#\/schema\/logo\/image\/\"},\"sameAs\":[\"https:\/\/www.facebook.com\/bahiaeconomica\"]},{\"@type\":\"Person\",\"@id\":\"https:\/\/bahiaeconomica.com.br\/wp\/#\/schema\/person\/cb1ab5ba96ad3d9390805381c76284ec\",\"name\":\"admin\",\"url\":\"https:\/\/bahiaeconomica.com.br\/wp\/author\/admin\/\"}]}<\/script>\n<!-- \/ Yoast SEO plugin. -->","yoast_head_json":{"title":"\u00c1FRICA AVAN\u00c7A NO COMBATE \u00c0 MIS\u00c9RIA E FOME, DIZ ONU - Bahia Economica","description":"O maior portal de Economia da Bahia DESTAQUE DO DIA, ECONOMIA \/ POL\u00cdTICA Bahia Economica","robots":{"index":"index","follow":"follow","max-snippet":"max-snippet:-1","max-image-preview":"max-image-preview:large","max-video-preview":"max-video-preview:-1"},"canonical":"https:\/\/bahiaeconomica.com.br\/wp\/2021\/10\/13\/africa-avanca-no-combate-a-miseria-e-fome-diz-porta-voz-da-onu\/","og_locale":"pt_BR","og_type":"article","og_title":"\u00c1FRICA AVAN\u00c7A NO COMBATE \u00c0 MIS\u00c9RIA E FOME, DIZ ONU - Bahia Economica","og_description":"O maior portal de Economia da Bahia DESTAQUE DO DIA, ECONOMIA \/ POL\u00cdTICA Bahia Economica","og_url":"https:\/\/bahiaeconomica.com.br\/wp\/2021\/10\/13\/africa-avanca-no-combate-a-miseria-e-fome-diz-porta-voz-da-onu\/","og_site_name":"Bahia Economica","article_publisher":"https:\/\/www.facebook.com\/bahiaeconomica","article_published_time":"2021-10-13T14:00:40+00:00","article_modified_time":"2021-10-13T14:11:27+00:00","og_image":[{"width":720,"height":405,"url":"https:\/\/bahiaeconomica.com.br\/wp\/wp-content\/uploads\/2019\/11\/mulher-negra-SHANNON-STAPLETON-REUTERS-1.jpg","type":"image\/jpeg"}],"author":"admin","twitter_card":"summary_large_image","twitter_misc":{"Escrito por":"admin","Est. tempo de leitura":"2 minutos"},"schema":{"@context":"https:\/\/schema.org","@graph":[{"@type":"Article","@id":"https:\/\/bahiaeconomica.com.br\/wp\/2021\/10\/13\/africa-avanca-no-combate-a-miseria-e-fome-diz-porta-voz-da-onu\/#article","isPartOf":{"@id":"https:\/\/bahiaeconomica.com.br\/wp\/2021\/10\/13\/africa-avanca-no-combate-a-miseria-e-fome-diz-porta-voz-da-onu\/"},"author":{"name":"admin","@id":"https:\/\/bahiaeconomica.com.br\/wp\/#\/schema\/person\/cb1ab5ba96ad3d9390805381c76284ec"},"headline":"\u00c1FRICA AVAN\u00c7A NO COMBATE \u00c0 MIS\u00c9RIA E FOME, DIZ ONU","datePublished":"2021-10-13T14:00:40+00:00","dateModified":"2021-10-13T14:11:27+00:00","mainEntityOfPage":{"@id":"https:\/\/bahiaeconomica.com.br\/wp\/2021\/10\/13\/africa-avanca-no-combate-a-miseria-e-fome-diz-porta-voz-da-onu\/"},"wordCount":497,"publisher":{"@id":"https:\/\/bahiaeconomica.com.br\/wp\/#organization"},"articleSection":["DESTAQUE DO DIA","ECONOMIA \/ POL\u00cdTICA"],"inLanguage":"pt-BR"},{"@type":"WebPage","@id":"https:\/\/bahiaeconomica.com.br\/wp\/2021\/10\/13\/africa-avanca-no-combate-a-miseria-e-fome-diz-porta-voz-da-onu\/","url":"https:\/\/bahiaeconomica.com.br\/wp\/2021\/10\/13\/africa-avanca-no-combate-a-miseria-e-fome-diz-porta-voz-da-onu\/","name":"\u00c1FRICA AVAN\u00c7A NO COMBATE \u00c0 MIS\u00c9RIA E FOME, DIZ ONU - Bahia Economica","isPartOf":{"@id":"https:\/\/bahiaeconomica.com.br\/wp\/#website"},"datePublished":"2021-10-13T14:00:40+00:00","dateModified":"2021-10-13T14:11:27+00:00","description":"O maior portal de Economia da Bahia DESTAQUE DO DIA, ECONOMIA \/ POL\u00cdTICA Bahia Economica","breadcrumb":{"@id":"https:\/\/bahiaeconomica.com.br\/wp\/2021\/10\/13\/africa-avanca-no-combate-a-miseria-e-fome-diz-porta-voz-da-onu\/#breadcrumb"},"inLanguage":"pt-BR","potentialAction":[{"@type":"ReadAction","target":["https:\/\/bahiaeconomica.com.br\/wp\/2021\/10\/13\/africa-avanca-no-combate-a-miseria-e-fome-diz-porta-voz-da-onu\/"]}]},{"@type":"BreadcrumbList","@id":"https:\/\/bahiaeconomica.com.br\/wp\/2021\/10\/13\/africa-avanca-no-combate-a-miseria-e-fome-diz-porta-voz-da-onu\/#breadcrumb","itemListElement":[{"@type":"ListItem","position":1,"name":"In\u00edcio","item":"https:\/\/bahiaeconomica.com.br\/wp\/"},{"@type":"ListItem","position":2,"name":"\u00c1FRICA AVAN\u00c7A NO COMBATE \u00c0 MIS\u00c9RIA E FOME, DIZ ONU"}]},{"@type":"WebSite","@id":"https:\/\/bahiaeconomica.com.br\/wp\/#website","url":"https:\/\/bahiaeconomica.com.br\/wp\/","name":"Bahia Economica","description":"O maior portal de Economia da Bahia","publisher":{"@id":"https:\/\/bahiaeconomica.com.br\/wp\/#organization"},"potentialAction":[{"@type":"SearchAction","target":{"@type":"EntryPoint","urlTemplate":"https:\/\/bahiaeconomica.com.br\/wp\/?s={search_term_string}"},"query-input":"required name=search_term_string"}],"inLanguage":"pt-BR"},{"@type":"Organization","@id":"https:\/\/bahiaeconomica.com.br\/wp\/#organization","name":"Bahia Econ\u00f4mica","url":"https:\/\/bahiaeconomica.com.br\/wp\/","logo":{"@type":"ImageObject","inLanguage":"pt-BR","@id":"https:\/\/bahiaeconomica.com.br\/wp\/#\/schema\/logo\/image\/","url":"https:\/\/bahiaeconomica.com.br\/wp\/wp-content\/uploads\/2020\/12\/cropped-BE.png","contentUrl":"https:\/\/bahiaeconomica.com.br\/wp\/wp-content\/uploads\/2020\/12\/cropped-BE.png","width":512,"height":512,"caption":"Bahia Econ\u00f4mica"},"image":{"@id":"https:\/\/bahiaeconomica.com.br\/wp\/#\/schema\/logo\/image\/"},"sameAs":["https:\/\/www.facebook.com\/bahiaeconomica"]},{"@type":"Person","@id":"https:\/\/bahiaeconomica.com.br\/wp\/#\/schema\/person\/cb1ab5ba96ad3d9390805381c76284ec","name":"admin","url":"https:\/\/bahiaeconomica.com.br\/wp\/author\/admin\/"}]}},"views":4,"_links":{"self":[{"href":"https:\/\/bahiaeconomica.com.br\/wp\/wp-json\/wp\/v2\/posts\/608682"}],"collection":[{"href":"https:\/\/bahiaeconomica.com.br\/wp\/wp-json\/wp\/v2\/posts"}],"about":[{"href":"https:\/\/bahiaeconomica.com.br\/wp\/wp-json\/wp\/v2\/types\/post"}],"author":[{"embeddable":true,"href":"https:\/\/bahiaeconomica.com.br\/wp\/wp-json\/wp\/v2\/users\/1"}],"replies":[{"embeddable":true,"href":"https:\/\/bahiaeconomica.com.br\/wp\/wp-json\/wp\/v2\/comments?post=608682"}],"version-history":[{"count":2,"href":"https:\/\/bahiaeconomica.com.br\/wp\/wp-json\/wp\/v2\/posts\/608682\/revisions"}],"predecessor-version":[{"id":608686,"href":"https:\/\/bahiaeconomica.com.br\/wp\/wp-json\/wp\/v2\/posts\/608682\/revisions\/608686"}],"wp:featuredmedia":[{"embeddable":true,"href":"https:\/\/bahiaeconomica.com.br\/wp\/wp-json\/wp\/v2\/media\/416156"}],"wp:attachment":[{"href":"https:\/\/bahiaeconomica.com.br\/wp\/wp-json\/wp\/v2\/media?parent=608682"}],"wp:term":[{"taxonomy":"category","embeddable":true,"href":"https:\/\/bahiaeconomica.com.br\/wp\/wp-json\/wp\/v2\/categories?post=608682"},{"taxonomy":"post_tag","embeddable":true,"href":"https:\/\/bahiaeconomica.com.br\/wp\/wp-json\/wp\/v2\/tags?post=608682"}],"curies":[{"name":"wp","href":"https:\/\/api.w.org\/{rel}","templated":true}]}}