{"id":606619,"date":"2021-10-04T19:34:27","date_gmt":"2021-10-04T22:34:27","guid":{"rendered":"https:\/\/bahiaeconomica.com.br\/wp\/beta\/?p=606619"},"modified":"2021-10-04T19:34:27","modified_gmt":"2021-10-04T22:34:27","slug":"receita-e-serpro-lancam-plataforma-de-cadastro-compartilhado","status":"publish","type":"post","link":"https:\/\/bahiaeconomica.com.br\/wp\/2021\/10\/04\/receita-e-serpro-lancam-plataforma-de-cadastro-compartilhado\/","title":{"rendered":"RECEITA E SERPRO LAN\u00c7AM PLATAFORMA DE CADASTRO COMPARTILHADO"},"content":{"rendered":"<p>A partir de hoje (4), os \u00f3rg\u00e3os p\u00fablicos e entidades conveniadas ao governo podem compartilhar dados de contribuintes por meio de uma plataforma<!--more--> lan\u00e7ada pela Receita Federal e pelo Servi\u00e7o Federal de Processamento de Dados (Serpro). Chamada de B-Cadastro, a ferramenta permite a inser\u00e7\u00e3o e a consulta de informa\u00e7\u00f5es como CPF, CNPJ e dados do Simples Nacional por meio da tecnologia blockchain, tida como \u00e0 prova de hackers.<\/p>\n<p>Com informa\u00e7\u00f5es que n\u00e3o podem ser alteradas, o blockchain \u00e9 definido como uma esp\u00e9cie de banco de dados ou de livro-raz\u00e3o com dados inseridos e transmitidos com seguran\u00e7a, rapidez e transpar\u00eancia. Sem um \u00f3rg\u00e3o central de controle, essa tecnologia funciona como uma esp\u00e9cie de corrente de blocos criptografados, com cada elo fechado depois de determinado tempo. Nenhuma informa\u00e7\u00e3o pode ser retirada ou mudada porque todos os blocos est\u00e3o conectados entre si por senhas criptografadas.<\/p>\n<p>Segundo a Receita e o Serpro, a nova plataforma traz outra vantagem, ao permitir que os dados sejam consultados de forma personalizada. Um \u00f3rg\u00e3o p\u00fablico poder\u00e1 acessar todas as bases de dados, somente a base CPF, as bases CPF e CNPJ ou qualquer composi\u00e7\u00e3o que seja mais conveniente. As autoriza\u00e7\u00f5es de acesso s\u00e3o fornecidas pela Assessoria de Coopera\u00e7\u00e3o e Integra\u00e7\u00e3o Fiscal da Receita Federal (Ascif).<\/p>\n<p><strong>Contrata\u00e7\u00e3o<\/strong><\/p>\n<p>A instala\u00e7\u00e3o \u00e9 automatizada, com o \u00f3rg\u00e3o ou entidade contratante da plataforma recebendo uma c\u00f3pia dos dados pedidos. As informa\u00e7\u00f5es s\u00e3o atualizadas um dia depois o registro nas bases da Receita Federal. As mudan\u00e7as ocorridas hoje ser\u00e3o atualizadas na madrugada do dia seguinte na base local instalada na estrutura do contratante.<\/p>\n<p>As informa\u00e7\u00f5es alteradas passam a integrar um novo bloco da tecnologia blockchain, j\u00e1 que essa tecnologia n\u00e3o permite mudan\u00e7as em dados antigos. Como cada bloco tem uma chave criptografada, que levaria dezenas de anos para ser quebrada, essa tecnologia \u00e9 praticamente imune a ataques hackers. A descentraliza\u00e7\u00e3o da rede garante a rapidez no acesso \u00e0s informa\u00e7\u00f5es.<\/p>\n<p>Os \u00f3rg\u00e3os e as entidades conveniadas interessados em contratar a plataforma B-Cadastro devem enviar o pedido de autoriza\u00e7\u00e3o para a Assessoria de Coopera\u00e7\u00e3o e Integra\u00e7\u00e3o Fiscal da Receita Federal, no e-mail divac.df.ascif@rfb.gov.br. Basta informar o nome e o CNPJ do \u00f3rg\u00e3o ou da entidade conveniada, assim como as bases de dados de interesse.<\/p>\n<p>A Ascif responder\u00e1 ao e-mail com os passos seguintes. Ap\u00f3s a autoriza\u00e7\u00e3o da Ascif, a contrata\u00e7\u00e3o ser\u00e1 feita diretamente com o Serpro, cabendo ao \u00f3rg\u00e3o ressarcir diretamente o Serpro pelo servi\u00e7o. Os \u00f3rg\u00e3os e as entidades conveniadas s\u00e3o orientados a pedir somente bases de dados relacionadas a suas atividades, responsabilizando-se pela guarda das informa\u00e7\u00f5es e informando aos cidad\u00e3os como os dados pessoais ser\u00e3o tratados, quando for o caso.<\/p>\n<p>A atual forma de compartilhamento de dados fiscais, por meio da r\u00e9plica de bases, em que um \u00f3rg\u00e3o copia os dados da Receita Federal, ser\u00e1 descontinuada em 1\u00ba de janeiro. Segundo o Serpro e a Receita, a nova plataforma resultar\u00e1 em economia para o governo, porque os dados poder\u00e3o ser atualizados no ambiente do contratante de forma mais r\u00e1pida e com custos mais baixos. (Ag\u00eancia Brasil)<\/p>\n<p>&nbsp;<\/p>\n<p>Foto: Marcello Casal Jr\/Ag\u00eancia Brasil<\/p>\n","protected":false},"excerpt":{"rendered":"<p>A partir de hoje (4), os \u00f3rg\u00e3os p\u00fablicos e entidades conveniadas ao governo podem compartilhar dados de contribuintes por meio de uma plataforma<\/p>\n","protected":false},"author":1,"featured_media":577594,"comment_status":"closed","ping_status":"closed","sticky":false,"template":"","format":"standard","meta":[],"categories":[3],"tags":[],"acf":[],"yoast_head":"<!-- This site is optimized with the Yoast SEO plugin v20.8 - https:\/\/yoast.com\/wordpress\/plugins\/seo\/ -->\n<title>RECEITA E SERPRO LAN\u00c7AM PLATAFORMA DE CADASTRO COMPARTILHADO - Bahia Economica<\/title>\n<meta name=\"description\" content=\"O maior portal de Economia da Bahia ECONOMIA \/ POL\u00cdTICA Bahia Economica\" \/>\n<meta name=\"robots\" content=\"index, follow, max-snippet:-1, max-image-preview:large, max-video-preview:-1\" \/>\n<link rel=\"canonical\" href=\"https:\/\/bahiaeconomica.com.br\/wp\/2021\/10\/04\/receita-e-serpro-lancam-plataforma-de-cadastro-compartilhado\/\" \/>\n<meta property=\"og:locale\" content=\"pt_BR\" \/>\n<meta property=\"og:type\" content=\"article\" \/>\n<meta property=\"og:title\" content=\"RECEITA E SERPRO LAN\u00c7AM PLATAFORMA DE CADASTRO COMPARTILHADO - Bahia Economica\" \/>\n<meta property=\"og:description\" content=\"O maior portal de Economia da Bahia ECONOMIA \/ POL\u00cdTICA Bahia Economica\" \/>\n<meta property=\"og:url\" content=\"https:\/\/bahiaeconomica.com.br\/wp\/2021\/10\/04\/receita-e-serpro-lancam-plataforma-de-cadastro-compartilhado\/\" \/>\n<meta property=\"og:site_name\" content=\"Bahia Economica\" \/>\n<meta property=\"article:publisher\" content=\"https:\/\/www.facebook.com\/bahiaeconomica\" \/>\n<meta property=\"article:published_time\" content=\"2021-10-04T22:34:27+00:00\" \/>\n<meta property=\"og:image\" content=\"https:\/\/bahiaeconomica.com.br\/wp\/wp-content\/uploads\/2021\/06\/receita-federal.jpg\" \/>\n\t<meta property=\"og:image:width\" content=\"500\" \/>\n\t<meta property=\"og:image:height\" content=\"333\" \/>\n\t<meta property=\"og:image:type\" content=\"image\/jpeg\" \/>\n<meta name=\"author\" content=\"admin\" \/>\n<meta name=\"twitter:card\" content=\"summary_large_image\" \/>\n<meta name=\"twitter:label1\" content=\"Escrito por\" \/>\n\t<meta name=\"twitter:data1\" content=\"admin\" \/>\n\t<meta name=\"twitter:label2\" content=\"Est. tempo de leitura\" \/>\n\t<meta name=\"twitter:data2\" content=\"3 minutos\" \/>\n<script type=\"application\/ld+json\" class=\"yoast-schema-graph\">{\"@context\":\"https:\/\/schema.org\",\"@graph\":[{\"@type\":\"Article\",\"@id\":\"https:\/\/bahiaeconomica.com.br\/wp\/2021\/10\/04\/receita-e-serpro-lancam-plataforma-de-cadastro-compartilhado\/#article\",\"isPartOf\":{\"@id\":\"https:\/\/bahiaeconomica.com.br\/wp\/2021\/10\/04\/receita-e-serpro-lancam-plataforma-de-cadastro-compartilhado\/\"},\"author\":{\"name\":\"admin\",\"@id\":\"https:\/\/bahiaeconomica.com.br\/wp\/#\/schema\/person\/cb1ab5ba96ad3d9390805381c76284ec\"},\"headline\":\"RECEITA E SERPRO LAN\u00c7AM PLATAFORMA DE CADASTRO COMPARTILHADO\",\"datePublished\":\"2021-10-04T22:34:27+00:00\",\"dateModified\":\"2021-10-04T22:34:27+00:00\",\"mainEntityOfPage\":{\"@id\":\"https:\/\/bahiaeconomica.com.br\/wp\/2021\/10\/04\/receita-e-serpro-lancam-plataforma-de-cadastro-compartilhado\/\"},\"wordCount\":574,\"publisher\":{\"@id\":\"https:\/\/bahiaeconomica.com.br\/wp\/#organization\"},\"articleSection\":[\"ECONOMIA \/ POL\u00cdTICA\"],\"inLanguage\":\"pt-BR\"},{\"@type\":\"WebPage\",\"@id\":\"https:\/\/bahiaeconomica.com.br\/wp\/2021\/10\/04\/receita-e-serpro-lancam-plataforma-de-cadastro-compartilhado\/\",\"url\":\"https:\/\/bahiaeconomica.com.br\/wp\/2021\/10\/04\/receita-e-serpro-lancam-plataforma-de-cadastro-compartilhado\/\",\"name\":\"RECEITA E SERPRO LAN\u00c7AM PLATAFORMA DE CADASTRO COMPARTILHADO - Bahia Economica\",\"isPartOf\":{\"@id\":\"https:\/\/bahiaeconomica.com.br\/wp\/#website\"},\"datePublished\":\"2021-10-04T22:34:27+00:00\",\"dateModified\":\"2021-10-04T22:34:27+00:00\",\"description\":\"O maior portal de Economia da Bahia ECONOMIA \/ POL\u00cdTICA Bahia Economica\",\"breadcrumb\":{\"@id\":\"https:\/\/bahiaeconomica.com.br\/wp\/2021\/10\/04\/receita-e-serpro-lancam-plataforma-de-cadastro-compartilhado\/#breadcrumb\"},\"inLanguage\":\"pt-BR\",\"potentialAction\":[{\"@type\":\"ReadAction\",\"target\":[\"https:\/\/bahiaeconomica.com.br\/wp\/2021\/10\/04\/receita-e-serpro-lancam-plataforma-de-cadastro-compartilhado\/\"]}]},{\"@type\":\"BreadcrumbList\",\"@id\":\"https:\/\/bahiaeconomica.com.br\/wp\/2021\/10\/04\/receita-e-serpro-lancam-plataforma-de-cadastro-compartilhado\/#breadcrumb\",\"itemListElement\":[{\"@type\":\"ListItem\",\"position\":1,\"name\":\"In\u00edcio\",\"item\":\"https:\/\/bahiaeconomica.com.br\/wp\/\"},{\"@type\":\"ListItem\",\"position\":2,\"name\":\"RECEITA E SERPRO LAN\u00c7AM PLATAFORMA DE CADASTRO COMPARTILHADO\"}]},{\"@type\":\"WebSite\",\"@id\":\"https:\/\/bahiaeconomica.com.br\/wp\/#website\",\"url\":\"https:\/\/bahiaeconomica.com.br\/wp\/\",\"name\":\"Bahia Economica\",\"description\":\"O maior portal de Economia da Bahia\",\"publisher\":{\"@id\":\"https:\/\/bahiaeconomica.com.br\/wp\/#organization\"},\"potentialAction\":[{\"@type\":\"SearchAction\",\"target\":{\"@type\":\"EntryPoint\",\"urlTemplate\":\"https:\/\/bahiaeconomica.com.br\/wp\/?s={search_term_string}\"},\"query-input\":\"required name=search_term_string\"}],\"inLanguage\":\"pt-BR\"},{\"@type\":\"Organization\",\"@id\":\"https:\/\/bahiaeconomica.com.br\/wp\/#organization\",\"name\":\"Bahia Econ\u00f4mica\",\"url\":\"https:\/\/bahiaeconomica.com.br\/wp\/\",\"logo\":{\"@type\":\"ImageObject\",\"inLanguage\":\"pt-BR\",\"@id\":\"https:\/\/bahiaeconomica.com.br\/wp\/#\/schema\/logo\/image\/\",\"url\":\"https:\/\/bahiaeconomica.com.br\/wp\/wp-content\/uploads\/2020\/12\/cropped-BE.png\",\"contentUrl\":\"https:\/\/bahiaeconomica.com.br\/wp\/wp-content\/uploads\/2020\/12\/cropped-BE.png\",\"width\":512,\"height\":512,\"caption\":\"Bahia Econ\u00f4mica\"},\"image\":{\"@id\":\"https:\/\/bahiaeconomica.com.br\/wp\/#\/schema\/logo\/image\/\"},\"sameAs\":[\"https:\/\/www.facebook.com\/bahiaeconomica\"]},{\"@type\":\"Person\",\"@id\":\"https:\/\/bahiaeconomica.com.br\/wp\/#\/schema\/person\/cb1ab5ba96ad3d9390805381c76284ec\",\"name\":\"admin\",\"url\":\"https:\/\/bahiaeconomica.com.br\/wp\/author\/admin\/\"}]}<\/script>\n<!-- \/ Yoast SEO plugin. -->","yoast_head_json":{"title":"RECEITA E SERPRO LAN\u00c7AM PLATAFORMA DE CADASTRO COMPARTILHADO - Bahia Economica","description":"O maior portal de Economia da Bahia ECONOMIA \/ POL\u00cdTICA Bahia Economica","robots":{"index":"index","follow":"follow","max-snippet":"max-snippet:-1","max-image-preview":"max-image-preview:large","max-video-preview":"max-video-preview:-1"},"canonical":"https:\/\/bahiaeconomica.com.br\/wp\/2021\/10\/04\/receita-e-serpro-lancam-plataforma-de-cadastro-compartilhado\/","og_locale":"pt_BR","og_type":"article","og_title":"RECEITA E SERPRO LAN\u00c7AM PLATAFORMA DE CADASTRO COMPARTILHADO - Bahia Economica","og_description":"O maior portal de Economia da Bahia ECONOMIA \/ POL\u00cdTICA Bahia Economica","og_url":"https:\/\/bahiaeconomica.com.br\/wp\/2021\/10\/04\/receita-e-serpro-lancam-plataforma-de-cadastro-compartilhado\/","og_site_name":"Bahia Economica","article_publisher":"https:\/\/www.facebook.com\/bahiaeconomica","article_published_time":"2021-10-04T22:34:27+00:00","og_image":[{"width":500,"height":333,"url":"https:\/\/bahiaeconomica.com.br\/wp\/wp-content\/uploads\/2021\/06\/receita-federal.jpg","type":"image\/jpeg"}],"author":"admin","twitter_card":"summary_large_image","twitter_misc":{"Escrito por":"admin","Est. tempo de leitura":"3 minutos"},"schema":{"@context":"https:\/\/schema.org","@graph":[{"@type":"Article","@id":"https:\/\/bahiaeconomica.com.br\/wp\/2021\/10\/04\/receita-e-serpro-lancam-plataforma-de-cadastro-compartilhado\/#article","isPartOf":{"@id":"https:\/\/bahiaeconomica.com.br\/wp\/2021\/10\/04\/receita-e-serpro-lancam-plataforma-de-cadastro-compartilhado\/"},"author":{"name":"admin","@id":"https:\/\/bahiaeconomica.com.br\/wp\/#\/schema\/person\/cb1ab5ba96ad3d9390805381c76284ec"},"headline":"RECEITA E SERPRO LAN\u00c7AM PLATAFORMA DE CADASTRO COMPARTILHADO","datePublished":"2021-10-04T22:34:27+00:00","dateModified":"2021-10-04T22:34:27+00:00","mainEntityOfPage":{"@id":"https:\/\/bahiaeconomica.com.br\/wp\/2021\/10\/04\/receita-e-serpro-lancam-plataforma-de-cadastro-compartilhado\/"},"wordCount":574,"publisher":{"@id":"https:\/\/bahiaeconomica.com.br\/wp\/#organization"},"articleSection":["ECONOMIA \/ POL\u00cdTICA"],"inLanguage":"pt-BR"},{"@type":"WebPage","@id":"https:\/\/bahiaeconomica.com.br\/wp\/2021\/10\/04\/receita-e-serpro-lancam-plataforma-de-cadastro-compartilhado\/","url":"https:\/\/bahiaeconomica.com.br\/wp\/2021\/10\/04\/receita-e-serpro-lancam-plataforma-de-cadastro-compartilhado\/","name":"RECEITA E SERPRO LAN\u00c7AM PLATAFORMA DE CADASTRO COMPARTILHADO - Bahia Economica","isPartOf":{"@id":"https:\/\/bahiaeconomica.com.br\/wp\/#website"},"datePublished":"2021-10-04T22:34:27+00:00","dateModified":"2021-10-04T22:34:27+00:00","description":"O maior portal de Economia da Bahia ECONOMIA \/ POL\u00cdTICA Bahia Economica","breadcrumb":{"@id":"https:\/\/bahiaeconomica.com.br\/wp\/2021\/10\/04\/receita-e-serpro-lancam-plataforma-de-cadastro-compartilhado\/#breadcrumb"},"inLanguage":"pt-BR","potentialAction":[{"@type":"ReadAction","target":["https:\/\/bahiaeconomica.com.br\/wp\/2021\/10\/04\/receita-e-serpro-lancam-plataforma-de-cadastro-compartilhado\/"]}]},{"@type":"BreadcrumbList","@id":"https:\/\/bahiaeconomica.com.br\/wp\/2021\/10\/04\/receita-e-serpro-lancam-plataforma-de-cadastro-compartilhado\/#breadcrumb","itemListElement":[{"@type":"ListItem","position":1,"name":"In\u00edcio","item":"https:\/\/bahiaeconomica.com.br\/wp\/"},{"@type":"ListItem","position":2,"name":"RECEITA E SERPRO LAN\u00c7AM PLATAFORMA DE CADASTRO COMPARTILHADO"}]},{"@type":"WebSite","@id":"https:\/\/bahiaeconomica.com.br\/wp\/#website","url":"https:\/\/bahiaeconomica.com.br\/wp\/","name":"Bahia Economica","description":"O maior portal de Economia da Bahia","publisher":{"@id":"https:\/\/bahiaeconomica.com.br\/wp\/#organization"},"potentialAction":[{"@type":"SearchAction","target":{"@type":"EntryPoint","urlTemplate":"https:\/\/bahiaeconomica.com.br\/wp\/?s={search_term_string}"},"query-input":"required name=search_term_string"}],"inLanguage":"pt-BR"},{"@type":"Organization","@id":"https:\/\/bahiaeconomica.com.br\/wp\/#organization","name":"Bahia Econ\u00f4mica","url":"https:\/\/bahiaeconomica.com.br\/wp\/","logo":{"@type":"ImageObject","inLanguage":"pt-BR","@id":"https:\/\/bahiaeconomica.com.br\/wp\/#\/schema\/logo\/image\/","url":"https:\/\/bahiaeconomica.com.br\/wp\/wp-content\/uploads\/2020\/12\/cropped-BE.png","contentUrl":"https:\/\/bahiaeconomica.com.br\/wp\/wp-content\/uploads\/2020\/12\/cropped-BE.png","width":512,"height":512,"caption":"Bahia Econ\u00f4mica"},"image":{"@id":"https:\/\/bahiaeconomica.com.br\/wp\/#\/schema\/logo\/image\/"},"sameAs":["https:\/\/www.facebook.com\/bahiaeconomica"]},{"@type":"Person","@id":"https:\/\/bahiaeconomica.com.br\/wp\/#\/schema\/person\/cb1ab5ba96ad3d9390805381c76284ec","name":"admin","url":"https:\/\/bahiaeconomica.com.br\/wp\/author\/admin\/"}]}},"views":0,"_links":{"self":[{"href":"https:\/\/bahiaeconomica.com.br\/wp\/wp-json\/wp\/v2\/posts\/606619"}],"collection":[{"href":"https:\/\/bahiaeconomica.com.br\/wp\/wp-json\/wp\/v2\/posts"}],"about":[{"href":"https:\/\/bahiaeconomica.com.br\/wp\/wp-json\/wp\/v2\/types\/post"}],"author":[{"embeddable":true,"href":"https:\/\/bahiaeconomica.com.br\/wp\/wp-json\/wp\/v2\/users\/1"}],"replies":[{"embeddable":true,"href":"https:\/\/bahiaeconomica.com.br\/wp\/wp-json\/wp\/v2\/comments?post=606619"}],"version-history":[{"count":1,"href":"https:\/\/bahiaeconomica.com.br\/wp\/wp-json\/wp\/v2\/posts\/606619\/revisions"}],"predecessor-version":[{"id":606621,"href":"https:\/\/bahiaeconomica.com.br\/wp\/wp-json\/wp\/v2\/posts\/606619\/revisions\/606621"}],"wp:featuredmedia":[{"embeddable":true,"href":"https:\/\/bahiaeconomica.com.br\/wp\/wp-json\/wp\/v2\/media\/577594"}],"wp:attachment":[{"href":"https:\/\/bahiaeconomica.com.br\/wp\/wp-json\/wp\/v2\/media?parent=606619"}],"wp:term":[{"taxonomy":"category","embeddable":true,"href":"https:\/\/bahiaeconomica.com.br\/wp\/wp-json\/wp\/v2\/categories?post=606619"},{"taxonomy":"post_tag","embeddable":true,"href":"https:\/\/bahiaeconomica.com.br\/wp\/wp-json\/wp\/v2\/tags?post=606619"}],"curies":[{"name":"wp","href":"https:\/\/api.w.org\/{rel}","templated":true}]}}