{"id":606257,"date":"2021-10-04T07:14:54","date_gmt":"2021-10-04T10:14:54","guid":{"rendered":"https:\/\/bahiaeconomica.com.br\/wp\/beta\/?p=606257"},"modified":"2021-10-04T07:14:54","modified_gmt":"2021-10-04T10:14:54","slug":"bombeiros-e-brigadistas-atuam-contra-incendios-no-interior","status":"publish","type":"post","link":"https:\/\/bahiaeconomica.com.br\/wp\/2021\/10\/04\/bombeiros-e-brigadistas-atuam-contra-incendios-no-interior\/","title":{"rendered":"BOMBEIROS E BRIGADISTAS ATUAM CONTRA INC\u00caNDIOS NO INTERIOR"},"content":{"rendered":"<p>Maca\u00fabas, Uiba\u00ed, Iraquara, Len\u00e7\u00f3is, Barreiras, Riach\u00e3o das Neves, Barra, Ibotirama, Formosa do Rio Preto e Aroeiras. Todos esses munic\u00edpios enfrentam inc\u00eandios florestais e est\u00e3o<!--more--> na rota da Opera\u00e7\u00e3o Florestal Bahia 2021, do Corpo de Bombeiros Militar do Estado (Cbm). Atualmente, o Programa Bahia Sem Fogo, coordenado pela Secretaria do Meio Ambiente do Estado (Sema), conta com a atua\u00e7\u00e3o de 148 bombeiros, oito aeronaves modelo Air Tractor e brigadistas volunt\u00e1rios, al\u00e9m de t\u00e9cnicos do Instituto do Meio Ambiente e Recursos H\u00eddricos (Inema), que est\u00e3o em campo com opera\u00e7\u00f5es de fiscaliza\u00e7\u00e3o e educa\u00e7\u00e3o ambiental.<\/p>\n<p>De acordo com o governo do Estado, o ser humano \u00e9 o principal respons\u00e1vel pelos inc\u00eandios, seja de maneira proposital ou acidental. Uma das maiores causadores de inc\u00eandio na Bahia s\u00e3o as limpezas de pastagem utilizando fogo. Queima de lixo e atitudes similares s\u00e3o outros fatores de destaque. Major do Corpo de Bombeiros, M\u00e1rcio Jansen tamb\u00e9m afirma que o per\u00edodo de seca, baixa umidade relativa do ar e os ventos muito fortes podem potencializar o poder do fogo, fazendo com que os inc\u00eandios ganhem propor\u00e7\u00f5es gigantescas.<\/p>\n<p>Os brigadistas s\u00e3o fundamentais para ajudar no combate aos inc\u00eandios. Presidente da Brigada Volunt\u00e1ria de Len\u00e7\u00f3is (BVL) e brigadista desde 2009, Marcelo Penteado Cardoso afirmou que o foco de inc\u00eandio que mais preocupa no momento \u00e9 nos Ferais do Vieira, localidade na Chapada Diamantina que fica no caminho para o Vale do Pati. A BVL tem cerca de 40 membros atuantes, mas s\u00f3 possui EPIs para 16 volunt\u00e1rios atuarem simultaneamente.<\/p>\n<p>&#8220;Temos car\u00eancia de EPIs e ferramentas de combate, al\u00e9m do clima muito quente que favorece a propaga\u00e7\u00e3o dos inc\u00eandios. E a falta de fiscaliza\u00e7\u00e3o, investiga\u00e7\u00e3o e impunidade deixam os piroman\u00edacos \u00e0 vontade. A BVL conta com brigadistas volunt\u00e1rios, que n\u00e3o ganham nada para defender a natureza. Nossa atua\u00e7\u00e3o se d\u00e1 a partir do momento que localizamos algum foco em \u00e1rea que atuamos, e sempre mantemos contato com outras brigadas volunt\u00e1rias e ICMBio para tra\u00e7ar a melhor estrat\u00e9gia de combate&#8221;, afirmou.<\/p>\n<p>Marcelo afirma que a Brigada atuou em mais inc\u00eandios neste ano. Houve um grande foco entre fevereiro e mar\u00e7o, na regi\u00e3o do Pai In\u00e1cio, Mucugezinho e Capitinga, antes dos dois grandes focos na \u00e1rea do Vale do Pati, que n\u00e3o \u00e9 Len\u00e7\u00f3is, onde a equipe \u00e9 radicada. &#8220;Neste ano a seca est\u00e1 mais severa, muito calor. S\u00e3o criminosos [os inc\u00eandios]? N\u00e3o podemos afirmar nada nesse sentido, pode ser acidental tamb\u00e9m. S\u00f3 temos a certeza de que n\u00e3o s\u00e3o causas naturais&#8221;, disse o brigadista.<\/p>\n<p>Volunt\u00e1rio da Brigada de Resgate Ambientalista de Len\u00e7\u00f3is (Bral) h\u00e1 mais de 20 anos, Augusto Galinaris conta que a maioria dos brigadistas que conhece s\u00e3o guias de turismo, abnegados pela causa de proteger a natureza. Ele tamb\u00e9m atua no combate ao inc\u00eandio nos Gerais dos Vieiras. No Oeste baiano, bombeiros e brigadistas lutam contra focos de inc\u00eandio na regi\u00e3o de Barreiras. De acordo com o CBM, foram extintos os inc\u00eandios na localidade da cachoeira Acaba Vida e no povoado Vau Novo.<\/p>\n<p>Em Serra Talhada os bombeiros est\u00e3o realizando o combate direto e indireto, com a confec\u00e7\u00e3o de aceitos, numa\u00a0 linha de fogo de 2 quil\u00f4metros num terreno pedregoso. Tratores de moradores locais est\u00e3o dando apoio no combate. Coordenador da Unidade Regional do Inema em Barreiras, Saul Cavalcane afirma que o uso irregular do fogo nas \u00e1reas urbana e rural \u00e9 um dos principais fatores que podem provocar os inc\u00eandios florestais e que, para evitar essas ocorr\u00eancias, o Inema realiza um trabalho de fiscaliza\u00e7\u00e3o para identificar infratores.<\/p>\n<p>\u201cEssa \u00e9 uma atividade que depende de pr\u00e9via autoriza\u00e7\u00e3o a ser obtida pelo interessado junto ao \u00f3rg\u00e3o ambiental, mas, neste per\u00edodo cr\u00edtico, est\u00e1 proibida nos munic\u00edpios que registraram, nos \u00faltimos 10 anos, maiores incid\u00eancias de inc\u00eandios florestais na Bahia\u201d, afirmou o coordenador. A qualquer sinal de inc\u00eandio, as pessoas devem ligar para o 193. As den\u00fancias de queimadas ilegais e outros crimes ambientais podem ser feitas pelo telefone 0800 071 1400.<\/p>\n<p>Criado em 2010 para tornar mais efetivas as a\u00e7\u00f5es de preven\u00e7\u00e3o, combate e monitoramento a inc\u00eandios no estado, oferecendo infraestrutura e log\u00edstica adequadas, o Bahia Sem Fogo \u00e9 coordenado pela Sema, que integra e coordena o Comit\u00ea Estadual de Preven\u00e7\u00e3o e Combate a Inc\u00eandios Florestais da Bahia.<\/p>\n<p>Veja a situa\u00e7\u00e3o de munic\u00edpios atingidos por inc\u00eandios florestais<\/p>\n<p>Maca\u00fabas &#8211; Os bombeiros v\u00e3o acessar novos focos identificados atrav\u00e9s do monitoramento por drone. A \u00e1rea \u00e9 \u00edngreme, o que dificulta o acesso da guarni\u00e7\u00e3o.<\/p>\n<p>Uiba\u00ed &#8211; Na regi\u00e3o do C\u00e2nion e na regi\u00e3o da Casa do Vaqueiro n\u00e3o h\u00e1 sinal de inc\u00eandio. Na\u00e1rea pr\u00f3xima a Carreiro do Boi, foi realizado o combate direto e indireto de novos focos, com o apoio de aeronaves.<\/p>\n<p>Iraquara &#8211; O combate acontece na regi\u00e3o de \u00e1gua do carrapato, no povoado do Riacho do Mel. Na regi\u00e3o do rio da Piroca os bombeiros tamb\u00e9m realizam o combate numa regi\u00e3o de mata densa e bastante \u00edngreme.<\/p>\n<p>Len\u00e7\u00f3is &#8211; No povoado de Currais, os bombeiros conseguiram proteger casas e currais das chamas realizando combate direto e a confec\u00e7\u00e3o de aceiros.<\/p>\n<p>Barreiras &#8211; O inc\u00eandio est\u00e1 extinto na localidade da cachoeira Acaba Vida. No povoado Vau Novo, o inc\u00eandio est\u00e1 extinto. Em Serra Talhada os bombeiros est\u00e3o realizando o combate direto e indireto, com a confec\u00e7\u00e3o de aceitos, numa linha de fogo de 2 quil\u00f4metros num terreno pedregoso. Tratores de moradores locais est\u00e3o dando apoio no combate.<\/p>\n<p>Riach\u00e3o das Neves &#8211; Na regi\u00e3o de Caripar\u00e9 foi realizado o combate de um novo foco. Em Barrinha as aeronaves realizaram sobrev\u00f4o para a identifica\u00e7\u00e3o das \u00e1reas atingidas pelas chamas.<\/p>\n<p>Barra &#8211; Na comunidade do Igarit\u00e9 o combate continua de forma direta e indireta. Os bombeiros est\u00e3o realizando aceiros com o apoio de tratores cedidos pela prefeitura local.<\/p>\n<p>Ibotirama &#8211; Na regi\u00e3o do Cercado a guarni\u00e7\u00e3o impediu que o inc\u00eandio atingisse as resid\u00eancias pr\u00f3ximas atrav\u00e9s do combate direto, no s\u00e1bado (2). Neste domingo os bombeiros continuam realizando o combate na localidade.<\/p>\n<p>Formosa do Rio Preto &#8211; No vilarejo Pav\u00e3o foi realizado o monitoramento e n\u00e3o foram encontrados novo a focos. Os bombeiros tamb\u00e9m combateram o inc\u00eandio em vegeta\u00e7\u00e3o no per\u00edmetro da cidade neste s\u00e1bado (2).<\/p>\n<p>Caracol-PI\/Aroeiras-BA &#8211; Os bombeiros est\u00e3o divididos\u00a0 duas equipes de trabalho. Uma est\u00e1 realizando o monitoramento em Baix\u00e3ozinho e a outra est\u00e1 realizando o combate em Angico dos Dias.<\/p>\n<p>Foto: divulga\u00e7\u00e3o<\/p>\n","protected":false},"excerpt":{"rendered":"<p>Maca\u00fabas, Uiba\u00ed, Iraquara, Len\u00e7\u00f3is, Barreiras, Riach\u00e3o das Neves, Barra, Ibotirama, Formosa do Rio Preto e Aroeiras. Todos esses munic\u00edpios enfrentam inc\u00eandios florestais e est\u00e3o<\/p>\n","protected":false},"author":1,"featured_media":604189,"comment_status":"closed","ping_status":"closed","sticky":false,"template":"","format":"standard","meta":[],"categories":[14,3,5],"tags":[],"acf":[],"yoast_head":"<!-- This site is optimized with the Yoast SEO plugin v20.8 - https:\/\/yoast.com\/wordpress\/plugins\/seo\/ -->\n<title>BOMBEIROS E BRIGADISTAS ATUAM CONTRA INC\u00caNDIOS NO INTERIOR - Bahia Economica<\/title>\n<meta name=\"description\" content=\"O maior portal de Economia da Bahia DESTAQUE DO DIA, ECONOMIA \/ POL\u00cdTICA, MUNIC\u00cdPIOS Bahia Economica\" \/>\n<meta name=\"robots\" content=\"index, follow, max-snippet:-1, max-image-preview:large, max-video-preview:-1\" \/>\n<link rel=\"canonical\" href=\"https:\/\/bahiaeconomica.com.br\/wp\/2021\/10\/04\/bombeiros-e-brigadistas-atuam-contra-incendios-no-interior\/\" \/>\n<meta property=\"og:locale\" content=\"pt_BR\" \/>\n<meta property=\"og:type\" content=\"article\" \/>\n<meta property=\"og:title\" content=\"BOMBEIROS E BRIGADISTAS ATUAM CONTRA INC\u00caNDIOS NO INTERIOR - Bahia Economica\" \/>\n<meta property=\"og:description\" content=\"O maior portal de Economia da Bahia DESTAQUE DO DIA, ECONOMIA \/ POL\u00cdTICA, MUNIC\u00cdPIOS Bahia Economica\" \/>\n<meta property=\"og:url\" content=\"https:\/\/bahiaeconomica.com.br\/wp\/2021\/10\/04\/bombeiros-e-brigadistas-atuam-contra-incendios-no-interior\/\" \/>\n<meta property=\"og:site_name\" content=\"Bahia Economica\" \/>\n<meta property=\"article:publisher\" content=\"https:\/\/www.facebook.com\/bahiaeconomica\" \/>\n<meta property=\"article:published_time\" content=\"2021-10-04T10:14:54+00:00\" \/>\n<meta property=\"og:image\" content=\"https:\/\/bahiaeconomica.com.br\/wp\/wp-content\/uploads\/2021\/09\/Combate-ao-incendio-Lencois4.jpeg\" \/>\n\t<meta property=\"og:image:width\" content=\"500\" \/>\n\t<meta property=\"og:image:height\" content=\"300\" \/>\n\t<meta property=\"og:image:type\" content=\"image\/jpeg\" \/>\n<meta name=\"author\" content=\"admin\" \/>\n<meta name=\"twitter:card\" content=\"summary_large_image\" \/>\n<meta name=\"twitter:label1\" content=\"Escrito por\" \/>\n\t<meta name=\"twitter:data1\" content=\"admin\" \/>\n\t<meta name=\"twitter:label2\" content=\"Est. tempo de leitura\" \/>\n\t<meta name=\"twitter:data2\" content=\"6 minutos\" \/>\n<script type=\"application\/ld+json\" class=\"yoast-schema-graph\">{\"@context\":\"https:\/\/schema.org\",\"@graph\":[{\"@type\":\"Article\",\"@id\":\"https:\/\/bahiaeconomica.com.br\/wp\/2021\/10\/04\/bombeiros-e-brigadistas-atuam-contra-incendios-no-interior\/#article\",\"isPartOf\":{\"@id\":\"https:\/\/bahiaeconomica.com.br\/wp\/2021\/10\/04\/bombeiros-e-brigadistas-atuam-contra-incendios-no-interior\/\"},\"author\":{\"name\":\"admin\",\"@id\":\"https:\/\/bahiaeconomica.com.br\/wp\/#\/schema\/person\/cb1ab5ba96ad3d9390805381c76284ec\"},\"headline\":\"BOMBEIROS E BRIGADISTAS ATUAM CONTRA INC\u00caNDIOS NO INTERIOR\",\"datePublished\":\"2021-10-04T10:14:54+00:00\",\"dateModified\":\"2021-10-04T10:14:54+00:00\",\"mainEntityOfPage\":{\"@id\":\"https:\/\/bahiaeconomica.com.br\/wp\/2021\/10\/04\/bombeiros-e-brigadistas-atuam-contra-incendios-no-interior\/\"},\"wordCount\":1160,\"publisher\":{\"@id\":\"https:\/\/bahiaeconomica.com.br\/wp\/#organization\"},\"articleSection\":[\"DESTAQUE DO DIA\",\"ECONOMIA \/ POL\u00cdTICA\",\"MUNIC\u00cdPIOS\"],\"inLanguage\":\"pt-BR\"},{\"@type\":\"WebPage\",\"@id\":\"https:\/\/bahiaeconomica.com.br\/wp\/2021\/10\/04\/bombeiros-e-brigadistas-atuam-contra-incendios-no-interior\/\",\"url\":\"https:\/\/bahiaeconomica.com.br\/wp\/2021\/10\/04\/bombeiros-e-brigadistas-atuam-contra-incendios-no-interior\/\",\"name\":\"BOMBEIROS E BRIGADISTAS ATUAM CONTRA INC\u00caNDIOS NO INTERIOR - Bahia Economica\",\"isPartOf\":{\"@id\":\"https:\/\/bahiaeconomica.com.br\/wp\/#website\"},\"datePublished\":\"2021-10-04T10:14:54+00:00\",\"dateModified\":\"2021-10-04T10:14:54+00:00\",\"description\":\"O maior portal de Economia da Bahia DESTAQUE DO DIA, ECONOMIA \/ POL\u00cdTICA, MUNIC\u00cdPIOS Bahia Economica\",\"breadcrumb\":{\"@id\":\"https:\/\/bahiaeconomica.com.br\/wp\/2021\/10\/04\/bombeiros-e-brigadistas-atuam-contra-incendios-no-interior\/#breadcrumb\"},\"inLanguage\":\"pt-BR\",\"potentialAction\":[{\"@type\":\"ReadAction\",\"target\":[\"https:\/\/bahiaeconomica.com.br\/wp\/2021\/10\/04\/bombeiros-e-brigadistas-atuam-contra-incendios-no-interior\/\"]}]},{\"@type\":\"BreadcrumbList\",\"@id\":\"https:\/\/bahiaeconomica.com.br\/wp\/2021\/10\/04\/bombeiros-e-brigadistas-atuam-contra-incendios-no-interior\/#breadcrumb\",\"itemListElement\":[{\"@type\":\"ListItem\",\"position\":1,\"name\":\"In\u00edcio\",\"item\":\"https:\/\/bahiaeconomica.com.br\/wp\/\"},{\"@type\":\"ListItem\",\"position\":2,\"name\":\"BOMBEIROS E BRIGADISTAS ATUAM CONTRA INC\u00caNDIOS NO INTERIOR\"}]},{\"@type\":\"WebSite\",\"@id\":\"https:\/\/bahiaeconomica.com.br\/wp\/#website\",\"url\":\"https:\/\/bahiaeconomica.com.br\/wp\/\",\"name\":\"Bahia Economica\",\"description\":\"O maior portal de Economia da Bahia\",\"publisher\":{\"@id\":\"https:\/\/bahiaeconomica.com.br\/wp\/#organization\"},\"potentialAction\":[{\"@type\":\"SearchAction\",\"target\":{\"@type\":\"EntryPoint\",\"urlTemplate\":\"https:\/\/bahiaeconomica.com.br\/wp\/?s={search_term_string}\"},\"query-input\":\"required name=search_term_string\"}],\"inLanguage\":\"pt-BR\"},{\"@type\":\"Organization\",\"@id\":\"https:\/\/bahiaeconomica.com.br\/wp\/#organization\",\"name\":\"Bahia Econ\u00f4mica\",\"url\":\"https:\/\/bahiaeconomica.com.br\/wp\/\",\"logo\":{\"@type\":\"ImageObject\",\"inLanguage\":\"pt-BR\",\"@id\":\"https:\/\/bahiaeconomica.com.br\/wp\/#\/schema\/logo\/image\/\",\"url\":\"https:\/\/bahiaeconomica.com.br\/wp\/wp-content\/uploads\/2020\/12\/cropped-BE.png\",\"contentUrl\":\"https:\/\/bahiaeconomica.com.br\/wp\/wp-content\/uploads\/2020\/12\/cropped-BE.png\",\"width\":512,\"height\":512,\"caption\":\"Bahia Econ\u00f4mica\"},\"image\":{\"@id\":\"https:\/\/bahiaeconomica.com.br\/wp\/#\/schema\/logo\/image\/\"},\"sameAs\":[\"https:\/\/www.facebook.com\/bahiaeconomica\"]},{\"@type\":\"Person\",\"@id\":\"https:\/\/bahiaeconomica.com.br\/wp\/#\/schema\/person\/cb1ab5ba96ad3d9390805381c76284ec\",\"name\":\"admin\",\"url\":\"https:\/\/bahiaeconomica.com.br\/wp\/author\/admin\/\"}]}<\/script>\n<!-- \/ Yoast SEO plugin. -->","yoast_head_json":{"title":"BOMBEIROS E BRIGADISTAS ATUAM CONTRA INC\u00caNDIOS NO INTERIOR - Bahia Economica","description":"O maior portal de Economia da Bahia DESTAQUE DO DIA, ECONOMIA \/ POL\u00cdTICA, MUNIC\u00cdPIOS Bahia Economica","robots":{"index":"index","follow":"follow","max-snippet":"max-snippet:-1","max-image-preview":"max-image-preview:large","max-video-preview":"max-video-preview:-1"},"canonical":"https:\/\/bahiaeconomica.com.br\/wp\/2021\/10\/04\/bombeiros-e-brigadistas-atuam-contra-incendios-no-interior\/","og_locale":"pt_BR","og_type":"article","og_title":"BOMBEIROS E BRIGADISTAS ATUAM CONTRA INC\u00caNDIOS NO INTERIOR - Bahia Economica","og_description":"O maior portal de Economia da Bahia DESTAQUE DO DIA, ECONOMIA \/ POL\u00cdTICA, MUNIC\u00cdPIOS Bahia Economica","og_url":"https:\/\/bahiaeconomica.com.br\/wp\/2021\/10\/04\/bombeiros-e-brigadistas-atuam-contra-incendios-no-interior\/","og_site_name":"Bahia Economica","article_publisher":"https:\/\/www.facebook.com\/bahiaeconomica","article_published_time":"2021-10-04T10:14:54+00:00","og_image":[{"width":500,"height":300,"url":"https:\/\/bahiaeconomica.com.br\/wp\/wp-content\/uploads\/2021\/09\/Combate-ao-incendio-Lencois4.jpeg","type":"image\/jpeg"}],"author":"admin","twitter_card":"summary_large_image","twitter_misc":{"Escrito por":"admin","Est. tempo de leitura":"6 minutos"},"schema":{"@context":"https:\/\/schema.org","@graph":[{"@type":"Article","@id":"https:\/\/bahiaeconomica.com.br\/wp\/2021\/10\/04\/bombeiros-e-brigadistas-atuam-contra-incendios-no-interior\/#article","isPartOf":{"@id":"https:\/\/bahiaeconomica.com.br\/wp\/2021\/10\/04\/bombeiros-e-brigadistas-atuam-contra-incendios-no-interior\/"},"author":{"name":"admin","@id":"https:\/\/bahiaeconomica.com.br\/wp\/#\/schema\/person\/cb1ab5ba96ad3d9390805381c76284ec"},"headline":"BOMBEIROS E BRIGADISTAS ATUAM CONTRA INC\u00caNDIOS NO INTERIOR","datePublished":"2021-10-04T10:14:54+00:00","dateModified":"2021-10-04T10:14:54+00:00","mainEntityOfPage":{"@id":"https:\/\/bahiaeconomica.com.br\/wp\/2021\/10\/04\/bombeiros-e-brigadistas-atuam-contra-incendios-no-interior\/"},"wordCount":1160,"publisher":{"@id":"https:\/\/bahiaeconomica.com.br\/wp\/#organization"},"articleSection":["DESTAQUE DO DIA","ECONOMIA \/ POL\u00cdTICA","MUNIC\u00cdPIOS"],"inLanguage":"pt-BR"},{"@type":"WebPage","@id":"https:\/\/bahiaeconomica.com.br\/wp\/2021\/10\/04\/bombeiros-e-brigadistas-atuam-contra-incendios-no-interior\/","url":"https:\/\/bahiaeconomica.com.br\/wp\/2021\/10\/04\/bombeiros-e-brigadistas-atuam-contra-incendios-no-interior\/","name":"BOMBEIROS E BRIGADISTAS ATUAM CONTRA INC\u00caNDIOS NO INTERIOR - Bahia Economica","isPartOf":{"@id":"https:\/\/bahiaeconomica.com.br\/wp\/#website"},"datePublished":"2021-10-04T10:14:54+00:00","dateModified":"2021-10-04T10:14:54+00:00","description":"O maior portal de Economia da Bahia DESTAQUE DO DIA, ECONOMIA \/ POL\u00cdTICA, MUNIC\u00cdPIOS Bahia Economica","breadcrumb":{"@id":"https:\/\/bahiaeconomica.com.br\/wp\/2021\/10\/04\/bombeiros-e-brigadistas-atuam-contra-incendios-no-interior\/#breadcrumb"},"inLanguage":"pt-BR","potentialAction":[{"@type":"ReadAction","target":["https:\/\/bahiaeconomica.com.br\/wp\/2021\/10\/04\/bombeiros-e-brigadistas-atuam-contra-incendios-no-interior\/"]}]},{"@type":"BreadcrumbList","@id":"https:\/\/bahiaeconomica.com.br\/wp\/2021\/10\/04\/bombeiros-e-brigadistas-atuam-contra-incendios-no-interior\/#breadcrumb","itemListElement":[{"@type":"ListItem","position":1,"name":"In\u00edcio","item":"https:\/\/bahiaeconomica.com.br\/wp\/"},{"@type":"ListItem","position":2,"name":"BOMBEIROS E BRIGADISTAS ATUAM CONTRA INC\u00caNDIOS NO INTERIOR"}]},{"@type":"WebSite","@id":"https:\/\/bahiaeconomica.com.br\/wp\/#website","url":"https:\/\/bahiaeconomica.com.br\/wp\/","name":"Bahia Economica","description":"O maior portal de Economia da Bahia","publisher":{"@id":"https:\/\/bahiaeconomica.com.br\/wp\/#organization"},"potentialAction":[{"@type":"SearchAction","target":{"@type":"EntryPoint","urlTemplate":"https:\/\/bahiaeconomica.com.br\/wp\/?s={search_term_string}"},"query-input":"required name=search_term_string"}],"inLanguage":"pt-BR"},{"@type":"Organization","@id":"https:\/\/bahiaeconomica.com.br\/wp\/#organization","name":"Bahia Econ\u00f4mica","url":"https:\/\/bahiaeconomica.com.br\/wp\/","logo":{"@type":"ImageObject","inLanguage":"pt-BR","@id":"https:\/\/bahiaeconomica.com.br\/wp\/#\/schema\/logo\/image\/","url":"https:\/\/bahiaeconomica.com.br\/wp\/wp-content\/uploads\/2020\/12\/cropped-BE.png","contentUrl":"https:\/\/bahiaeconomica.com.br\/wp\/wp-content\/uploads\/2020\/12\/cropped-BE.png","width":512,"height":512,"caption":"Bahia Econ\u00f4mica"},"image":{"@id":"https:\/\/bahiaeconomica.com.br\/wp\/#\/schema\/logo\/image\/"},"sameAs":["https:\/\/www.facebook.com\/bahiaeconomica"]},{"@type":"Person","@id":"https:\/\/bahiaeconomica.com.br\/wp\/#\/schema\/person\/cb1ab5ba96ad3d9390805381c76284ec","name":"admin","url":"https:\/\/bahiaeconomica.com.br\/wp\/author\/admin\/"}]}},"views":4,"_links":{"self":[{"href":"https:\/\/bahiaeconomica.com.br\/wp\/wp-json\/wp\/v2\/posts\/606257"}],"collection":[{"href":"https:\/\/bahiaeconomica.com.br\/wp\/wp-json\/wp\/v2\/posts"}],"about":[{"href":"https:\/\/bahiaeconomica.com.br\/wp\/wp-json\/wp\/v2\/types\/post"}],"author":[{"embeddable":true,"href":"https:\/\/bahiaeconomica.com.br\/wp\/wp-json\/wp\/v2\/users\/1"}],"replies":[{"embeddable":true,"href":"https:\/\/bahiaeconomica.com.br\/wp\/wp-json\/wp\/v2\/comments?post=606257"}],"version-history":[{"count":1,"href":"https:\/\/bahiaeconomica.com.br\/wp\/wp-json\/wp\/v2\/posts\/606257\/revisions"}],"predecessor-version":[{"id":606259,"href":"https:\/\/bahiaeconomica.com.br\/wp\/wp-json\/wp\/v2\/posts\/606257\/revisions\/606259"}],"wp:featuredmedia":[{"embeddable":true,"href":"https:\/\/bahiaeconomica.com.br\/wp\/wp-json\/wp\/v2\/media\/604189"}],"wp:attachment":[{"href":"https:\/\/bahiaeconomica.com.br\/wp\/wp-json\/wp\/v2\/media?parent=606257"}],"wp:term":[{"taxonomy":"category","embeddable":true,"href":"https:\/\/bahiaeconomica.com.br\/wp\/wp-json\/wp\/v2\/categories?post=606257"},{"taxonomy":"post_tag","embeddable":true,"href":"https:\/\/bahiaeconomica.com.br\/wp\/wp-json\/wp\/v2\/tags?post=606257"}],"curies":[{"name":"wp","href":"https:\/\/api.w.org\/{rel}","templated":true}]}}