{"id":605423,"date":"2021-09-30T08:26:51","date_gmt":"2021-09-30T11:26:51","guid":{"rendered":"https:\/\/bahiaeconomica.com.br\/wp\/beta\/?p=605423"},"modified":"2021-09-30T08:34:37","modified_gmt":"2021-09-30T11:34:37","slug":"armando-avena-o-dilema-entre-inflacao-e-juros","status":"publish","type":"post","link":"https:\/\/bahiaeconomica.com.br\/wp\/2021\/09\/30\/armando-avena-o-dilema-entre-inflacao-e-juros\/","title":{"rendered":"ARMANDO AVENA: O DILEMA ENTRE INFLA\u00c7\u00c3O E JUROS"},"content":{"rendered":"<p style=\"text-align: justify;\">Qualquer economista aprende na faculdade que a infla\u00e7\u00e3o \u00e9 uma doen\u00e7a da moeda, embora sejam muitos os fatores que determinam<!--more--> a alta dos pre\u00e7os. A perda do poder aquisitivo da moeda \u00e9 o sintoma da doen\u00e7a e o rem\u00e9dio tradicional \u00e9 o aumento da taxa de juros.\u00a0 A moeda brasileira est\u00e1 doente, com a infla\u00e7\u00e3o beirando os 10% ao ano, e o Comit\u00ea de Pol\u00edtica Monet\u00e1ria n\u00e3o s\u00f3 aumentou a taxa Selic para 6,25% ao ano, como comunicou em ata esta semana que haver\u00e1 aumentos de 1% na taxa nas pr\u00f3ximas reuni\u00f5es, at\u00e9 atingir um \u201cpatamar significativamente contracionista\u201d.<\/p>\n<p style=\"text-align: justify;\">Ou seja, em seis meses o pa\u00eds triplicou sua taxa b\u00e1sica de juros e at\u00e9 o final do ano ela estar\u00e1 em 8,5%. \u00c9 dram\u00e1tico, mas tem l\u00f3gica: ao aumentar t\u00e3o rapidamente a taxa de juros, o Banco Central quer desestimular fortemente o consumo, \u00a0encarecendo\u00a0 o cr\u00e9dito e estimulando quem tem dinheiro a poupar. Ou seja, a pol\u00edtica contracionista \u00e9 esta: tirar dinheiro da economia, para reduzir a demanda e assim derrubar os pre\u00e7os. Al\u00e9m disso, juros altos atraem capital externo, aumentam a oferta de d\u00f3lares e fazem cair a cota\u00e7\u00e3o da moeda. O rem\u00e9dio funciona, especialmente se n\u00e3o houver indexa\u00e7\u00e3o, mas tem um efeito colateral fort\u00edssimo, pois, ao encarecer o cr\u00e9dito, inibe o crescimento econ\u00f4mico e p\u00f5e uma trava nos investimentos. Os empres\u00e1rios fazem uma conta simples, que os economistas d\u00e3o o nome pomposo de Efici\u00eancia Marginal do Capital.<\/p>\n<p style=\"text-align: justify;\">\u00c9 uma fra\u00e7\u00e3o, cujo numerador \u00e9 a taxa de retorno de uma unidade de capital investido e o denominador a menor taxa de juros de mercado. Se o resultado for menor que 1, ou seja, se a taxa de retorno do capital for menor que a taxa de juros no mercado, n\u00e3o h\u00e1 est\u00edmulo para investimento, afinal, melhor do que contratar m\u00e3o-de-obra, mobilizar recursos e competir no mercado \u00e9 ganhar mais sem fazer nada e investindo em pap\u00e9is. Ora, sem demanda e sem investimento, n\u00e3o h\u00e1 crescimento sustent\u00e1vel do PIB. Para completar, \u00a0juros altos encarecem a rolagem da d\u00edvida interna e obriga o pa\u00eds a gerar um super\u00e1vit prim\u00e1rio maior, ou se endividar mais.<\/p>\n<p style=\"text-align: justify;\">A pol\u00edtica de juros altos \u00e9 uma esp\u00e9cie de quimioterapia que enfraquece o corpo do doente, mas \u00e9 o \u00fanico rem\u00e9dio que pode vencer o c\u00e2ncer da infla\u00e7\u00e3o e impedir a desestrutura\u00e7\u00e3o da economia, a volta da corre\u00e7\u00e3o monet\u00e1ria e o aumento da pobreza causado pela eleva\u00e7\u00e3o do custo de vida. Alguns analistas afirmam que tal pol\u00edtica resultar\u00e1 em estagfla\u00e7\u00e3o, uma mistura de recess\u00e3o com infla\u00e7\u00e3o, mas n\u00e3o parece cr\u00edvel, o mais prov\u00e1vel \u00e9 que os pre\u00e7os caiam \u00e0 medida que os juros aumentem, gerando baixo crescimento em 2022, mas n\u00e3o h\u00e1 sinais de processo recessivo,<\/p>\n<p style=\"text-align: justify;\">H\u00e1 alternativas? Sim, uma delas \u00e9 a abertura \u00e0s importa\u00e7\u00f5es, para aumentar a competi\u00e7\u00e3o e for\u00e7ar a queda de pre\u00e7os. Ali\u00e1s, o ministro Paulo Guedes afirma que pretende promover este ano um choque de oferta e de produtividade reduzindo em 10% as tarifas de importa\u00e7\u00e3o de modo linear e mais 10% em 2022. O problema \u00e9 que isso pode levar \u00e0 quebra de muitas empresas que, submetidas ao custo Brasil e \u00e0 imensa carga tribut\u00e1ria, n\u00e3o \u00a0poderiam competir com os produtos importados? Ou seja, o melhor \u00e9 seguir a receita que o Banco Central est\u00e1 oferecendo, at\u00e9 porque paira sob a cabe\u00e7a da economia um ano eleitoral dific\u00edlimo, que vai impactar mais ainda o c\u00e2mbio, o d\u00e9ficit fiscal e a infla\u00e7\u00e3o.<\/p>\n<p>\u00a0\u00a0\u00a0\u00a0\u00a0\u00a0\u00a0\u00a0\u00a0\u00a0\u00a0\u00a0\u00a0\u00a0\u00a0\u00a0\u00a0\u00a0\u00a0\u00a0\u00a0\u00a0\u00a0\u00a0\u00a0 BAHIA: OS MUNIC\u00cdPIOS MINERAIS<\/p>\n<p style=\"text-align: justify;\">O setor mineral baiano registrou um aumento de mais de 50% em sua produ\u00e7\u00e3o no primeiro semestre de 2021 e vai de vento em popa. A Bahia j\u00e1 \u00e9 o 4\u00ba maior produtor de min\u00e9rios do pa\u00eds e caminha para alcan\u00e7ar o 3\u00ba lugar. Os principais produtos s\u00e3o o ferro, o ouro, o cobre, o n\u00edquel e outros.\u00a0 Tr\u00eas munic\u00edpios, Caetit\u00e9, Jacobina e Itagib\u00e1, s\u00e3o respons\u00e1veis por 51% da produ\u00e7\u00e3o mineral do estado. Mas os munic\u00edpios de Jaguarari, Sento S\u00e9, Piat\u00e3, Barrocas, Andorinha, Juazeiro e Brumado tamb\u00e9m s\u00e3o destaque. O setor mineral responde por cerca de 2% do PIB baiano, mas tende a crescer com a amplia\u00e7\u00e3o da produ\u00e7\u00e3o de ferro e as facilidades de transporte ferrovi\u00e1rio viabilizadas pela Fiol.<\/p>\n<p>Publicado no Jornal A Tarde em 30\/09\/2021<\/p>\n","protected":false},"excerpt":{"rendered":"<p>Qualquer economista aprende na faculdade que a infla\u00e7\u00e3o \u00e9 uma doen\u00e7a da moeda, embora sejam muitos os fatores que determinam<\/p>\n","protected":false},"author":1,"featured_media":455131,"comment_status":"closed","ping_status":"closed","sticky":false,"template":"","format":"standard","meta":[],"categories":[3],"tags":[],"acf":[],"yoast_head":"<!-- This site is optimized with the Yoast SEO plugin v20.8 - https:\/\/yoast.com\/wordpress\/plugins\/seo\/ -->\n<title>ARMANDO AVENA: O DILEMA ENTRE INFLA\u00c7\u00c3O E JUROS - Bahia Economica<\/title>\n<meta name=\"description\" content=\"O maior portal de Economia da Bahia ECONOMIA \/ POL\u00cdTICA Bahia Economica\" \/>\n<meta name=\"robots\" content=\"index, follow, max-snippet:-1, max-image-preview:large, max-video-preview:-1\" \/>\n<link rel=\"canonical\" href=\"https:\/\/bahiaeconomica.com.br\/wp\/2021\/09\/30\/armando-avena-o-dilema-entre-inflacao-e-juros\/\" \/>\n<meta property=\"og:locale\" content=\"pt_BR\" \/>\n<meta property=\"og:type\" content=\"article\" \/>\n<meta property=\"og:title\" content=\"ARMANDO AVENA: O DILEMA ENTRE INFLA\u00c7\u00c3O E JUROS - Bahia Economica\" \/>\n<meta property=\"og:description\" content=\"O maior portal de Economia da Bahia ECONOMIA \/ POL\u00cdTICA Bahia Economica\" \/>\n<meta property=\"og:url\" content=\"https:\/\/bahiaeconomica.com.br\/wp\/2021\/09\/30\/armando-avena-o-dilema-entre-inflacao-e-juros\/\" \/>\n<meta property=\"og:site_name\" content=\"Bahia Economica\" \/>\n<meta property=\"article:publisher\" content=\"https:\/\/www.facebook.com\/bahiaeconomica\" \/>\n<meta property=\"article:published_time\" content=\"2021-09-30T11:26:51+00:00\" \/>\n<meta property=\"article:modified_time\" content=\"2021-09-30T11:34:37+00:00\" \/>\n<meta property=\"og:image\" content=\"https:\/\/bahiaeconomica.com.br\/wp\/wp-content\/uploads\/2020\/04\/armandoavena-podcast.png\" \/>\n\t<meta property=\"og:image:width\" content=\"500\" \/>\n\t<meta property=\"og:image:height\" content=\"300\" \/>\n\t<meta property=\"og:image:type\" content=\"image\/png\" \/>\n<meta name=\"author\" content=\"admin\" \/>\n<meta name=\"twitter:card\" content=\"summary_large_image\" \/>\n<meta name=\"twitter:label1\" content=\"Escrito por\" \/>\n\t<meta name=\"twitter:data1\" content=\"admin\" \/>\n\t<meta name=\"twitter:label2\" content=\"Est. tempo de leitura\" \/>\n\t<meta name=\"twitter:data2\" content=\"4 minutos\" \/>\n<script type=\"application\/ld+json\" class=\"yoast-schema-graph\">{\"@context\":\"https:\/\/schema.org\",\"@graph\":[{\"@type\":\"Article\",\"@id\":\"https:\/\/bahiaeconomica.com.br\/wp\/2021\/09\/30\/armando-avena-o-dilema-entre-inflacao-e-juros\/#article\",\"isPartOf\":{\"@id\":\"https:\/\/bahiaeconomica.com.br\/wp\/2021\/09\/30\/armando-avena-o-dilema-entre-inflacao-e-juros\/\"},\"author\":{\"name\":\"admin\",\"@id\":\"https:\/\/bahiaeconomica.com.br\/wp\/#\/schema\/person\/cb1ab5ba96ad3d9390805381c76284ec\"},\"headline\":\"ARMANDO AVENA: O DILEMA ENTRE INFLA\u00c7\u00c3O E JUROS\",\"datePublished\":\"2021-09-30T11:26:51+00:00\",\"dateModified\":\"2021-09-30T11:34:37+00:00\",\"mainEntityOfPage\":{\"@id\":\"https:\/\/bahiaeconomica.com.br\/wp\/2021\/09\/30\/armando-avena-o-dilema-entre-inflacao-e-juros\/\"},\"wordCount\":767,\"publisher\":{\"@id\":\"https:\/\/bahiaeconomica.com.br\/wp\/#organization\"},\"articleSection\":[\"ECONOMIA \/ POL\u00cdTICA\"],\"inLanguage\":\"pt-BR\"},{\"@type\":\"WebPage\",\"@id\":\"https:\/\/bahiaeconomica.com.br\/wp\/2021\/09\/30\/armando-avena-o-dilema-entre-inflacao-e-juros\/\",\"url\":\"https:\/\/bahiaeconomica.com.br\/wp\/2021\/09\/30\/armando-avena-o-dilema-entre-inflacao-e-juros\/\",\"name\":\"ARMANDO AVENA: O DILEMA ENTRE INFLA\u00c7\u00c3O E JUROS - Bahia Economica\",\"isPartOf\":{\"@id\":\"https:\/\/bahiaeconomica.com.br\/wp\/#website\"},\"datePublished\":\"2021-09-30T11:26:51+00:00\",\"dateModified\":\"2021-09-30T11:34:37+00:00\",\"description\":\"O maior portal de Economia da Bahia ECONOMIA \/ POL\u00cdTICA Bahia Economica\",\"breadcrumb\":{\"@id\":\"https:\/\/bahiaeconomica.com.br\/wp\/2021\/09\/30\/armando-avena-o-dilema-entre-inflacao-e-juros\/#breadcrumb\"},\"inLanguage\":\"pt-BR\",\"potentialAction\":[{\"@type\":\"ReadAction\",\"target\":[\"https:\/\/bahiaeconomica.com.br\/wp\/2021\/09\/30\/armando-avena-o-dilema-entre-inflacao-e-juros\/\"]}]},{\"@type\":\"BreadcrumbList\",\"@id\":\"https:\/\/bahiaeconomica.com.br\/wp\/2021\/09\/30\/armando-avena-o-dilema-entre-inflacao-e-juros\/#breadcrumb\",\"itemListElement\":[{\"@type\":\"ListItem\",\"position\":1,\"name\":\"In\u00edcio\",\"item\":\"https:\/\/bahiaeconomica.com.br\/wp\/\"},{\"@type\":\"ListItem\",\"position\":2,\"name\":\"ARMANDO AVENA: O DILEMA ENTRE INFLA\u00c7\u00c3O E JUROS\"}]},{\"@type\":\"WebSite\",\"@id\":\"https:\/\/bahiaeconomica.com.br\/wp\/#website\",\"url\":\"https:\/\/bahiaeconomica.com.br\/wp\/\",\"name\":\"Bahia Economica\",\"description\":\"O maior portal de Economia da Bahia\",\"publisher\":{\"@id\":\"https:\/\/bahiaeconomica.com.br\/wp\/#organization\"},\"potentialAction\":[{\"@type\":\"SearchAction\",\"target\":{\"@type\":\"EntryPoint\",\"urlTemplate\":\"https:\/\/bahiaeconomica.com.br\/wp\/?s={search_term_string}\"},\"query-input\":\"required name=search_term_string\"}],\"inLanguage\":\"pt-BR\"},{\"@type\":\"Organization\",\"@id\":\"https:\/\/bahiaeconomica.com.br\/wp\/#organization\",\"name\":\"Bahia Econ\u00f4mica\",\"url\":\"https:\/\/bahiaeconomica.com.br\/wp\/\",\"logo\":{\"@type\":\"ImageObject\",\"inLanguage\":\"pt-BR\",\"@id\":\"https:\/\/bahiaeconomica.com.br\/wp\/#\/schema\/logo\/image\/\",\"url\":\"https:\/\/bahiaeconomica.com.br\/wp\/wp-content\/uploads\/2020\/12\/cropped-BE.png\",\"contentUrl\":\"https:\/\/bahiaeconomica.com.br\/wp\/wp-content\/uploads\/2020\/12\/cropped-BE.png\",\"width\":512,\"height\":512,\"caption\":\"Bahia Econ\u00f4mica\"},\"image\":{\"@id\":\"https:\/\/bahiaeconomica.com.br\/wp\/#\/schema\/logo\/image\/\"},\"sameAs\":[\"https:\/\/www.facebook.com\/bahiaeconomica\"]},{\"@type\":\"Person\",\"@id\":\"https:\/\/bahiaeconomica.com.br\/wp\/#\/schema\/person\/cb1ab5ba96ad3d9390805381c76284ec\",\"name\":\"admin\",\"url\":\"https:\/\/bahiaeconomica.com.br\/wp\/author\/admin\/\"}]}<\/script>\n<!-- \/ Yoast SEO plugin. -->","yoast_head_json":{"title":"ARMANDO AVENA: O DILEMA ENTRE INFLA\u00c7\u00c3O E JUROS - Bahia Economica","description":"O maior portal de Economia da Bahia ECONOMIA \/ POL\u00cdTICA Bahia Economica","robots":{"index":"index","follow":"follow","max-snippet":"max-snippet:-1","max-image-preview":"max-image-preview:large","max-video-preview":"max-video-preview:-1"},"canonical":"https:\/\/bahiaeconomica.com.br\/wp\/2021\/09\/30\/armando-avena-o-dilema-entre-inflacao-e-juros\/","og_locale":"pt_BR","og_type":"article","og_title":"ARMANDO AVENA: O DILEMA ENTRE INFLA\u00c7\u00c3O E JUROS - Bahia Economica","og_description":"O maior portal de Economia da Bahia ECONOMIA \/ POL\u00cdTICA Bahia Economica","og_url":"https:\/\/bahiaeconomica.com.br\/wp\/2021\/09\/30\/armando-avena-o-dilema-entre-inflacao-e-juros\/","og_site_name":"Bahia Economica","article_publisher":"https:\/\/www.facebook.com\/bahiaeconomica","article_published_time":"2021-09-30T11:26:51+00:00","article_modified_time":"2021-09-30T11:34:37+00:00","og_image":[{"width":500,"height":300,"url":"https:\/\/bahiaeconomica.com.br\/wp\/wp-content\/uploads\/2020\/04\/armandoavena-podcast.png","type":"image\/png"}],"author":"admin","twitter_card":"summary_large_image","twitter_misc":{"Escrito por":"admin","Est. tempo de leitura":"4 minutos"},"schema":{"@context":"https:\/\/schema.org","@graph":[{"@type":"Article","@id":"https:\/\/bahiaeconomica.com.br\/wp\/2021\/09\/30\/armando-avena-o-dilema-entre-inflacao-e-juros\/#article","isPartOf":{"@id":"https:\/\/bahiaeconomica.com.br\/wp\/2021\/09\/30\/armando-avena-o-dilema-entre-inflacao-e-juros\/"},"author":{"name":"admin","@id":"https:\/\/bahiaeconomica.com.br\/wp\/#\/schema\/person\/cb1ab5ba96ad3d9390805381c76284ec"},"headline":"ARMANDO AVENA: O DILEMA ENTRE INFLA\u00c7\u00c3O E JUROS","datePublished":"2021-09-30T11:26:51+00:00","dateModified":"2021-09-30T11:34:37+00:00","mainEntityOfPage":{"@id":"https:\/\/bahiaeconomica.com.br\/wp\/2021\/09\/30\/armando-avena-o-dilema-entre-inflacao-e-juros\/"},"wordCount":767,"publisher":{"@id":"https:\/\/bahiaeconomica.com.br\/wp\/#organization"},"articleSection":["ECONOMIA \/ POL\u00cdTICA"],"inLanguage":"pt-BR"},{"@type":"WebPage","@id":"https:\/\/bahiaeconomica.com.br\/wp\/2021\/09\/30\/armando-avena-o-dilema-entre-inflacao-e-juros\/","url":"https:\/\/bahiaeconomica.com.br\/wp\/2021\/09\/30\/armando-avena-o-dilema-entre-inflacao-e-juros\/","name":"ARMANDO AVENA: O DILEMA ENTRE INFLA\u00c7\u00c3O E JUROS - Bahia Economica","isPartOf":{"@id":"https:\/\/bahiaeconomica.com.br\/wp\/#website"},"datePublished":"2021-09-30T11:26:51+00:00","dateModified":"2021-09-30T11:34:37+00:00","description":"O maior portal de Economia da Bahia ECONOMIA \/ POL\u00cdTICA Bahia Economica","breadcrumb":{"@id":"https:\/\/bahiaeconomica.com.br\/wp\/2021\/09\/30\/armando-avena-o-dilema-entre-inflacao-e-juros\/#breadcrumb"},"inLanguage":"pt-BR","potentialAction":[{"@type":"ReadAction","target":["https:\/\/bahiaeconomica.com.br\/wp\/2021\/09\/30\/armando-avena-o-dilema-entre-inflacao-e-juros\/"]}]},{"@type":"BreadcrumbList","@id":"https:\/\/bahiaeconomica.com.br\/wp\/2021\/09\/30\/armando-avena-o-dilema-entre-inflacao-e-juros\/#breadcrumb","itemListElement":[{"@type":"ListItem","position":1,"name":"In\u00edcio","item":"https:\/\/bahiaeconomica.com.br\/wp\/"},{"@type":"ListItem","position":2,"name":"ARMANDO AVENA: O DILEMA ENTRE INFLA\u00c7\u00c3O E JUROS"}]},{"@type":"WebSite","@id":"https:\/\/bahiaeconomica.com.br\/wp\/#website","url":"https:\/\/bahiaeconomica.com.br\/wp\/","name":"Bahia Economica","description":"O maior portal de Economia da Bahia","publisher":{"@id":"https:\/\/bahiaeconomica.com.br\/wp\/#organization"},"potentialAction":[{"@type":"SearchAction","target":{"@type":"EntryPoint","urlTemplate":"https:\/\/bahiaeconomica.com.br\/wp\/?s={search_term_string}"},"query-input":"required name=search_term_string"}],"inLanguage":"pt-BR"},{"@type":"Organization","@id":"https:\/\/bahiaeconomica.com.br\/wp\/#organization","name":"Bahia Econ\u00f4mica","url":"https:\/\/bahiaeconomica.com.br\/wp\/","logo":{"@type":"ImageObject","inLanguage":"pt-BR","@id":"https:\/\/bahiaeconomica.com.br\/wp\/#\/schema\/logo\/image\/","url":"https:\/\/bahiaeconomica.com.br\/wp\/wp-content\/uploads\/2020\/12\/cropped-BE.png","contentUrl":"https:\/\/bahiaeconomica.com.br\/wp\/wp-content\/uploads\/2020\/12\/cropped-BE.png","width":512,"height":512,"caption":"Bahia Econ\u00f4mica"},"image":{"@id":"https:\/\/bahiaeconomica.com.br\/wp\/#\/schema\/logo\/image\/"},"sameAs":["https:\/\/www.facebook.com\/bahiaeconomica"]},{"@type":"Person","@id":"https:\/\/bahiaeconomica.com.br\/wp\/#\/schema\/person\/cb1ab5ba96ad3d9390805381c76284ec","name":"admin","url":"https:\/\/bahiaeconomica.com.br\/wp\/author\/admin\/"}]}},"views":5,"_links":{"self":[{"href":"https:\/\/bahiaeconomica.com.br\/wp\/wp-json\/wp\/v2\/posts\/605423"}],"collection":[{"href":"https:\/\/bahiaeconomica.com.br\/wp\/wp-json\/wp\/v2\/posts"}],"about":[{"href":"https:\/\/bahiaeconomica.com.br\/wp\/wp-json\/wp\/v2\/types\/post"}],"author":[{"embeddable":true,"href":"https:\/\/bahiaeconomica.com.br\/wp\/wp-json\/wp\/v2\/users\/1"}],"replies":[{"embeddable":true,"href":"https:\/\/bahiaeconomica.com.br\/wp\/wp-json\/wp\/v2\/comments?post=605423"}],"version-history":[{"count":2,"href":"https:\/\/bahiaeconomica.com.br\/wp\/wp-json\/wp\/v2\/posts\/605423\/revisions"}],"predecessor-version":[{"id":605426,"href":"https:\/\/bahiaeconomica.com.br\/wp\/wp-json\/wp\/v2\/posts\/605423\/revisions\/605426"}],"wp:featuredmedia":[{"embeddable":true,"href":"https:\/\/bahiaeconomica.com.br\/wp\/wp-json\/wp\/v2\/media\/455131"}],"wp:attachment":[{"href":"https:\/\/bahiaeconomica.com.br\/wp\/wp-json\/wp\/v2\/media?parent=605423"}],"wp:term":[{"taxonomy":"category","embeddable":true,"href":"https:\/\/bahiaeconomica.com.br\/wp\/wp-json\/wp\/v2\/categories?post=605423"},{"taxonomy":"post_tag","embeddable":true,"href":"https:\/\/bahiaeconomica.com.br\/wp\/wp-json\/wp\/v2\/tags?post=605423"}],"curies":[{"name":"wp","href":"https:\/\/api.w.org\/{rel}","templated":true}]}}