{"id":603934,"date":"2021-09-24T08:40:06","date_gmt":"2021-09-24T11:40:06","guid":{"rendered":"https:\/\/bahiaeconomica.com.br\/wp\/beta\/?p=603934"},"modified":"2021-09-24T08:45:19","modified_gmt":"2021-09-24T11:45:19","slug":"quase-500-mil-baianos-nao-fizeram-prova-de-vida-e-podem-ficar-sem-receber-beneficio","status":"publish","type":"post","link":"https:\/\/bahiaeconomica.com.br\/wp\/2021\/09\/24\/quase-500-mil-baianos-nao-fizeram-prova-de-vida-e-podem-ficar-sem-receber-beneficio\/","title":{"rendered":"PROBLEMAS NA PROVA DE VIDA PODE CORTAR BENEF\u00cdCIO DE 500 MIL BAIANOS"},"content":{"rendered":"<p>Todo ano \u00e9 a mesma coisa. A professora aposentada Anete Dias, 75 anos, pega a muleta, entra no carro e vai at\u00e9 a ag\u00eancia banc\u00e1ria mais pr\u00f3xima do bairro dos Barris, onde ela mora,<!--more--> para provar que est\u00e1 viva. Pega a senha, aguarda na fila, encontra o gerente e entrega a documenta\u00e7\u00e3o. O funcion\u00e1rio checa os dados, devolve os documentos, a idosa retoma as muletas e volta para casa. Por conta da pandemia, esse ritual foi interrompido no ano passado, mas desde junho o Instituto Nacional do Seguro Social (INSS) retomou o servi\u00e7o de prova de vida, obrigat\u00f3rio para quem \u00e9 aposentado ou pensionista. O prazo para fazer essa comprova\u00e7\u00e3o encerra em outubro, mas 483.875 baianos ainda n\u00e3o fizeram o procedimento. Quem n\u00e3o prova que est\u00e1 vivo tem o benef\u00edcio bloqueado, depois suspenso e pode ser at\u00e9 cancelado.<\/p>\n<p>Dona Anete, que far\u00e1 a prova em outubro, disse que o procedimento \u00e9 burocr\u00e1tico, mas defendeu a checagem. \u201cEu concordo porque j\u00e1 fui testemunha de um caso de fraude. Uma pessoa usava o cart\u00e3o de outra pessoa, que tinha falecido, para retirar o benef\u00edcio. Ent\u00e3o, esse procedimento ajuda a evitar essas situa\u00e7\u00f5es\u201d, disse. Ela contou que a m\u00e3e dela foi aposentada pelo INSS e tamb\u00e9m fazia a comprova\u00e7\u00e3o, assim como um irm\u00e3o dela que tinha S\u00edndrome de Down e era benefici\u00e1rio. Quando ele morreu a professora ouviu um conselho que nunca esqueceu. \u201cUma pessoa disse para a gente continuar sacando o dinheiro como se ele ainda estivesse vivo. Existe muita gente sem car\u00e1ter nesse mundo\u201d, afirmou.<\/p>\n<p>Segundo o INSS, \u00e9 para combater golpes como esse que a prova de vida existe. No ano passado, o procedimento n\u00e3o foi exigido, mas, mesmo assim, 418.657 baianos fizeram a comprova\u00e7\u00e3o. Este ano, mais 1.674.684 de pessoas procuraram as ag\u00eancias na Bahia e regularizaram a situa\u00e7\u00e3o. Alguns bancos disponibilizaram o servi\u00e7o de forma virtual para facilitar o procedimento e a estudante Maria Alice Souza, 31, aproveitou a oportunidade. \u201cMinha tia precisava fazer a comprova\u00e7\u00e3o. Nos deram a op\u00e7\u00e3o de fazer presencial ou atrav\u00e9s de um aplicativo. Baixei o APP e fiz o procedimento. Ele pediu para fazer a leitura facial em v\u00e1rios \u00e2ngulos, como por exemplo virar a cabe\u00e7a para a direita, piscar duas vezes, olhar para cima etc. Por enquanto os dados dela est\u00e3o atualizados e o banco n\u00e3o pediu para a gente comparecer no presencial\u201d, disse.<\/p>\n<p>Consequ\u00eancias<\/p>\n<p>Desde junho, o Instituto voltou a exigir essa confirma\u00e7\u00e3o e para evitar aglomera\u00e7\u00f5es dividiu o p\u00fablico por datas. At\u00e9 o dia 30 de setembro devem comparecer \u00e0s ag\u00eancias os benefici\u00e1rios que deveriam ter comprovado estar vivos em setembro ou outubro de 2020. No m\u00eas que vem, ser\u00e1 a vez daqueles que deveriam ter ido \u00e0s ag\u00eancias em novembro e dezembro do ano passado. Os benefici\u00e1rios que deveriam ter comprovado estar vivo entre mar\u00e7o e agosto de 2020 tiveram at\u00e9 agosto deste ano para procurar as ag\u00eancias. Quem perdeu o prazo pode ir ao banco regularizar a situa\u00e7\u00e3o, mas at\u00e9 isso acontecer o benef\u00edcio fica bloqueado. Caso o benefici\u00e1rio n\u00e3o procure a ag\u00eancia banc\u00e1ria em at\u00e9 30 dias, o pagamento fica suspenso e ser\u00e1 necess\u00e1rio ir at\u00e9 uma ag\u00eancia do INSS para resolver.<\/p>\n<p>O chefe da Divis\u00e3o de Cadastro do Segurado Especial do INSS, Marcelo Caetano, n\u00e3o soube precisar quantos golpes esse tipo de procedimento conseguiu evitar, mas disse que a prova de vida \u00e9 uma prote\u00e7\u00e3o para todos, tanto para os cofres p\u00fablico como tamb\u00e9m para o benefici\u00e1rio. \u201c\u00c9 uma medida que protege o dinheiro p\u00fablico, mas tamb\u00e9m o segurado. Hoje, os cart\u00f3rios informam os \u00f3bitos diariamente, ent\u00e3o, situa\u00e7\u00f5es de pessoas recebendo o benef\u00edcio por algu\u00e9m que j\u00e1 morreu s\u00e3o menos comuns. Mas existem casos de pessoas que se apossam dos cart\u00f5es do benefici\u00e1rio, sem procura\u00e7\u00e3o, e ficam com o pagamento. A prova de vida serve para resolver tamb\u00e9m essas quest\u00f5es\u201d, contou.<\/p>\n<p>Caetano disse que as ag\u00eancias banc\u00e1rias t\u00eam autonomia para adotar as ferramentas que julgar mais adequadas, por isso, a recomenda\u00e7\u00e3o do INSS \u00e9 que o benefici\u00e1rio entre em contato com o banco para saber quais servi\u00e7os est\u00e3o dispon\u00edveis. \u201cAlguns est\u00e3o oferecendo aplicativos, outros est\u00e3o dando op\u00e7\u00e3o de fazer a prova de vida no caixa eletr\u00f4nico, e tem aqueles que est\u00e3o agendando hor\u00e1rios espec\u00edficos para atender exclusivamente esse p\u00fablico. \u00c9 preciso checar com o seu banco\u201d, disse. Todo aposentado ou pensionista precisa fazer a prova de vida pelo menos uma vez por ano. Pessoas com dificuldade de locomo\u00e7\u00e3o ou com mais de 80 anos podem solicitar o atendimento domiciliar. Outras d\u00favidas podem ser esclarecidas atrav\u00e9s do App Meu INSS ou do telefone 135.<\/p>\n<p>Golpe<\/p>\n<p>Uma investiga\u00e7\u00e3o de fraude ao INSS levou equipes da Pol\u00edcia Federal at\u00e9 dois endere\u00e7os, em Cama\u00e7ari e em Dias D\u2019\u00c1vila, na Regi\u00e3o Metropolitana de Salvador, nesta quinta-feira (23). Eles cumpriram mandados de busca e apreens\u00e3o contra duas pessoas suspeitas de criar falsos segurados para receber benef\u00edcios. Os bandidos usavam documenta\u00e7\u00e3o falsa e contavam com a ajuda de idosos que fingiam ser os benefici\u00e1rios. A a\u00e7\u00e3o \u00e9 continuidade da Opera\u00e7\u00e3o Heter\u00f4nimo que levou \u00e0s pris\u00f5es, em junho deste ano, de duas pessoas em flagrante, no interior de uma ag\u00eancia banc\u00e1ria de Salvador, que tentavam sacar R$ 30 mil de um benef\u00edcio fraudulento. Desta vez, uma arma foi apreendida. Os envolvidos v\u00e3o ser processados por associa\u00e7\u00e3o criminosa, estelionato previdenci\u00e1rio, falsifica\u00e7\u00e3o de documento p\u00fablico e uso de documento falso. Somada, as penas podem chegar a mais de 25 anos de pris\u00e3o. A investiga\u00e7\u00e3o \u00e9 realizada em conjunto pela Pol\u00edcia Federal e a Coordena\u00e7\u00e3o-Geral de Intelig\u00eancia Previdenci\u00e1ria e Trabalhista (CGINT) do Minist\u00e9rio do Trabalho e da Previd\u00eancia.<\/p>\n<p>Como fazer a prova de vida:<\/p>\n<ul>\n<li>O procedimento \u00e9 realizado no banco onde voc\u00ea recebe o pagamento;<\/li>\n<li>Entre em contato com o seu banco para saber as op\u00e7\u00f5es dispon\u00edveis. Alguns est\u00e3o oferecendo aplicativos, agendamento e at\u00e9 o procedimento em caixa eletr\u00f4nico;<\/li>\n<li>Verifique a documenta\u00e7\u00e3o exigida pelo banco e fique atento aos prazos;<\/li>\n<li>Pessoas acamadas, hospitalizadas, com mais de 80 anos ou dificuldade de locomo\u00e7\u00e3o podem solicitar atendimento domiciliar;<\/li>\n<li>Quem n\u00e3o comparecer dentro do prazo ter\u00e1 o benef\u00edcio bloqueado, mas a situa\u00e7\u00e3o pode ser regularizada indo at\u00e9 o banco ou em contato com o INSS;<\/li>\n<\/ul>\n<p>(Correio)<\/p>\n<p>Foto: divulga\u00e7\u00e3o<\/p>\n","protected":false},"excerpt":{"rendered":"<p>Todo ano \u00e9 a mesma coisa. A professora aposentada Anete Dias, 75 anos, pega a muleta, entra no carro e vai at\u00e9 a ag\u00eancia banc\u00e1ria mais pr\u00f3xima do bairro dos Barris, onde ela mora,<\/p>\n","protected":false},"author":1,"featured_media":538977,"comment_status":"closed","ping_status":"closed","sticky":false,"template":"","format":"standard","meta":[],"categories":[3],"tags":[],"acf":[],"yoast_head":"<!-- This site is optimized with the Yoast SEO plugin v20.8 - https:\/\/yoast.com\/wordpress\/plugins\/seo\/ -->\n<title>PROBLEMAS NA PROVA DE VIDA PODE CORTAR BENEF\u00cdCIO DE 500 MIL BAIANOS - Bahia Economica<\/title>\n<meta name=\"description\" content=\"O maior portal de Economia da Bahia ECONOMIA \/ POL\u00cdTICA Bahia Economica\" \/>\n<meta name=\"robots\" content=\"index, follow, max-snippet:-1, max-image-preview:large, max-video-preview:-1\" \/>\n<link rel=\"canonical\" href=\"https:\/\/bahiaeconomica.com.br\/wp\/2021\/09\/24\/quase-500-mil-baianos-nao-fizeram-prova-de-vida-e-podem-ficar-sem-receber-beneficio\/\" \/>\n<meta property=\"og:locale\" content=\"pt_BR\" \/>\n<meta property=\"og:type\" content=\"article\" \/>\n<meta property=\"og:title\" content=\"PROBLEMAS NA PROVA DE VIDA PODE CORTAR BENEF\u00cdCIO DE 500 MIL BAIANOS - Bahia Economica\" \/>\n<meta property=\"og:description\" content=\"O maior portal de Economia da Bahia ECONOMIA \/ POL\u00cdTICA Bahia Economica\" \/>\n<meta property=\"og:url\" content=\"https:\/\/bahiaeconomica.com.br\/wp\/2021\/09\/24\/quase-500-mil-baianos-nao-fizeram-prova-de-vida-e-podem-ficar-sem-receber-beneficio\/\" \/>\n<meta property=\"og:site_name\" content=\"Bahia Economica\" \/>\n<meta property=\"article:publisher\" content=\"https:\/\/www.facebook.com\/bahiaeconomica\" \/>\n<meta property=\"article:published_time\" content=\"2021-09-24T11:40:06+00:00\" \/>\n<meta property=\"article:modified_time\" content=\"2021-09-24T11:45:19+00:00\" \/>\n<meta property=\"og:image\" content=\"https:\/\/bahiaeconomica.com.br\/wp\/wp-content\/uploads\/2021\/02\/inss-prova-de-vida-digital.jpeg\" \/>\n\t<meta property=\"og:image:width\" content=\"500\" \/>\n\t<meta property=\"og:image:height\" content=\"300\" \/>\n\t<meta property=\"og:image:type\" content=\"image\/jpeg\" \/>\n<meta name=\"author\" content=\"admin\" \/>\n<meta name=\"twitter:card\" content=\"summary_large_image\" \/>\n<meta name=\"twitter:label1\" content=\"Escrito por\" \/>\n\t<meta name=\"twitter:data1\" content=\"admin\" \/>\n\t<meta name=\"twitter:label2\" content=\"Est. tempo de leitura\" \/>\n\t<meta name=\"twitter:data2\" content=\"6 minutos\" \/>\n<script type=\"application\/ld+json\" class=\"yoast-schema-graph\">{\"@context\":\"https:\/\/schema.org\",\"@graph\":[{\"@type\":\"Article\",\"@id\":\"https:\/\/bahiaeconomica.com.br\/wp\/2021\/09\/24\/quase-500-mil-baianos-nao-fizeram-prova-de-vida-e-podem-ficar-sem-receber-beneficio\/#article\",\"isPartOf\":{\"@id\":\"https:\/\/bahiaeconomica.com.br\/wp\/2021\/09\/24\/quase-500-mil-baianos-nao-fizeram-prova-de-vida-e-podem-ficar-sem-receber-beneficio\/\"},\"author\":{\"name\":\"admin\",\"@id\":\"https:\/\/bahiaeconomica.com.br\/wp\/#\/schema\/person\/cb1ab5ba96ad3d9390805381c76284ec\"},\"headline\":\"PROBLEMAS NA PROVA DE VIDA PODE CORTAR BENEF\u00cdCIO DE 500 MIL BAIANOS\",\"datePublished\":\"2021-09-24T11:40:06+00:00\",\"dateModified\":\"2021-09-24T11:45:19+00:00\",\"mainEntityOfPage\":{\"@id\":\"https:\/\/bahiaeconomica.com.br\/wp\/2021\/09\/24\/quase-500-mil-baianos-nao-fizeram-prova-de-vida-e-podem-ficar-sem-receber-beneficio\/\"},\"wordCount\":1136,\"publisher\":{\"@id\":\"https:\/\/bahiaeconomica.com.br\/wp\/#organization\"},\"articleSection\":[\"ECONOMIA \/ POL\u00cdTICA\"],\"inLanguage\":\"pt-BR\"},{\"@type\":\"WebPage\",\"@id\":\"https:\/\/bahiaeconomica.com.br\/wp\/2021\/09\/24\/quase-500-mil-baianos-nao-fizeram-prova-de-vida-e-podem-ficar-sem-receber-beneficio\/\",\"url\":\"https:\/\/bahiaeconomica.com.br\/wp\/2021\/09\/24\/quase-500-mil-baianos-nao-fizeram-prova-de-vida-e-podem-ficar-sem-receber-beneficio\/\",\"name\":\"PROBLEMAS NA PROVA DE VIDA PODE CORTAR BENEF\u00cdCIO DE 500 MIL BAIANOS - Bahia Economica\",\"isPartOf\":{\"@id\":\"https:\/\/bahiaeconomica.com.br\/wp\/#website\"},\"datePublished\":\"2021-09-24T11:40:06+00:00\",\"dateModified\":\"2021-09-24T11:45:19+00:00\",\"description\":\"O maior portal de Economia da Bahia ECONOMIA \/ POL\u00cdTICA Bahia Economica\",\"breadcrumb\":{\"@id\":\"https:\/\/bahiaeconomica.com.br\/wp\/2021\/09\/24\/quase-500-mil-baianos-nao-fizeram-prova-de-vida-e-podem-ficar-sem-receber-beneficio\/#breadcrumb\"},\"inLanguage\":\"pt-BR\",\"potentialAction\":[{\"@type\":\"ReadAction\",\"target\":[\"https:\/\/bahiaeconomica.com.br\/wp\/2021\/09\/24\/quase-500-mil-baianos-nao-fizeram-prova-de-vida-e-podem-ficar-sem-receber-beneficio\/\"]}]},{\"@type\":\"BreadcrumbList\",\"@id\":\"https:\/\/bahiaeconomica.com.br\/wp\/2021\/09\/24\/quase-500-mil-baianos-nao-fizeram-prova-de-vida-e-podem-ficar-sem-receber-beneficio\/#breadcrumb\",\"itemListElement\":[{\"@type\":\"ListItem\",\"position\":1,\"name\":\"In\u00edcio\",\"item\":\"https:\/\/bahiaeconomica.com.br\/wp\/\"},{\"@type\":\"ListItem\",\"position\":2,\"name\":\"PROBLEMAS NA PROVA DE VIDA PODE CORTAR BENEF\u00cdCIO DE 500 MIL BAIANOS\"}]},{\"@type\":\"WebSite\",\"@id\":\"https:\/\/bahiaeconomica.com.br\/wp\/#website\",\"url\":\"https:\/\/bahiaeconomica.com.br\/wp\/\",\"name\":\"Bahia Economica\",\"description\":\"O maior portal de Economia da Bahia\",\"publisher\":{\"@id\":\"https:\/\/bahiaeconomica.com.br\/wp\/#organization\"},\"potentialAction\":[{\"@type\":\"SearchAction\",\"target\":{\"@type\":\"EntryPoint\",\"urlTemplate\":\"https:\/\/bahiaeconomica.com.br\/wp\/?s={search_term_string}\"},\"query-input\":\"required name=search_term_string\"}],\"inLanguage\":\"pt-BR\"},{\"@type\":\"Organization\",\"@id\":\"https:\/\/bahiaeconomica.com.br\/wp\/#organization\",\"name\":\"Bahia Econ\u00f4mica\",\"url\":\"https:\/\/bahiaeconomica.com.br\/wp\/\",\"logo\":{\"@type\":\"ImageObject\",\"inLanguage\":\"pt-BR\",\"@id\":\"https:\/\/bahiaeconomica.com.br\/wp\/#\/schema\/logo\/image\/\",\"url\":\"https:\/\/bahiaeconomica.com.br\/wp\/wp-content\/uploads\/2020\/12\/cropped-BE.png\",\"contentUrl\":\"https:\/\/bahiaeconomica.com.br\/wp\/wp-content\/uploads\/2020\/12\/cropped-BE.png\",\"width\":512,\"height\":512,\"caption\":\"Bahia Econ\u00f4mica\"},\"image\":{\"@id\":\"https:\/\/bahiaeconomica.com.br\/wp\/#\/schema\/logo\/image\/\"},\"sameAs\":[\"https:\/\/www.facebook.com\/bahiaeconomica\"]},{\"@type\":\"Person\",\"@id\":\"https:\/\/bahiaeconomica.com.br\/wp\/#\/schema\/person\/cb1ab5ba96ad3d9390805381c76284ec\",\"name\":\"admin\",\"url\":\"https:\/\/bahiaeconomica.com.br\/wp\/author\/admin\/\"}]}<\/script>\n<!-- \/ Yoast SEO plugin. -->","yoast_head_json":{"title":"PROBLEMAS NA PROVA DE VIDA PODE CORTAR BENEF\u00cdCIO DE 500 MIL BAIANOS - Bahia Economica","description":"O maior portal de Economia da Bahia ECONOMIA \/ POL\u00cdTICA Bahia Economica","robots":{"index":"index","follow":"follow","max-snippet":"max-snippet:-1","max-image-preview":"max-image-preview:large","max-video-preview":"max-video-preview:-1"},"canonical":"https:\/\/bahiaeconomica.com.br\/wp\/2021\/09\/24\/quase-500-mil-baianos-nao-fizeram-prova-de-vida-e-podem-ficar-sem-receber-beneficio\/","og_locale":"pt_BR","og_type":"article","og_title":"PROBLEMAS NA PROVA DE VIDA PODE CORTAR BENEF\u00cdCIO DE 500 MIL BAIANOS - Bahia Economica","og_description":"O maior portal de Economia da Bahia ECONOMIA \/ POL\u00cdTICA Bahia Economica","og_url":"https:\/\/bahiaeconomica.com.br\/wp\/2021\/09\/24\/quase-500-mil-baianos-nao-fizeram-prova-de-vida-e-podem-ficar-sem-receber-beneficio\/","og_site_name":"Bahia Economica","article_publisher":"https:\/\/www.facebook.com\/bahiaeconomica","article_published_time":"2021-09-24T11:40:06+00:00","article_modified_time":"2021-09-24T11:45:19+00:00","og_image":[{"width":500,"height":300,"url":"https:\/\/bahiaeconomica.com.br\/wp\/wp-content\/uploads\/2021\/02\/inss-prova-de-vida-digital.jpeg","type":"image\/jpeg"}],"author":"admin","twitter_card":"summary_large_image","twitter_misc":{"Escrito por":"admin","Est. tempo de leitura":"6 minutos"},"schema":{"@context":"https:\/\/schema.org","@graph":[{"@type":"Article","@id":"https:\/\/bahiaeconomica.com.br\/wp\/2021\/09\/24\/quase-500-mil-baianos-nao-fizeram-prova-de-vida-e-podem-ficar-sem-receber-beneficio\/#article","isPartOf":{"@id":"https:\/\/bahiaeconomica.com.br\/wp\/2021\/09\/24\/quase-500-mil-baianos-nao-fizeram-prova-de-vida-e-podem-ficar-sem-receber-beneficio\/"},"author":{"name":"admin","@id":"https:\/\/bahiaeconomica.com.br\/wp\/#\/schema\/person\/cb1ab5ba96ad3d9390805381c76284ec"},"headline":"PROBLEMAS NA PROVA DE VIDA PODE CORTAR BENEF\u00cdCIO DE 500 MIL BAIANOS","datePublished":"2021-09-24T11:40:06+00:00","dateModified":"2021-09-24T11:45:19+00:00","mainEntityOfPage":{"@id":"https:\/\/bahiaeconomica.com.br\/wp\/2021\/09\/24\/quase-500-mil-baianos-nao-fizeram-prova-de-vida-e-podem-ficar-sem-receber-beneficio\/"},"wordCount":1136,"publisher":{"@id":"https:\/\/bahiaeconomica.com.br\/wp\/#organization"},"articleSection":["ECONOMIA \/ POL\u00cdTICA"],"inLanguage":"pt-BR"},{"@type":"WebPage","@id":"https:\/\/bahiaeconomica.com.br\/wp\/2021\/09\/24\/quase-500-mil-baianos-nao-fizeram-prova-de-vida-e-podem-ficar-sem-receber-beneficio\/","url":"https:\/\/bahiaeconomica.com.br\/wp\/2021\/09\/24\/quase-500-mil-baianos-nao-fizeram-prova-de-vida-e-podem-ficar-sem-receber-beneficio\/","name":"PROBLEMAS NA PROVA DE VIDA PODE CORTAR BENEF\u00cdCIO DE 500 MIL BAIANOS - Bahia Economica","isPartOf":{"@id":"https:\/\/bahiaeconomica.com.br\/wp\/#website"},"datePublished":"2021-09-24T11:40:06+00:00","dateModified":"2021-09-24T11:45:19+00:00","description":"O maior portal de Economia da Bahia ECONOMIA \/ POL\u00cdTICA Bahia Economica","breadcrumb":{"@id":"https:\/\/bahiaeconomica.com.br\/wp\/2021\/09\/24\/quase-500-mil-baianos-nao-fizeram-prova-de-vida-e-podem-ficar-sem-receber-beneficio\/#breadcrumb"},"inLanguage":"pt-BR","potentialAction":[{"@type":"ReadAction","target":["https:\/\/bahiaeconomica.com.br\/wp\/2021\/09\/24\/quase-500-mil-baianos-nao-fizeram-prova-de-vida-e-podem-ficar-sem-receber-beneficio\/"]}]},{"@type":"BreadcrumbList","@id":"https:\/\/bahiaeconomica.com.br\/wp\/2021\/09\/24\/quase-500-mil-baianos-nao-fizeram-prova-de-vida-e-podem-ficar-sem-receber-beneficio\/#breadcrumb","itemListElement":[{"@type":"ListItem","position":1,"name":"In\u00edcio","item":"https:\/\/bahiaeconomica.com.br\/wp\/"},{"@type":"ListItem","position":2,"name":"PROBLEMAS NA PROVA DE VIDA PODE CORTAR BENEF\u00cdCIO DE 500 MIL BAIANOS"}]},{"@type":"WebSite","@id":"https:\/\/bahiaeconomica.com.br\/wp\/#website","url":"https:\/\/bahiaeconomica.com.br\/wp\/","name":"Bahia Economica","description":"O maior portal de Economia da Bahia","publisher":{"@id":"https:\/\/bahiaeconomica.com.br\/wp\/#organization"},"potentialAction":[{"@type":"SearchAction","target":{"@type":"EntryPoint","urlTemplate":"https:\/\/bahiaeconomica.com.br\/wp\/?s={search_term_string}"},"query-input":"required name=search_term_string"}],"inLanguage":"pt-BR"},{"@type":"Organization","@id":"https:\/\/bahiaeconomica.com.br\/wp\/#organization","name":"Bahia Econ\u00f4mica","url":"https:\/\/bahiaeconomica.com.br\/wp\/","logo":{"@type":"ImageObject","inLanguage":"pt-BR","@id":"https:\/\/bahiaeconomica.com.br\/wp\/#\/schema\/logo\/image\/","url":"https:\/\/bahiaeconomica.com.br\/wp\/wp-content\/uploads\/2020\/12\/cropped-BE.png","contentUrl":"https:\/\/bahiaeconomica.com.br\/wp\/wp-content\/uploads\/2020\/12\/cropped-BE.png","width":512,"height":512,"caption":"Bahia Econ\u00f4mica"},"image":{"@id":"https:\/\/bahiaeconomica.com.br\/wp\/#\/schema\/logo\/image\/"},"sameAs":["https:\/\/www.facebook.com\/bahiaeconomica"]},{"@type":"Person","@id":"https:\/\/bahiaeconomica.com.br\/wp\/#\/schema\/person\/cb1ab5ba96ad3d9390805381c76284ec","name":"admin","url":"https:\/\/bahiaeconomica.com.br\/wp\/author\/admin\/"}]}},"views":0,"_links":{"self":[{"href":"https:\/\/bahiaeconomica.com.br\/wp\/wp-json\/wp\/v2\/posts\/603934"}],"collection":[{"href":"https:\/\/bahiaeconomica.com.br\/wp\/wp-json\/wp\/v2\/posts"}],"about":[{"href":"https:\/\/bahiaeconomica.com.br\/wp\/wp-json\/wp\/v2\/types\/post"}],"author":[{"embeddable":true,"href":"https:\/\/bahiaeconomica.com.br\/wp\/wp-json\/wp\/v2\/users\/1"}],"replies":[{"embeddable":true,"href":"https:\/\/bahiaeconomica.com.br\/wp\/wp-json\/wp\/v2\/comments?post=603934"}],"version-history":[{"count":3,"href":"https:\/\/bahiaeconomica.com.br\/wp\/wp-json\/wp\/v2\/posts\/603934\/revisions"}],"predecessor-version":[{"id":603976,"href":"https:\/\/bahiaeconomica.com.br\/wp\/wp-json\/wp\/v2\/posts\/603934\/revisions\/603976"}],"wp:featuredmedia":[{"embeddable":true,"href":"https:\/\/bahiaeconomica.com.br\/wp\/wp-json\/wp\/v2\/media\/538977"}],"wp:attachment":[{"href":"https:\/\/bahiaeconomica.com.br\/wp\/wp-json\/wp\/v2\/media?parent=603934"}],"wp:term":[{"taxonomy":"category","embeddable":true,"href":"https:\/\/bahiaeconomica.com.br\/wp\/wp-json\/wp\/v2\/categories?post=603934"},{"taxonomy":"post_tag","embeddable":true,"href":"https:\/\/bahiaeconomica.com.br\/wp\/wp-json\/wp\/v2\/tags?post=603934"}],"curies":[{"name":"wp","href":"https:\/\/api.w.org\/{rel}","templated":true}]}}