{"id":602774,"date":"2021-09-21T08:20:56","date_gmt":"2021-09-21T11:20:56","guid":{"rendered":"https:\/\/bahiaeconomica.com.br\/wp\/beta\/?p=602774"},"modified":"2021-09-21T08:48:19","modified_gmt":"2021-09-21T11:48:19","slug":"palacete-na-praca-municipal-vai-virar-centro-de-gastronomia","status":"publish","type":"post","link":"https:\/\/bahiaeconomica.com.br\/wp\/2021\/09\/21\/palacete-na-praca-municipal-vai-virar-centro-de-gastronomia\/","title":{"rendered":"PALACETE NA PRA\u00c7A MUNICIPAL VAI VIRAR CENTRO DE GASTRONOMIA. VEJA O V\u00cdDEO"},"content":{"rendered":"<p>Um palacete do in\u00edcio do s\u00e9culo XX, considerado uma j\u00f3ia da arquitetura baiana, vai ser transformado em centro gastron\u00f4mico. O espa\u00e7o vai ficar na Rua Chile em um pr\u00e9dio secular e um dos poucos da <!--more-->cidade que \u00e9 tombado como Patrim\u00f4nio Material da Bahia. O an\u00fancio foi feito em grupos empresariais da Bahia, no Whatzap.\u00a0 O Grupo Fera, em parceria com a Rio Verde e a Elo, v\u00e3o construir o centro gastron\u00f4mico.<\/p>\n<p>Conhecido como\u00a0 Palacete Tira Chap\u00e9u, o pr\u00e9dio foi constru\u00eddo em 1900 e tombado como\u00a0 Patrim\u00f4nio Material da Bahia no ano de 2011.\u00a0 Ant\u00f4nio Mazzafera, que opera o Fera Place Hotel, na Rua Chile, \u00e9 quem toca o projeto\u00a0 atrav\u00e9s da Fera Investimentos. Segundo ele, a ideia \u00e9 a a revitaliza\u00e7\u00e3o do Centro Hist\u00f3rico de Salvador, no qual haver\u00e1 v\u00e1rias \u00e2ncoras e uma dela \u00e9 o Palacete Tira Chap\u00e9u.<\/p>\n<p>Segundo o v\u00eddeo dsitribu\u00eddo pela empresa, o local ter\u00e1 dezenas de espacos com restaurantes e box para a venda de produtos. A Fera Investimentos, que j\u00e1 tem como base o Fera Palace Hotel, procura ampliar os neg\u00f3cios no Centro Hist\u00f3rico, hoje uma \u00e1rea de expans\u00e3o econ\u00f4mica, que atrai turistas de toda \u00e0 parte, tendo tamb\u00e9m como apoio o Hotel Fasano, que fica na Pra\u00e7a Castro Alves.<\/p>\n<p><iframe  id=\"_ytid_32549\"  width=\"480\" height=\"270\"  data-origwidth=\"480\" data-origheight=\"270\" src=\"https:\/\/www.youtube.com\/embed\/KMuKWA-LEzI?enablejsapi=1&#038;autoplay=0&#038;cc_load_policy=0&#038;cc_lang_pref=&#038;iv_load_policy=1&#038;loop=0&#038;modestbranding=0&#038;rel=1&#038;fs=1&#038;playsinline=0&#038;autohide=2&#038;theme=dark&#038;color=red&#038;controls=1&#038;\" class=\"__youtube_prefs__  epyt-is-override  no-lazyload\" title=\"YouTube player\"  allow=\"accelerometer; autoplay; clipboard-write; encrypted-media; gyroscope; picture-in-picture\" allowfullscreen data-no-lazy=\"1\" data-skipgform_ajax_framebjll=\"\"><\/iframe><\/p>\n<p>Foto: divulga\u00e7\u00e3o<\/p>\n","protected":false},"excerpt":{"rendered":"<p>Um palacete do in\u00edcio do s\u00e9culo XX, considerado uma j\u00f3ia da arquitetura baiana, vai ser transformado em centro gastron\u00f4mico. O espa\u00e7o vai ficar na Rua Chile em um pr\u00e9dio secular e um dos poucos da<\/p>\n","protected":false},"author":1,"featured_media":602776,"comment_status":"closed","ping_status":"closed","sticky":false,"template":"","format":"standard","meta":[],"categories":[3],"tags":[],"acf":[],"yoast_head":"<!-- This site is optimized with the Yoast SEO plugin v20.8 - https:\/\/yoast.com\/wordpress\/plugins\/seo\/ -->\n<title>PALACETE NA PRA\u00c7A MUNICIPAL VAI VIRAR CENTRO DE GASTRONOMIA. VEJA O V\u00cdDEO - Bahia Economica<\/title>\n<meta name=\"description\" content=\"O maior portal de Economia da Bahia ECONOMIA \/ POL\u00cdTICA Bahia Economica\" \/>\n<meta name=\"robots\" content=\"index, follow, max-snippet:-1, max-image-preview:large, max-video-preview:-1\" \/>\n<link rel=\"canonical\" href=\"https:\/\/bahiaeconomica.com.br\/wp\/2021\/09\/21\/palacete-na-praca-municipal-vai-virar-centro-de-gastronomia\/\" \/>\n<meta property=\"og:locale\" content=\"pt_BR\" \/>\n<meta property=\"og:type\" content=\"article\" \/>\n<meta property=\"og:title\" content=\"PALACETE NA PRA\u00c7A MUNICIPAL VAI VIRAR CENTRO DE GASTRONOMIA. VEJA O V\u00cdDEO - Bahia Economica\" \/>\n<meta property=\"og:description\" content=\"O maior portal de Economia da Bahia ECONOMIA \/ POL\u00cdTICA Bahia Economica\" \/>\n<meta property=\"og:url\" content=\"https:\/\/bahiaeconomica.com.br\/wp\/2021\/09\/21\/palacete-na-praca-municipal-vai-virar-centro-de-gastronomia\/\" \/>\n<meta property=\"og:site_name\" content=\"Bahia Economica\" \/>\n<meta property=\"article:publisher\" content=\"https:\/\/www.facebook.com\/bahiaeconomica\" \/>\n<meta property=\"article:published_time\" content=\"2021-09-21T11:20:56+00:00\" \/>\n<meta property=\"article:modified_time\" content=\"2021-09-21T11:48:19+00:00\" \/>\n<meta property=\"og:image\" content=\"https:\/\/bahiaeconomica.com.br\/wp\/wp-content\/uploads\/2021\/09\/pala.jpg\" \/>\n\t<meta property=\"og:image:width\" content=\"1140\" \/>\n\t<meta property=\"og:image:height\" content=\"690\" \/>\n\t<meta property=\"og:image:type\" content=\"image\/jpeg\" \/>\n<meta name=\"author\" content=\"admin\" \/>\n<meta name=\"twitter:card\" content=\"summary_large_image\" \/>\n<meta name=\"twitter:label1\" content=\"Escrito por\" \/>\n\t<meta name=\"twitter:data1\" content=\"admin\" \/>\n\t<meta name=\"twitter:label2\" content=\"Est. tempo de leitura\" \/>\n\t<meta name=\"twitter:data2\" content=\"1 minuto\" \/>\n<script type=\"application\/ld+json\" class=\"yoast-schema-graph\">{\"@context\":\"https:\/\/schema.org\",\"@graph\":[{\"@type\":\"Article\",\"@id\":\"https:\/\/bahiaeconomica.com.br\/wp\/2021\/09\/21\/palacete-na-praca-municipal-vai-virar-centro-de-gastronomia\/#article\",\"isPartOf\":{\"@id\":\"https:\/\/bahiaeconomica.com.br\/wp\/2021\/09\/21\/palacete-na-praca-municipal-vai-virar-centro-de-gastronomia\/\"},\"author\":{\"name\":\"admin\",\"@id\":\"https:\/\/bahiaeconomica.com.br\/wp\/#\/schema\/person\/cb1ab5ba96ad3d9390805381c76284ec\"},\"headline\":\"PALACETE NA PRA\u00c7A MUNICIPAL VAI VIRAR CENTRO DE GASTRONOMIA. VEJA O V\u00cdDEO\",\"datePublished\":\"2021-09-21T11:20:56+00:00\",\"dateModified\":\"2021-09-21T11:48:19+00:00\",\"mainEntityOfPage\":{\"@id\":\"https:\/\/bahiaeconomica.com.br\/wp\/2021\/09\/21\/palacete-na-praca-municipal-vai-virar-centro-de-gastronomia\/\"},\"wordCount\":251,\"publisher\":{\"@id\":\"https:\/\/bahiaeconomica.com.br\/wp\/#organization\"},\"articleSection\":[\"ECONOMIA \/ POL\u00cdTICA\"],\"inLanguage\":\"pt-BR\"},{\"@type\":\"WebPage\",\"@id\":\"https:\/\/bahiaeconomica.com.br\/wp\/2021\/09\/21\/palacete-na-praca-municipal-vai-virar-centro-de-gastronomia\/\",\"url\":\"https:\/\/bahiaeconomica.com.br\/wp\/2021\/09\/21\/palacete-na-praca-municipal-vai-virar-centro-de-gastronomia\/\",\"name\":\"PALACETE NA PRA\u00c7A MUNICIPAL VAI VIRAR CENTRO DE GASTRONOMIA. VEJA O V\u00cdDEO - Bahia Economica\",\"isPartOf\":{\"@id\":\"https:\/\/bahiaeconomica.com.br\/wp\/#website\"},\"datePublished\":\"2021-09-21T11:20:56+00:00\",\"dateModified\":\"2021-09-21T11:48:19+00:00\",\"description\":\"O maior portal de Economia da Bahia ECONOMIA \/ POL\u00cdTICA Bahia Economica\",\"breadcrumb\":{\"@id\":\"https:\/\/bahiaeconomica.com.br\/wp\/2021\/09\/21\/palacete-na-praca-municipal-vai-virar-centro-de-gastronomia\/#breadcrumb\"},\"inLanguage\":\"pt-BR\",\"potentialAction\":[{\"@type\":\"ReadAction\",\"target\":[\"https:\/\/bahiaeconomica.com.br\/wp\/2021\/09\/21\/palacete-na-praca-municipal-vai-virar-centro-de-gastronomia\/\"]}]},{\"@type\":\"BreadcrumbList\",\"@id\":\"https:\/\/bahiaeconomica.com.br\/wp\/2021\/09\/21\/palacete-na-praca-municipal-vai-virar-centro-de-gastronomia\/#breadcrumb\",\"itemListElement\":[{\"@type\":\"ListItem\",\"position\":1,\"name\":\"In\u00edcio\",\"item\":\"https:\/\/bahiaeconomica.com.br\/wp\/\"},{\"@type\":\"ListItem\",\"position\":2,\"name\":\"PALACETE NA PRA\u00c7A MUNICIPAL VAI VIRAR CENTRO DE GASTRONOMIA. VEJA O V\u00cdDEO\"}]},{\"@type\":\"WebSite\",\"@id\":\"https:\/\/bahiaeconomica.com.br\/wp\/#website\",\"url\":\"https:\/\/bahiaeconomica.com.br\/wp\/\",\"name\":\"Bahia Economica\",\"description\":\"O maior portal de Economia da Bahia\",\"publisher\":{\"@id\":\"https:\/\/bahiaeconomica.com.br\/wp\/#organization\"},\"potentialAction\":[{\"@type\":\"SearchAction\",\"target\":{\"@type\":\"EntryPoint\",\"urlTemplate\":\"https:\/\/bahiaeconomica.com.br\/wp\/?s={search_term_string}\"},\"query-input\":\"required name=search_term_string\"}],\"inLanguage\":\"pt-BR\"},{\"@type\":\"Organization\",\"@id\":\"https:\/\/bahiaeconomica.com.br\/wp\/#organization\",\"name\":\"Bahia Econ\u00f4mica\",\"url\":\"https:\/\/bahiaeconomica.com.br\/wp\/\",\"logo\":{\"@type\":\"ImageObject\",\"inLanguage\":\"pt-BR\",\"@id\":\"https:\/\/bahiaeconomica.com.br\/wp\/#\/schema\/logo\/image\/\",\"url\":\"https:\/\/bahiaeconomica.com.br\/wp\/wp-content\/uploads\/2020\/12\/cropped-BE.png\",\"contentUrl\":\"https:\/\/bahiaeconomica.com.br\/wp\/wp-content\/uploads\/2020\/12\/cropped-BE.png\",\"width\":512,\"height\":512,\"caption\":\"Bahia Econ\u00f4mica\"},\"image\":{\"@id\":\"https:\/\/bahiaeconomica.com.br\/wp\/#\/schema\/logo\/image\/\"},\"sameAs\":[\"https:\/\/www.facebook.com\/bahiaeconomica\"]},{\"@type\":\"Person\",\"@id\":\"https:\/\/bahiaeconomica.com.br\/wp\/#\/schema\/person\/cb1ab5ba96ad3d9390805381c76284ec\",\"name\":\"admin\",\"url\":\"https:\/\/bahiaeconomica.com.br\/wp\/author\/admin\/\"}]}<\/script>\n<!-- \/ Yoast SEO plugin. -->","yoast_head_json":{"title":"PALACETE NA PRA\u00c7A MUNICIPAL VAI VIRAR CENTRO DE GASTRONOMIA. VEJA O V\u00cdDEO - Bahia Economica","description":"O maior portal de Economia da Bahia ECONOMIA \/ POL\u00cdTICA Bahia Economica","robots":{"index":"index","follow":"follow","max-snippet":"max-snippet:-1","max-image-preview":"max-image-preview:large","max-video-preview":"max-video-preview:-1"},"canonical":"https:\/\/bahiaeconomica.com.br\/wp\/2021\/09\/21\/palacete-na-praca-municipal-vai-virar-centro-de-gastronomia\/","og_locale":"pt_BR","og_type":"article","og_title":"PALACETE NA PRA\u00c7A MUNICIPAL VAI VIRAR CENTRO DE GASTRONOMIA. VEJA O V\u00cdDEO - Bahia Economica","og_description":"O maior portal de Economia da Bahia ECONOMIA \/ POL\u00cdTICA Bahia Economica","og_url":"https:\/\/bahiaeconomica.com.br\/wp\/2021\/09\/21\/palacete-na-praca-municipal-vai-virar-centro-de-gastronomia\/","og_site_name":"Bahia Economica","article_publisher":"https:\/\/www.facebook.com\/bahiaeconomica","article_published_time":"2021-09-21T11:20:56+00:00","article_modified_time":"2021-09-21T11:48:19+00:00","og_image":[{"width":1140,"height":690,"url":"https:\/\/bahiaeconomica.com.br\/wp\/wp-content\/uploads\/2021\/09\/pala.jpg","type":"image\/jpeg"}],"author":"admin","twitter_card":"summary_large_image","twitter_misc":{"Escrito por":"admin","Est. tempo de leitura":"1 minuto"},"schema":{"@context":"https:\/\/schema.org","@graph":[{"@type":"Article","@id":"https:\/\/bahiaeconomica.com.br\/wp\/2021\/09\/21\/palacete-na-praca-municipal-vai-virar-centro-de-gastronomia\/#article","isPartOf":{"@id":"https:\/\/bahiaeconomica.com.br\/wp\/2021\/09\/21\/palacete-na-praca-municipal-vai-virar-centro-de-gastronomia\/"},"author":{"name":"admin","@id":"https:\/\/bahiaeconomica.com.br\/wp\/#\/schema\/person\/cb1ab5ba96ad3d9390805381c76284ec"},"headline":"PALACETE NA PRA\u00c7A MUNICIPAL VAI VIRAR CENTRO DE GASTRONOMIA. VEJA O V\u00cdDEO","datePublished":"2021-09-21T11:20:56+00:00","dateModified":"2021-09-21T11:48:19+00:00","mainEntityOfPage":{"@id":"https:\/\/bahiaeconomica.com.br\/wp\/2021\/09\/21\/palacete-na-praca-municipal-vai-virar-centro-de-gastronomia\/"},"wordCount":251,"publisher":{"@id":"https:\/\/bahiaeconomica.com.br\/wp\/#organization"},"articleSection":["ECONOMIA \/ POL\u00cdTICA"],"inLanguage":"pt-BR"},{"@type":"WebPage","@id":"https:\/\/bahiaeconomica.com.br\/wp\/2021\/09\/21\/palacete-na-praca-municipal-vai-virar-centro-de-gastronomia\/","url":"https:\/\/bahiaeconomica.com.br\/wp\/2021\/09\/21\/palacete-na-praca-municipal-vai-virar-centro-de-gastronomia\/","name":"PALACETE NA PRA\u00c7A MUNICIPAL VAI VIRAR CENTRO DE GASTRONOMIA. VEJA O V\u00cdDEO - Bahia Economica","isPartOf":{"@id":"https:\/\/bahiaeconomica.com.br\/wp\/#website"},"datePublished":"2021-09-21T11:20:56+00:00","dateModified":"2021-09-21T11:48:19+00:00","description":"O maior portal de Economia da Bahia ECONOMIA \/ POL\u00cdTICA Bahia Economica","breadcrumb":{"@id":"https:\/\/bahiaeconomica.com.br\/wp\/2021\/09\/21\/palacete-na-praca-municipal-vai-virar-centro-de-gastronomia\/#breadcrumb"},"inLanguage":"pt-BR","potentialAction":[{"@type":"ReadAction","target":["https:\/\/bahiaeconomica.com.br\/wp\/2021\/09\/21\/palacete-na-praca-municipal-vai-virar-centro-de-gastronomia\/"]}]},{"@type":"BreadcrumbList","@id":"https:\/\/bahiaeconomica.com.br\/wp\/2021\/09\/21\/palacete-na-praca-municipal-vai-virar-centro-de-gastronomia\/#breadcrumb","itemListElement":[{"@type":"ListItem","position":1,"name":"In\u00edcio","item":"https:\/\/bahiaeconomica.com.br\/wp\/"},{"@type":"ListItem","position":2,"name":"PALACETE NA PRA\u00c7A MUNICIPAL VAI VIRAR CENTRO DE GASTRONOMIA. VEJA O V\u00cdDEO"}]},{"@type":"WebSite","@id":"https:\/\/bahiaeconomica.com.br\/wp\/#website","url":"https:\/\/bahiaeconomica.com.br\/wp\/","name":"Bahia Economica","description":"O maior portal de Economia da Bahia","publisher":{"@id":"https:\/\/bahiaeconomica.com.br\/wp\/#organization"},"potentialAction":[{"@type":"SearchAction","target":{"@type":"EntryPoint","urlTemplate":"https:\/\/bahiaeconomica.com.br\/wp\/?s={search_term_string}"},"query-input":"required name=search_term_string"}],"inLanguage":"pt-BR"},{"@type":"Organization","@id":"https:\/\/bahiaeconomica.com.br\/wp\/#organization","name":"Bahia Econ\u00f4mica","url":"https:\/\/bahiaeconomica.com.br\/wp\/","logo":{"@type":"ImageObject","inLanguage":"pt-BR","@id":"https:\/\/bahiaeconomica.com.br\/wp\/#\/schema\/logo\/image\/","url":"https:\/\/bahiaeconomica.com.br\/wp\/wp-content\/uploads\/2020\/12\/cropped-BE.png","contentUrl":"https:\/\/bahiaeconomica.com.br\/wp\/wp-content\/uploads\/2020\/12\/cropped-BE.png","width":512,"height":512,"caption":"Bahia Econ\u00f4mica"},"image":{"@id":"https:\/\/bahiaeconomica.com.br\/wp\/#\/schema\/logo\/image\/"},"sameAs":["https:\/\/www.facebook.com\/bahiaeconomica"]},{"@type":"Person","@id":"https:\/\/bahiaeconomica.com.br\/wp\/#\/schema\/person\/cb1ab5ba96ad3d9390805381c76284ec","name":"admin","url":"https:\/\/bahiaeconomica.com.br\/wp\/author\/admin\/"}]}},"views":208,"_links":{"self":[{"href":"https:\/\/bahiaeconomica.com.br\/wp\/wp-json\/wp\/v2\/posts\/602774"}],"collection":[{"href":"https:\/\/bahiaeconomica.com.br\/wp\/wp-json\/wp\/v2\/posts"}],"about":[{"href":"https:\/\/bahiaeconomica.com.br\/wp\/wp-json\/wp\/v2\/types\/post"}],"author":[{"embeddable":true,"href":"https:\/\/bahiaeconomica.com.br\/wp\/wp-json\/wp\/v2\/users\/1"}],"replies":[{"embeddable":true,"href":"https:\/\/bahiaeconomica.com.br\/wp\/wp-json\/wp\/v2\/comments?post=602774"}],"version-history":[{"count":4,"href":"https:\/\/bahiaeconomica.com.br\/wp\/wp-json\/wp\/v2\/posts\/602774\/revisions"}],"predecessor-version":[{"id":602793,"href":"https:\/\/bahiaeconomica.com.br\/wp\/wp-json\/wp\/v2\/posts\/602774\/revisions\/602793"}],"wp:featuredmedia":[{"embeddable":true,"href":"https:\/\/bahiaeconomica.com.br\/wp\/wp-json\/wp\/v2\/media\/602776"}],"wp:attachment":[{"href":"https:\/\/bahiaeconomica.com.br\/wp\/wp-json\/wp\/v2\/media?parent=602774"}],"wp:term":[{"taxonomy":"category","embeddable":true,"href":"https:\/\/bahiaeconomica.com.br\/wp\/wp-json\/wp\/v2\/categories?post=602774"},{"taxonomy":"post_tag","embeddable":true,"href":"https:\/\/bahiaeconomica.com.br\/wp\/wp-json\/wp\/v2\/tags?post=602774"}],"curies":[{"name":"wp","href":"https:\/\/api.w.org\/{rel}","templated":true}]}}