{"id":601654,"date":"2021-09-16T11:10:08","date_gmt":"2021-09-16T14:10:08","guid":{"rendered":"https:\/\/bahiaeconomica.com.br\/wp\/beta\/?p=601654"},"modified":"2021-09-16T11:10:08","modified_gmt":"2021-09-16T14:10:08","slug":"governo-encaminha-ao-congresso-plano-de-reducao-de-beneficios-fiscais","status":"publish","type":"post","link":"https:\/\/bahiaeconomica.com.br\/wp\/2021\/09\/16\/governo-encaminha-ao-congresso-plano-de-reducao-de-beneficios-fiscais\/","title":{"rendered":"GOVERNO ENCAMINHA AO CONGRESSO PLANO DE REDU\u00c7\u00c3O DE BENEF\u00cdCIOS FISCAIS"},"content":{"rendered":"<p>O governo encaminhou ao Congresso um projeto de lei que reduz incentivos e benef\u00edcios tribut\u00e1rios de setores da economia. A Secretaria-Geral da Presid\u00eancia informou hoje (16) que <!--more-->a medida \u00e9 fruto do compromisso firmado entre o Legislativo e o Executivo para possibilitar o pagamento do aux\u00edlio emergencial em 2021, benef\u00edcio que atende a popula\u00e7\u00e3o mais vulner\u00e1vel durante a pandemia de covid-19. A Emenda Constitucional n\u00ba 109\/2021, que permitiu o aux\u00edlio este ano, concedeu seis meses para o governo propor uma redu\u00e7\u00e3o de benef\u00edcios tribut\u00e1rios, al\u00e9m de outras medidas fiscais para abertura de espa\u00e7o no or\u00e7amento.<\/p>\n<p>De acordo com a Presid\u00eancia, o Plano de Redu\u00e7\u00e3o Gradual de Incentivos e Benef\u00edcios Fiscais visa a adequa\u00e7\u00e3o dos benef\u00edcios tribut\u00e1rios ao Produto Interno Bruto (PIB), soma dos bens e servi\u00e7os produzidos no pa\u00eds). O objetivo \u00e9 que, ao final de oito anos, os incentivos sejam mantidos em patamar igual ou inferior a 2% do PIB. A Secretaria-Geral explica ainda que o plano foi elaborado pela Receita Federal e prev\u00ea um corte de mais de R$ 22 bilh\u00f5es em gastos tribut\u00e1rios, sendo R$ 15 bilh\u00f5es cortados j\u00e1 no primeiro ano. As demais redu\u00e7\u00f5es ser\u00e3o feitas gradualmente, por meio da n\u00e3o prorroga\u00e7\u00e3o de outros benef\u00edcios fiscais que j\u00e1 tinham data certa para serem encerrados e que n\u00e3o mais ser\u00e3o renovados.<\/p>\n<p>\u201cImportante ressaltar que o Plano de Redu\u00e7\u00e3o Gradual torna o sistema tribut\u00e1rio mais justo e simples ao eliminar distor\u00e7\u00f5es, reduzir benef\u00edcios que n\u00e3o atingem finalidades relevantes para a sociedade e encerrar regimes tribut\u00e1rios considerados obsoletos\u201d, diz a nota. Os regimes tribut\u00e1rios especiais estabelecem uma forma diferenciada de tributa\u00e7\u00e3o a determinados setores ou atividades empresariais. Os incentivos fiscais podem ser concedidos como descontos, isen\u00e7\u00e3o, compensa\u00e7\u00e3o e outros modelos que diminuem a carga tribut\u00e1ria com o intuito de incentivar o investimento e o crescimento em determinados setores.<\/p>\n<p>A pasta n\u00e3o especificou quais benef\u00edcios ser\u00e3o cortados ou n\u00e3o renovados, mas afirmou que a medida n\u00e3o trar\u00e1 nenhuma altera\u00e7\u00e3o para os incentivos fiscais relativos \u00e0 cesta b\u00e1sica, ao Simples Nacional (micro e pequenas empresas), \u00e0 Zona Franca de Manaus, \u00e0s bolsas de estudantes e outros mencionados na Emenda Constitucional n\u00ba 109\/2021. O plano tamb\u00e9m n\u00e3o interfere nas imunidades tribut\u00e1rias previstas na Constitui\u00e7\u00e3o.<\/p>\n<p>Foto: divulga\u00e7\u00e3o<\/p>\n","protected":false},"excerpt":{"rendered":"<p>O governo encaminhou ao Congresso um projeto de lei que reduz incentivos e benef\u00edcios tribut\u00e1rios de setores da economia. A Secretaria-Geral da Presid\u00eancia informou hoje (16) que<\/p>\n","protected":false},"author":1,"featured_media":456634,"comment_status":"closed","ping_status":"closed","sticky":false,"template":"","format":"standard","meta":[],"categories":[3],"tags":[],"acf":[],"yoast_head":"<!-- This site is optimized with the Yoast SEO plugin v20.8 - https:\/\/yoast.com\/wordpress\/plugins\/seo\/ -->\n<title>GOVERNO ENCAMINHA AO CONGRESSO PLANO DE REDU\u00c7\u00c3O DE BENEF\u00cdCIOS FISCAIS - Bahia Economica<\/title>\n<meta name=\"description\" content=\"O maior portal de Economia da Bahia ECONOMIA \/ POL\u00cdTICA Bahia Economica\" \/>\n<meta name=\"robots\" content=\"index, follow, max-snippet:-1, max-image-preview:large, max-video-preview:-1\" \/>\n<link rel=\"canonical\" href=\"https:\/\/bahiaeconomica.com.br\/wp\/2021\/09\/16\/governo-encaminha-ao-congresso-plano-de-reducao-de-beneficios-fiscais\/\" \/>\n<meta property=\"og:locale\" content=\"pt_BR\" \/>\n<meta property=\"og:type\" content=\"article\" \/>\n<meta property=\"og:title\" content=\"GOVERNO ENCAMINHA AO CONGRESSO PLANO DE REDU\u00c7\u00c3O DE BENEF\u00cdCIOS FISCAIS - Bahia Economica\" \/>\n<meta property=\"og:description\" content=\"O maior portal de Economia da Bahia ECONOMIA \/ POL\u00cdTICA Bahia Economica\" \/>\n<meta property=\"og:url\" content=\"https:\/\/bahiaeconomica.com.br\/wp\/2021\/09\/16\/governo-encaminha-ao-congresso-plano-de-reducao-de-beneficios-fiscais\/\" \/>\n<meta property=\"og:site_name\" content=\"Bahia Economica\" \/>\n<meta property=\"article:publisher\" content=\"https:\/\/www.facebook.com\/bahiaeconomica\" \/>\n<meta property=\"article:published_time\" content=\"2021-09-16T14:10:08+00:00\" \/>\n<meta property=\"og:image\" content=\"https:\/\/bahiaeconomica.com.br\/wp\/wp-content\/uploads\/2020\/04\/Bolsonaro-e-guedes-Foto-reprodu\u00e7\u00e3o-G1-1.png\" \/>\n\t<meta property=\"og:image:width\" content=\"360\" \/>\n\t<meta property=\"og:image:height\" content=\"220\" \/>\n\t<meta property=\"og:image:type\" content=\"image\/png\" \/>\n<meta name=\"author\" content=\"admin\" \/>\n<meta name=\"twitter:card\" content=\"summary_large_image\" \/>\n<meta name=\"twitter:label1\" content=\"Escrito por\" \/>\n\t<meta name=\"twitter:data1\" content=\"admin\" \/>\n\t<meta name=\"twitter:label2\" content=\"Est. tempo de leitura\" \/>\n\t<meta name=\"twitter:data2\" content=\"2 minutos\" \/>\n<script type=\"application\/ld+json\" class=\"yoast-schema-graph\">{\"@context\":\"https:\/\/schema.org\",\"@graph\":[{\"@type\":\"Article\",\"@id\":\"https:\/\/bahiaeconomica.com.br\/wp\/2021\/09\/16\/governo-encaminha-ao-congresso-plano-de-reducao-de-beneficios-fiscais\/#article\",\"isPartOf\":{\"@id\":\"https:\/\/bahiaeconomica.com.br\/wp\/2021\/09\/16\/governo-encaminha-ao-congresso-plano-de-reducao-de-beneficios-fiscais\/\"},\"author\":{\"name\":\"admin\",\"@id\":\"https:\/\/bahiaeconomica.com.br\/wp\/#\/schema\/person\/cb1ab5ba96ad3d9390805381c76284ec\"},\"headline\":\"GOVERNO ENCAMINHA AO CONGRESSO PLANO DE REDU\u00c7\u00c3O DE BENEF\u00cdCIOS FISCAIS\",\"datePublished\":\"2021-09-16T14:10:08+00:00\",\"dateModified\":\"2021-09-16T14:10:08+00:00\",\"mainEntityOfPage\":{\"@id\":\"https:\/\/bahiaeconomica.com.br\/wp\/2021\/09\/16\/governo-encaminha-ao-congresso-plano-de-reducao-de-beneficios-fiscais\/\"},\"wordCount\":420,\"publisher\":{\"@id\":\"https:\/\/bahiaeconomica.com.br\/wp\/#organization\"},\"articleSection\":[\"ECONOMIA \/ POL\u00cdTICA\"],\"inLanguage\":\"pt-BR\"},{\"@type\":\"WebPage\",\"@id\":\"https:\/\/bahiaeconomica.com.br\/wp\/2021\/09\/16\/governo-encaminha-ao-congresso-plano-de-reducao-de-beneficios-fiscais\/\",\"url\":\"https:\/\/bahiaeconomica.com.br\/wp\/2021\/09\/16\/governo-encaminha-ao-congresso-plano-de-reducao-de-beneficios-fiscais\/\",\"name\":\"GOVERNO ENCAMINHA AO CONGRESSO PLANO DE REDU\u00c7\u00c3O DE BENEF\u00cdCIOS FISCAIS - Bahia Economica\",\"isPartOf\":{\"@id\":\"https:\/\/bahiaeconomica.com.br\/wp\/#website\"},\"datePublished\":\"2021-09-16T14:10:08+00:00\",\"dateModified\":\"2021-09-16T14:10:08+00:00\",\"description\":\"O maior portal de Economia da Bahia ECONOMIA \/ POL\u00cdTICA Bahia Economica\",\"breadcrumb\":{\"@id\":\"https:\/\/bahiaeconomica.com.br\/wp\/2021\/09\/16\/governo-encaminha-ao-congresso-plano-de-reducao-de-beneficios-fiscais\/#breadcrumb\"},\"inLanguage\":\"pt-BR\",\"potentialAction\":[{\"@type\":\"ReadAction\",\"target\":[\"https:\/\/bahiaeconomica.com.br\/wp\/2021\/09\/16\/governo-encaminha-ao-congresso-plano-de-reducao-de-beneficios-fiscais\/\"]}]},{\"@type\":\"BreadcrumbList\",\"@id\":\"https:\/\/bahiaeconomica.com.br\/wp\/2021\/09\/16\/governo-encaminha-ao-congresso-plano-de-reducao-de-beneficios-fiscais\/#breadcrumb\",\"itemListElement\":[{\"@type\":\"ListItem\",\"position\":1,\"name\":\"In\u00edcio\",\"item\":\"https:\/\/bahiaeconomica.com.br\/wp\/\"},{\"@type\":\"ListItem\",\"position\":2,\"name\":\"GOVERNO ENCAMINHA AO CONGRESSO PLANO DE REDU\u00c7\u00c3O DE BENEF\u00cdCIOS FISCAIS\"}]},{\"@type\":\"WebSite\",\"@id\":\"https:\/\/bahiaeconomica.com.br\/wp\/#website\",\"url\":\"https:\/\/bahiaeconomica.com.br\/wp\/\",\"name\":\"Bahia Economica\",\"description\":\"O maior portal de Economia da Bahia\",\"publisher\":{\"@id\":\"https:\/\/bahiaeconomica.com.br\/wp\/#organization\"},\"potentialAction\":[{\"@type\":\"SearchAction\",\"target\":{\"@type\":\"EntryPoint\",\"urlTemplate\":\"https:\/\/bahiaeconomica.com.br\/wp\/?s={search_term_string}\"},\"query-input\":\"required name=search_term_string\"}],\"inLanguage\":\"pt-BR\"},{\"@type\":\"Organization\",\"@id\":\"https:\/\/bahiaeconomica.com.br\/wp\/#organization\",\"name\":\"Bahia Econ\u00f4mica\",\"url\":\"https:\/\/bahiaeconomica.com.br\/wp\/\",\"logo\":{\"@type\":\"ImageObject\",\"inLanguage\":\"pt-BR\",\"@id\":\"https:\/\/bahiaeconomica.com.br\/wp\/#\/schema\/logo\/image\/\",\"url\":\"https:\/\/bahiaeconomica.com.br\/wp\/wp-content\/uploads\/2020\/12\/cropped-BE.png\",\"contentUrl\":\"https:\/\/bahiaeconomica.com.br\/wp\/wp-content\/uploads\/2020\/12\/cropped-BE.png\",\"width\":512,\"height\":512,\"caption\":\"Bahia Econ\u00f4mica\"},\"image\":{\"@id\":\"https:\/\/bahiaeconomica.com.br\/wp\/#\/schema\/logo\/image\/\"},\"sameAs\":[\"https:\/\/www.facebook.com\/bahiaeconomica\"]},{\"@type\":\"Person\",\"@id\":\"https:\/\/bahiaeconomica.com.br\/wp\/#\/schema\/person\/cb1ab5ba96ad3d9390805381c76284ec\",\"name\":\"admin\",\"url\":\"https:\/\/bahiaeconomica.com.br\/wp\/author\/admin\/\"}]}<\/script>\n<!-- \/ Yoast SEO plugin. -->","yoast_head_json":{"title":"GOVERNO ENCAMINHA AO CONGRESSO PLANO DE REDU\u00c7\u00c3O DE BENEF\u00cdCIOS FISCAIS - Bahia Economica","description":"O maior portal de Economia da Bahia ECONOMIA \/ POL\u00cdTICA Bahia Economica","robots":{"index":"index","follow":"follow","max-snippet":"max-snippet:-1","max-image-preview":"max-image-preview:large","max-video-preview":"max-video-preview:-1"},"canonical":"https:\/\/bahiaeconomica.com.br\/wp\/2021\/09\/16\/governo-encaminha-ao-congresso-plano-de-reducao-de-beneficios-fiscais\/","og_locale":"pt_BR","og_type":"article","og_title":"GOVERNO ENCAMINHA AO CONGRESSO PLANO DE REDU\u00c7\u00c3O DE BENEF\u00cdCIOS FISCAIS - Bahia Economica","og_description":"O maior portal de Economia da Bahia ECONOMIA \/ POL\u00cdTICA Bahia Economica","og_url":"https:\/\/bahiaeconomica.com.br\/wp\/2021\/09\/16\/governo-encaminha-ao-congresso-plano-de-reducao-de-beneficios-fiscais\/","og_site_name":"Bahia Economica","article_publisher":"https:\/\/www.facebook.com\/bahiaeconomica","article_published_time":"2021-09-16T14:10:08+00:00","og_image":[{"width":360,"height":220,"url":"https:\/\/bahiaeconomica.com.br\/wp\/wp-content\/uploads\/2020\/04\/Bolsonaro-e-guedes-Foto-reprodu\u00e7\u00e3o-G1-1.png","type":"image\/png"}],"author":"admin","twitter_card":"summary_large_image","twitter_misc":{"Escrito por":"admin","Est. tempo de leitura":"2 minutos"},"schema":{"@context":"https:\/\/schema.org","@graph":[{"@type":"Article","@id":"https:\/\/bahiaeconomica.com.br\/wp\/2021\/09\/16\/governo-encaminha-ao-congresso-plano-de-reducao-de-beneficios-fiscais\/#article","isPartOf":{"@id":"https:\/\/bahiaeconomica.com.br\/wp\/2021\/09\/16\/governo-encaminha-ao-congresso-plano-de-reducao-de-beneficios-fiscais\/"},"author":{"name":"admin","@id":"https:\/\/bahiaeconomica.com.br\/wp\/#\/schema\/person\/cb1ab5ba96ad3d9390805381c76284ec"},"headline":"GOVERNO ENCAMINHA AO CONGRESSO PLANO DE REDU\u00c7\u00c3O DE BENEF\u00cdCIOS FISCAIS","datePublished":"2021-09-16T14:10:08+00:00","dateModified":"2021-09-16T14:10:08+00:00","mainEntityOfPage":{"@id":"https:\/\/bahiaeconomica.com.br\/wp\/2021\/09\/16\/governo-encaminha-ao-congresso-plano-de-reducao-de-beneficios-fiscais\/"},"wordCount":420,"publisher":{"@id":"https:\/\/bahiaeconomica.com.br\/wp\/#organization"},"articleSection":["ECONOMIA \/ POL\u00cdTICA"],"inLanguage":"pt-BR"},{"@type":"WebPage","@id":"https:\/\/bahiaeconomica.com.br\/wp\/2021\/09\/16\/governo-encaminha-ao-congresso-plano-de-reducao-de-beneficios-fiscais\/","url":"https:\/\/bahiaeconomica.com.br\/wp\/2021\/09\/16\/governo-encaminha-ao-congresso-plano-de-reducao-de-beneficios-fiscais\/","name":"GOVERNO ENCAMINHA AO CONGRESSO PLANO DE REDU\u00c7\u00c3O DE BENEF\u00cdCIOS FISCAIS - Bahia Economica","isPartOf":{"@id":"https:\/\/bahiaeconomica.com.br\/wp\/#website"},"datePublished":"2021-09-16T14:10:08+00:00","dateModified":"2021-09-16T14:10:08+00:00","description":"O maior portal de Economia da Bahia ECONOMIA \/ POL\u00cdTICA Bahia Economica","breadcrumb":{"@id":"https:\/\/bahiaeconomica.com.br\/wp\/2021\/09\/16\/governo-encaminha-ao-congresso-plano-de-reducao-de-beneficios-fiscais\/#breadcrumb"},"inLanguage":"pt-BR","potentialAction":[{"@type":"ReadAction","target":["https:\/\/bahiaeconomica.com.br\/wp\/2021\/09\/16\/governo-encaminha-ao-congresso-plano-de-reducao-de-beneficios-fiscais\/"]}]},{"@type":"BreadcrumbList","@id":"https:\/\/bahiaeconomica.com.br\/wp\/2021\/09\/16\/governo-encaminha-ao-congresso-plano-de-reducao-de-beneficios-fiscais\/#breadcrumb","itemListElement":[{"@type":"ListItem","position":1,"name":"In\u00edcio","item":"https:\/\/bahiaeconomica.com.br\/wp\/"},{"@type":"ListItem","position":2,"name":"GOVERNO ENCAMINHA AO CONGRESSO PLANO DE REDU\u00c7\u00c3O DE BENEF\u00cdCIOS FISCAIS"}]},{"@type":"WebSite","@id":"https:\/\/bahiaeconomica.com.br\/wp\/#website","url":"https:\/\/bahiaeconomica.com.br\/wp\/","name":"Bahia Economica","description":"O maior portal de Economia da Bahia","publisher":{"@id":"https:\/\/bahiaeconomica.com.br\/wp\/#organization"},"potentialAction":[{"@type":"SearchAction","target":{"@type":"EntryPoint","urlTemplate":"https:\/\/bahiaeconomica.com.br\/wp\/?s={search_term_string}"},"query-input":"required name=search_term_string"}],"inLanguage":"pt-BR"},{"@type":"Organization","@id":"https:\/\/bahiaeconomica.com.br\/wp\/#organization","name":"Bahia Econ\u00f4mica","url":"https:\/\/bahiaeconomica.com.br\/wp\/","logo":{"@type":"ImageObject","inLanguage":"pt-BR","@id":"https:\/\/bahiaeconomica.com.br\/wp\/#\/schema\/logo\/image\/","url":"https:\/\/bahiaeconomica.com.br\/wp\/wp-content\/uploads\/2020\/12\/cropped-BE.png","contentUrl":"https:\/\/bahiaeconomica.com.br\/wp\/wp-content\/uploads\/2020\/12\/cropped-BE.png","width":512,"height":512,"caption":"Bahia Econ\u00f4mica"},"image":{"@id":"https:\/\/bahiaeconomica.com.br\/wp\/#\/schema\/logo\/image\/"},"sameAs":["https:\/\/www.facebook.com\/bahiaeconomica"]},{"@type":"Person","@id":"https:\/\/bahiaeconomica.com.br\/wp\/#\/schema\/person\/cb1ab5ba96ad3d9390805381c76284ec","name":"admin","url":"https:\/\/bahiaeconomica.com.br\/wp\/author\/admin\/"}]}},"views":5,"_links":{"self":[{"href":"https:\/\/bahiaeconomica.com.br\/wp\/wp-json\/wp\/v2\/posts\/601654"}],"collection":[{"href":"https:\/\/bahiaeconomica.com.br\/wp\/wp-json\/wp\/v2\/posts"}],"about":[{"href":"https:\/\/bahiaeconomica.com.br\/wp\/wp-json\/wp\/v2\/types\/post"}],"author":[{"embeddable":true,"href":"https:\/\/bahiaeconomica.com.br\/wp\/wp-json\/wp\/v2\/users\/1"}],"replies":[{"embeddable":true,"href":"https:\/\/bahiaeconomica.com.br\/wp\/wp-json\/wp\/v2\/comments?post=601654"}],"version-history":[{"count":1,"href":"https:\/\/bahiaeconomica.com.br\/wp\/wp-json\/wp\/v2\/posts\/601654\/revisions"}],"predecessor-version":[{"id":601659,"href":"https:\/\/bahiaeconomica.com.br\/wp\/wp-json\/wp\/v2\/posts\/601654\/revisions\/601659"}],"wp:featuredmedia":[{"embeddable":true,"href":"https:\/\/bahiaeconomica.com.br\/wp\/wp-json\/wp\/v2\/media\/456634"}],"wp:attachment":[{"href":"https:\/\/bahiaeconomica.com.br\/wp\/wp-json\/wp\/v2\/media?parent=601654"}],"wp:term":[{"taxonomy":"category","embeddable":true,"href":"https:\/\/bahiaeconomica.com.br\/wp\/wp-json\/wp\/v2\/categories?post=601654"},{"taxonomy":"post_tag","embeddable":true,"href":"https:\/\/bahiaeconomica.com.br\/wp\/wp-json\/wp\/v2\/tags?post=601654"}],"curies":[{"name":"wp","href":"https:\/\/api.w.org\/{rel}","templated":true}]}}