{"id":600591,"date":"2021-09-13T15:33:38","date_gmt":"2021-09-13T18:33:38","guid":{"rendered":"https:\/\/bahiaeconomica.com.br\/wp\/beta\/?p=600591"},"modified":"2021-09-13T15:33:38","modified_gmt":"2021-09-13T18:33:38","slug":"tirar-precatorios-da-regra-do-teto-nao-descontrola-gastos-diz-secretario","status":"publish","type":"post","link":"https:\/\/bahiaeconomica.com.br\/wp\/2021\/09\/13\/tirar-precatorios-da-regra-do-teto-nao-descontrola-gastos-diz-secretario\/","title":{"rendered":"TIRAR PRECAT\u00d3RIOS DA REGRA DO TETO N\u00c3O DESCONTROLA GASTOS, DIZ SECRET\u00c1RIO"},"content":{"rendered":"<p>O secret\u00e1rio do Tesouro Nacional, Jeferson Bittencourt, defendeu nesta segunda-feira (13) a proposta do governo de parcelamento dos precat\u00f3rios, <!--more-->j\u00e1 enviada ao Congresso Nacional. Ele tamb\u00e9m avaliou que uma alternativa em discuss\u00e3o, de retirar os precat\u00f3rios do teto de gastos, n\u00e3o causaria risco de &#8220;descontrole de despesas&#8221;.<\/p>\n<p>Os precat\u00f3rios s\u00e3o d\u00edvidas da Uni\u00e3o com pessoas f\u00edsicas, jur\u00eddicas, estados e munic\u00edpios reconhecidas em decis\u00f5es judiciais definitivas. O governo quer parcelar o montante que deveria pagar em 2022, para abrir espa\u00e7o no Or\u00e7amento.<\/p>\n<p>Diante da dificuldade de aprovar o parcelamento, que \u00e9 visto como calote por especialistas, algumas alternativas vem sendo discutidas. Uma delas \u00e9 tirar o pagamento dos precat\u00f3rios da regra do teto de gastos (que limita despesas do governo federal ao montante do ano anterior corrigido pela infla\u00e7\u00e3o).<\/p>\n<p>&#8220;Hipoteticamente, se for retirado precat\u00f3rio do teto, n\u00e3o \u00e9 infinito [o espa\u00e7o para aumento de gastos]. \u00c9 limitado, n\u00e3o \u00e9 da\u00ed que vem um risco de descontrole da despesa&#8221;, disse Bittencourt, durante live transmitida pela internet.<\/p>\n<p>Segundo o G1, ele disse que o governo continua defendendo a proposta de parcelamento dos valores, mas avaliou que o Executivo deve estar aberto a negociar alternativas, como por exemplo uma solu\u00e7\u00e3o via Justi\u00e7a. No pr\u00f3ximo ano, os precat\u00f3rios, segundo o Tesouro Nacional, somar\u00e3o R$ 89,1 bilh\u00f5es (se n\u00e3o for feita nenhuma mudan\u00e7a), contra R$ 54,7 bilh\u00f5es neste ano, o que consumiria todo espa\u00e7o adicional aberto no teto de gastos.<\/p>\n<p>&nbsp;<\/p>\n<p>Marcello Casal Jr.\/Ag\u00eancia Brasil<\/p>\n","protected":false},"excerpt":{"rendered":"<p>O secret\u00e1rio do Tesouro Nacional, Jeferson Bittencourt, defendeu nesta segunda-feira (13) a proposta do governo de parcelamento dos precat\u00f3rios,<\/p>\n","protected":false},"author":1,"featured_media":564504,"comment_status":"closed","ping_status":"closed","sticky":false,"template":"","format":"standard","meta":[],"categories":[3],"tags":[],"acf":[],"yoast_head":"<!-- This site is optimized with the Yoast SEO plugin v20.8 - https:\/\/yoast.com\/wordpress\/plugins\/seo\/ -->\n<title>TIRAR PRECAT\u00d3RIOS DA REGRA DO TETO N\u00c3O DESCONTROLA GASTOS, DIZ SECRET\u00c1RIO - Bahia Economica<\/title>\n<meta name=\"description\" content=\"O maior portal de Economia da Bahia ECONOMIA \/ POL\u00cdTICA Bahia Economica\" \/>\n<meta name=\"robots\" content=\"index, follow, max-snippet:-1, max-image-preview:large, max-video-preview:-1\" \/>\n<link rel=\"canonical\" href=\"https:\/\/bahiaeconomica.com.br\/wp\/2021\/09\/13\/tirar-precatorios-da-regra-do-teto-nao-descontrola-gastos-diz-secretario\/\" \/>\n<meta property=\"og:locale\" content=\"pt_BR\" \/>\n<meta property=\"og:type\" content=\"article\" \/>\n<meta property=\"og:title\" content=\"TIRAR PRECAT\u00d3RIOS DA REGRA DO TETO N\u00c3O DESCONTROLA GASTOS, DIZ SECRET\u00c1RIO - Bahia Economica\" \/>\n<meta property=\"og:description\" content=\"O maior portal de Economia da Bahia ECONOMIA \/ POL\u00cdTICA Bahia Economica\" \/>\n<meta property=\"og:url\" content=\"https:\/\/bahiaeconomica.com.br\/wp\/2021\/09\/13\/tirar-precatorios-da-regra-do-teto-nao-descontrola-gastos-diz-secretario\/\" \/>\n<meta property=\"og:site_name\" content=\"Bahia Economica\" \/>\n<meta property=\"article:publisher\" content=\"https:\/\/www.facebook.com\/bahiaeconomica\" \/>\n<meta property=\"article:published_time\" content=\"2021-09-13T18:33:38+00:00\" \/>\n<meta property=\"og:image\" content=\"https:\/\/bahiaeconomica.com.br\/wp\/wp-content\/uploads\/2021\/05\/real_dinheiro_moeda_1310202269-Foto-Marcello-Casal-Jr.-Agencia-Brasil.jpg\" \/>\n\t<meta property=\"og:image:width\" content=\"770\" \/>\n\t<meta property=\"og:image:height\" content=\"474\" \/>\n\t<meta property=\"og:image:type\" content=\"image\/jpeg\" \/>\n<meta name=\"author\" content=\"admin\" \/>\n<meta name=\"twitter:card\" content=\"summary_large_image\" \/>\n<meta name=\"twitter:label1\" content=\"Escrito por\" \/>\n\t<meta name=\"twitter:data1\" content=\"admin\" \/>\n\t<meta name=\"twitter:label2\" content=\"Est. tempo de leitura\" \/>\n\t<meta name=\"twitter:data2\" content=\"1 minuto\" \/>\n<script type=\"application\/ld+json\" class=\"yoast-schema-graph\">{\"@context\":\"https:\/\/schema.org\",\"@graph\":[{\"@type\":\"Article\",\"@id\":\"https:\/\/bahiaeconomica.com.br\/wp\/2021\/09\/13\/tirar-precatorios-da-regra-do-teto-nao-descontrola-gastos-diz-secretario\/#article\",\"isPartOf\":{\"@id\":\"https:\/\/bahiaeconomica.com.br\/wp\/2021\/09\/13\/tirar-precatorios-da-regra-do-teto-nao-descontrola-gastos-diz-secretario\/\"},\"author\":{\"name\":\"admin\",\"@id\":\"https:\/\/bahiaeconomica.com.br\/wp\/#\/schema\/person\/cb1ab5ba96ad3d9390805381c76284ec\"},\"headline\":\"TIRAR PRECAT\u00d3RIOS DA REGRA DO TETO N\u00c3O DESCONTROLA GASTOS, DIZ SECRET\u00c1RIO\",\"datePublished\":\"2021-09-13T18:33:38+00:00\",\"dateModified\":\"2021-09-13T18:33:38+00:00\",\"mainEntityOfPage\":{\"@id\":\"https:\/\/bahiaeconomica.com.br\/wp\/2021\/09\/13\/tirar-precatorios-da-regra-do-teto-nao-descontrola-gastos-diz-secretario\/\"},\"wordCount\":278,\"publisher\":{\"@id\":\"https:\/\/bahiaeconomica.com.br\/wp\/#organization\"},\"articleSection\":[\"ECONOMIA \/ POL\u00cdTICA\"],\"inLanguage\":\"pt-BR\"},{\"@type\":\"WebPage\",\"@id\":\"https:\/\/bahiaeconomica.com.br\/wp\/2021\/09\/13\/tirar-precatorios-da-regra-do-teto-nao-descontrola-gastos-diz-secretario\/\",\"url\":\"https:\/\/bahiaeconomica.com.br\/wp\/2021\/09\/13\/tirar-precatorios-da-regra-do-teto-nao-descontrola-gastos-diz-secretario\/\",\"name\":\"TIRAR PRECAT\u00d3RIOS DA REGRA DO TETO N\u00c3O DESCONTROLA GASTOS, DIZ SECRET\u00c1RIO - Bahia Economica\",\"isPartOf\":{\"@id\":\"https:\/\/bahiaeconomica.com.br\/wp\/#website\"},\"datePublished\":\"2021-09-13T18:33:38+00:00\",\"dateModified\":\"2021-09-13T18:33:38+00:00\",\"description\":\"O maior portal de Economia da Bahia ECONOMIA \/ POL\u00cdTICA Bahia Economica\",\"breadcrumb\":{\"@id\":\"https:\/\/bahiaeconomica.com.br\/wp\/2021\/09\/13\/tirar-precatorios-da-regra-do-teto-nao-descontrola-gastos-diz-secretario\/#breadcrumb\"},\"inLanguage\":\"pt-BR\",\"potentialAction\":[{\"@type\":\"ReadAction\",\"target\":[\"https:\/\/bahiaeconomica.com.br\/wp\/2021\/09\/13\/tirar-precatorios-da-regra-do-teto-nao-descontrola-gastos-diz-secretario\/\"]}]},{\"@type\":\"BreadcrumbList\",\"@id\":\"https:\/\/bahiaeconomica.com.br\/wp\/2021\/09\/13\/tirar-precatorios-da-regra-do-teto-nao-descontrola-gastos-diz-secretario\/#breadcrumb\",\"itemListElement\":[{\"@type\":\"ListItem\",\"position\":1,\"name\":\"In\u00edcio\",\"item\":\"https:\/\/bahiaeconomica.com.br\/wp\/\"},{\"@type\":\"ListItem\",\"position\":2,\"name\":\"TIRAR PRECAT\u00d3RIOS DA REGRA DO TETO N\u00c3O DESCONTROLA GASTOS, DIZ SECRET\u00c1RIO\"}]},{\"@type\":\"WebSite\",\"@id\":\"https:\/\/bahiaeconomica.com.br\/wp\/#website\",\"url\":\"https:\/\/bahiaeconomica.com.br\/wp\/\",\"name\":\"Bahia Economica\",\"description\":\"O maior portal de Economia da Bahia\",\"publisher\":{\"@id\":\"https:\/\/bahiaeconomica.com.br\/wp\/#organization\"},\"potentialAction\":[{\"@type\":\"SearchAction\",\"target\":{\"@type\":\"EntryPoint\",\"urlTemplate\":\"https:\/\/bahiaeconomica.com.br\/wp\/?s={search_term_string}\"},\"query-input\":\"required name=search_term_string\"}],\"inLanguage\":\"pt-BR\"},{\"@type\":\"Organization\",\"@id\":\"https:\/\/bahiaeconomica.com.br\/wp\/#organization\",\"name\":\"Bahia Econ\u00f4mica\",\"url\":\"https:\/\/bahiaeconomica.com.br\/wp\/\",\"logo\":{\"@type\":\"ImageObject\",\"inLanguage\":\"pt-BR\",\"@id\":\"https:\/\/bahiaeconomica.com.br\/wp\/#\/schema\/logo\/image\/\",\"url\":\"https:\/\/bahiaeconomica.com.br\/wp\/wp-content\/uploads\/2020\/12\/cropped-BE.png\",\"contentUrl\":\"https:\/\/bahiaeconomica.com.br\/wp\/wp-content\/uploads\/2020\/12\/cropped-BE.png\",\"width\":512,\"height\":512,\"caption\":\"Bahia Econ\u00f4mica\"},\"image\":{\"@id\":\"https:\/\/bahiaeconomica.com.br\/wp\/#\/schema\/logo\/image\/\"},\"sameAs\":[\"https:\/\/www.facebook.com\/bahiaeconomica\"]},{\"@type\":\"Person\",\"@id\":\"https:\/\/bahiaeconomica.com.br\/wp\/#\/schema\/person\/cb1ab5ba96ad3d9390805381c76284ec\",\"name\":\"admin\",\"url\":\"https:\/\/bahiaeconomica.com.br\/wp\/author\/admin\/\"}]}<\/script>\n<!-- \/ Yoast SEO plugin. -->","yoast_head_json":{"title":"TIRAR PRECAT\u00d3RIOS DA REGRA DO TETO N\u00c3O DESCONTROLA GASTOS, DIZ SECRET\u00c1RIO - Bahia Economica","description":"O maior portal de Economia da Bahia ECONOMIA \/ POL\u00cdTICA Bahia Economica","robots":{"index":"index","follow":"follow","max-snippet":"max-snippet:-1","max-image-preview":"max-image-preview:large","max-video-preview":"max-video-preview:-1"},"canonical":"https:\/\/bahiaeconomica.com.br\/wp\/2021\/09\/13\/tirar-precatorios-da-regra-do-teto-nao-descontrola-gastos-diz-secretario\/","og_locale":"pt_BR","og_type":"article","og_title":"TIRAR PRECAT\u00d3RIOS DA REGRA DO TETO N\u00c3O DESCONTROLA GASTOS, DIZ SECRET\u00c1RIO - Bahia Economica","og_description":"O maior portal de Economia da Bahia ECONOMIA \/ POL\u00cdTICA Bahia Economica","og_url":"https:\/\/bahiaeconomica.com.br\/wp\/2021\/09\/13\/tirar-precatorios-da-regra-do-teto-nao-descontrola-gastos-diz-secretario\/","og_site_name":"Bahia Economica","article_publisher":"https:\/\/www.facebook.com\/bahiaeconomica","article_published_time":"2021-09-13T18:33:38+00:00","og_image":[{"width":770,"height":474,"url":"https:\/\/bahiaeconomica.com.br\/wp\/wp-content\/uploads\/2021\/05\/real_dinheiro_moeda_1310202269-Foto-Marcello-Casal-Jr.-Agencia-Brasil.jpg","type":"image\/jpeg"}],"author":"admin","twitter_card":"summary_large_image","twitter_misc":{"Escrito por":"admin","Est. tempo de leitura":"1 minuto"},"schema":{"@context":"https:\/\/schema.org","@graph":[{"@type":"Article","@id":"https:\/\/bahiaeconomica.com.br\/wp\/2021\/09\/13\/tirar-precatorios-da-regra-do-teto-nao-descontrola-gastos-diz-secretario\/#article","isPartOf":{"@id":"https:\/\/bahiaeconomica.com.br\/wp\/2021\/09\/13\/tirar-precatorios-da-regra-do-teto-nao-descontrola-gastos-diz-secretario\/"},"author":{"name":"admin","@id":"https:\/\/bahiaeconomica.com.br\/wp\/#\/schema\/person\/cb1ab5ba96ad3d9390805381c76284ec"},"headline":"TIRAR PRECAT\u00d3RIOS DA REGRA DO TETO N\u00c3O DESCONTROLA GASTOS, DIZ SECRET\u00c1RIO","datePublished":"2021-09-13T18:33:38+00:00","dateModified":"2021-09-13T18:33:38+00:00","mainEntityOfPage":{"@id":"https:\/\/bahiaeconomica.com.br\/wp\/2021\/09\/13\/tirar-precatorios-da-regra-do-teto-nao-descontrola-gastos-diz-secretario\/"},"wordCount":278,"publisher":{"@id":"https:\/\/bahiaeconomica.com.br\/wp\/#organization"},"articleSection":["ECONOMIA \/ POL\u00cdTICA"],"inLanguage":"pt-BR"},{"@type":"WebPage","@id":"https:\/\/bahiaeconomica.com.br\/wp\/2021\/09\/13\/tirar-precatorios-da-regra-do-teto-nao-descontrola-gastos-diz-secretario\/","url":"https:\/\/bahiaeconomica.com.br\/wp\/2021\/09\/13\/tirar-precatorios-da-regra-do-teto-nao-descontrola-gastos-diz-secretario\/","name":"TIRAR PRECAT\u00d3RIOS DA REGRA DO TETO N\u00c3O DESCONTROLA GASTOS, DIZ SECRET\u00c1RIO - Bahia Economica","isPartOf":{"@id":"https:\/\/bahiaeconomica.com.br\/wp\/#website"},"datePublished":"2021-09-13T18:33:38+00:00","dateModified":"2021-09-13T18:33:38+00:00","description":"O maior portal de Economia da Bahia ECONOMIA \/ POL\u00cdTICA Bahia Economica","breadcrumb":{"@id":"https:\/\/bahiaeconomica.com.br\/wp\/2021\/09\/13\/tirar-precatorios-da-regra-do-teto-nao-descontrola-gastos-diz-secretario\/#breadcrumb"},"inLanguage":"pt-BR","potentialAction":[{"@type":"ReadAction","target":["https:\/\/bahiaeconomica.com.br\/wp\/2021\/09\/13\/tirar-precatorios-da-regra-do-teto-nao-descontrola-gastos-diz-secretario\/"]}]},{"@type":"BreadcrumbList","@id":"https:\/\/bahiaeconomica.com.br\/wp\/2021\/09\/13\/tirar-precatorios-da-regra-do-teto-nao-descontrola-gastos-diz-secretario\/#breadcrumb","itemListElement":[{"@type":"ListItem","position":1,"name":"In\u00edcio","item":"https:\/\/bahiaeconomica.com.br\/wp\/"},{"@type":"ListItem","position":2,"name":"TIRAR PRECAT\u00d3RIOS DA REGRA DO TETO N\u00c3O DESCONTROLA GASTOS, DIZ SECRET\u00c1RIO"}]},{"@type":"WebSite","@id":"https:\/\/bahiaeconomica.com.br\/wp\/#website","url":"https:\/\/bahiaeconomica.com.br\/wp\/","name":"Bahia Economica","description":"O maior portal de Economia da Bahia","publisher":{"@id":"https:\/\/bahiaeconomica.com.br\/wp\/#organization"},"potentialAction":[{"@type":"SearchAction","target":{"@type":"EntryPoint","urlTemplate":"https:\/\/bahiaeconomica.com.br\/wp\/?s={search_term_string}"},"query-input":"required name=search_term_string"}],"inLanguage":"pt-BR"},{"@type":"Organization","@id":"https:\/\/bahiaeconomica.com.br\/wp\/#organization","name":"Bahia Econ\u00f4mica","url":"https:\/\/bahiaeconomica.com.br\/wp\/","logo":{"@type":"ImageObject","inLanguage":"pt-BR","@id":"https:\/\/bahiaeconomica.com.br\/wp\/#\/schema\/logo\/image\/","url":"https:\/\/bahiaeconomica.com.br\/wp\/wp-content\/uploads\/2020\/12\/cropped-BE.png","contentUrl":"https:\/\/bahiaeconomica.com.br\/wp\/wp-content\/uploads\/2020\/12\/cropped-BE.png","width":512,"height":512,"caption":"Bahia Econ\u00f4mica"},"image":{"@id":"https:\/\/bahiaeconomica.com.br\/wp\/#\/schema\/logo\/image\/"},"sameAs":["https:\/\/www.facebook.com\/bahiaeconomica"]},{"@type":"Person","@id":"https:\/\/bahiaeconomica.com.br\/wp\/#\/schema\/person\/cb1ab5ba96ad3d9390805381c76284ec","name":"admin","url":"https:\/\/bahiaeconomica.com.br\/wp\/author\/admin\/"}]}},"views":1,"_links":{"self":[{"href":"https:\/\/bahiaeconomica.com.br\/wp\/wp-json\/wp\/v2\/posts\/600591"}],"collection":[{"href":"https:\/\/bahiaeconomica.com.br\/wp\/wp-json\/wp\/v2\/posts"}],"about":[{"href":"https:\/\/bahiaeconomica.com.br\/wp\/wp-json\/wp\/v2\/types\/post"}],"author":[{"embeddable":true,"href":"https:\/\/bahiaeconomica.com.br\/wp\/wp-json\/wp\/v2\/users\/1"}],"replies":[{"embeddable":true,"href":"https:\/\/bahiaeconomica.com.br\/wp\/wp-json\/wp\/v2\/comments?post=600591"}],"version-history":[{"count":1,"href":"https:\/\/bahiaeconomica.com.br\/wp\/wp-json\/wp\/v2\/posts\/600591\/revisions"}],"predecessor-version":[{"id":600593,"href":"https:\/\/bahiaeconomica.com.br\/wp\/wp-json\/wp\/v2\/posts\/600591\/revisions\/600593"}],"wp:featuredmedia":[{"embeddable":true,"href":"https:\/\/bahiaeconomica.com.br\/wp\/wp-json\/wp\/v2\/media\/564504"}],"wp:attachment":[{"href":"https:\/\/bahiaeconomica.com.br\/wp\/wp-json\/wp\/v2\/media?parent=600591"}],"wp:term":[{"taxonomy":"category","embeddable":true,"href":"https:\/\/bahiaeconomica.com.br\/wp\/wp-json\/wp\/v2\/categories?post=600591"},{"taxonomy":"post_tag","embeddable":true,"href":"https:\/\/bahiaeconomica.com.br\/wp\/wp-json\/wp\/v2\/tags?post=600591"}],"curies":[{"name":"wp","href":"https:\/\/api.w.org\/{rel}","templated":true}]}}