{"id":598492,"date":"2021-09-03T14:50:20","date_gmt":"2021-09-03T17:50:20","guid":{"rendered":"https:\/\/bahiaeconomica.com.br\/wp\/beta\/?p=598492"},"modified":"2021-09-03T13:04:44","modified_gmt":"2021-09-03T16:04:44","slug":"empresas-brasileiras-planejam-expansao-fora-do-pais-nos-proximos-anos","status":"publish","type":"post","link":"https:\/\/bahiaeconomica.com.br\/wp\/2021\/09\/03\/empresas-brasileiras-planejam-expansao-fora-do-pais-nos-proximos-anos\/","title":{"rendered":"EMPRESAS BRASILEIRAS PLANEJAM EXPANS\u00c3O FORA DO PA\u00cdS NOS PR\u00d3XIMOS ANOS"},"content":{"rendered":"<p>Os planos de expans\u00e3o de neg\u00f3cios das empresas brasileiras que j\u00e1 atuam fora do pa\u00eds ou mesmo daquelas que se preparam para iniciar a sua internacionaliza\u00e7\u00e3o <!--more-->n\u00e3o foram afetados pela pandemia da Covid-19, de acordo com a pesquisa Trajet\u00f3rias de Internacionaliza\u00e7\u00e3o das Empresas Brasileiras 2021, realizada pela Funda\u00e7\u00e3o Dom Cabral (FDC). Segundo o estudo, 78% das empresas planejam expans\u00e3o ou grande expans\u00e3o nos pa\u00edses onde j\u00e1 atuam e 71% planejam entrar em novos mercados nos pr\u00f3ximos anos.<\/p>\n<p>Quando questionadas sobre a influ\u00eancia da pandemia em suas estrat\u00e9gias de internacionaliza\u00e7\u00e3o, 70% alegaram que n\u00e3o foram afetadas ou foram pouco afetadas pelo contexto da Covid-19. Para 57% das empresas, os resultados internacionais melhoraram no atual contexto e para 64% das empresas os resultados dom\u00e9sticos melhoraram no atual contexto.<\/p>\n<p>&#8220;Em 15 anos da pesquisa, a cada edi\u00e7\u00e3o, temos acompanhado o crescimento no grau de internacionaliza\u00e7\u00e3o das empresas brasileiras. Isso indica maturidade na escolha de caminhos estrat\u00e9gicos de longo prazo e maior capacita\u00e7\u00e3o dos times para a conquista de novos mercados&#8221;, explica a coordenadora do estudo, professora e pesquisadora do N\u00facleo de Estrat\u00e9gia e Neg\u00f3cios Internacionais da FDC, L\u00edvia Barakat.<\/p>\n<p>O estudo foi realizado no per\u00edodo de 2020\/2021 com 154 empresas. Entre as participantes, 49% responderam que iniciaram opera\u00e7\u00f5es do exterior, enquanto apenas 15% interromperam este processo em algum pa\u00eds. Os principais mercados onde as empresas brasileiras expandiram sua atua\u00e7\u00e3o foram Estados Unidos, Argentina, Portugal, Uruguai, Col\u00f4mbia, China e M\u00e9xico.<\/p>\n<p>Formas de atua\u00e7\u00e3o no exterior<\/p>\n<p>O principal modo de entrada pretendido pelas empresas brasileiras para novas expans\u00f5es \u00e9 por meio da abertura de um escrit\u00f3rio comercial (37,1%) e exporta\u00e7\u00f5es (28,9%). O fato aponta para o fortalecimento do com\u00e9rcio exterior contra a internacionaliza\u00e7\u00e3o de opera\u00e7\u00f5es via greenfield, quando se inicia a opera\u00e7\u00e3o do zero, ou aquisi\u00e7\u00e3o de planta produtiva j\u00e1 existente (10,3%).<\/p>\n<p>&#8220;Mesmo com a taxa do c\u00e2mbio do d\u00f3lar mais alta, tornando mais caros os investimentos no exterior, as empresas est\u00e3o planejando conquistar novos mercados. Al\u00e9m disso, essa desvaloriza\u00e7\u00e3o da nossa moeda favorece as exporta\u00e7\u00f5es. Por isso temos uma boa oportunidade de aproveitar estas exporta\u00e7\u00f5es para criar bases e estabelecer bons relacionamentos comerciais&#8221;, aponta a pesquisadora.<\/p>\n<p>E a pesquisadora destaca ainda que a transforma\u00e7\u00e3o digital pode contribuir para este processo. &#8220;\u00c9 poss\u00edvel ter novas formas de expor seu produto ou servi\u00e7o com o fortalecimento do e-commerce e do home-office. Nem sempre \u00e9 preciso ter uma presen\u00e7a f\u00edsica fora do Brasil. A empresa pode atuar com o apoio de parceiros comerciais, ou mesmo com apoio de consulados, ag\u00eancias empresariais e da Apex, que \u00e9 a Ag\u00eancia Brasileira de Promo\u00e7\u00e3o de Exporta\u00e7\u00f5es e Investimentos&#8221;.<\/p>\n<p>&nbsp;<\/p>\n","protected":false},"excerpt":{"rendered":"<p>Os planos de expans\u00e3o de neg\u00f3cios das empresas brasileiras que j\u00e1 atuam fora do pa\u00eds ou mesmo daquelas que se preparam para iniciar a sua internacionaliza\u00e7\u00e3o<\/p>\n","protected":false},"author":1,"featured_media":522725,"comment_status":"closed","ping_status":"closed","sticky":false,"template":"","format":"standard","meta":[],"categories":[3],"tags":[],"acf":[],"yoast_head":"<!-- This site is optimized with the Yoast SEO plugin v20.8 - https:\/\/yoast.com\/wordpress\/plugins\/seo\/ -->\n<title>EMPRESAS BRASILEIRAS PLANEJAM EXPANS\u00c3O FORA DO PA\u00cdS NOS PR\u00d3XIMOS ANOS - Bahia Economica<\/title>\n<meta name=\"description\" content=\"O maior portal de Economia da Bahia ECONOMIA \/ POL\u00cdTICA Bahia Economica\" \/>\n<meta name=\"robots\" content=\"index, follow, max-snippet:-1, max-image-preview:large, max-video-preview:-1\" \/>\n<link rel=\"canonical\" href=\"https:\/\/bahiaeconomica.com.br\/wp\/2021\/09\/03\/empresas-brasileiras-planejam-expansao-fora-do-pais-nos-proximos-anos\/\" \/>\n<meta property=\"og:locale\" content=\"pt_BR\" \/>\n<meta property=\"og:type\" content=\"article\" \/>\n<meta property=\"og:title\" content=\"EMPRESAS BRASILEIRAS PLANEJAM EXPANS\u00c3O FORA DO PA\u00cdS NOS PR\u00d3XIMOS ANOS - Bahia Economica\" \/>\n<meta property=\"og:description\" content=\"O maior portal de Economia da Bahia ECONOMIA \/ POL\u00cdTICA Bahia Economica\" \/>\n<meta property=\"og:url\" content=\"https:\/\/bahiaeconomica.com.br\/wp\/2021\/09\/03\/empresas-brasileiras-planejam-expansao-fora-do-pais-nos-proximos-anos\/\" \/>\n<meta property=\"og:site_name\" content=\"Bahia Economica\" \/>\n<meta property=\"article:publisher\" content=\"https:\/\/www.facebook.com\/bahiaeconomica\" \/>\n<meta property=\"article:published_time\" content=\"2021-09-03T17:50:20+00:00\" \/>\n<meta property=\"article:modified_time\" content=\"2021-09-03T16:04:44+00:00\" \/>\n<meta property=\"og:image\" content=\"https:\/\/bahiaeconomica.com.br\/wp\/wp-content\/uploads\/2020\/12\/acordo-empresa-foto-marketeer.co_.th_.jpg\" \/>\n\t<meta property=\"og:image:width\" content=\"500\" \/>\n\t<meta property=\"og:image:height\" content=\"300\" \/>\n\t<meta property=\"og:image:type\" content=\"image\/jpeg\" \/>\n<meta name=\"author\" content=\"admin\" \/>\n<meta name=\"twitter:card\" content=\"summary_large_image\" \/>\n<meta name=\"twitter:label1\" content=\"Escrito por\" \/>\n\t<meta name=\"twitter:data1\" content=\"admin\" \/>\n\t<meta name=\"twitter:label2\" content=\"Est. tempo de leitura\" \/>\n\t<meta name=\"twitter:data2\" content=\"2 minutos\" \/>\n<script type=\"application\/ld+json\" class=\"yoast-schema-graph\">{\"@context\":\"https:\/\/schema.org\",\"@graph\":[{\"@type\":\"Article\",\"@id\":\"https:\/\/bahiaeconomica.com.br\/wp\/2021\/09\/03\/empresas-brasileiras-planejam-expansao-fora-do-pais-nos-proximos-anos\/#article\",\"isPartOf\":{\"@id\":\"https:\/\/bahiaeconomica.com.br\/wp\/2021\/09\/03\/empresas-brasileiras-planejam-expansao-fora-do-pais-nos-proximos-anos\/\"},\"author\":{\"name\":\"admin\",\"@id\":\"https:\/\/bahiaeconomica.com.br\/wp\/#\/schema\/person\/cb1ab5ba96ad3d9390805381c76284ec\"},\"headline\":\"EMPRESAS BRASILEIRAS PLANEJAM EXPANS\u00c3O FORA DO PA\u00cdS NOS PR\u00d3XIMOS ANOS\",\"datePublished\":\"2021-09-03T17:50:20+00:00\",\"dateModified\":\"2021-09-03T16:04:44+00:00\",\"mainEntityOfPage\":{\"@id\":\"https:\/\/bahiaeconomica.com.br\/wp\/2021\/09\/03\/empresas-brasileiras-planejam-expansao-fora-do-pais-nos-proximos-anos\/\"},\"wordCount\":480,\"publisher\":{\"@id\":\"https:\/\/bahiaeconomica.com.br\/wp\/#organization\"},\"articleSection\":[\"ECONOMIA \/ POL\u00cdTICA\"],\"inLanguage\":\"pt-BR\"},{\"@type\":\"WebPage\",\"@id\":\"https:\/\/bahiaeconomica.com.br\/wp\/2021\/09\/03\/empresas-brasileiras-planejam-expansao-fora-do-pais-nos-proximos-anos\/\",\"url\":\"https:\/\/bahiaeconomica.com.br\/wp\/2021\/09\/03\/empresas-brasileiras-planejam-expansao-fora-do-pais-nos-proximos-anos\/\",\"name\":\"EMPRESAS BRASILEIRAS PLANEJAM EXPANS\u00c3O FORA DO PA\u00cdS NOS PR\u00d3XIMOS ANOS - Bahia Economica\",\"isPartOf\":{\"@id\":\"https:\/\/bahiaeconomica.com.br\/wp\/#website\"},\"datePublished\":\"2021-09-03T17:50:20+00:00\",\"dateModified\":\"2021-09-03T16:04:44+00:00\",\"description\":\"O maior portal de Economia da Bahia ECONOMIA \/ POL\u00cdTICA Bahia Economica\",\"breadcrumb\":{\"@id\":\"https:\/\/bahiaeconomica.com.br\/wp\/2021\/09\/03\/empresas-brasileiras-planejam-expansao-fora-do-pais-nos-proximos-anos\/#breadcrumb\"},\"inLanguage\":\"pt-BR\",\"potentialAction\":[{\"@type\":\"ReadAction\",\"target\":[\"https:\/\/bahiaeconomica.com.br\/wp\/2021\/09\/03\/empresas-brasileiras-planejam-expansao-fora-do-pais-nos-proximos-anos\/\"]}]},{\"@type\":\"BreadcrumbList\",\"@id\":\"https:\/\/bahiaeconomica.com.br\/wp\/2021\/09\/03\/empresas-brasileiras-planejam-expansao-fora-do-pais-nos-proximos-anos\/#breadcrumb\",\"itemListElement\":[{\"@type\":\"ListItem\",\"position\":1,\"name\":\"In\u00edcio\",\"item\":\"https:\/\/bahiaeconomica.com.br\/wp\/\"},{\"@type\":\"ListItem\",\"position\":2,\"name\":\"EMPRESAS BRASILEIRAS PLANEJAM EXPANS\u00c3O FORA DO PA\u00cdS NOS PR\u00d3XIMOS ANOS\"}]},{\"@type\":\"WebSite\",\"@id\":\"https:\/\/bahiaeconomica.com.br\/wp\/#website\",\"url\":\"https:\/\/bahiaeconomica.com.br\/wp\/\",\"name\":\"Bahia Economica\",\"description\":\"O maior portal de Economia da Bahia\",\"publisher\":{\"@id\":\"https:\/\/bahiaeconomica.com.br\/wp\/#organization\"},\"potentialAction\":[{\"@type\":\"SearchAction\",\"target\":{\"@type\":\"EntryPoint\",\"urlTemplate\":\"https:\/\/bahiaeconomica.com.br\/wp\/?s={search_term_string}\"},\"query-input\":\"required name=search_term_string\"}],\"inLanguage\":\"pt-BR\"},{\"@type\":\"Organization\",\"@id\":\"https:\/\/bahiaeconomica.com.br\/wp\/#organization\",\"name\":\"Bahia Econ\u00f4mica\",\"url\":\"https:\/\/bahiaeconomica.com.br\/wp\/\",\"logo\":{\"@type\":\"ImageObject\",\"inLanguage\":\"pt-BR\",\"@id\":\"https:\/\/bahiaeconomica.com.br\/wp\/#\/schema\/logo\/image\/\",\"url\":\"https:\/\/bahiaeconomica.com.br\/wp\/wp-content\/uploads\/2020\/12\/cropped-BE.png\",\"contentUrl\":\"https:\/\/bahiaeconomica.com.br\/wp\/wp-content\/uploads\/2020\/12\/cropped-BE.png\",\"width\":512,\"height\":512,\"caption\":\"Bahia Econ\u00f4mica\"},\"image\":{\"@id\":\"https:\/\/bahiaeconomica.com.br\/wp\/#\/schema\/logo\/image\/\"},\"sameAs\":[\"https:\/\/www.facebook.com\/bahiaeconomica\"]},{\"@type\":\"Person\",\"@id\":\"https:\/\/bahiaeconomica.com.br\/wp\/#\/schema\/person\/cb1ab5ba96ad3d9390805381c76284ec\",\"name\":\"admin\",\"url\":\"https:\/\/bahiaeconomica.com.br\/wp\/author\/admin\/\"}]}<\/script>\n<!-- \/ Yoast SEO plugin. -->","yoast_head_json":{"title":"EMPRESAS BRASILEIRAS PLANEJAM EXPANS\u00c3O FORA DO PA\u00cdS NOS PR\u00d3XIMOS ANOS - Bahia Economica","description":"O maior portal de Economia da Bahia ECONOMIA \/ POL\u00cdTICA Bahia Economica","robots":{"index":"index","follow":"follow","max-snippet":"max-snippet:-1","max-image-preview":"max-image-preview:large","max-video-preview":"max-video-preview:-1"},"canonical":"https:\/\/bahiaeconomica.com.br\/wp\/2021\/09\/03\/empresas-brasileiras-planejam-expansao-fora-do-pais-nos-proximos-anos\/","og_locale":"pt_BR","og_type":"article","og_title":"EMPRESAS BRASILEIRAS PLANEJAM EXPANS\u00c3O FORA DO PA\u00cdS NOS PR\u00d3XIMOS ANOS - Bahia Economica","og_description":"O maior portal de Economia da Bahia ECONOMIA \/ POL\u00cdTICA Bahia Economica","og_url":"https:\/\/bahiaeconomica.com.br\/wp\/2021\/09\/03\/empresas-brasileiras-planejam-expansao-fora-do-pais-nos-proximos-anos\/","og_site_name":"Bahia Economica","article_publisher":"https:\/\/www.facebook.com\/bahiaeconomica","article_published_time":"2021-09-03T17:50:20+00:00","article_modified_time":"2021-09-03T16:04:44+00:00","og_image":[{"width":500,"height":300,"url":"https:\/\/bahiaeconomica.com.br\/wp\/wp-content\/uploads\/2020\/12\/acordo-empresa-foto-marketeer.co_.th_.jpg","type":"image\/jpeg"}],"author":"admin","twitter_card":"summary_large_image","twitter_misc":{"Escrito por":"admin","Est. tempo de leitura":"2 minutos"},"schema":{"@context":"https:\/\/schema.org","@graph":[{"@type":"Article","@id":"https:\/\/bahiaeconomica.com.br\/wp\/2021\/09\/03\/empresas-brasileiras-planejam-expansao-fora-do-pais-nos-proximos-anos\/#article","isPartOf":{"@id":"https:\/\/bahiaeconomica.com.br\/wp\/2021\/09\/03\/empresas-brasileiras-planejam-expansao-fora-do-pais-nos-proximos-anos\/"},"author":{"name":"admin","@id":"https:\/\/bahiaeconomica.com.br\/wp\/#\/schema\/person\/cb1ab5ba96ad3d9390805381c76284ec"},"headline":"EMPRESAS BRASILEIRAS PLANEJAM EXPANS\u00c3O FORA DO PA\u00cdS NOS PR\u00d3XIMOS ANOS","datePublished":"2021-09-03T17:50:20+00:00","dateModified":"2021-09-03T16:04:44+00:00","mainEntityOfPage":{"@id":"https:\/\/bahiaeconomica.com.br\/wp\/2021\/09\/03\/empresas-brasileiras-planejam-expansao-fora-do-pais-nos-proximos-anos\/"},"wordCount":480,"publisher":{"@id":"https:\/\/bahiaeconomica.com.br\/wp\/#organization"},"articleSection":["ECONOMIA \/ POL\u00cdTICA"],"inLanguage":"pt-BR"},{"@type":"WebPage","@id":"https:\/\/bahiaeconomica.com.br\/wp\/2021\/09\/03\/empresas-brasileiras-planejam-expansao-fora-do-pais-nos-proximos-anos\/","url":"https:\/\/bahiaeconomica.com.br\/wp\/2021\/09\/03\/empresas-brasileiras-planejam-expansao-fora-do-pais-nos-proximos-anos\/","name":"EMPRESAS BRASILEIRAS PLANEJAM EXPANS\u00c3O FORA DO PA\u00cdS NOS PR\u00d3XIMOS ANOS - Bahia Economica","isPartOf":{"@id":"https:\/\/bahiaeconomica.com.br\/wp\/#website"},"datePublished":"2021-09-03T17:50:20+00:00","dateModified":"2021-09-03T16:04:44+00:00","description":"O maior portal de Economia da Bahia ECONOMIA \/ POL\u00cdTICA Bahia Economica","breadcrumb":{"@id":"https:\/\/bahiaeconomica.com.br\/wp\/2021\/09\/03\/empresas-brasileiras-planejam-expansao-fora-do-pais-nos-proximos-anos\/#breadcrumb"},"inLanguage":"pt-BR","potentialAction":[{"@type":"ReadAction","target":["https:\/\/bahiaeconomica.com.br\/wp\/2021\/09\/03\/empresas-brasileiras-planejam-expansao-fora-do-pais-nos-proximos-anos\/"]}]},{"@type":"BreadcrumbList","@id":"https:\/\/bahiaeconomica.com.br\/wp\/2021\/09\/03\/empresas-brasileiras-planejam-expansao-fora-do-pais-nos-proximos-anos\/#breadcrumb","itemListElement":[{"@type":"ListItem","position":1,"name":"In\u00edcio","item":"https:\/\/bahiaeconomica.com.br\/wp\/"},{"@type":"ListItem","position":2,"name":"EMPRESAS BRASILEIRAS PLANEJAM EXPANS\u00c3O FORA DO PA\u00cdS NOS PR\u00d3XIMOS ANOS"}]},{"@type":"WebSite","@id":"https:\/\/bahiaeconomica.com.br\/wp\/#website","url":"https:\/\/bahiaeconomica.com.br\/wp\/","name":"Bahia Economica","description":"O maior portal de Economia da Bahia","publisher":{"@id":"https:\/\/bahiaeconomica.com.br\/wp\/#organization"},"potentialAction":[{"@type":"SearchAction","target":{"@type":"EntryPoint","urlTemplate":"https:\/\/bahiaeconomica.com.br\/wp\/?s={search_term_string}"},"query-input":"required name=search_term_string"}],"inLanguage":"pt-BR"},{"@type":"Organization","@id":"https:\/\/bahiaeconomica.com.br\/wp\/#organization","name":"Bahia Econ\u00f4mica","url":"https:\/\/bahiaeconomica.com.br\/wp\/","logo":{"@type":"ImageObject","inLanguage":"pt-BR","@id":"https:\/\/bahiaeconomica.com.br\/wp\/#\/schema\/logo\/image\/","url":"https:\/\/bahiaeconomica.com.br\/wp\/wp-content\/uploads\/2020\/12\/cropped-BE.png","contentUrl":"https:\/\/bahiaeconomica.com.br\/wp\/wp-content\/uploads\/2020\/12\/cropped-BE.png","width":512,"height":512,"caption":"Bahia Econ\u00f4mica"},"image":{"@id":"https:\/\/bahiaeconomica.com.br\/wp\/#\/schema\/logo\/image\/"},"sameAs":["https:\/\/www.facebook.com\/bahiaeconomica"]},{"@type":"Person","@id":"https:\/\/bahiaeconomica.com.br\/wp\/#\/schema\/person\/cb1ab5ba96ad3d9390805381c76284ec","name":"admin","url":"https:\/\/bahiaeconomica.com.br\/wp\/author\/admin\/"}]}},"views":1,"_links":{"self":[{"href":"https:\/\/bahiaeconomica.com.br\/wp\/wp-json\/wp\/v2\/posts\/598492"}],"collection":[{"href":"https:\/\/bahiaeconomica.com.br\/wp\/wp-json\/wp\/v2\/posts"}],"about":[{"href":"https:\/\/bahiaeconomica.com.br\/wp\/wp-json\/wp\/v2\/types\/post"}],"author":[{"embeddable":true,"href":"https:\/\/bahiaeconomica.com.br\/wp\/wp-json\/wp\/v2\/users\/1"}],"replies":[{"embeddable":true,"href":"https:\/\/bahiaeconomica.com.br\/wp\/wp-json\/wp\/v2\/comments?post=598492"}],"version-history":[{"count":1,"href":"https:\/\/bahiaeconomica.com.br\/wp\/wp-json\/wp\/v2\/posts\/598492\/revisions"}],"predecessor-version":[{"id":598494,"href":"https:\/\/bahiaeconomica.com.br\/wp\/wp-json\/wp\/v2\/posts\/598492\/revisions\/598494"}],"wp:featuredmedia":[{"embeddable":true,"href":"https:\/\/bahiaeconomica.com.br\/wp\/wp-json\/wp\/v2\/media\/522725"}],"wp:attachment":[{"href":"https:\/\/bahiaeconomica.com.br\/wp\/wp-json\/wp\/v2\/media?parent=598492"}],"wp:term":[{"taxonomy":"category","embeddable":true,"href":"https:\/\/bahiaeconomica.com.br\/wp\/wp-json\/wp\/v2\/categories?post=598492"},{"taxonomy":"post_tag","embeddable":true,"href":"https:\/\/bahiaeconomica.com.br\/wp\/wp-json\/wp\/v2\/tags?post=598492"}],"curies":[{"name":"wp","href":"https:\/\/api.w.org\/{rel}","templated":true}]}}