{"id":597731,"date":"2021-09-01T13:30:51","date_gmt":"2021-09-01T16:30:51","guid":{"rendered":"https:\/\/bahiaeconomica.com.br\/wp\/beta\/?p=597731"},"modified":"2021-09-01T13:51:17","modified_gmt":"2021-09-01T16:51:17","slug":"em-ilheus-rui-participa-da-inauguracao-de-ponte-do-complexo-porto-sul","status":"publish","type":"post","link":"https:\/\/bahiaeconomica.com.br\/wp\/2021\/09\/01\/em-ilheus-rui-participa-da-inauguracao-de-ponte-do-complexo-porto-sul\/","title":{"rendered":"EM ILH\u00c9US, RUI PARTICIPA DA INAUGURA\u00c7\u00c3O DE PONTE DO COMPLEXO PORTO SUL"},"content":{"rendered":"<p>Primeira obra conclu\u00edda entre as que antecedem a constru\u00e7\u00e3o do Porto Sul, a ponte sobre o Rio Almada, em Ilh\u00e9us, foi inaugurada nesta quarta-feira (1\u00b0), com a presen\u00e7a <!--more-->do governador Rui Costa. O conjunto das interven\u00e7\u00f5es iniciais est\u00e1 40% conclu\u00eddo. A ponte se junta a outras obras em andamento \u2013 13 quil\u00f4metros de vias, rotat\u00f3rias, desvios e trabalhos de sinaliza\u00e7\u00e3o, al\u00e9m de a\u00e7\u00f5es socioambientais. As obras est\u00e3o sendo realizadas pela Bamin, empresa que est\u00e1 \u00e0 frente do complexo de desenvolvimento que envolve a Mina Pedra de Ferro, o Porto Sul e o trecho 01 da Ferrovia de Integra\u00e7\u00e3o Oeste-Leste (Fiol), entre os munic\u00edpios de Ilh\u00e9us e Caetit\u00e9. A ponte sobre o Rio Almada conecta a BA-001 \u00e0 futura \u00e1rea industrial do Porto Sul.<\/p>\n<p>\u201cEsse \u00e9 um marco importante desse grande projeto de infraestrutura log\u00edstica e produtiva do estado da Bahia. \u00c9 um projeto que se iniciou no final da d\u00e9cada de 50, com um professor da Universidade Federal da Bahia chamado Vasco Neto, que fez o tra\u00e7ado dessa ferrovia, e outras pessoas, como o ex-governador Jaques Wagner, agregaram o conceito de fazer um porto aqui na regi\u00e3o sul, hoje viabilizado pela Bamin. Teremos a conclus\u00e3o em breve do trecho de ferrovia, mas o Estado da Bahia tem o compromisso e far\u00e1 a extens\u00e3o de Caetit\u00e9 at\u00e9 o oeste\u201d, disse Rui.<\/p>\n<p>A constru\u00e7\u00e3o da ponte sobre o Rio Almada foi executada com tecnologia cantitraveller, que permite o cravamento de estacas em \u00e1reas de rios com redu\u00e7\u00e3o de impacto ambiental. Ela \u00e9 formada por nove v\u00e3os com 26 metros e 234 metros de comprimento em pavimento r\u00edgido e seguro \u00e0 circula\u00e7\u00e3o de ve\u00edculos de grande porte. Na ocasi\u00e3o, o governador anunciou outros investimentos no sul da Bahia. &#8220;Hoje \u00e9 o primeiro passo de um projeto que ter\u00e1 grande impacto econ\u00f4mico n\u00e3o somente para Ilh\u00e9us e Itabuna, mas para todos os munic\u00edpios da regi\u00e3o. E n\u00f3s estamos aumentando esse investimento com a requalifica\u00e7\u00e3o completa da BA-001, de Nazar\u00e9 at\u00e9 Ilh\u00e9us, passando por Valen\u00e7a, Itacar\u00e9 e entrando no chamado litoral norte de Ilh\u00e9us, e do sistema norte de Ilh\u00e9us, onde faremos um sistema duplicado, com quatro pistas em v\u00e1rios trechos. Portanto, teremos uma infraestrutura nova para acessar o porto e para o desenvolvimento do turismo&#8221;, afirmou Rui.<\/p>\n<p>De acordo com o secret\u00e1rio estadual de Infraestrutura, Marcus Cavalcanti, a requalifica\u00e7\u00e3o da BA-001, no trecho de Valen\u00e7a a Itacar\u00e9, j\u00e1 foi iniciada. \u201cHoje o governador anunciou a licita\u00e7\u00e3o do trecho entre Itacar\u00e9 e Ilh\u00e9us e do trecho entre Nazar\u00e9 e Valen\u00e7a. Esses dois contratos v\u00e3o representar um investimento de mais R$ 100 milh\u00f5es, requalificando totalmente a BA-001, entre Ilh\u00e9us e a Ilha de Itaparica\u201d, explicou.<\/p>\n<p>Porto Sul<\/p>\n<p>Em parceria com o Governo do Estado, o Porto Sul vai receber investimentos da ordem de R$ 2,5 bilh\u00f5es e poder\u00e1 atracar navios de at\u00e9 220 mil toneladas. Juntos, os projetos da Mina Pedra de Ferro e do Porto Sul v\u00e3o gerar cerca de 55 mil empregos diretos e indiretos. \u201cO Porto Sul ser\u00e1 importante corredor log\u00edstico de exporta\u00e7\u00e3o para o Brasil, por onde ser\u00e3o transportadas milhares de toneladas de min\u00e9rios, produtos agr\u00edcolas e outros produtos. Um porto que vai gerar milhares de empregos, vai gerar riqueza e prosperidade para o povo da Bahia e do Brasil. N\u00f3s estamos tendo essa privil\u00e9gio devido \u00e0 parceria com os colaboradores da Bamin e com o Governo do Estado. Viva Ilh\u00e9us e viva o Porto Sul\u201d, destacou o presidente global da Bamin, Benedikt Sobotka.<\/p>\n<p>Foto: divulga\u00e7\u00e3o<\/p>\n","protected":false},"excerpt":{"rendered":"<p>Primeira obra conclu\u00edda entre as que antecedem a constru\u00e7\u00e3o do Porto Sul, a ponte sobre o Rio Almada, em Ilh\u00e9us, foi inaugurada nesta quarta-feira (1\u00b0), com a presen\u00e7a<\/p>\n","protected":false},"author":1,"featured_media":597733,"comment_status":"closed","ping_status":"closed","sticky":false,"template":"","format":"standard","meta":[],"categories":[3],"tags":[],"acf":[],"yoast_head":"<!-- This site is optimized with the Yoast SEO plugin v20.8 - https:\/\/yoast.com\/wordpress\/plugins\/seo\/ -->\n<title>EM ILH\u00c9US, RUI PARTICIPA DA INAUGURA\u00c7\u00c3O DE PONTE DO COMPLEXO PORTO SUL - Bahia Economica<\/title>\n<meta name=\"description\" content=\"O maior portal de Economia da Bahia ECONOMIA \/ POL\u00cdTICA Bahia Economica\" \/>\n<meta name=\"robots\" content=\"index, follow, max-snippet:-1, max-image-preview:large, max-video-preview:-1\" \/>\n<link rel=\"canonical\" href=\"https:\/\/bahiaeconomica.com.br\/wp\/2021\/09\/01\/em-ilheus-rui-participa-da-inauguracao-de-ponte-do-complexo-porto-sul\/\" \/>\n<meta property=\"og:locale\" content=\"pt_BR\" \/>\n<meta property=\"og:type\" content=\"article\" \/>\n<meta property=\"og:title\" content=\"EM ILH\u00c9US, RUI PARTICIPA DA INAUGURA\u00c7\u00c3O DE PONTE DO COMPLEXO PORTO SUL - Bahia Economica\" \/>\n<meta property=\"og:description\" content=\"O maior portal de Economia da Bahia ECONOMIA \/ POL\u00cdTICA Bahia Economica\" \/>\n<meta property=\"og:url\" content=\"https:\/\/bahiaeconomica.com.br\/wp\/2021\/09\/01\/em-ilheus-rui-participa-da-inauguracao-de-ponte-do-complexo-porto-sul\/\" \/>\n<meta property=\"og:site_name\" content=\"Bahia Economica\" \/>\n<meta property=\"article:publisher\" content=\"https:\/\/www.facebook.com\/bahiaeconomica\" \/>\n<meta property=\"article:published_time\" content=\"2021-09-01T16:30:51+00:00\" \/>\n<meta property=\"article:modified_time\" content=\"2021-09-01T16:51:17+00:00\" \/>\n<meta property=\"og:image\" content=\"https:\/\/bahiaeconomica.com.br\/wp\/wp-content\/uploads\/2021\/09\/9c052014-dad3-4972-b203-cde833351d2bruicosta770.jpg\" \/>\n\t<meta property=\"og:image:width\" content=\"770\" \/>\n\t<meta property=\"og:image:height\" content=\"474\" \/>\n\t<meta property=\"og:image:type\" content=\"image\/jpeg\" \/>\n<meta name=\"author\" content=\"admin\" \/>\n<meta name=\"twitter:card\" content=\"summary_large_image\" \/>\n<meta name=\"twitter:label1\" content=\"Escrito por\" \/>\n\t<meta name=\"twitter:data1\" content=\"admin\" \/>\n\t<meta name=\"twitter:label2\" content=\"Est. tempo de leitura\" \/>\n\t<meta name=\"twitter:data2\" content=\"3 minutos\" \/>\n<script type=\"application\/ld+json\" class=\"yoast-schema-graph\">{\"@context\":\"https:\/\/schema.org\",\"@graph\":[{\"@type\":\"Article\",\"@id\":\"https:\/\/bahiaeconomica.com.br\/wp\/2021\/09\/01\/em-ilheus-rui-participa-da-inauguracao-de-ponte-do-complexo-porto-sul\/#article\",\"isPartOf\":{\"@id\":\"https:\/\/bahiaeconomica.com.br\/wp\/2021\/09\/01\/em-ilheus-rui-participa-da-inauguracao-de-ponte-do-complexo-porto-sul\/\"},\"author\":{\"name\":\"admin\",\"@id\":\"https:\/\/bahiaeconomica.com.br\/wp\/#\/schema\/person\/cb1ab5ba96ad3d9390805381c76284ec\"},\"headline\":\"EM ILH\u00c9US, RUI PARTICIPA DA INAUGURA\u00c7\u00c3O DE PONTE DO COMPLEXO PORTO SUL\",\"datePublished\":\"2021-09-01T16:30:51+00:00\",\"dateModified\":\"2021-09-01T16:51:17+00:00\",\"mainEntityOfPage\":{\"@id\":\"https:\/\/bahiaeconomica.com.br\/wp\/2021\/09\/01\/em-ilheus-rui-participa-da-inauguracao-de-ponte-do-complexo-porto-sul\/\"},\"wordCount\":628,\"publisher\":{\"@id\":\"https:\/\/bahiaeconomica.com.br\/wp\/#organization\"},\"articleSection\":[\"ECONOMIA \/ POL\u00cdTICA\"],\"inLanguage\":\"pt-BR\"},{\"@type\":\"WebPage\",\"@id\":\"https:\/\/bahiaeconomica.com.br\/wp\/2021\/09\/01\/em-ilheus-rui-participa-da-inauguracao-de-ponte-do-complexo-porto-sul\/\",\"url\":\"https:\/\/bahiaeconomica.com.br\/wp\/2021\/09\/01\/em-ilheus-rui-participa-da-inauguracao-de-ponte-do-complexo-porto-sul\/\",\"name\":\"EM ILH\u00c9US, RUI PARTICIPA DA INAUGURA\u00c7\u00c3O DE PONTE DO COMPLEXO PORTO SUL - Bahia Economica\",\"isPartOf\":{\"@id\":\"https:\/\/bahiaeconomica.com.br\/wp\/#website\"},\"datePublished\":\"2021-09-01T16:30:51+00:00\",\"dateModified\":\"2021-09-01T16:51:17+00:00\",\"description\":\"O maior portal de Economia da Bahia ECONOMIA \/ POL\u00cdTICA Bahia Economica\",\"breadcrumb\":{\"@id\":\"https:\/\/bahiaeconomica.com.br\/wp\/2021\/09\/01\/em-ilheus-rui-participa-da-inauguracao-de-ponte-do-complexo-porto-sul\/#breadcrumb\"},\"inLanguage\":\"pt-BR\",\"potentialAction\":[{\"@type\":\"ReadAction\",\"target\":[\"https:\/\/bahiaeconomica.com.br\/wp\/2021\/09\/01\/em-ilheus-rui-participa-da-inauguracao-de-ponte-do-complexo-porto-sul\/\"]}]},{\"@type\":\"BreadcrumbList\",\"@id\":\"https:\/\/bahiaeconomica.com.br\/wp\/2021\/09\/01\/em-ilheus-rui-participa-da-inauguracao-de-ponte-do-complexo-porto-sul\/#breadcrumb\",\"itemListElement\":[{\"@type\":\"ListItem\",\"position\":1,\"name\":\"In\u00edcio\",\"item\":\"https:\/\/bahiaeconomica.com.br\/wp\/\"},{\"@type\":\"ListItem\",\"position\":2,\"name\":\"EM ILH\u00c9US, RUI PARTICIPA DA INAUGURA\u00c7\u00c3O DE PONTE DO COMPLEXO PORTO SUL\"}]},{\"@type\":\"WebSite\",\"@id\":\"https:\/\/bahiaeconomica.com.br\/wp\/#website\",\"url\":\"https:\/\/bahiaeconomica.com.br\/wp\/\",\"name\":\"Bahia Economica\",\"description\":\"O maior portal de Economia da Bahia\",\"publisher\":{\"@id\":\"https:\/\/bahiaeconomica.com.br\/wp\/#organization\"},\"potentialAction\":[{\"@type\":\"SearchAction\",\"target\":{\"@type\":\"EntryPoint\",\"urlTemplate\":\"https:\/\/bahiaeconomica.com.br\/wp\/?s={search_term_string}\"},\"query-input\":\"required name=search_term_string\"}],\"inLanguage\":\"pt-BR\"},{\"@type\":\"Organization\",\"@id\":\"https:\/\/bahiaeconomica.com.br\/wp\/#organization\",\"name\":\"Bahia Econ\u00f4mica\",\"url\":\"https:\/\/bahiaeconomica.com.br\/wp\/\",\"logo\":{\"@type\":\"ImageObject\",\"inLanguage\":\"pt-BR\",\"@id\":\"https:\/\/bahiaeconomica.com.br\/wp\/#\/schema\/logo\/image\/\",\"url\":\"https:\/\/bahiaeconomica.com.br\/wp\/wp-content\/uploads\/2020\/12\/cropped-BE.png\",\"contentUrl\":\"https:\/\/bahiaeconomica.com.br\/wp\/wp-content\/uploads\/2020\/12\/cropped-BE.png\",\"width\":512,\"height\":512,\"caption\":\"Bahia Econ\u00f4mica\"},\"image\":{\"@id\":\"https:\/\/bahiaeconomica.com.br\/wp\/#\/schema\/logo\/image\/\"},\"sameAs\":[\"https:\/\/www.facebook.com\/bahiaeconomica\"]},{\"@type\":\"Person\",\"@id\":\"https:\/\/bahiaeconomica.com.br\/wp\/#\/schema\/person\/cb1ab5ba96ad3d9390805381c76284ec\",\"name\":\"admin\",\"url\":\"https:\/\/bahiaeconomica.com.br\/wp\/author\/admin\/\"}]}<\/script>\n<!-- \/ Yoast SEO plugin. -->","yoast_head_json":{"title":"EM ILH\u00c9US, RUI PARTICIPA DA INAUGURA\u00c7\u00c3O DE PONTE DO COMPLEXO PORTO SUL - Bahia Economica","description":"O maior portal de Economia da Bahia ECONOMIA \/ POL\u00cdTICA Bahia Economica","robots":{"index":"index","follow":"follow","max-snippet":"max-snippet:-1","max-image-preview":"max-image-preview:large","max-video-preview":"max-video-preview:-1"},"canonical":"https:\/\/bahiaeconomica.com.br\/wp\/2021\/09\/01\/em-ilheus-rui-participa-da-inauguracao-de-ponte-do-complexo-porto-sul\/","og_locale":"pt_BR","og_type":"article","og_title":"EM ILH\u00c9US, RUI PARTICIPA DA INAUGURA\u00c7\u00c3O DE PONTE DO COMPLEXO PORTO SUL - Bahia Economica","og_description":"O maior portal de Economia da Bahia ECONOMIA \/ POL\u00cdTICA Bahia Economica","og_url":"https:\/\/bahiaeconomica.com.br\/wp\/2021\/09\/01\/em-ilheus-rui-participa-da-inauguracao-de-ponte-do-complexo-porto-sul\/","og_site_name":"Bahia Economica","article_publisher":"https:\/\/www.facebook.com\/bahiaeconomica","article_published_time":"2021-09-01T16:30:51+00:00","article_modified_time":"2021-09-01T16:51:17+00:00","og_image":[{"width":770,"height":474,"url":"https:\/\/bahiaeconomica.com.br\/wp\/wp-content\/uploads\/2021\/09\/9c052014-dad3-4972-b203-cde833351d2bruicosta770.jpg","type":"image\/jpeg"}],"author":"admin","twitter_card":"summary_large_image","twitter_misc":{"Escrito por":"admin","Est. tempo de leitura":"3 minutos"},"schema":{"@context":"https:\/\/schema.org","@graph":[{"@type":"Article","@id":"https:\/\/bahiaeconomica.com.br\/wp\/2021\/09\/01\/em-ilheus-rui-participa-da-inauguracao-de-ponte-do-complexo-porto-sul\/#article","isPartOf":{"@id":"https:\/\/bahiaeconomica.com.br\/wp\/2021\/09\/01\/em-ilheus-rui-participa-da-inauguracao-de-ponte-do-complexo-porto-sul\/"},"author":{"name":"admin","@id":"https:\/\/bahiaeconomica.com.br\/wp\/#\/schema\/person\/cb1ab5ba96ad3d9390805381c76284ec"},"headline":"EM ILH\u00c9US, RUI PARTICIPA DA INAUGURA\u00c7\u00c3O DE PONTE DO COMPLEXO PORTO SUL","datePublished":"2021-09-01T16:30:51+00:00","dateModified":"2021-09-01T16:51:17+00:00","mainEntityOfPage":{"@id":"https:\/\/bahiaeconomica.com.br\/wp\/2021\/09\/01\/em-ilheus-rui-participa-da-inauguracao-de-ponte-do-complexo-porto-sul\/"},"wordCount":628,"publisher":{"@id":"https:\/\/bahiaeconomica.com.br\/wp\/#organization"},"articleSection":["ECONOMIA \/ POL\u00cdTICA"],"inLanguage":"pt-BR"},{"@type":"WebPage","@id":"https:\/\/bahiaeconomica.com.br\/wp\/2021\/09\/01\/em-ilheus-rui-participa-da-inauguracao-de-ponte-do-complexo-porto-sul\/","url":"https:\/\/bahiaeconomica.com.br\/wp\/2021\/09\/01\/em-ilheus-rui-participa-da-inauguracao-de-ponte-do-complexo-porto-sul\/","name":"EM ILH\u00c9US, RUI PARTICIPA DA INAUGURA\u00c7\u00c3O DE PONTE DO COMPLEXO PORTO SUL - Bahia Economica","isPartOf":{"@id":"https:\/\/bahiaeconomica.com.br\/wp\/#website"},"datePublished":"2021-09-01T16:30:51+00:00","dateModified":"2021-09-01T16:51:17+00:00","description":"O maior portal de Economia da Bahia ECONOMIA \/ POL\u00cdTICA Bahia Economica","breadcrumb":{"@id":"https:\/\/bahiaeconomica.com.br\/wp\/2021\/09\/01\/em-ilheus-rui-participa-da-inauguracao-de-ponte-do-complexo-porto-sul\/#breadcrumb"},"inLanguage":"pt-BR","potentialAction":[{"@type":"ReadAction","target":["https:\/\/bahiaeconomica.com.br\/wp\/2021\/09\/01\/em-ilheus-rui-participa-da-inauguracao-de-ponte-do-complexo-porto-sul\/"]}]},{"@type":"BreadcrumbList","@id":"https:\/\/bahiaeconomica.com.br\/wp\/2021\/09\/01\/em-ilheus-rui-participa-da-inauguracao-de-ponte-do-complexo-porto-sul\/#breadcrumb","itemListElement":[{"@type":"ListItem","position":1,"name":"In\u00edcio","item":"https:\/\/bahiaeconomica.com.br\/wp\/"},{"@type":"ListItem","position":2,"name":"EM ILH\u00c9US, RUI PARTICIPA DA INAUGURA\u00c7\u00c3O DE PONTE DO COMPLEXO PORTO SUL"}]},{"@type":"WebSite","@id":"https:\/\/bahiaeconomica.com.br\/wp\/#website","url":"https:\/\/bahiaeconomica.com.br\/wp\/","name":"Bahia Economica","description":"O maior portal de Economia da Bahia","publisher":{"@id":"https:\/\/bahiaeconomica.com.br\/wp\/#organization"},"potentialAction":[{"@type":"SearchAction","target":{"@type":"EntryPoint","urlTemplate":"https:\/\/bahiaeconomica.com.br\/wp\/?s={search_term_string}"},"query-input":"required name=search_term_string"}],"inLanguage":"pt-BR"},{"@type":"Organization","@id":"https:\/\/bahiaeconomica.com.br\/wp\/#organization","name":"Bahia Econ\u00f4mica","url":"https:\/\/bahiaeconomica.com.br\/wp\/","logo":{"@type":"ImageObject","inLanguage":"pt-BR","@id":"https:\/\/bahiaeconomica.com.br\/wp\/#\/schema\/logo\/image\/","url":"https:\/\/bahiaeconomica.com.br\/wp\/wp-content\/uploads\/2020\/12\/cropped-BE.png","contentUrl":"https:\/\/bahiaeconomica.com.br\/wp\/wp-content\/uploads\/2020\/12\/cropped-BE.png","width":512,"height":512,"caption":"Bahia Econ\u00f4mica"},"image":{"@id":"https:\/\/bahiaeconomica.com.br\/wp\/#\/schema\/logo\/image\/"},"sameAs":["https:\/\/www.facebook.com\/bahiaeconomica"]},{"@type":"Person","@id":"https:\/\/bahiaeconomica.com.br\/wp\/#\/schema\/person\/cb1ab5ba96ad3d9390805381c76284ec","name":"admin","url":"https:\/\/bahiaeconomica.com.br\/wp\/author\/admin\/"}]}},"views":2,"_links":{"self":[{"href":"https:\/\/bahiaeconomica.com.br\/wp\/wp-json\/wp\/v2\/posts\/597731"}],"collection":[{"href":"https:\/\/bahiaeconomica.com.br\/wp\/wp-json\/wp\/v2\/posts"}],"about":[{"href":"https:\/\/bahiaeconomica.com.br\/wp\/wp-json\/wp\/v2\/types\/post"}],"author":[{"embeddable":true,"href":"https:\/\/bahiaeconomica.com.br\/wp\/wp-json\/wp\/v2\/users\/1"}],"replies":[{"embeddable":true,"href":"https:\/\/bahiaeconomica.com.br\/wp\/wp-json\/wp\/v2\/comments?post=597731"}],"version-history":[{"count":1,"href":"https:\/\/bahiaeconomica.com.br\/wp\/wp-json\/wp\/v2\/posts\/597731\/revisions"}],"predecessor-version":[{"id":597735,"href":"https:\/\/bahiaeconomica.com.br\/wp\/wp-json\/wp\/v2\/posts\/597731\/revisions\/597735"}],"wp:featuredmedia":[{"embeddable":true,"href":"https:\/\/bahiaeconomica.com.br\/wp\/wp-json\/wp\/v2\/media\/597733"}],"wp:attachment":[{"href":"https:\/\/bahiaeconomica.com.br\/wp\/wp-json\/wp\/v2\/media?parent=597731"}],"wp:term":[{"taxonomy":"category","embeddable":true,"href":"https:\/\/bahiaeconomica.com.br\/wp\/wp-json\/wp\/v2\/categories?post=597731"},{"taxonomy":"post_tag","embeddable":true,"href":"https:\/\/bahiaeconomica.com.br\/wp\/wp-json\/wp\/v2\/tags?post=597731"}],"curies":[{"name":"wp","href":"https:\/\/api.w.org\/{rel}","templated":true}]}}