{"id":595546,"date":"2021-08-24T16:03:53","date_gmt":"2021-08-24T19:03:53","guid":{"rendered":"https:\/\/bahiaeconomica.com.br\/wp\/beta\/?p=595546"},"modified":"2021-08-24T16:03:53","modified_gmt":"2021-08-24T19:03:53","slug":"municipios-baianos-criam-acao-para-fortalecer-a-imunizacao","status":"publish","type":"post","link":"https:\/\/bahiaeconomica.com.br\/wp\/2021\/08\/24\/municipios-baianos-criam-acao-para-fortalecer-a-imunizacao\/","title":{"rendered":"MUNIC\u00cdPIOS BAIANOS CRIAM A\u00c7\u00c3O PARA FORTALECER A IMUNIZA\u00c7\u00c3O"},"content":{"rendered":"<p>Para acelerar a estrat\u00e9gia de vacina\u00e7\u00e3o no estado, a Uni\u00e3o dos Munic\u00edpios da Bahia (UPB) e o Governo do Estado da Bahia, atrav\u00e9s da Secretaria Estadual da Sa\u00fade (Sesab),<!--more--> lan\u00e7aram uma campanha orientando a popula\u00e7\u00e3o e os gestores sobre a aplica\u00e7\u00e3o das doses da vacina contra o coronav\u00edrus. O objetivo \u00e9 acelerar a imuniza\u00e7\u00e3o para aumentar a cobertura vacinal do estado de forma a equalizar a faixa et\u00e1ria entre os munic\u00edpios.<\/p>\n<p>A campanha pretende estimular os gestores a realizar mutir\u00f5es de vacina\u00e7\u00e3o, estabelecer hor\u00e1rios estendidos, incluindo s\u00e1bados e domingos, para que todos os munic\u00edpios alcancem a faixa et\u00e1ria de vacina\u00e7\u00e3o para os 18 anos. J\u00e1 no caso das pessoas com segunda dose aprazadas, essas poder\u00e3o se vacinar em munic\u00edpios diferentes de onde aplicaram a primeira dose. Dessa forma o munic\u00edpio ser\u00e1 compensado na remessa seguinte da vacina.<\/p>\n<p>\u201c\u00c9 importante estimular, agora que estamos com uma oferta maior de doses. Os gestores precisam fazer a busca ativa dos faltosos da segunda dose e zerar os estoques de primeira dose convocando os mais jovens, que \u00e9 uma popula\u00e7\u00e3o muito ativa e nos dar\u00e1 um retorno importante para diminuir a circula\u00e7\u00e3o do v\u00edrus\u201d, ressaltou o presidente da UPB, Z\u00e9 Coc\u00e1.<\/p>\n<p>Mais de 100 munic\u00edpios baianos est\u00e3o vacinando pessoas com idade igual ou superior a 25 anos. Somente os que finalizaram a vacina\u00e7\u00e3o at\u00e9 os 18 anos podem come\u00e7ar a vacinar pessoas com comorbidades, defici\u00eancia permanente, gestantes e pu\u00e9rperas com 12 anos ou mais. \u201cEssa parceria com a Sesab nos ajuda a equalizar o processo da vacina\u00e7\u00e3o entre os munic\u00edpios. Com di\u00e1logo e trabalho conjunto vamos avan\u00e7ar na cobertura e reduzir a contamina\u00e7\u00e3o pelo v\u00edrus\u201d, esclareceu o vice-presidente da UPB e prefeito de Belo Campo Jos\u00e9 Henrique Tigre, o Quinho.<\/p>\n<p>Foto: Secom<\/p>\n","protected":false},"excerpt":{"rendered":"<p>Para acelerar a estrat\u00e9gia de vacina\u00e7\u00e3o no estado, a Uni\u00e3o dos Munic\u00edpios da Bahia (UPB) e o Governo do Estado da Bahia, atrav\u00e9s da Secretaria Estadual da Sa\u00fade (Sesab),<\/p>\n","protected":false},"author":1,"featured_media":592463,"comment_status":"closed","ping_status":"closed","sticky":false,"template":"","format":"standard","meta":[],"categories":[3],"tags":[],"acf":[],"yoast_head":"<!-- This site is optimized with the Yoast SEO plugin v20.8 - https:\/\/yoast.com\/wordpress\/plugins\/seo\/ -->\n<title>MUNIC\u00cdPIOS BAIANOS CRIAM A\u00c7\u00c3O PARA FORTALECER A IMUNIZA\u00c7\u00c3O - Bahia Economica<\/title>\n<meta name=\"description\" content=\"O maior portal de Economia da Bahia ECONOMIA \/ POL\u00cdTICA Bahia Economica\" \/>\n<meta name=\"robots\" content=\"index, follow, max-snippet:-1, max-image-preview:large, max-video-preview:-1\" \/>\n<link rel=\"canonical\" href=\"https:\/\/bahiaeconomica.com.br\/wp\/2021\/08\/24\/municipios-baianos-criam-acao-para-fortalecer-a-imunizacao\/\" \/>\n<meta property=\"og:locale\" content=\"pt_BR\" \/>\n<meta property=\"og:type\" content=\"article\" \/>\n<meta property=\"og:title\" content=\"MUNIC\u00cdPIOS BAIANOS CRIAM A\u00c7\u00c3O PARA FORTALECER A IMUNIZA\u00c7\u00c3O - Bahia Economica\" \/>\n<meta property=\"og:description\" content=\"O maior portal de Economia da Bahia ECONOMIA \/ POL\u00cdTICA Bahia Economica\" \/>\n<meta property=\"og:url\" content=\"https:\/\/bahiaeconomica.com.br\/wp\/2021\/08\/24\/municipios-baianos-criam-acao-para-fortalecer-a-imunizacao\/\" \/>\n<meta property=\"og:site_name\" content=\"Bahia Economica\" \/>\n<meta property=\"article:publisher\" content=\"https:\/\/www.facebook.com\/bahiaeconomica\" \/>\n<meta property=\"article:published_time\" content=\"2021-08-24T19:03:53+00:00\" \/>\n<meta property=\"og:image\" content=\"https:\/\/bahiaeconomica.com.br\/wp\/wp-content\/uploads\/2021\/08\/2021-02-17_Vacinacao_Covid_19_Fonte-Nova_Foto_Betto-Jr-5.jpg\" \/>\n\t<meta property=\"og:image:width\" content=\"500\" \/>\n\t<meta property=\"og:image:height\" content=\"300\" \/>\n\t<meta property=\"og:image:type\" content=\"image\/jpeg\" \/>\n<meta name=\"author\" content=\"admin\" \/>\n<meta name=\"twitter:card\" content=\"summary_large_image\" \/>\n<meta name=\"twitter:label1\" content=\"Escrito por\" \/>\n\t<meta name=\"twitter:data1\" content=\"admin\" \/>\n\t<meta name=\"twitter:label2\" content=\"Est. tempo de leitura\" \/>\n\t<meta name=\"twitter:data2\" content=\"2 minutos\" \/>\n<script type=\"application\/ld+json\" class=\"yoast-schema-graph\">{\"@context\":\"https:\/\/schema.org\",\"@graph\":[{\"@type\":\"Article\",\"@id\":\"https:\/\/bahiaeconomica.com.br\/wp\/2021\/08\/24\/municipios-baianos-criam-acao-para-fortalecer-a-imunizacao\/#article\",\"isPartOf\":{\"@id\":\"https:\/\/bahiaeconomica.com.br\/wp\/2021\/08\/24\/municipios-baianos-criam-acao-para-fortalecer-a-imunizacao\/\"},\"author\":{\"name\":\"admin\",\"@id\":\"https:\/\/bahiaeconomica.com.br\/wp\/#\/schema\/person\/cb1ab5ba96ad3d9390805381c76284ec\"},\"headline\":\"MUNIC\u00cdPIOS BAIANOS CRIAM A\u00c7\u00c3O PARA FORTALECER A IMUNIZA\u00c7\u00c3O\",\"datePublished\":\"2021-08-24T19:03:53+00:00\",\"dateModified\":\"2021-08-24T19:03:53+00:00\",\"mainEntityOfPage\":{\"@id\":\"https:\/\/bahiaeconomica.com.br\/wp\/2021\/08\/24\/municipios-baianos-criam-acao-para-fortalecer-a-imunizacao\/\"},\"wordCount\":329,\"publisher\":{\"@id\":\"https:\/\/bahiaeconomica.com.br\/wp\/#organization\"},\"articleSection\":[\"ECONOMIA \/ POL\u00cdTICA\"],\"inLanguage\":\"pt-BR\"},{\"@type\":\"WebPage\",\"@id\":\"https:\/\/bahiaeconomica.com.br\/wp\/2021\/08\/24\/municipios-baianos-criam-acao-para-fortalecer-a-imunizacao\/\",\"url\":\"https:\/\/bahiaeconomica.com.br\/wp\/2021\/08\/24\/municipios-baianos-criam-acao-para-fortalecer-a-imunizacao\/\",\"name\":\"MUNIC\u00cdPIOS BAIANOS CRIAM A\u00c7\u00c3O PARA FORTALECER A IMUNIZA\u00c7\u00c3O - Bahia Economica\",\"isPartOf\":{\"@id\":\"https:\/\/bahiaeconomica.com.br\/wp\/#website\"},\"datePublished\":\"2021-08-24T19:03:53+00:00\",\"dateModified\":\"2021-08-24T19:03:53+00:00\",\"description\":\"O maior portal de Economia da Bahia ECONOMIA \/ POL\u00cdTICA Bahia Economica\",\"breadcrumb\":{\"@id\":\"https:\/\/bahiaeconomica.com.br\/wp\/2021\/08\/24\/municipios-baianos-criam-acao-para-fortalecer-a-imunizacao\/#breadcrumb\"},\"inLanguage\":\"pt-BR\",\"potentialAction\":[{\"@type\":\"ReadAction\",\"target\":[\"https:\/\/bahiaeconomica.com.br\/wp\/2021\/08\/24\/municipios-baianos-criam-acao-para-fortalecer-a-imunizacao\/\"]}]},{\"@type\":\"BreadcrumbList\",\"@id\":\"https:\/\/bahiaeconomica.com.br\/wp\/2021\/08\/24\/municipios-baianos-criam-acao-para-fortalecer-a-imunizacao\/#breadcrumb\",\"itemListElement\":[{\"@type\":\"ListItem\",\"position\":1,\"name\":\"In\u00edcio\",\"item\":\"https:\/\/bahiaeconomica.com.br\/wp\/\"},{\"@type\":\"ListItem\",\"position\":2,\"name\":\"MUNIC\u00cdPIOS BAIANOS CRIAM A\u00c7\u00c3O PARA FORTALECER A IMUNIZA\u00c7\u00c3O\"}]},{\"@type\":\"WebSite\",\"@id\":\"https:\/\/bahiaeconomica.com.br\/wp\/#website\",\"url\":\"https:\/\/bahiaeconomica.com.br\/wp\/\",\"name\":\"Bahia Economica\",\"description\":\"O maior portal de Economia da Bahia\",\"publisher\":{\"@id\":\"https:\/\/bahiaeconomica.com.br\/wp\/#organization\"},\"potentialAction\":[{\"@type\":\"SearchAction\",\"target\":{\"@type\":\"EntryPoint\",\"urlTemplate\":\"https:\/\/bahiaeconomica.com.br\/wp\/?s={search_term_string}\"},\"query-input\":\"required name=search_term_string\"}],\"inLanguage\":\"pt-BR\"},{\"@type\":\"Organization\",\"@id\":\"https:\/\/bahiaeconomica.com.br\/wp\/#organization\",\"name\":\"Bahia Econ\u00f4mica\",\"url\":\"https:\/\/bahiaeconomica.com.br\/wp\/\",\"logo\":{\"@type\":\"ImageObject\",\"inLanguage\":\"pt-BR\",\"@id\":\"https:\/\/bahiaeconomica.com.br\/wp\/#\/schema\/logo\/image\/\",\"url\":\"https:\/\/bahiaeconomica.com.br\/wp\/wp-content\/uploads\/2020\/12\/cropped-BE.png\",\"contentUrl\":\"https:\/\/bahiaeconomica.com.br\/wp\/wp-content\/uploads\/2020\/12\/cropped-BE.png\",\"width\":512,\"height\":512,\"caption\":\"Bahia Econ\u00f4mica\"},\"image\":{\"@id\":\"https:\/\/bahiaeconomica.com.br\/wp\/#\/schema\/logo\/image\/\"},\"sameAs\":[\"https:\/\/www.facebook.com\/bahiaeconomica\"]},{\"@type\":\"Person\",\"@id\":\"https:\/\/bahiaeconomica.com.br\/wp\/#\/schema\/person\/cb1ab5ba96ad3d9390805381c76284ec\",\"name\":\"admin\",\"url\":\"https:\/\/bahiaeconomica.com.br\/wp\/author\/admin\/\"}]}<\/script>\n<!-- \/ Yoast SEO plugin. -->","yoast_head_json":{"title":"MUNIC\u00cdPIOS BAIANOS CRIAM A\u00c7\u00c3O PARA FORTALECER A IMUNIZA\u00c7\u00c3O - Bahia Economica","description":"O maior portal de Economia da Bahia ECONOMIA \/ POL\u00cdTICA Bahia Economica","robots":{"index":"index","follow":"follow","max-snippet":"max-snippet:-1","max-image-preview":"max-image-preview:large","max-video-preview":"max-video-preview:-1"},"canonical":"https:\/\/bahiaeconomica.com.br\/wp\/2021\/08\/24\/municipios-baianos-criam-acao-para-fortalecer-a-imunizacao\/","og_locale":"pt_BR","og_type":"article","og_title":"MUNIC\u00cdPIOS BAIANOS CRIAM A\u00c7\u00c3O PARA FORTALECER A IMUNIZA\u00c7\u00c3O - Bahia Economica","og_description":"O maior portal de Economia da Bahia ECONOMIA \/ POL\u00cdTICA Bahia Economica","og_url":"https:\/\/bahiaeconomica.com.br\/wp\/2021\/08\/24\/municipios-baianos-criam-acao-para-fortalecer-a-imunizacao\/","og_site_name":"Bahia Economica","article_publisher":"https:\/\/www.facebook.com\/bahiaeconomica","article_published_time":"2021-08-24T19:03:53+00:00","og_image":[{"width":500,"height":300,"url":"https:\/\/bahiaeconomica.com.br\/wp\/wp-content\/uploads\/2021\/08\/2021-02-17_Vacinacao_Covid_19_Fonte-Nova_Foto_Betto-Jr-5.jpg","type":"image\/jpeg"}],"author":"admin","twitter_card":"summary_large_image","twitter_misc":{"Escrito por":"admin","Est. tempo de leitura":"2 minutos"},"schema":{"@context":"https:\/\/schema.org","@graph":[{"@type":"Article","@id":"https:\/\/bahiaeconomica.com.br\/wp\/2021\/08\/24\/municipios-baianos-criam-acao-para-fortalecer-a-imunizacao\/#article","isPartOf":{"@id":"https:\/\/bahiaeconomica.com.br\/wp\/2021\/08\/24\/municipios-baianos-criam-acao-para-fortalecer-a-imunizacao\/"},"author":{"name":"admin","@id":"https:\/\/bahiaeconomica.com.br\/wp\/#\/schema\/person\/cb1ab5ba96ad3d9390805381c76284ec"},"headline":"MUNIC\u00cdPIOS BAIANOS CRIAM A\u00c7\u00c3O PARA FORTALECER A IMUNIZA\u00c7\u00c3O","datePublished":"2021-08-24T19:03:53+00:00","dateModified":"2021-08-24T19:03:53+00:00","mainEntityOfPage":{"@id":"https:\/\/bahiaeconomica.com.br\/wp\/2021\/08\/24\/municipios-baianos-criam-acao-para-fortalecer-a-imunizacao\/"},"wordCount":329,"publisher":{"@id":"https:\/\/bahiaeconomica.com.br\/wp\/#organization"},"articleSection":["ECONOMIA \/ POL\u00cdTICA"],"inLanguage":"pt-BR"},{"@type":"WebPage","@id":"https:\/\/bahiaeconomica.com.br\/wp\/2021\/08\/24\/municipios-baianos-criam-acao-para-fortalecer-a-imunizacao\/","url":"https:\/\/bahiaeconomica.com.br\/wp\/2021\/08\/24\/municipios-baianos-criam-acao-para-fortalecer-a-imunizacao\/","name":"MUNIC\u00cdPIOS BAIANOS CRIAM A\u00c7\u00c3O PARA FORTALECER A IMUNIZA\u00c7\u00c3O - Bahia Economica","isPartOf":{"@id":"https:\/\/bahiaeconomica.com.br\/wp\/#website"},"datePublished":"2021-08-24T19:03:53+00:00","dateModified":"2021-08-24T19:03:53+00:00","description":"O maior portal de Economia da Bahia ECONOMIA \/ POL\u00cdTICA Bahia Economica","breadcrumb":{"@id":"https:\/\/bahiaeconomica.com.br\/wp\/2021\/08\/24\/municipios-baianos-criam-acao-para-fortalecer-a-imunizacao\/#breadcrumb"},"inLanguage":"pt-BR","potentialAction":[{"@type":"ReadAction","target":["https:\/\/bahiaeconomica.com.br\/wp\/2021\/08\/24\/municipios-baianos-criam-acao-para-fortalecer-a-imunizacao\/"]}]},{"@type":"BreadcrumbList","@id":"https:\/\/bahiaeconomica.com.br\/wp\/2021\/08\/24\/municipios-baianos-criam-acao-para-fortalecer-a-imunizacao\/#breadcrumb","itemListElement":[{"@type":"ListItem","position":1,"name":"In\u00edcio","item":"https:\/\/bahiaeconomica.com.br\/wp\/"},{"@type":"ListItem","position":2,"name":"MUNIC\u00cdPIOS BAIANOS CRIAM A\u00c7\u00c3O PARA FORTALECER A IMUNIZA\u00c7\u00c3O"}]},{"@type":"WebSite","@id":"https:\/\/bahiaeconomica.com.br\/wp\/#website","url":"https:\/\/bahiaeconomica.com.br\/wp\/","name":"Bahia Economica","description":"O maior portal de Economia da Bahia","publisher":{"@id":"https:\/\/bahiaeconomica.com.br\/wp\/#organization"},"potentialAction":[{"@type":"SearchAction","target":{"@type":"EntryPoint","urlTemplate":"https:\/\/bahiaeconomica.com.br\/wp\/?s={search_term_string}"},"query-input":"required name=search_term_string"}],"inLanguage":"pt-BR"},{"@type":"Organization","@id":"https:\/\/bahiaeconomica.com.br\/wp\/#organization","name":"Bahia Econ\u00f4mica","url":"https:\/\/bahiaeconomica.com.br\/wp\/","logo":{"@type":"ImageObject","inLanguage":"pt-BR","@id":"https:\/\/bahiaeconomica.com.br\/wp\/#\/schema\/logo\/image\/","url":"https:\/\/bahiaeconomica.com.br\/wp\/wp-content\/uploads\/2020\/12\/cropped-BE.png","contentUrl":"https:\/\/bahiaeconomica.com.br\/wp\/wp-content\/uploads\/2020\/12\/cropped-BE.png","width":512,"height":512,"caption":"Bahia Econ\u00f4mica"},"image":{"@id":"https:\/\/bahiaeconomica.com.br\/wp\/#\/schema\/logo\/image\/"},"sameAs":["https:\/\/www.facebook.com\/bahiaeconomica"]},{"@type":"Person","@id":"https:\/\/bahiaeconomica.com.br\/wp\/#\/schema\/person\/cb1ab5ba96ad3d9390805381c76284ec","name":"admin","url":"https:\/\/bahiaeconomica.com.br\/wp\/author\/admin\/"}]}},"views":1,"_links":{"self":[{"href":"https:\/\/bahiaeconomica.com.br\/wp\/wp-json\/wp\/v2\/posts\/595546"}],"collection":[{"href":"https:\/\/bahiaeconomica.com.br\/wp\/wp-json\/wp\/v2\/posts"}],"about":[{"href":"https:\/\/bahiaeconomica.com.br\/wp\/wp-json\/wp\/v2\/types\/post"}],"author":[{"embeddable":true,"href":"https:\/\/bahiaeconomica.com.br\/wp\/wp-json\/wp\/v2\/users\/1"}],"replies":[{"embeddable":true,"href":"https:\/\/bahiaeconomica.com.br\/wp\/wp-json\/wp\/v2\/comments?post=595546"}],"version-history":[{"count":1,"href":"https:\/\/bahiaeconomica.com.br\/wp\/wp-json\/wp\/v2\/posts\/595546\/revisions"}],"predecessor-version":[{"id":595550,"href":"https:\/\/bahiaeconomica.com.br\/wp\/wp-json\/wp\/v2\/posts\/595546\/revisions\/595550"}],"wp:featuredmedia":[{"embeddable":true,"href":"https:\/\/bahiaeconomica.com.br\/wp\/wp-json\/wp\/v2\/media\/592463"}],"wp:attachment":[{"href":"https:\/\/bahiaeconomica.com.br\/wp\/wp-json\/wp\/v2\/media?parent=595546"}],"wp:term":[{"taxonomy":"category","embeddable":true,"href":"https:\/\/bahiaeconomica.com.br\/wp\/wp-json\/wp\/v2\/categories?post=595546"},{"taxonomy":"post_tag","embeddable":true,"href":"https:\/\/bahiaeconomica.com.br\/wp\/wp-json\/wp\/v2\/tags?post=595546"}],"curies":[{"name":"wp","href":"https:\/\/api.w.org\/{rel}","templated":true}]}}