{"id":595236,"date":"2021-08-23T15:50:19","date_gmt":"2021-08-23T18:50:19","guid":{"rendered":"https:\/\/bahiaeconomica.com.br\/wp\/beta\/?p=595236"},"modified":"2021-08-23T15:50:19","modified_gmt":"2021-08-23T18:50:19","slug":"3a-dose-da-pfizer-aumenta-protecao-em-ate-6-vezes","status":"publish","type":"post","link":"https:\/\/bahiaeconomica.com.br\/wp\/2021\/08\/23\/3a-dose-da-pfizer-aumenta-protecao-em-ate-6-vezes\/","title":{"rendered":"3\u00aa DOSE DA PFIZER AUMENTA PROTE\u00c7\u00c3O EM AT\u00c9 6 VEZES"},"content":{"rendered":"<p>Uma terceira dose da vacina contra covid da Pfizer aumentou significativamente a prote\u00e7\u00e3o contra casos graves e hospitaliza\u00e7\u00f5es entre idosos acima de <!--more-->60 anos em Israel, em compara\u00e7\u00e3o com aqueles que receberam duas aplica\u00e7\u00f5es. A descoberta foi anunciada no domingo, 22, pelo minist\u00e9rio da Sa\u00fade do pa\u00eds.<\/p>\n<p>Nas \u00faltimas semanas, o minist\u00e9rio da Sa\u00fade vem dizendo que a imunidade contra a covid diminuiu com o tempo entre quem j\u00e1 recebeu a vacina, tanto idosos quanto jovens. A maioria das pessoas vacinadas que ficaram gravemente doentes no pa\u00eds tinha mais de 60 anos e problemas de sa\u00fade subjacentes.<\/p>\n<p>Lutando contra um surto da variante Delta desde junho, Israel tem atualmente uma das maiores taxas de infec\u00e7\u00e3o per capita do mundo. Quase 1,5 milh\u00e3o de pessoas, dos 9,3 milh\u00f5es de habitantes do pa\u00eds, receberam uma terceira aplica\u00e7\u00e3o da vacina.<\/p>\n<p>No Brasil, o governo federal j\u00e1 sinalizou que deve aplicar a dose de refor\u00e7o, mas disse aguardar os resultados do estudo sobre a inje\u00e7\u00e3o extra conduzido pelo Minist\u00e9rio da Sa\u00fade, previstos para outubro, para definir a estrat\u00e9gia. A ado\u00e7\u00e3o dessa medida divide especialistas, mas o registro de infec\u00e7\u00f5es e mortes entre vacinados fez o debate ganhar for\u00e7a nas \u00faltimas semanas.<\/p>\n","protected":false},"excerpt":{"rendered":"<p>Uma terceira dose da vacina contra covid da Pfizer aumentou significativamente a prote\u00e7\u00e3o contra casos graves e hospitaliza\u00e7\u00f5es entre idosos acima de<\/p>\n","protected":false},"author":1,"featured_media":594064,"comment_status":"closed","ping_status":"closed","sticky":false,"template":"","format":"standard","meta":[],"categories":[14,3],"tags":[],"acf":[],"yoast_head":"<!-- This site is optimized with the Yoast SEO plugin v20.8 - https:\/\/yoast.com\/wordpress\/plugins\/seo\/ -->\n<title>3\u00aa DOSE DA PFIZER AUMENTA PROTE\u00c7\u00c3O EM AT\u00c9 6 VEZES - Bahia Economica<\/title>\n<meta name=\"description\" content=\"O maior portal de Economia da Bahia DESTAQUE DO DIA, ECONOMIA \/ POL\u00cdTICA Bahia Economica\" \/>\n<meta name=\"robots\" content=\"index, follow, max-snippet:-1, max-image-preview:large, max-video-preview:-1\" \/>\n<link rel=\"canonical\" href=\"https:\/\/bahiaeconomica.com.br\/wp\/2021\/08\/23\/3a-dose-da-pfizer-aumenta-protecao-em-ate-6-vezes\/\" \/>\n<meta property=\"og:locale\" content=\"pt_BR\" \/>\n<meta property=\"og:type\" content=\"article\" \/>\n<meta property=\"og:title\" content=\"3\u00aa DOSE DA PFIZER AUMENTA PROTE\u00c7\u00c3O EM AT\u00c9 6 VEZES - Bahia Economica\" \/>\n<meta property=\"og:description\" content=\"O maior portal de Economia da Bahia DESTAQUE DO DIA, ECONOMIA \/ POL\u00cdTICA Bahia Economica\" \/>\n<meta property=\"og:url\" content=\"https:\/\/bahiaeconomica.com.br\/wp\/2021\/08\/23\/3a-dose-da-pfizer-aumenta-protecao-em-ate-6-vezes\/\" \/>\n<meta property=\"og:site_name\" content=\"Bahia Economica\" \/>\n<meta property=\"article:publisher\" content=\"https:\/\/www.facebook.com\/bahiaeconomica\" \/>\n<meta property=\"article:published_time\" content=\"2021-08-23T18:50:19+00:00\" \/>\n<meta property=\"og:image\" content=\"https:\/\/bahiaeconomica.com.br\/wp\/wp-content\/uploads\/2021\/08\/israel-vacina.jpg\" \/>\n\t<meta property=\"og:image:width\" content=\"500\" \/>\n\t<meta property=\"og:image:height\" content=\"300\" \/>\n\t<meta property=\"og:image:type\" content=\"image\/jpeg\" \/>\n<meta name=\"author\" content=\"admin\" \/>\n<meta name=\"twitter:card\" content=\"summary_large_image\" \/>\n<meta name=\"twitter:label1\" content=\"Escrito por\" \/>\n\t<meta name=\"twitter:data1\" content=\"admin\" \/>\n\t<meta name=\"twitter:label2\" content=\"Est. tempo de leitura\" \/>\n\t<meta name=\"twitter:data2\" content=\"1 minuto\" \/>\n<script type=\"application\/ld+json\" class=\"yoast-schema-graph\">{\"@context\":\"https:\/\/schema.org\",\"@graph\":[{\"@type\":\"Article\",\"@id\":\"https:\/\/bahiaeconomica.com.br\/wp\/2021\/08\/23\/3a-dose-da-pfizer-aumenta-protecao-em-ate-6-vezes\/#article\",\"isPartOf\":{\"@id\":\"https:\/\/bahiaeconomica.com.br\/wp\/2021\/08\/23\/3a-dose-da-pfizer-aumenta-protecao-em-ate-6-vezes\/\"},\"author\":{\"name\":\"admin\",\"@id\":\"https:\/\/bahiaeconomica.com.br\/wp\/#\/schema\/person\/cb1ab5ba96ad3d9390805381c76284ec\"},\"headline\":\"3\u00aa DOSE DA PFIZER AUMENTA PROTE\u00c7\u00c3O EM AT\u00c9 6 VEZES\",\"datePublished\":\"2021-08-23T18:50:19+00:00\",\"dateModified\":\"2021-08-23T18:50:19+00:00\",\"mainEntityOfPage\":{\"@id\":\"https:\/\/bahiaeconomica.com.br\/wp\/2021\/08\/23\/3a-dose-da-pfizer-aumenta-protecao-em-ate-6-vezes\/\"},\"wordCount\":225,\"publisher\":{\"@id\":\"https:\/\/bahiaeconomica.com.br\/wp\/#organization\"},\"articleSection\":[\"DESTAQUE DO DIA\",\"ECONOMIA \/ POL\u00cdTICA\"],\"inLanguage\":\"pt-BR\"},{\"@type\":\"WebPage\",\"@id\":\"https:\/\/bahiaeconomica.com.br\/wp\/2021\/08\/23\/3a-dose-da-pfizer-aumenta-protecao-em-ate-6-vezes\/\",\"url\":\"https:\/\/bahiaeconomica.com.br\/wp\/2021\/08\/23\/3a-dose-da-pfizer-aumenta-protecao-em-ate-6-vezes\/\",\"name\":\"3\u00aa DOSE DA PFIZER AUMENTA PROTE\u00c7\u00c3O EM AT\u00c9 6 VEZES - Bahia Economica\",\"isPartOf\":{\"@id\":\"https:\/\/bahiaeconomica.com.br\/wp\/#website\"},\"datePublished\":\"2021-08-23T18:50:19+00:00\",\"dateModified\":\"2021-08-23T18:50:19+00:00\",\"description\":\"O maior portal de Economia da Bahia DESTAQUE DO DIA, ECONOMIA \/ POL\u00cdTICA Bahia Economica\",\"breadcrumb\":{\"@id\":\"https:\/\/bahiaeconomica.com.br\/wp\/2021\/08\/23\/3a-dose-da-pfizer-aumenta-protecao-em-ate-6-vezes\/#breadcrumb\"},\"inLanguage\":\"pt-BR\",\"potentialAction\":[{\"@type\":\"ReadAction\",\"target\":[\"https:\/\/bahiaeconomica.com.br\/wp\/2021\/08\/23\/3a-dose-da-pfizer-aumenta-protecao-em-ate-6-vezes\/\"]}]},{\"@type\":\"BreadcrumbList\",\"@id\":\"https:\/\/bahiaeconomica.com.br\/wp\/2021\/08\/23\/3a-dose-da-pfizer-aumenta-protecao-em-ate-6-vezes\/#breadcrumb\",\"itemListElement\":[{\"@type\":\"ListItem\",\"position\":1,\"name\":\"In\u00edcio\",\"item\":\"https:\/\/bahiaeconomica.com.br\/wp\/\"},{\"@type\":\"ListItem\",\"position\":2,\"name\":\"3\u00aa DOSE DA PFIZER AUMENTA PROTE\u00c7\u00c3O EM AT\u00c9 6 VEZES\"}]},{\"@type\":\"WebSite\",\"@id\":\"https:\/\/bahiaeconomica.com.br\/wp\/#website\",\"url\":\"https:\/\/bahiaeconomica.com.br\/wp\/\",\"name\":\"Bahia Economica\",\"description\":\"O maior portal de Economia da Bahia\",\"publisher\":{\"@id\":\"https:\/\/bahiaeconomica.com.br\/wp\/#organization\"},\"potentialAction\":[{\"@type\":\"SearchAction\",\"target\":{\"@type\":\"EntryPoint\",\"urlTemplate\":\"https:\/\/bahiaeconomica.com.br\/wp\/?s={search_term_string}\"},\"query-input\":\"required name=search_term_string\"}],\"inLanguage\":\"pt-BR\"},{\"@type\":\"Organization\",\"@id\":\"https:\/\/bahiaeconomica.com.br\/wp\/#organization\",\"name\":\"Bahia Econ\u00f4mica\",\"url\":\"https:\/\/bahiaeconomica.com.br\/wp\/\",\"logo\":{\"@type\":\"ImageObject\",\"inLanguage\":\"pt-BR\",\"@id\":\"https:\/\/bahiaeconomica.com.br\/wp\/#\/schema\/logo\/image\/\",\"url\":\"https:\/\/bahiaeconomica.com.br\/wp\/wp-content\/uploads\/2020\/12\/cropped-BE.png\",\"contentUrl\":\"https:\/\/bahiaeconomica.com.br\/wp\/wp-content\/uploads\/2020\/12\/cropped-BE.png\",\"width\":512,\"height\":512,\"caption\":\"Bahia Econ\u00f4mica\"},\"image\":{\"@id\":\"https:\/\/bahiaeconomica.com.br\/wp\/#\/schema\/logo\/image\/\"},\"sameAs\":[\"https:\/\/www.facebook.com\/bahiaeconomica\"]},{\"@type\":\"Person\",\"@id\":\"https:\/\/bahiaeconomica.com.br\/wp\/#\/schema\/person\/cb1ab5ba96ad3d9390805381c76284ec\",\"name\":\"admin\",\"url\":\"https:\/\/bahiaeconomica.com.br\/wp\/author\/admin\/\"}]}<\/script>\n<!-- \/ Yoast SEO plugin. -->","yoast_head_json":{"title":"3\u00aa DOSE DA PFIZER AUMENTA PROTE\u00c7\u00c3O EM AT\u00c9 6 VEZES - Bahia Economica","description":"O maior portal de Economia da Bahia DESTAQUE DO DIA, ECONOMIA \/ POL\u00cdTICA Bahia Economica","robots":{"index":"index","follow":"follow","max-snippet":"max-snippet:-1","max-image-preview":"max-image-preview:large","max-video-preview":"max-video-preview:-1"},"canonical":"https:\/\/bahiaeconomica.com.br\/wp\/2021\/08\/23\/3a-dose-da-pfizer-aumenta-protecao-em-ate-6-vezes\/","og_locale":"pt_BR","og_type":"article","og_title":"3\u00aa DOSE DA PFIZER AUMENTA PROTE\u00c7\u00c3O EM AT\u00c9 6 VEZES - Bahia Economica","og_description":"O maior portal de Economia da Bahia DESTAQUE DO DIA, ECONOMIA \/ POL\u00cdTICA Bahia Economica","og_url":"https:\/\/bahiaeconomica.com.br\/wp\/2021\/08\/23\/3a-dose-da-pfizer-aumenta-protecao-em-ate-6-vezes\/","og_site_name":"Bahia Economica","article_publisher":"https:\/\/www.facebook.com\/bahiaeconomica","article_published_time":"2021-08-23T18:50:19+00:00","og_image":[{"width":500,"height":300,"url":"https:\/\/bahiaeconomica.com.br\/wp\/wp-content\/uploads\/2021\/08\/israel-vacina.jpg","type":"image\/jpeg"}],"author":"admin","twitter_card":"summary_large_image","twitter_misc":{"Escrito por":"admin","Est. tempo de leitura":"1 minuto"},"schema":{"@context":"https:\/\/schema.org","@graph":[{"@type":"Article","@id":"https:\/\/bahiaeconomica.com.br\/wp\/2021\/08\/23\/3a-dose-da-pfizer-aumenta-protecao-em-ate-6-vezes\/#article","isPartOf":{"@id":"https:\/\/bahiaeconomica.com.br\/wp\/2021\/08\/23\/3a-dose-da-pfizer-aumenta-protecao-em-ate-6-vezes\/"},"author":{"name":"admin","@id":"https:\/\/bahiaeconomica.com.br\/wp\/#\/schema\/person\/cb1ab5ba96ad3d9390805381c76284ec"},"headline":"3\u00aa DOSE DA PFIZER AUMENTA PROTE\u00c7\u00c3O EM AT\u00c9 6 VEZES","datePublished":"2021-08-23T18:50:19+00:00","dateModified":"2021-08-23T18:50:19+00:00","mainEntityOfPage":{"@id":"https:\/\/bahiaeconomica.com.br\/wp\/2021\/08\/23\/3a-dose-da-pfizer-aumenta-protecao-em-ate-6-vezes\/"},"wordCount":225,"publisher":{"@id":"https:\/\/bahiaeconomica.com.br\/wp\/#organization"},"articleSection":["DESTAQUE DO DIA","ECONOMIA \/ POL\u00cdTICA"],"inLanguage":"pt-BR"},{"@type":"WebPage","@id":"https:\/\/bahiaeconomica.com.br\/wp\/2021\/08\/23\/3a-dose-da-pfizer-aumenta-protecao-em-ate-6-vezes\/","url":"https:\/\/bahiaeconomica.com.br\/wp\/2021\/08\/23\/3a-dose-da-pfizer-aumenta-protecao-em-ate-6-vezes\/","name":"3\u00aa DOSE DA PFIZER AUMENTA PROTE\u00c7\u00c3O EM AT\u00c9 6 VEZES - Bahia Economica","isPartOf":{"@id":"https:\/\/bahiaeconomica.com.br\/wp\/#website"},"datePublished":"2021-08-23T18:50:19+00:00","dateModified":"2021-08-23T18:50:19+00:00","description":"O maior portal de Economia da Bahia DESTAQUE DO DIA, ECONOMIA \/ POL\u00cdTICA Bahia Economica","breadcrumb":{"@id":"https:\/\/bahiaeconomica.com.br\/wp\/2021\/08\/23\/3a-dose-da-pfizer-aumenta-protecao-em-ate-6-vezes\/#breadcrumb"},"inLanguage":"pt-BR","potentialAction":[{"@type":"ReadAction","target":["https:\/\/bahiaeconomica.com.br\/wp\/2021\/08\/23\/3a-dose-da-pfizer-aumenta-protecao-em-ate-6-vezes\/"]}]},{"@type":"BreadcrumbList","@id":"https:\/\/bahiaeconomica.com.br\/wp\/2021\/08\/23\/3a-dose-da-pfizer-aumenta-protecao-em-ate-6-vezes\/#breadcrumb","itemListElement":[{"@type":"ListItem","position":1,"name":"In\u00edcio","item":"https:\/\/bahiaeconomica.com.br\/wp\/"},{"@type":"ListItem","position":2,"name":"3\u00aa DOSE DA PFIZER AUMENTA PROTE\u00c7\u00c3O EM AT\u00c9 6 VEZES"}]},{"@type":"WebSite","@id":"https:\/\/bahiaeconomica.com.br\/wp\/#website","url":"https:\/\/bahiaeconomica.com.br\/wp\/","name":"Bahia Economica","description":"O maior portal de Economia da Bahia","publisher":{"@id":"https:\/\/bahiaeconomica.com.br\/wp\/#organization"},"potentialAction":[{"@type":"SearchAction","target":{"@type":"EntryPoint","urlTemplate":"https:\/\/bahiaeconomica.com.br\/wp\/?s={search_term_string}"},"query-input":"required name=search_term_string"}],"inLanguage":"pt-BR"},{"@type":"Organization","@id":"https:\/\/bahiaeconomica.com.br\/wp\/#organization","name":"Bahia Econ\u00f4mica","url":"https:\/\/bahiaeconomica.com.br\/wp\/","logo":{"@type":"ImageObject","inLanguage":"pt-BR","@id":"https:\/\/bahiaeconomica.com.br\/wp\/#\/schema\/logo\/image\/","url":"https:\/\/bahiaeconomica.com.br\/wp\/wp-content\/uploads\/2020\/12\/cropped-BE.png","contentUrl":"https:\/\/bahiaeconomica.com.br\/wp\/wp-content\/uploads\/2020\/12\/cropped-BE.png","width":512,"height":512,"caption":"Bahia Econ\u00f4mica"},"image":{"@id":"https:\/\/bahiaeconomica.com.br\/wp\/#\/schema\/logo\/image\/"},"sameAs":["https:\/\/www.facebook.com\/bahiaeconomica"]},{"@type":"Person","@id":"https:\/\/bahiaeconomica.com.br\/wp\/#\/schema\/person\/cb1ab5ba96ad3d9390805381c76284ec","name":"admin","url":"https:\/\/bahiaeconomica.com.br\/wp\/author\/admin\/"}]}},"views":1,"_links":{"self":[{"href":"https:\/\/bahiaeconomica.com.br\/wp\/wp-json\/wp\/v2\/posts\/595236"}],"collection":[{"href":"https:\/\/bahiaeconomica.com.br\/wp\/wp-json\/wp\/v2\/posts"}],"about":[{"href":"https:\/\/bahiaeconomica.com.br\/wp\/wp-json\/wp\/v2\/types\/post"}],"author":[{"embeddable":true,"href":"https:\/\/bahiaeconomica.com.br\/wp\/wp-json\/wp\/v2\/users\/1"}],"replies":[{"embeddable":true,"href":"https:\/\/bahiaeconomica.com.br\/wp\/wp-json\/wp\/v2\/comments?post=595236"}],"version-history":[{"count":1,"href":"https:\/\/bahiaeconomica.com.br\/wp\/wp-json\/wp\/v2\/posts\/595236\/revisions"}],"predecessor-version":[{"id":595238,"href":"https:\/\/bahiaeconomica.com.br\/wp\/wp-json\/wp\/v2\/posts\/595236\/revisions\/595238"}],"wp:featuredmedia":[{"embeddable":true,"href":"https:\/\/bahiaeconomica.com.br\/wp\/wp-json\/wp\/v2\/media\/594064"}],"wp:attachment":[{"href":"https:\/\/bahiaeconomica.com.br\/wp\/wp-json\/wp\/v2\/media?parent=595236"}],"wp:term":[{"taxonomy":"category","embeddable":true,"href":"https:\/\/bahiaeconomica.com.br\/wp\/wp-json\/wp\/v2\/categories?post=595236"},{"taxonomy":"post_tag","embeddable":true,"href":"https:\/\/bahiaeconomica.com.br\/wp\/wp-json\/wp\/v2\/tags?post=595236"}],"curies":[{"name":"wp","href":"https:\/\/api.w.org\/{rel}","templated":true}]}}