{"id":590659,"date":"2021-08-07T07:11:14","date_gmt":"2021-08-07T10:11:14","guid":{"rendered":"https:\/\/bahiaeconomica.com.br\/wp\/beta\/?p=590659"},"modified":"2021-08-07T07:11:14","modified_gmt":"2021-08-07T10:11:14","slug":"covid-salvador-comeca-a-vacinar-hoje-7-pessoas-de-28-anos","status":"publish","type":"post","link":"https:\/\/bahiaeconomica.com.br\/wp\/2021\/08\/07\/covid-salvador-comeca-a-vacinar-hoje-7-pessoas-de-28-anos\/","title":{"rendered":"COVID: SALVADOR COME\u00c7A A VACINAR HOJE (7) PESSOAS DE 28 ANOS"},"content":{"rendered":"<p>Pessoas com 28 anos come\u00e7ar\u00e3o a ser vacinadas,de forma escalonada, a partir deste s\u00e1bado (07), em Salvador. Pela manh\u00e3, das 8h \u00e0s 12h, a estrat\u00e9gia<!--more--> contemplar\u00e1 nascidos at\u00e9 7 de fevereiro de 1993. J\u00e1 no turno vespertino, das 13h \u00e0s 16h, as pessoas com 28 anos ou mais, nascidas at\u00e9 07 de agosto de 1993, devem se dirigir aos pontos. Com isso, a administra\u00e7\u00e3o da 2\u00aa dose estar\u00e1 suspensa na capital.<\/p>\n<p>Antes de se dirigir ao ponto de imuniza\u00e7\u00e3o, todas as pessoas dever\u00e3o obrigatoriamente conferir no site da Secretaria Municipal da Sa\u00fade (SMS) se o nome j\u00e1 est\u00e1 habilitado para receber o imunizante. O endere\u00e7o \u00e9 o www. saude. salvador. ba. gov. br .<\/p>\n<p>Confira os postos de vacina\u00e7\u00e3o deste s\u00e1bado (7):<\/p>\n<p>1\u00aa DOSE &#8211; 8h \u00e0s 16h<\/p>\n<p>Drive-thrus:Universidade Federal da Bahia \u2013 Campus Ondina, Centro de Conven\u00e7\u00f5es de Salvador (Boca do Rio), 5\u00ba Centro de Sa\u00fade (Barris), Atakad\u00e3o Atakarejo (Fazenda Coutos), Uninassau (Campus Pituba); FBDC Brotas; Shopping da Bahia; Arena Fonte Nova (Nazar\u00e9); Faculdade Universo (Avenida ACM); Vila Militar (Dendezeiros); FBDC Cabula; Universidade Cat\u00f3lica do Salvador (Pitua\u00e7u); Shopping Bela Vista.<\/p>\n<p>Pontos fixos: USF Santa Luzia; USF Vila Nova de Pitua\u00e7u; 5\u00ba Centro de Sa\u00fade (Barris); UBS Ramiro de Azevedo; USF Vale do Matatu; USF Curralinho; USF Jo\u00e3o Roma Filho; USF Resgate; USF Teot\u00f4nio Vilela II (Fazenda Coutos II); USF Vista Alegre; USF Plataforma; USF Cajazeiras V; USF Federa\u00e7\u00e3o; Universidade Cat\u00f3lica do Salvador (Pitua\u00e7u); USF Eduardo Mamede; USF Piraj\u00e1; UBS Nelson Piauhy Dourado (\u00c1guas Claras); Clube dos Oficiais da Pol\u00edcia Militar (Dendezeiros); FBDC Brotas; USF Fernando Filgueiras (Cabula VI) e USF Cajazeiras X.<\/p>\n","protected":false},"excerpt":{"rendered":"<p>Pessoas com 28 anos come\u00e7ar\u00e3o a ser vacinadas,de forma escalonada, a partir deste s\u00e1bado (07), em Salvador. Pela manh\u00e3, das 8h \u00e0s 12h, a estrat\u00e9gia<\/p>\n","protected":false},"author":1,"featured_media":585314,"comment_status":"closed","ping_status":"closed","sticky":false,"template":"","format":"standard","meta":[],"categories":[3],"tags":[],"acf":[],"yoast_head":"<!-- This site is optimized with the Yoast SEO plugin v20.8 - https:\/\/yoast.com\/wordpress\/plugins\/seo\/ -->\n<title>COVID: SALVADOR COME\u00c7A A VACINAR HOJE (7) PESSOAS DE 28 ANOS - Bahia Economica<\/title>\n<meta name=\"description\" content=\"O maior portal de Economia da Bahia ECONOMIA \/ POL\u00cdTICA Bahia Economica\" \/>\n<meta name=\"robots\" content=\"index, follow, max-snippet:-1, max-image-preview:large, max-video-preview:-1\" \/>\n<link rel=\"canonical\" href=\"https:\/\/bahiaeconomica.com.br\/wp\/2021\/08\/07\/covid-salvador-comeca-a-vacinar-hoje-7-pessoas-de-28-anos\/\" \/>\n<meta property=\"og:locale\" content=\"pt_BR\" \/>\n<meta property=\"og:type\" content=\"article\" \/>\n<meta property=\"og:title\" content=\"COVID: SALVADOR COME\u00c7A A VACINAR HOJE (7) PESSOAS DE 28 ANOS - Bahia Economica\" \/>\n<meta property=\"og:description\" content=\"O maior portal de Economia da Bahia ECONOMIA \/ POL\u00cdTICA Bahia Economica\" \/>\n<meta property=\"og:url\" content=\"https:\/\/bahiaeconomica.com.br\/wp\/2021\/08\/07\/covid-salvador-comeca-a-vacinar-hoje-7-pessoas-de-28-anos\/\" \/>\n<meta property=\"og:site_name\" content=\"Bahia Economica\" \/>\n<meta property=\"article:publisher\" content=\"https:\/\/www.facebook.com\/bahiaeconomica\" \/>\n<meta property=\"article:published_time\" content=\"2021-08-07T10:11:14+00:00\" \/>\n<meta property=\"og:image\" content=\"https:\/\/bahiaeconomica.com.br\/wp\/wp-content\/uploads\/2021\/07\/2021-07-01_Vacinao-Ilha_Foto_Betto-Jr-16.jpg\" \/>\n\t<meta property=\"og:image:width\" content=\"500\" \/>\n\t<meta property=\"og:image:height\" content=\"333\" \/>\n\t<meta property=\"og:image:type\" content=\"image\/jpeg\" \/>\n<meta name=\"author\" content=\"admin\" \/>\n<meta name=\"twitter:card\" content=\"summary_large_image\" \/>\n<meta name=\"twitter:label1\" content=\"Escrito por\" \/>\n\t<meta name=\"twitter:data1\" content=\"admin\" \/>\n\t<meta name=\"twitter:label2\" content=\"Est. tempo de leitura\" \/>\n\t<meta name=\"twitter:data2\" content=\"1 minuto\" \/>\n<script type=\"application\/ld+json\" class=\"yoast-schema-graph\">{\"@context\":\"https:\/\/schema.org\",\"@graph\":[{\"@type\":\"Article\",\"@id\":\"https:\/\/bahiaeconomica.com.br\/wp\/2021\/08\/07\/covid-salvador-comeca-a-vacinar-hoje-7-pessoas-de-28-anos\/#article\",\"isPartOf\":{\"@id\":\"https:\/\/bahiaeconomica.com.br\/wp\/2021\/08\/07\/covid-salvador-comeca-a-vacinar-hoje-7-pessoas-de-28-anos\/\"},\"author\":{\"name\":\"admin\",\"@id\":\"https:\/\/bahiaeconomica.com.br\/wp\/#\/schema\/person\/cb1ab5ba96ad3d9390805381c76284ec\"},\"headline\":\"COVID: SALVADOR COME\u00c7A A VACINAR HOJE (7) PESSOAS DE 28 ANOS\",\"datePublished\":\"2021-08-07T10:11:14+00:00\",\"dateModified\":\"2021-08-07T10:11:14+00:00\",\"mainEntityOfPage\":{\"@id\":\"https:\/\/bahiaeconomica.com.br\/wp\/2021\/08\/07\/covid-salvador-comeca-a-vacinar-hoje-7-pessoas-de-28-anos\/\"},\"wordCount\":284,\"publisher\":{\"@id\":\"https:\/\/bahiaeconomica.com.br\/wp\/#organization\"},\"articleSection\":[\"ECONOMIA \/ POL\u00cdTICA\"],\"inLanguage\":\"pt-BR\"},{\"@type\":\"WebPage\",\"@id\":\"https:\/\/bahiaeconomica.com.br\/wp\/2021\/08\/07\/covid-salvador-comeca-a-vacinar-hoje-7-pessoas-de-28-anos\/\",\"url\":\"https:\/\/bahiaeconomica.com.br\/wp\/2021\/08\/07\/covid-salvador-comeca-a-vacinar-hoje-7-pessoas-de-28-anos\/\",\"name\":\"COVID: SALVADOR COME\u00c7A A VACINAR HOJE (7) PESSOAS DE 28 ANOS - Bahia Economica\",\"isPartOf\":{\"@id\":\"https:\/\/bahiaeconomica.com.br\/wp\/#website\"},\"datePublished\":\"2021-08-07T10:11:14+00:00\",\"dateModified\":\"2021-08-07T10:11:14+00:00\",\"description\":\"O maior portal de Economia da Bahia ECONOMIA \/ POL\u00cdTICA Bahia Economica\",\"breadcrumb\":{\"@id\":\"https:\/\/bahiaeconomica.com.br\/wp\/2021\/08\/07\/covid-salvador-comeca-a-vacinar-hoje-7-pessoas-de-28-anos\/#breadcrumb\"},\"inLanguage\":\"pt-BR\",\"potentialAction\":[{\"@type\":\"ReadAction\",\"target\":[\"https:\/\/bahiaeconomica.com.br\/wp\/2021\/08\/07\/covid-salvador-comeca-a-vacinar-hoje-7-pessoas-de-28-anos\/\"]}]},{\"@type\":\"BreadcrumbList\",\"@id\":\"https:\/\/bahiaeconomica.com.br\/wp\/2021\/08\/07\/covid-salvador-comeca-a-vacinar-hoje-7-pessoas-de-28-anos\/#breadcrumb\",\"itemListElement\":[{\"@type\":\"ListItem\",\"position\":1,\"name\":\"In\u00edcio\",\"item\":\"https:\/\/bahiaeconomica.com.br\/wp\/\"},{\"@type\":\"ListItem\",\"position\":2,\"name\":\"COVID: SALVADOR COME\u00c7A A VACINAR HOJE (7) PESSOAS DE 28 ANOS\"}]},{\"@type\":\"WebSite\",\"@id\":\"https:\/\/bahiaeconomica.com.br\/wp\/#website\",\"url\":\"https:\/\/bahiaeconomica.com.br\/wp\/\",\"name\":\"Bahia Economica\",\"description\":\"O maior portal de Economia da Bahia\",\"publisher\":{\"@id\":\"https:\/\/bahiaeconomica.com.br\/wp\/#organization\"},\"potentialAction\":[{\"@type\":\"SearchAction\",\"target\":{\"@type\":\"EntryPoint\",\"urlTemplate\":\"https:\/\/bahiaeconomica.com.br\/wp\/?s={search_term_string}\"},\"query-input\":\"required name=search_term_string\"}],\"inLanguage\":\"pt-BR\"},{\"@type\":\"Organization\",\"@id\":\"https:\/\/bahiaeconomica.com.br\/wp\/#organization\",\"name\":\"Bahia Econ\u00f4mica\",\"url\":\"https:\/\/bahiaeconomica.com.br\/wp\/\",\"logo\":{\"@type\":\"ImageObject\",\"inLanguage\":\"pt-BR\",\"@id\":\"https:\/\/bahiaeconomica.com.br\/wp\/#\/schema\/logo\/image\/\",\"url\":\"https:\/\/bahiaeconomica.com.br\/wp\/wp-content\/uploads\/2020\/12\/cropped-BE.png\",\"contentUrl\":\"https:\/\/bahiaeconomica.com.br\/wp\/wp-content\/uploads\/2020\/12\/cropped-BE.png\",\"width\":512,\"height\":512,\"caption\":\"Bahia Econ\u00f4mica\"},\"image\":{\"@id\":\"https:\/\/bahiaeconomica.com.br\/wp\/#\/schema\/logo\/image\/\"},\"sameAs\":[\"https:\/\/www.facebook.com\/bahiaeconomica\"]},{\"@type\":\"Person\",\"@id\":\"https:\/\/bahiaeconomica.com.br\/wp\/#\/schema\/person\/cb1ab5ba96ad3d9390805381c76284ec\",\"name\":\"admin\",\"url\":\"https:\/\/bahiaeconomica.com.br\/wp\/author\/admin\/\"}]}<\/script>\n<!-- \/ Yoast SEO plugin. -->","yoast_head_json":{"title":"COVID: SALVADOR COME\u00c7A A VACINAR HOJE (7) PESSOAS DE 28 ANOS - Bahia Economica","description":"O maior portal de Economia da Bahia ECONOMIA \/ POL\u00cdTICA Bahia Economica","robots":{"index":"index","follow":"follow","max-snippet":"max-snippet:-1","max-image-preview":"max-image-preview:large","max-video-preview":"max-video-preview:-1"},"canonical":"https:\/\/bahiaeconomica.com.br\/wp\/2021\/08\/07\/covid-salvador-comeca-a-vacinar-hoje-7-pessoas-de-28-anos\/","og_locale":"pt_BR","og_type":"article","og_title":"COVID: SALVADOR COME\u00c7A A VACINAR HOJE (7) PESSOAS DE 28 ANOS - Bahia Economica","og_description":"O maior portal de Economia da Bahia ECONOMIA \/ POL\u00cdTICA Bahia Economica","og_url":"https:\/\/bahiaeconomica.com.br\/wp\/2021\/08\/07\/covid-salvador-comeca-a-vacinar-hoje-7-pessoas-de-28-anos\/","og_site_name":"Bahia Economica","article_publisher":"https:\/\/www.facebook.com\/bahiaeconomica","article_published_time":"2021-08-07T10:11:14+00:00","og_image":[{"width":500,"height":333,"url":"https:\/\/bahiaeconomica.com.br\/wp\/wp-content\/uploads\/2021\/07\/2021-07-01_Vacinao-Ilha_Foto_Betto-Jr-16.jpg","type":"image\/jpeg"}],"author":"admin","twitter_card":"summary_large_image","twitter_misc":{"Escrito por":"admin","Est. tempo de leitura":"1 minuto"},"schema":{"@context":"https:\/\/schema.org","@graph":[{"@type":"Article","@id":"https:\/\/bahiaeconomica.com.br\/wp\/2021\/08\/07\/covid-salvador-comeca-a-vacinar-hoje-7-pessoas-de-28-anos\/#article","isPartOf":{"@id":"https:\/\/bahiaeconomica.com.br\/wp\/2021\/08\/07\/covid-salvador-comeca-a-vacinar-hoje-7-pessoas-de-28-anos\/"},"author":{"name":"admin","@id":"https:\/\/bahiaeconomica.com.br\/wp\/#\/schema\/person\/cb1ab5ba96ad3d9390805381c76284ec"},"headline":"COVID: SALVADOR COME\u00c7A A VACINAR HOJE (7) PESSOAS DE 28 ANOS","datePublished":"2021-08-07T10:11:14+00:00","dateModified":"2021-08-07T10:11:14+00:00","mainEntityOfPage":{"@id":"https:\/\/bahiaeconomica.com.br\/wp\/2021\/08\/07\/covid-salvador-comeca-a-vacinar-hoje-7-pessoas-de-28-anos\/"},"wordCount":284,"publisher":{"@id":"https:\/\/bahiaeconomica.com.br\/wp\/#organization"},"articleSection":["ECONOMIA \/ POL\u00cdTICA"],"inLanguage":"pt-BR"},{"@type":"WebPage","@id":"https:\/\/bahiaeconomica.com.br\/wp\/2021\/08\/07\/covid-salvador-comeca-a-vacinar-hoje-7-pessoas-de-28-anos\/","url":"https:\/\/bahiaeconomica.com.br\/wp\/2021\/08\/07\/covid-salvador-comeca-a-vacinar-hoje-7-pessoas-de-28-anos\/","name":"COVID: SALVADOR COME\u00c7A A VACINAR HOJE (7) PESSOAS DE 28 ANOS - Bahia Economica","isPartOf":{"@id":"https:\/\/bahiaeconomica.com.br\/wp\/#website"},"datePublished":"2021-08-07T10:11:14+00:00","dateModified":"2021-08-07T10:11:14+00:00","description":"O maior portal de Economia da Bahia ECONOMIA \/ POL\u00cdTICA Bahia Economica","breadcrumb":{"@id":"https:\/\/bahiaeconomica.com.br\/wp\/2021\/08\/07\/covid-salvador-comeca-a-vacinar-hoje-7-pessoas-de-28-anos\/#breadcrumb"},"inLanguage":"pt-BR","potentialAction":[{"@type":"ReadAction","target":["https:\/\/bahiaeconomica.com.br\/wp\/2021\/08\/07\/covid-salvador-comeca-a-vacinar-hoje-7-pessoas-de-28-anos\/"]}]},{"@type":"BreadcrumbList","@id":"https:\/\/bahiaeconomica.com.br\/wp\/2021\/08\/07\/covid-salvador-comeca-a-vacinar-hoje-7-pessoas-de-28-anos\/#breadcrumb","itemListElement":[{"@type":"ListItem","position":1,"name":"In\u00edcio","item":"https:\/\/bahiaeconomica.com.br\/wp\/"},{"@type":"ListItem","position":2,"name":"COVID: SALVADOR COME\u00c7A A VACINAR HOJE (7) PESSOAS DE 28 ANOS"}]},{"@type":"WebSite","@id":"https:\/\/bahiaeconomica.com.br\/wp\/#website","url":"https:\/\/bahiaeconomica.com.br\/wp\/","name":"Bahia Economica","description":"O maior portal de Economia da Bahia","publisher":{"@id":"https:\/\/bahiaeconomica.com.br\/wp\/#organization"},"potentialAction":[{"@type":"SearchAction","target":{"@type":"EntryPoint","urlTemplate":"https:\/\/bahiaeconomica.com.br\/wp\/?s={search_term_string}"},"query-input":"required name=search_term_string"}],"inLanguage":"pt-BR"},{"@type":"Organization","@id":"https:\/\/bahiaeconomica.com.br\/wp\/#organization","name":"Bahia Econ\u00f4mica","url":"https:\/\/bahiaeconomica.com.br\/wp\/","logo":{"@type":"ImageObject","inLanguage":"pt-BR","@id":"https:\/\/bahiaeconomica.com.br\/wp\/#\/schema\/logo\/image\/","url":"https:\/\/bahiaeconomica.com.br\/wp\/wp-content\/uploads\/2020\/12\/cropped-BE.png","contentUrl":"https:\/\/bahiaeconomica.com.br\/wp\/wp-content\/uploads\/2020\/12\/cropped-BE.png","width":512,"height":512,"caption":"Bahia Econ\u00f4mica"},"image":{"@id":"https:\/\/bahiaeconomica.com.br\/wp\/#\/schema\/logo\/image\/"},"sameAs":["https:\/\/www.facebook.com\/bahiaeconomica"]},{"@type":"Person","@id":"https:\/\/bahiaeconomica.com.br\/wp\/#\/schema\/person\/cb1ab5ba96ad3d9390805381c76284ec","name":"admin","url":"https:\/\/bahiaeconomica.com.br\/wp\/author\/admin\/"}]}},"views":1,"_links":{"self":[{"href":"https:\/\/bahiaeconomica.com.br\/wp\/wp-json\/wp\/v2\/posts\/590659"}],"collection":[{"href":"https:\/\/bahiaeconomica.com.br\/wp\/wp-json\/wp\/v2\/posts"}],"about":[{"href":"https:\/\/bahiaeconomica.com.br\/wp\/wp-json\/wp\/v2\/types\/post"}],"author":[{"embeddable":true,"href":"https:\/\/bahiaeconomica.com.br\/wp\/wp-json\/wp\/v2\/users\/1"}],"replies":[{"embeddable":true,"href":"https:\/\/bahiaeconomica.com.br\/wp\/wp-json\/wp\/v2\/comments?post=590659"}],"version-history":[{"count":1,"href":"https:\/\/bahiaeconomica.com.br\/wp\/wp-json\/wp\/v2\/posts\/590659\/revisions"}],"predecessor-version":[{"id":590661,"href":"https:\/\/bahiaeconomica.com.br\/wp\/wp-json\/wp\/v2\/posts\/590659\/revisions\/590661"}],"wp:featuredmedia":[{"embeddable":true,"href":"https:\/\/bahiaeconomica.com.br\/wp\/wp-json\/wp\/v2\/media\/585314"}],"wp:attachment":[{"href":"https:\/\/bahiaeconomica.com.br\/wp\/wp-json\/wp\/v2\/media?parent=590659"}],"wp:term":[{"taxonomy":"category","embeddable":true,"href":"https:\/\/bahiaeconomica.com.br\/wp\/wp-json\/wp\/v2\/categories?post=590659"},{"taxonomy":"post_tag","embeddable":true,"href":"https:\/\/bahiaeconomica.com.br\/wp\/wp-json\/wp\/v2\/tags?post=590659"}],"curies":[{"name":"wp","href":"https:\/\/api.w.org\/{rel}","templated":true}]}}