{"id":590291,"date":"2021-08-06T08:45:59","date_gmt":"2021-08-06T11:45:59","guid":{"rendered":"https:\/\/bahiaeconomica.com.br\/wp\/beta\/?p=590291"},"modified":"2021-08-06T08:45:59","modified_gmt":"2021-08-06T11:45:59","slug":"adab-faeb-senar-e-fundap-discutem-parcerias-para-agropecuaria-baiana","status":"publish","type":"post","link":"https:\/\/bahiaeconomica.com.br\/wp\/2021\/08\/06\/adab-faeb-senar-e-fundap-discutem-parcerias-para-agropecuaria-baiana\/","title":{"rendered":"ADAB, FAEB\/SENAR E FUNDAP DISCUTEM PARCERIAS PARA AGROPECU\u00c1RIA BAIANA"},"content":{"rendered":"<p>Educa\u00e7\u00e3o sanit\u00e1ria, a\u00e7\u00f5es de defesa agropecu\u00e1ria, coopera\u00e7\u00e3o entre parceiros e a aproxima\u00e7\u00e3o entre o setor p\u00fablico e privado foi pauta da reuni\u00e3o<!--more--> ocorrida nesta quinta-feira (05) entre a Federa\u00e7\u00e3o da Agricultura e Pecu\u00e1ria da Bahia (Faeb), Ag\u00eancia de Defesa Agropecu\u00e1ria da Bahia (Adab) e o Fundo de Apoio \u00e0 Pecu\u00e1ria da Bahia (Fundap). Representantes das entidades abordaram a import\u00e2ncia do planejamento para a elabora\u00e7\u00e3o de atividades que garantam a sanidade dos rebanhos, a inspe\u00e7\u00e3o de produtos de origem animal, al\u00e9m da qualidade dos itens oriundos da \u00e1rea vegetal em todo o Estado.<\/p>\n<p>Para o diretor geral, Oziel Oliveira, as a\u00e7\u00f5es da Adab ter\u00e3o como base a orienta\u00e7\u00e3o e a capacita\u00e7\u00e3o de produtores e corpo t\u00e9cnico. \u201cSerei proativo para defender a Ag\u00eancia e a agropecu\u00e1ria baiana. Faremos uma gest\u00e3o integrada pol\u00edtica e estruturalmente, com o intuito de fortalecimento da cadeia produtiva como um todo para, assim, promover o alinhamento com os parceiros e segmento\u201d, destacou Oliveira, lembrando que a conquista de mercados dentro da agropecu\u00e1ria requer um trabalho \u00e1rduo e de responsabilidade, afinal, grandes compradores externos exigem certifica\u00e7\u00f5es de sanidade e qualidade do setor para a comercializa\u00e7\u00e3o de produtos.<\/p>\n<p>De acordo com todos os presentes, a educa\u00e7\u00e3o sanit\u00e1ria \u00e9 a principal ferramenta para qualificar os servi\u00e7os da Ag\u00eancia, favorecendo a atividade na Bahia. \u201c\u00c9 preciso educar o produtor para que eles compreendam que as a\u00e7\u00f5es de defesa sanit\u00e1ria promovem a seguran\u00e7a do seu patrim\u00f4nio agropecu\u00e1rio\u201d, enfatizou o presidente do Sistema Faeb\/Senar, Humberto Miranda, ressaltando que a aproxima\u00e7\u00e3o entre entidades p\u00fablicas e privadas deve ser a t\u00f4nica do planejamento. \u201cA comida que chega \u00e0 mesa dos baianos passa pela certifica\u00e7\u00e3o da Adab, por isso, quest\u00f5es sist\u00eamicas, estruturais e operacionais precisam de decis\u00e3o pol\u00edtica e empenho. Assim como a ind\u00fastria, a agropecu\u00e1ria tamb\u00e9m tem sua import\u00e2ncia para o desenvolvimento da economia no Estado\u201d.<\/p>\n<p>&nbsp;<\/p>\n<p>Foto: Divulga\u00e7\u00e3o\/Adab<\/p>\n","protected":false},"excerpt":{"rendered":"<p>Educa\u00e7\u00e3o sanit\u00e1ria, a\u00e7\u00f5es de defesa agropecu\u00e1ria, coopera\u00e7\u00e3o entre parceiros e a aproxima\u00e7\u00e3o entre o setor p\u00fablico e privado foi pauta da reuni\u00e3o<\/p>\n","protected":false},"author":1,"featured_media":590293,"comment_status":"closed","ping_status":"closed","sticky":false,"template":"","format":"standard","meta":[],"categories":[7,3],"tags":[],"acf":[],"yoast_head":"<!-- This site is optimized with the Yoast SEO plugin v20.8 - https:\/\/yoast.com\/wordpress\/plugins\/seo\/ -->\n<title>ADAB, FAEB\/SENAR E FUNDAP DISCUTEM PARCERIAS PARA AGROPECU\u00c1RIA BAIANA - Bahia Economica<\/title>\n<meta name=\"description\" content=\"O maior portal de Economia da Bahia BAHIA INVEST, ECONOMIA \/ POL\u00cdTICA Bahia Economica\" \/>\n<meta name=\"robots\" content=\"index, follow, max-snippet:-1, max-image-preview:large, max-video-preview:-1\" \/>\n<link rel=\"canonical\" href=\"https:\/\/bahiaeconomica.com.br\/wp\/2021\/08\/06\/adab-faeb-senar-e-fundap-discutem-parcerias-para-agropecuaria-baiana\/\" \/>\n<meta property=\"og:locale\" content=\"pt_BR\" \/>\n<meta property=\"og:type\" content=\"article\" \/>\n<meta property=\"og:title\" content=\"ADAB, FAEB\/SENAR E FUNDAP DISCUTEM PARCERIAS PARA AGROPECU\u00c1RIA BAIANA - Bahia Economica\" \/>\n<meta property=\"og:description\" content=\"O maior portal de Economia da Bahia BAHIA INVEST, ECONOMIA \/ POL\u00cdTICA Bahia Economica\" \/>\n<meta property=\"og:url\" content=\"https:\/\/bahiaeconomica.com.br\/wp\/2021\/08\/06\/adab-faeb-senar-e-fundap-discutem-parcerias-para-agropecuaria-baiana\/\" \/>\n<meta property=\"og:site_name\" content=\"Bahia Economica\" \/>\n<meta property=\"article:publisher\" content=\"https:\/\/www.facebook.com\/bahiaeconomica\" \/>\n<meta property=\"article:published_time\" content=\"2021-08-06T11:45:59+00:00\" \/>\n<meta property=\"og:image\" content=\"https:\/\/bahiaeconomica.com.br\/wp\/wp-content\/uploads\/2021\/08\/05_08_2021_Adab_FaebSenar_e_Fundap_discutem_parcerias_para_fortalecer_defesa_agropecuaria_na_Bahia4__2.jpeg\" \/>\n\t<meta property=\"og:image:width\" content=\"500\" \/>\n\t<meta property=\"og:image:height\" content=\"331\" \/>\n\t<meta property=\"og:image:type\" content=\"image\/jpeg\" \/>\n<meta name=\"author\" content=\"admin\" \/>\n<meta name=\"twitter:card\" content=\"summary_large_image\" \/>\n<meta name=\"twitter:label1\" content=\"Escrito por\" \/>\n\t<meta name=\"twitter:data1\" content=\"admin\" \/>\n\t<meta name=\"twitter:label2\" content=\"Est. tempo de leitura\" \/>\n\t<meta name=\"twitter:data2\" content=\"2 minutos\" \/>\n<script type=\"application\/ld+json\" class=\"yoast-schema-graph\">{\"@context\":\"https:\/\/schema.org\",\"@graph\":[{\"@type\":\"Article\",\"@id\":\"https:\/\/bahiaeconomica.com.br\/wp\/2021\/08\/06\/adab-faeb-senar-e-fundap-discutem-parcerias-para-agropecuaria-baiana\/#article\",\"isPartOf\":{\"@id\":\"https:\/\/bahiaeconomica.com.br\/wp\/2021\/08\/06\/adab-faeb-senar-e-fundap-discutem-parcerias-para-agropecuaria-baiana\/\"},\"author\":{\"name\":\"admin\",\"@id\":\"https:\/\/bahiaeconomica.com.br\/wp\/#\/schema\/person\/cb1ab5ba96ad3d9390805381c76284ec\"},\"headline\":\"ADAB, FAEB\/SENAR E FUNDAP DISCUTEM PARCERIAS PARA AGROPECU\u00c1RIA BAIANA\",\"datePublished\":\"2021-08-06T11:45:59+00:00\",\"dateModified\":\"2021-08-06T11:45:59+00:00\",\"mainEntityOfPage\":{\"@id\":\"https:\/\/bahiaeconomica.com.br\/wp\/2021\/08\/06\/adab-faeb-senar-e-fundap-discutem-parcerias-para-agropecuaria-baiana\/\"},\"wordCount\":362,\"publisher\":{\"@id\":\"https:\/\/bahiaeconomica.com.br\/wp\/#organization\"},\"articleSection\":[\"BAHIA INVEST\",\"ECONOMIA \/ POL\u00cdTICA\"],\"inLanguage\":\"pt-BR\"},{\"@type\":\"WebPage\",\"@id\":\"https:\/\/bahiaeconomica.com.br\/wp\/2021\/08\/06\/adab-faeb-senar-e-fundap-discutem-parcerias-para-agropecuaria-baiana\/\",\"url\":\"https:\/\/bahiaeconomica.com.br\/wp\/2021\/08\/06\/adab-faeb-senar-e-fundap-discutem-parcerias-para-agropecuaria-baiana\/\",\"name\":\"ADAB, FAEB\/SENAR E FUNDAP DISCUTEM PARCERIAS PARA AGROPECU\u00c1RIA BAIANA - Bahia Economica\",\"isPartOf\":{\"@id\":\"https:\/\/bahiaeconomica.com.br\/wp\/#website\"},\"datePublished\":\"2021-08-06T11:45:59+00:00\",\"dateModified\":\"2021-08-06T11:45:59+00:00\",\"description\":\"O maior portal de Economia da Bahia BAHIA INVEST, ECONOMIA \/ POL\u00cdTICA Bahia Economica\",\"breadcrumb\":{\"@id\":\"https:\/\/bahiaeconomica.com.br\/wp\/2021\/08\/06\/adab-faeb-senar-e-fundap-discutem-parcerias-para-agropecuaria-baiana\/#breadcrumb\"},\"inLanguage\":\"pt-BR\",\"potentialAction\":[{\"@type\":\"ReadAction\",\"target\":[\"https:\/\/bahiaeconomica.com.br\/wp\/2021\/08\/06\/adab-faeb-senar-e-fundap-discutem-parcerias-para-agropecuaria-baiana\/\"]}]},{\"@type\":\"BreadcrumbList\",\"@id\":\"https:\/\/bahiaeconomica.com.br\/wp\/2021\/08\/06\/adab-faeb-senar-e-fundap-discutem-parcerias-para-agropecuaria-baiana\/#breadcrumb\",\"itemListElement\":[{\"@type\":\"ListItem\",\"position\":1,\"name\":\"In\u00edcio\",\"item\":\"https:\/\/bahiaeconomica.com.br\/wp\/\"},{\"@type\":\"ListItem\",\"position\":2,\"name\":\"ADAB, FAEB\/SENAR E FUNDAP DISCUTEM PARCERIAS PARA AGROPECU\u00c1RIA BAIANA\"}]},{\"@type\":\"WebSite\",\"@id\":\"https:\/\/bahiaeconomica.com.br\/wp\/#website\",\"url\":\"https:\/\/bahiaeconomica.com.br\/wp\/\",\"name\":\"Bahia Economica\",\"description\":\"O maior portal de Economia da Bahia\",\"publisher\":{\"@id\":\"https:\/\/bahiaeconomica.com.br\/wp\/#organization\"},\"potentialAction\":[{\"@type\":\"SearchAction\",\"target\":{\"@type\":\"EntryPoint\",\"urlTemplate\":\"https:\/\/bahiaeconomica.com.br\/wp\/?s={search_term_string}\"},\"query-input\":\"required name=search_term_string\"}],\"inLanguage\":\"pt-BR\"},{\"@type\":\"Organization\",\"@id\":\"https:\/\/bahiaeconomica.com.br\/wp\/#organization\",\"name\":\"Bahia Econ\u00f4mica\",\"url\":\"https:\/\/bahiaeconomica.com.br\/wp\/\",\"logo\":{\"@type\":\"ImageObject\",\"inLanguage\":\"pt-BR\",\"@id\":\"https:\/\/bahiaeconomica.com.br\/wp\/#\/schema\/logo\/image\/\",\"url\":\"https:\/\/bahiaeconomica.com.br\/wp\/wp-content\/uploads\/2020\/12\/cropped-BE.png\",\"contentUrl\":\"https:\/\/bahiaeconomica.com.br\/wp\/wp-content\/uploads\/2020\/12\/cropped-BE.png\",\"width\":512,\"height\":512,\"caption\":\"Bahia Econ\u00f4mica\"},\"image\":{\"@id\":\"https:\/\/bahiaeconomica.com.br\/wp\/#\/schema\/logo\/image\/\"},\"sameAs\":[\"https:\/\/www.facebook.com\/bahiaeconomica\"]},{\"@type\":\"Person\",\"@id\":\"https:\/\/bahiaeconomica.com.br\/wp\/#\/schema\/person\/cb1ab5ba96ad3d9390805381c76284ec\",\"name\":\"admin\",\"url\":\"https:\/\/bahiaeconomica.com.br\/wp\/author\/admin\/\"}]}<\/script>\n<!-- \/ Yoast SEO plugin. -->","yoast_head_json":{"title":"ADAB, FAEB\/SENAR E FUNDAP DISCUTEM PARCERIAS PARA AGROPECU\u00c1RIA BAIANA - Bahia Economica","description":"O maior portal de Economia da Bahia BAHIA INVEST, ECONOMIA \/ POL\u00cdTICA Bahia Economica","robots":{"index":"index","follow":"follow","max-snippet":"max-snippet:-1","max-image-preview":"max-image-preview:large","max-video-preview":"max-video-preview:-1"},"canonical":"https:\/\/bahiaeconomica.com.br\/wp\/2021\/08\/06\/adab-faeb-senar-e-fundap-discutem-parcerias-para-agropecuaria-baiana\/","og_locale":"pt_BR","og_type":"article","og_title":"ADAB, FAEB\/SENAR E FUNDAP DISCUTEM PARCERIAS PARA AGROPECU\u00c1RIA BAIANA - Bahia Economica","og_description":"O maior portal de Economia da Bahia BAHIA INVEST, ECONOMIA \/ POL\u00cdTICA Bahia Economica","og_url":"https:\/\/bahiaeconomica.com.br\/wp\/2021\/08\/06\/adab-faeb-senar-e-fundap-discutem-parcerias-para-agropecuaria-baiana\/","og_site_name":"Bahia Economica","article_publisher":"https:\/\/www.facebook.com\/bahiaeconomica","article_published_time":"2021-08-06T11:45:59+00:00","og_image":[{"width":500,"height":331,"url":"https:\/\/bahiaeconomica.com.br\/wp\/wp-content\/uploads\/2021\/08\/05_08_2021_Adab_FaebSenar_e_Fundap_discutem_parcerias_para_fortalecer_defesa_agropecuaria_na_Bahia4__2.jpeg","type":"image\/jpeg"}],"author":"admin","twitter_card":"summary_large_image","twitter_misc":{"Escrito por":"admin","Est. tempo de leitura":"2 minutos"},"schema":{"@context":"https:\/\/schema.org","@graph":[{"@type":"Article","@id":"https:\/\/bahiaeconomica.com.br\/wp\/2021\/08\/06\/adab-faeb-senar-e-fundap-discutem-parcerias-para-agropecuaria-baiana\/#article","isPartOf":{"@id":"https:\/\/bahiaeconomica.com.br\/wp\/2021\/08\/06\/adab-faeb-senar-e-fundap-discutem-parcerias-para-agropecuaria-baiana\/"},"author":{"name":"admin","@id":"https:\/\/bahiaeconomica.com.br\/wp\/#\/schema\/person\/cb1ab5ba96ad3d9390805381c76284ec"},"headline":"ADAB, FAEB\/SENAR E FUNDAP DISCUTEM PARCERIAS PARA AGROPECU\u00c1RIA BAIANA","datePublished":"2021-08-06T11:45:59+00:00","dateModified":"2021-08-06T11:45:59+00:00","mainEntityOfPage":{"@id":"https:\/\/bahiaeconomica.com.br\/wp\/2021\/08\/06\/adab-faeb-senar-e-fundap-discutem-parcerias-para-agropecuaria-baiana\/"},"wordCount":362,"publisher":{"@id":"https:\/\/bahiaeconomica.com.br\/wp\/#organization"},"articleSection":["BAHIA INVEST","ECONOMIA \/ POL\u00cdTICA"],"inLanguage":"pt-BR"},{"@type":"WebPage","@id":"https:\/\/bahiaeconomica.com.br\/wp\/2021\/08\/06\/adab-faeb-senar-e-fundap-discutem-parcerias-para-agropecuaria-baiana\/","url":"https:\/\/bahiaeconomica.com.br\/wp\/2021\/08\/06\/adab-faeb-senar-e-fundap-discutem-parcerias-para-agropecuaria-baiana\/","name":"ADAB, FAEB\/SENAR E FUNDAP DISCUTEM PARCERIAS PARA AGROPECU\u00c1RIA BAIANA - Bahia Economica","isPartOf":{"@id":"https:\/\/bahiaeconomica.com.br\/wp\/#website"},"datePublished":"2021-08-06T11:45:59+00:00","dateModified":"2021-08-06T11:45:59+00:00","description":"O maior portal de Economia da Bahia BAHIA INVEST, ECONOMIA \/ POL\u00cdTICA Bahia Economica","breadcrumb":{"@id":"https:\/\/bahiaeconomica.com.br\/wp\/2021\/08\/06\/adab-faeb-senar-e-fundap-discutem-parcerias-para-agropecuaria-baiana\/#breadcrumb"},"inLanguage":"pt-BR","potentialAction":[{"@type":"ReadAction","target":["https:\/\/bahiaeconomica.com.br\/wp\/2021\/08\/06\/adab-faeb-senar-e-fundap-discutem-parcerias-para-agropecuaria-baiana\/"]}]},{"@type":"BreadcrumbList","@id":"https:\/\/bahiaeconomica.com.br\/wp\/2021\/08\/06\/adab-faeb-senar-e-fundap-discutem-parcerias-para-agropecuaria-baiana\/#breadcrumb","itemListElement":[{"@type":"ListItem","position":1,"name":"In\u00edcio","item":"https:\/\/bahiaeconomica.com.br\/wp\/"},{"@type":"ListItem","position":2,"name":"ADAB, FAEB\/SENAR E FUNDAP DISCUTEM PARCERIAS PARA AGROPECU\u00c1RIA BAIANA"}]},{"@type":"WebSite","@id":"https:\/\/bahiaeconomica.com.br\/wp\/#website","url":"https:\/\/bahiaeconomica.com.br\/wp\/","name":"Bahia Economica","description":"O maior portal de Economia da Bahia","publisher":{"@id":"https:\/\/bahiaeconomica.com.br\/wp\/#organization"},"potentialAction":[{"@type":"SearchAction","target":{"@type":"EntryPoint","urlTemplate":"https:\/\/bahiaeconomica.com.br\/wp\/?s={search_term_string}"},"query-input":"required name=search_term_string"}],"inLanguage":"pt-BR"},{"@type":"Organization","@id":"https:\/\/bahiaeconomica.com.br\/wp\/#organization","name":"Bahia Econ\u00f4mica","url":"https:\/\/bahiaeconomica.com.br\/wp\/","logo":{"@type":"ImageObject","inLanguage":"pt-BR","@id":"https:\/\/bahiaeconomica.com.br\/wp\/#\/schema\/logo\/image\/","url":"https:\/\/bahiaeconomica.com.br\/wp\/wp-content\/uploads\/2020\/12\/cropped-BE.png","contentUrl":"https:\/\/bahiaeconomica.com.br\/wp\/wp-content\/uploads\/2020\/12\/cropped-BE.png","width":512,"height":512,"caption":"Bahia Econ\u00f4mica"},"image":{"@id":"https:\/\/bahiaeconomica.com.br\/wp\/#\/schema\/logo\/image\/"},"sameAs":["https:\/\/www.facebook.com\/bahiaeconomica"]},{"@type":"Person","@id":"https:\/\/bahiaeconomica.com.br\/wp\/#\/schema\/person\/cb1ab5ba96ad3d9390805381c76284ec","name":"admin","url":"https:\/\/bahiaeconomica.com.br\/wp\/author\/admin\/"}]}},"views":10,"_links":{"self":[{"href":"https:\/\/bahiaeconomica.com.br\/wp\/wp-json\/wp\/v2\/posts\/590291"}],"collection":[{"href":"https:\/\/bahiaeconomica.com.br\/wp\/wp-json\/wp\/v2\/posts"}],"about":[{"href":"https:\/\/bahiaeconomica.com.br\/wp\/wp-json\/wp\/v2\/types\/post"}],"author":[{"embeddable":true,"href":"https:\/\/bahiaeconomica.com.br\/wp\/wp-json\/wp\/v2\/users\/1"}],"replies":[{"embeddable":true,"href":"https:\/\/bahiaeconomica.com.br\/wp\/wp-json\/wp\/v2\/comments?post=590291"}],"version-history":[{"count":1,"href":"https:\/\/bahiaeconomica.com.br\/wp\/wp-json\/wp\/v2\/posts\/590291\/revisions"}],"predecessor-version":[{"id":590294,"href":"https:\/\/bahiaeconomica.com.br\/wp\/wp-json\/wp\/v2\/posts\/590291\/revisions\/590294"}],"wp:featuredmedia":[{"embeddable":true,"href":"https:\/\/bahiaeconomica.com.br\/wp\/wp-json\/wp\/v2\/media\/590293"}],"wp:attachment":[{"href":"https:\/\/bahiaeconomica.com.br\/wp\/wp-json\/wp\/v2\/media?parent=590291"}],"wp:term":[{"taxonomy":"category","embeddable":true,"href":"https:\/\/bahiaeconomica.com.br\/wp\/wp-json\/wp\/v2\/categories?post=590291"},{"taxonomy":"post_tag","embeddable":true,"href":"https:\/\/bahiaeconomica.com.br\/wp\/wp-json\/wp\/v2\/tags?post=590291"}],"curies":[{"name":"wp","href":"https:\/\/api.w.org\/{rel}","templated":true}]}}