{"id":590232,"date":"2021-08-05T19:15:23","date_gmt":"2021-08-05T22:15:23","guid":{"rendered":"https:\/\/bahiaeconomica.com.br\/wp\/beta\/?p=590232"},"modified":"2021-08-05T19:01:47","modified_gmt":"2021-08-05T22:01:47","slug":"tce-ba-recebe-selo-que-reconhece-boa-gestao-ambiental","status":"publish","type":"post","link":"https:\/\/bahiaeconomica.com.br\/wp\/2021\/08\/05\/tce-ba-recebe-selo-que-reconhece-boa-gestao-ambiental\/","title":{"rendered":"TCE\/BA RECEBE SELO QUE RECONHECE BOA GEST\u00c3O AMBIENTAL"},"content":{"rendered":"<p>O Tribunal de Contas do Estado da Bahia (TCE\/BA) recebeu do Minist\u00e9rio do Meio Ambiente (MMA), o selo A3P por ter implementado a Agenda Ambiental na Administra\u00e7\u00e3o<!--more--> P\u00fablica no ano de 2020. O selo \u00e9 concedido anualmente aos \u00f3rg\u00e3os e entidades que enviam, no prazo, os dados ao Sistema de Monitoramento de Gest\u00e3o Socioambiental da A3P (Ressoa), por meio do qual \u00e9 poss\u00edvel fazer a compila\u00e7\u00e3o de dados e o envio do relat\u00f3rio de acompanhamento das a\u00e7\u00f5es de preserva\u00e7\u00e3o ambiental.<\/p>\n<p>Ao anunciar aos demais conselheiros, na sess\u00e3o plen\u00e1ria desta quinta-feira (05.08), o recebimento do selo, o presidente do TCE\/BA, conselheiro Gild\u00e1sio Penedo Filho, afirmou que o fato consolida as boas a\u00e7\u00f5es de sustentabilidade da casa, demonstrando o engajamento e o comprometimento da Corte de Contas com a sustentabilidade &#8220;a certifica\u00e7\u00e3o mostra o compromisso da institui\u00e7\u00e3o com a ades\u00e3o aos prop\u00f3sitos da Agenda Ambiental da Administra\u00e7\u00e3o P\u00fablica para tomadas de decis\u00f5es adequadas em prol da sustentabilidade&#8221;.<\/p>\n<p>Esta \u00e9 a primeira vez que o TCE\/BA recebe o selo A3P depois de ter aderido \u00e0 Agenda Ambiental na Administra\u00e7\u00e3o P\u00fablica, em outubro de 2029, quando recebeu o Certificado de Ades\u00e3o ao Programa, cuja proposta \u00e9 criar uma cultura de responsabilidade socioambiental na administra\u00e7\u00e3o p\u00fablica, estruturado em seis eixos tem\u00e1ticos priorit\u00e1rios fundamentados pela pol\u00edtica dos 5 R&#8217;s: repensar, reduzir, reaproveitar, reciclar e recusar o consumo de produtos que gerem impactos socioambientais significativos.<\/p>\n<p>O A3P \u00e9 um programa do Minist\u00e9rio do Meio Ambiente que estimula os \u00f3rg\u00e3os p\u00fablicos do pa\u00eds a implementar pr\u00e1ticas de sustentabilidade. A ado\u00e7\u00e3o da agenda ambiental demonstra a preocupa\u00e7\u00e3o do \u00f3rg\u00e3o em obter efici\u00eancia na atividade p\u00fablica enquanto promove a preserva\u00e7\u00e3o do meio ambiente. Ao seguir as diretrizes estabelecidas pela Agenda, o \u00f3rg\u00e3o p\u00fablico protege a natureza e, em consequ\u00eancia, consegue reduzir seus gastos.<\/p>\n<p>Os eixos tem\u00e1ticos s\u00e3o: uso racional dos recursos naturais e bens p\u00fablicos; gest\u00e3o de res\u00edduos; contrata\u00e7\u00f5es sustent\u00e1veis; qualidade de vida no ambiente de trabalho; constru\u00e7\u00f5es sustent\u00e1veis e sensibiliza\u00e7\u00e3o\/capacita\u00e7\u00e3o.<\/p>\n<p>&nbsp;<\/p>\n","protected":false},"excerpt":{"rendered":"<p>O Tribunal de Contas do Estado da Bahia (TCE\/BA) recebeu do Minist\u00e9rio do Meio Ambiente (MMA), o selo A3P por ter implementado a Agenda Ambiental na Administra\u00e7\u00e3o<\/p>\n","protected":false},"author":1,"featured_media":507096,"comment_status":"closed","ping_status":"closed","sticky":false,"template":"","format":"standard","meta":[],"categories":[14,3],"tags":[],"acf":[],"yoast_head":"<!-- This site is optimized with the Yoast SEO plugin v20.8 - https:\/\/yoast.com\/wordpress\/plugins\/seo\/ -->\n<title>TCE\/BA RECEBE SELO QUE RECONHECE BOA GEST\u00c3O AMBIENTAL - Bahia Economica<\/title>\n<meta name=\"description\" content=\"O maior portal de Economia da Bahia DESTAQUE DO DIA, ECONOMIA \/ POL\u00cdTICA Bahia Economica\" \/>\n<meta name=\"robots\" content=\"index, follow, max-snippet:-1, max-image-preview:large, max-video-preview:-1\" \/>\n<link rel=\"canonical\" href=\"https:\/\/bahiaeconomica.com.br\/wp\/2021\/08\/05\/tce-ba-recebe-selo-que-reconhece-boa-gestao-ambiental\/\" \/>\n<meta property=\"og:locale\" content=\"pt_BR\" \/>\n<meta property=\"og:type\" content=\"article\" \/>\n<meta property=\"og:title\" content=\"TCE\/BA RECEBE SELO QUE RECONHECE BOA GEST\u00c3O AMBIENTAL - Bahia Economica\" \/>\n<meta property=\"og:description\" content=\"O maior portal de Economia da Bahia DESTAQUE DO DIA, ECONOMIA \/ POL\u00cdTICA Bahia Economica\" \/>\n<meta property=\"og:url\" content=\"https:\/\/bahiaeconomica.com.br\/wp\/2021\/08\/05\/tce-ba-recebe-selo-que-reconhece-boa-gestao-ambiental\/\" \/>\n<meta property=\"og:site_name\" content=\"Bahia Economica\" \/>\n<meta property=\"article:publisher\" content=\"https:\/\/www.facebook.com\/bahiaeconomica\" \/>\n<meta property=\"article:published_time\" content=\"2021-08-05T22:15:23+00:00\" \/>\n<meta property=\"article:modified_time\" content=\"2021-08-05T22:01:47+00:00\" \/>\n<meta property=\"og:image\" content=\"https:\/\/bahiaeconomica.com.br\/wp\/wp-content\/uploads\/2020\/11\/ok-1.jpg\" \/>\n\t<meta property=\"og:image:width\" content=\"500\" \/>\n\t<meta property=\"og:image:height\" content=\"300\" \/>\n\t<meta property=\"og:image:type\" content=\"image\/jpeg\" \/>\n<meta name=\"author\" content=\"admin\" \/>\n<meta name=\"twitter:card\" content=\"summary_large_image\" \/>\n<meta name=\"twitter:label1\" content=\"Escrito por\" \/>\n\t<meta name=\"twitter:data1\" content=\"admin\" \/>\n\t<meta name=\"twitter:label2\" content=\"Est. tempo de leitura\" \/>\n\t<meta name=\"twitter:data2\" content=\"2 minutos\" \/>\n<script type=\"application\/ld+json\" class=\"yoast-schema-graph\">{\"@context\":\"https:\/\/schema.org\",\"@graph\":[{\"@type\":\"Article\",\"@id\":\"https:\/\/bahiaeconomica.com.br\/wp\/2021\/08\/05\/tce-ba-recebe-selo-que-reconhece-boa-gestao-ambiental\/#article\",\"isPartOf\":{\"@id\":\"https:\/\/bahiaeconomica.com.br\/wp\/2021\/08\/05\/tce-ba-recebe-selo-que-reconhece-boa-gestao-ambiental\/\"},\"author\":{\"name\":\"admin\",\"@id\":\"https:\/\/bahiaeconomica.com.br\/wp\/#\/schema\/person\/cb1ab5ba96ad3d9390805381c76284ec\"},\"headline\":\"TCE\/BA RECEBE SELO QUE RECONHECE BOA GEST\u00c3O AMBIENTAL\",\"datePublished\":\"2021-08-05T22:15:23+00:00\",\"dateModified\":\"2021-08-05T22:01:47+00:00\",\"mainEntityOfPage\":{\"@id\":\"https:\/\/bahiaeconomica.com.br\/wp\/2021\/08\/05\/tce-ba-recebe-selo-que-reconhece-boa-gestao-ambiental\/\"},\"wordCount\":385,\"publisher\":{\"@id\":\"https:\/\/bahiaeconomica.com.br\/wp\/#organization\"},\"articleSection\":[\"DESTAQUE DO DIA\",\"ECONOMIA \/ POL\u00cdTICA\"],\"inLanguage\":\"pt-BR\"},{\"@type\":\"WebPage\",\"@id\":\"https:\/\/bahiaeconomica.com.br\/wp\/2021\/08\/05\/tce-ba-recebe-selo-que-reconhece-boa-gestao-ambiental\/\",\"url\":\"https:\/\/bahiaeconomica.com.br\/wp\/2021\/08\/05\/tce-ba-recebe-selo-que-reconhece-boa-gestao-ambiental\/\",\"name\":\"TCE\/BA RECEBE SELO QUE RECONHECE BOA GEST\u00c3O AMBIENTAL - Bahia Economica\",\"isPartOf\":{\"@id\":\"https:\/\/bahiaeconomica.com.br\/wp\/#website\"},\"datePublished\":\"2021-08-05T22:15:23+00:00\",\"dateModified\":\"2021-08-05T22:01:47+00:00\",\"description\":\"O maior portal de Economia da Bahia DESTAQUE DO DIA, ECONOMIA \/ POL\u00cdTICA Bahia Economica\",\"breadcrumb\":{\"@id\":\"https:\/\/bahiaeconomica.com.br\/wp\/2021\/08\/05\/tce-ba-recebe-selo-que-reconhece-boa-gestao-ambiental\/#breadcrumb\"},\"inLanguage\":\"pt-BR\",\"potentialAction\":[{\"@type\":\"ReadAction\",\"target\":[\"https:\/\/bahiaeconomica.com.br\/wp\/2021\/08\/05\/tce-ba-recebe-selo-que-reconhece-boa-gestao-ambiental\/\"]}]},{\"@type\":\"BreadcrumbList\",\"@id\":\"https:\/\/bahiaeconomica.com.br\/wp\/2021\/08\/05\/tce-ba-recebe-selo-que-reconhece-boa-gestao-ambiental\/#breadcrumb\",\"itemListElement\":[{\"@type\":\"ListItem\",\"position\":1,\"name\":\"In\u00edcio\",\"item\":\"https:\/\/bahiaeconomica.com.br\/wp\/\"},{\"@type\":\"ListItem\",\"position\":2,\"name\":\"TCE\/BA RECEBE SELO QUE RECONHECE BOA GEST\u00c3O AMBIENTAL\"}]},{\"@type\":\"WebSite\",\"@id\":\"https:\/\/bahiaeconomica.com.br\/wp\/#website\",\"url\":\"https:\/\/bahiaeconomica.com.br\/wp\/\",\"name\":\"Bahia Economica\",\"description\":\"O maior portal de Economia da Bahia\",\"publisher\":{\"@id\":\"https:\/\/bahiaeconomica.com.br\/wp\/#organization\"},\"potentialAction\":[{\"@type\":\"SearchAction\",\"target\":{\"@type\":\"EntryPoint\",\"urlTemplate\":\"https:\/\/bahiaeconomica.com.br\/wp\/?s={search_term_string}\"},\"query-input\":\"required name=search_term_string\"}],\"inLanguage\":\"pt-BR\"},{\"@type\":\"Organization\",\"@id\":\"https:\/\/bahiaeconomica.com.br\/wp\/#organization\",\"name\":\"Bahia Econ\u00f4mica\",\"url\":\"https:\/\/bahiaeconomica.com.br\/wp\/\",\"logo\":{\"@type\":\"ImageObject\",\"inLanguage\":\"pt-BR\",\"@id\":\"https:\/\/bahiaeconomica.com.br\/wp\/#\/schema\/logo\/image\/\",\"url\":\"https:\/\/bahiaeconomica.com.br\/wp\/wp-content\/uploads\/2020\/12\/cropped-BE.png\",\"contentUrl\":\"https:\/\/bahiaeconomica.com.br\/wp\/wp-content\/uploads\/2020\/12\/cropped-BE.png\",\"width\":512,\"height\":512,\"caption\":\"Bahia Econ\u00f4mica\"},\"image\":{\"@id\":\"https:\/\/bahiaeconomica.com.br\/wp\/#\/schema\/logo\/image\/\"},\"sameAs\":[\"https:\/\/www.facebook.com\/bahiaeconomica\"]},{\"@type\":\"Person\",\"@id\":\"https:\/\/bahiaeconomica.com.br\/wp\/#\/schema\/person\/cb1ab5ba96ad3d9390805381c76284ec\",\"name\":\"admin\",\"url\":\"https:\/\/bahiaeconomica.com.br\/wp\/author\/admin\/\"}]}<\/script>\n<!-- \/ Yoast SEO plugin. -->","yoast_head_json":{"title":"TCE\/BA RECEBE SELO QUE RECONHECE BOA GEST\u00c3O AMBIENTAL - Bahia Economica","description":"O maior portal de Economia da Bahia DESTAQUE DO DIA, ECONOMIA \/ POL\u00cdTICA Bahia Economica","robots":{"index":"index","follow":"follow","max-snippet":"max-snippet:-1","max-image-preview":"max-image-preview:large","max-video-preview":"max-video-preview:-1"},"canonical":"https:\/\/bahiaeconomica.com.br\/wp\/2021\/08\/05\/tce-ba-recebe-selo-que-reconhece-boa-gestao-ambiental\/","og_locale":"pt_BR","og_type":"article","og_title":"TCE\/BA RECEBE SELO QUE RECONHECE BOA GEST\u00c3O AMBIENTAL - Bahia Economica","og_description":"O maior portal de Economia da Bahia DESTAQUE DO DIA, ECONOMIA \/ POL\u00cdTICA Bahia Economica","og_url":"https:\/\/bahiaeconomica.com.br\/wp\/2021\/08\/05\/tce-ba-recebe-selo-que-reconhece-boa-gestao-ambiental\/","og_site_name":"Bahia Economica","article_publisher":"https:\/\/www.facebook.com\/bahiaeconomica","article_published_time":"2021-08-05T22:15:23+00:00","article_modified_time":"2021-08-05T22:01:47+00:00","og_image":[{"width":500,"height":300,"url":"https:\/\/bahiaeconomica.com.br\/wp\/wp-content\/uploads\/2020\/11\/ok-1.jpg","type":"image\/jpeg"}],"author":"admin","twitter_card":"summary_large_image","twitter_misc":{"Escrito por":"admin","Est. tempo de leitura":"2 minutos"},"schema":{"@context":"https:\/\/schema.org","@graph":[{"@type":"Article","@id":"https:\/\/bahiaeconomica.com.br\/wp\/2021\/08\/05\/tce-ba-recebe-selo-que-reconhece-boa-gestao-ambiental\/#article","isPartOf":{"@id":"https:\/\/bahiaeconomica.com.br\/wp\/2021\/08\/05\/tce-ba-recebe-selo-que-reconhece-boa-gestao-ambiental\/"},"author":{"name":"admin","@id":"https:\/\/bahiaeconomica.com.br\/wp\/#\/schema\/person\/cb1ab5ba96ad3d9390805381c76284ec"},"headline":"TCE\/BA RECEBE SELO QUE RECONHECE BOA GEST\u00c3O AMBIENTAL","datePublished":"2021-08-05T22:15:23+00:00","dateModified":"2021-08-05T22:01:47+00:00","mainEntityOfPage":{"@id":"https:\/\/bahiaeconomica.com.br\/wp\/2021\/08\/05\/tce-ba-recebe-selo-que-reconhece-boa-gestao-ambiental\/"},"wordCount":385,"publisher":{"@id":"https:\/\/bahiaeconomica.com.br\/wp\/#organization"},"articleSection":["DESTAQUE DO DIA","ECONOMIA \/ POL\u00cdTICA"],"inLanguage":"pt-BR"},{"@type":"WebPage","@id":"https:\/\/bahiaeconomica.com.br\/wp\/2021\/08\/05\/tce-ba-recebe-selo-que-reconhece-boa-gestao-ambiental\/","url":"https:\/\/bahiaeconomica.com.br\/wp\/2021\/08\/05\/tce-ba-recebe-selo-que-reconhece-boa-gestao-ambiental\/","name":"TCE\/BA RECEBE SELO QUE RECONHECE BOA GEST\u00c3O AMBIENTAL - Bahia Economica","isPartOf":{"@id":"https:\/\/bahiaeconomica.com.br\/wp\/#website"},"datePublished":"2021-08-05T22:15:23+00:00","dateModified":"2021-08-05T22:01:47+00:00","description":"O maior portal de Economia da Bahia DESTAQUE DO DIA, ECONOMIA \/ POL\u00cdTICA Bahia Economica","breadcrumb":{"@id":"https:\/\/bahiaeconomica.com.br\/wp\/2021\/08\/05\/tce-ba-recebe-selo-que-reconhece-boa-gestao-ambiental\/#breadcrumb"},"inLanguage":"pt-BR","potentialAction":[{"@type":"ReadAction","target":["https:\/\/bahiaeconomica.com.br\/wp\/2021\/08\/05\/tce-ba-recebe-selo-que-reconhece-boa-gestao-ambiental\/"]}]},{"@type":"BreadcrumbList","@id":"https:\/\/bahiaeconomica.com.br\/wp\/2021\/08\/05\/tce-ba-recebe-selo-que-reconhece-boa-gestao-ambiental\/#breadcrumb","itemListElement":[{"@type":"ListItem","position":1,"name":"In\u00edcio","item":"https:\/\/bahiaeconomica.com.br\/wp\/"},{"@type":"ListItem","position":2,"name":"TCE\/BA RECEBE SELO QUE RECONHECE BOA GEST\u00c3O AMBIENTAL"}]},{"@type":"WebSite","@id":"https:\/\/bahiaeconomica.com.br\/wp\/#website","url":"https:\/\/bahiaeconomica.com.br\/wp\/","name":"Bahia Economica","description":"O maior portal de Economia da Bahia","publisher":{"@id":"https:\/\/bahiaeconomica.com.br\/wp\/#organization"},"potentialAction":[{"@type":"SearchAction","target":{"@type":"EntryPoint","urlTemplate":"https:\/\/bahiaeconomica.com.br\/wp\/?s={search_term_string}"},"query-input":"required name=search_term_string"}],"inLanguage":"pt-BR"},{"@type":"Organization","@id":"https:\/\/bahiaeconomica.com.br\/wp\/#organization","name":"Bahia Econ\u00f4mica","url":"https:\/\/bahiaeconomica.com.br\/wp\/","logo":{"@type":"ImageObject","inLanguage":"pt-BR","@id":"https:\/\/bahiaeconomica.com.br\/wp\/#\/schema\/logo\/image\/","url":"https:\/\/bahiaeconomica.com.br\/wp\/wp-content\/uploads\/2020\/12\/cropped-BE.png","contentUrl":"https:\/\/bahiaeconomica.com.br\/wp\/wp-content\/uploads\/2020\/12\/cropped-BE.png","width":512,"height":512,"caption":"Bahia Econ\u00f4mica"},"image":{"@id":"https:\/\/bahiaeconomica.com.br\/wp\/#\/schema\/logo\/image\/"},"sameAs":["https:\/\/www.facebook.com\/bahiaeconomica"]},{"@type":"Person","@id":"https:\/\/bahiaeconomica.com.br\/wp\/#\/schema\/person\/cb1ab5ba96ad3d9390805381c76284ec","name":"admin","url":"https:\/\/bahiaeconomica.com.br\/wp\/author\/admin\/"}]}},"views":1,"_links":{"self":[{"href":"https:\/\/bahiaeconomica.com.br\/wp\/wp-json\/wp\/v2\/posts\/590232"}],"collection":[{"href":"https:\/\/bahiaeconomica.com.br\/wp\/wp-json\/wp\/v2\/posts"}],"about":[{"href":"https:\/\/bahiaeconomica.com.br\/wp\/wp-json\/wp\/v2\/types\/post"}],"author":[{"embeddable":true,"href":"https:\/\/bahiaeconomica.com.br\/wp\/wp-json\/wp\/v2\/users\/1"}],"replies":[{"embeddable":true,"href":"https:\/\/bahiaeconomica.com.br\/wp\/wp-json\/wp\/v2\/comments?post=590232"}],"version-history":[{"count":1,"href":"https:\/\/bahiaeconomica.com.br\/wp\/wp-json\/wp\/v2\/posts\/590232\/revisions"}],"predecessor-version":[{"id":590234,"href":"https:\/\/bahiaeconomica.com.br\/wp\/wp-json\/wp\/v2\/posts\/590232\/revisions\/590234"}],"wp:featuredmedia":[{"embeddable":true,"href":"https:\/\/bahiaeconomica.com.br\/wp\/wp-json\/wp\/v2\/media\/507096"}],"wp:attachment":[{"href":"https:\/\/bahiaeconomica.com.br\/wp\/wp-json\/wp\/v2\/media?parent=590232"}],"wp:term":[{"taxonomy":"category","embeddable":true,"href":"https:\/\/bahiaeconomica.com.br\/wp\/wp-json\/wp\/v2\/categories?post=590232"},{"taxonomy":"post_tag","embeddable":true,"href":"https:\/\/bahiaeconomica.com.br\/wp\/wp-json\/wp\/v2\/tags?post=590232"}],"curies":[{"name":"wp","href":"https:\/\/api.w.org\/{rel}","templated":true}]}}