{"id":589995,"date":"2021-08-05T11:39:09","date_gmt":"2021-08-05T14:39:09","guid":{"rendered":"https:\/\/bahiaeconomica.com.br\/wp\/beta\/?p=589995"},"modified":"2021-08-05T12:43:19","modified_gmt":"2021-08-05T15:43:19","slug":"estado-e-o-principal-apoiador-financeiro-do-festival-do-capao","status":"publish","type":"post","link":"https:\/\/bahiaeconomica.com.br\/wp\/2021\/08\/05\/estado-e-o-principal-apoiador-financeiro-do-festival-do-capao\/","title":{"rendered":"ESTADO \u00c9 O PRINCIPAL APOIADOR FINANCEIRO DO FESTIVAL DO CAP\u00c3O"},"content":{"rendered":"<p>Pela quinta vez, desde 2015, o Governo da Bahia ser\u00e1 o principal apoiador do Festival de Jazz do Cap\u00e3o, que, <!--more-->este ano, ser\u00e1 realizado de forma virtual, na primeira quinzena de novembro. Nas \u00faltimas edi\u00e7\u00f5es, o financiamento tem sido viabilizado por meio do Edital de Eventos Calendarizados do Fundo de Cultura da Secretaria de Cultura (Secult). Consolidado como uma das principais iniciativas de divulga\u00e7\u00e3o de jazz no pa\u00eds, o festival est\u00e1 na sua 9\u00aa edi\u00e7\u00e3o e contar\u00e1 com uma programa\u00e7\u00e3o de tr\u00eas dias, apresentando atra\u00e7\u00f5es locais, nacionais e internacionais.<\/p>\n<p>Nesta edi\u00e7\u00e3o, o valor do apoio financeiro ao festival ser\u00e1 de R$ 195 mil. Al\u00e9m de shows com artistas j\u00e1 consagrados e nomes que come\u00e7am a se destacar na cena do jazz, o festival promover\u00e1 workshops abertos ao p\u00fablico nos seus canais de transmiss\u00e3o na internet.<\/p>\n<p>&nbsp;<\/p>\n<p><strong>Fundo de Cultura<\/strong><\/p>\n<p>Com o objetivo de incentivar e estimular as produ\u00e7\u00f5es art\u00edstico-culturais baianas, o Fundo de Cultura da Bahia \u00e9 gerido pela Secretaria de Cultura, em articula\u00e7\u00e3o com a Secretaria da Fazenda. Custeia sem reembolso, total ou parcialmente, projetos e atividades estritamente culturais de iniciativa de pessoas f\u00edsicas ou jur\u00eddicas de direito p\u00fablico ou privado. As propostas culturais financiadas s\u00e3o, preferencialmente, aquelas que apesar da import\u00e2ncia e do seu significado, possuem insuficiente apelo mercadol\u00f3gico, o que dificulta a obten\u00e7\u00e3o de patroc\u00ednio junto \u00e0 iniciativa privada.<\/p>\n<p><strong>Vale do Cap\u00e3o<\/strong><\/p>\n<p>Recanto natural e ecol\u00f3gico, localizado no cora\u00e7\u00e3o da Chapada Diamantina, no munic\u00edpio de Palmeiras, mais precisamente no distrito de Caet\u00e9-A\u00e7\u00fa. O lugar que atrai visitantes de todo o mundo est\u00e1 situado a aproximadamente 470km de Salvador.<\/p>\n<p>&nbsp;<\/p>\n<p>&nbsp;<\/p>\n<p>Foto: Divulga\u00e7\u00e3o<\/p>\n","protected":false},"excerpt":{"rendered":"<p>Pela quinta vez, desde 2015, o Governo da Bahia ser\u00e1 o principal apoiador do Festival de Jazz do Cap\u00e3o, que,<\/p>\n","protected":false},"author":1,"featured_media":589997,"comment_status":"closed","ping_status":"closed","sticky":false,"template":"","format":"standard","meta":[],"categories":[7,3],"tags":[],"acf":[],"yoast_head":"<!-- This site is optimized with the Yoast SEO plugin v20.8 - https:\/\/yoast.com\/wordpress\/plugins\/seo\/ -->\n<title>ESTADO \u00c9 O PRINCIPAL APOIADOR FINANCEIRO DO FESTIVAL DO CAP\u00c3O - Bahia Economica<\/title>\n<meta name=\"description\" content=\"O maior portal de Economia da Bahia BAHIA INVEST, ECONOMIA \/ POL\u00cdTICA Bahia Economica\" \/>\n<meta name=\"robots\" content=\"index, follow, max-snippet:-1, max-image-preview:large, max-video-preview:-1\" \/>\n<link rel=\"canonical\" href=\"https:\/\/bahiaeconomica.com.br\/wp\/2021\/08\/05\/estado-e-o-principal-apoiador-financeiro-do-festival-do-capao\/\" \/>\n<meta property=\"og:locale\" content=\"pt_BR\" \/>\n<meta property=\"og:type\" content=\"article\" \/>\n<meta property=\"og:title\" content=\"ESTADO \u00c9 O PRINCIPAL APOIADOR FINANCEIRO DO FESTIVAL DO CAP\u00c3O - Bahia Economica\" \/>\n<meta property=\"og:description\" content=\"O maior portal de Economia da Bahia BAHIA INVEST, ECONOMIA \/ POL\u00cdTICA Bahia Economica\" \/>\n<meta property=\"og:url\" content=\"https:\/\/bahiaeconomica.com.br\/wp\/2021\/08\/05\/estado-e-o-principal-apoiador-financeiro-do-festival-do-capao\/\" \/>\n<meta property=\"og:site_name\" content=\"Bahia Economica\" \/>\n<meta property=\"article:publisher\" content=\"https:\/\/www.facebook.com\/bahiaeconomica\" \/>\n<meta property=\"article:published_time\" content=\"2021-08-05T14:39:09+00:00\" \/>\n<meta property=\"article:modified_time\" content=\"2021-08-05T15:43:19+00:00\" \/>\n<meta property=\"og:image\" content=\"https:\/\/bahiaeconomica.com.br\/wp\/wp-content\/uploads\/2021\/08\/Foto-2-Festival-do-Capao-Divulgacao.jpg\" \/>\n\t<meta property=\"og:image:width\" content=\"500\" \/>\n\t<meta property=\"og:image:height\" content=\"300\" \/>\n\t<meta property=\"og:image:type\" content=\"image\/jpeg\" \/>\n<meta name=\"author\" content=\"admin\" \/>\n<meta name=\"twitter:card\" content=\"summary_large_image\" \/>\n<meta name=\"twitter:label1\" content=\"Escrito por\" \/>\n\t<meta name=\"twitter:data1\" content=\"admin\" \/>\n\t<meta name=\"twitter:label2\" content=\"Est. tempo de leitura\" \/>\n\t<meta name=\"twitter:data2\" content=\"1 minuto\" \/>\n<script type=\"application\/ld+json\" class=\"yoast-schema-graph\">{\"@context\":\"https:\/\/schema.org\",\"@graph\":[{\"@type\":\"Article\",\"@id\":\"https:\/\/bahiaeconomica.com.br\/wp\/2021\/08\/05\/estado-e-o-principal-apoiador-financeiro-do-festival-do-capao\/#article\",\"isPartOf\":{\"@id\":\"https:\/\/bahiaeconomica.com.br\/wp\/2021\/08\/05\/estado-e-o-principal-apoiador-financeiro-do-festival-do-capao\/\"},\"author\":{\"name\":\"admin\",\"@id\":\"https:\/\/bahiaeconomica.com.br\/wp\/#\/schema\/person\/cb1ab5ba96ad3d9390805381c76284ec\"},\"headline\":\"ESTADO \u00c9 O PRINCIPAL APOIADOR FINANCEIRO DO FESTIVAL DO CAP\u00c3O\",\"datePublished\":\"2021-08-05T14:39:09+00:00\",\"dateModified\":\"2021-08-05T15:43:19+00:00\",\"mainEntityOfPage\":{\"@id\":\"https:\/\/bahiaeconomica.com.br\/wp\/2021\/08\/05\/estado-e-o-principal-apoiador-financeiro-do-festival-do-capao\/\"},\"wordCount\":300,\"publisher\":{\"@id\":\"https:\/\/bahiaeconomica.com.br\/wp\/#organization\"},\"articleSection\":[\"BAHIA INVEST\",\"ECONOMIA \/ POL\u00cdTICA\"],\"inLanguage\":\"pt-BR\"},{\"@type\":\"WebPage\",\"@id\":\"https:\/\/bahiaeconomica.com.br\/wp\/2021\/08\/05\/estado-e-o-principal-apoiador-financeiro-do-festival-do-capao\/\",\"url\":\"https:\/\/bahiaeconomica.com.br\/wp\/2021\/08\/05\/estado-e-o-principal-apoiador-financeiro-do-festival-do-capao\/\",\"name\":\"ESTADO \u00c9 O PRINCIPAL APOIADOR FINANCEIRO DO FESTIVAL DO CAP\u00c3O - Bahia Economica\",\"isPartOf\":{\"@id\":\"https:\/\/bahiaeconomica.com.br\/wp\/#website\"},\"datePublished\":\"2021-08-05T14:39:09+00:00\",\"dateModified\":\"2021-08-05T15:43:19+00:00\",\"description\":\"O maior portal de Economia da Bahia BAHIA INVEST, ECONOMIA \/ POL\u00cdTICA Bahia Economica\",\"breadcrumb\":{\"@id\":\"https:\/\/bahiaeconomica.com.br\/wp\/2021\/08\/05\/estado-e-o-principal-apoiador-financeiro-do-festival-do-capao\/#breadcrumb\"},\"inLanguage\":\"pt-BR\",\"potentialAction\":[{\"@type\":\"ReadAction\",\"target\":[\"https:\/\/bahiaeconomica.com.br\/wp\/2021\/08\/05\/estado-e-o-principal-apoiador-financeiro-do-festival-do-capao\/\"]}]},{\"@type\":\"BreadcrumbList\",\"@id\":\"https:\/\/bahiaeconomica.com.br\/wp\/2021\/08\/05\/estado-e-o-principal-apoiador-financeiro-do-festival-do-capao\/#breadcrumb\",\"itemListElement\":[{\"@type\":\"ListItem\",\"position\":1,\"name\":\"In\u00edcio\",\"item\":\"https:\/\/bahiaeconomica.com.br\/wp\/\"},{\"@type\":\"ListItem\",\"position\":2,\"name\":\"ESTADO \u00c9 O PRINCIPAL APOIADOR FINANCEIRO DO FESTIVAL DO CAP\u00c3O\"}]},{\"@type\":\"WebSite\",\"@id\":\"https:\/\/bahiaeconomica.com.br\/wp\/#website\",\"url\":\"https:\/\/bahiaeconomica.com.br\/wp\/\",\"name\":\"Bahia Economica\",\"description\":\"O maior portal de Economia da Bahia\",\"publisher\":{\"@id\":\"https:\/\/bahiaeconomica.com.br\/wp\/#organization\"},\"potentialAction\":[{\"@type\":\"SearchAction\",\"target\":{\"@type\":\"EntryPoint\",\"urlTemplate\":\"https:\/\/bahiaeconomica.com.br\/wp\/?s={search_term_string}\"},\"query-input\":\"required name=search_term_string\"}],\"inLanguage\":\"pt-BR\"},{\"@type\":\"Organization\",\"@id\":\"https:\/\/bahiaeconomica.com.br\/wp\/#organization\",\"name\":\"Bahia Econ\u00f4mica\",\"url\":\"https:\/\/bahiaeconomica.com.br\/wp\/\",\"logo\":{\"@type\":\"ImageObject\",\"inLanguage\":\"pt-BR\",\"@id\":\"https:\/\/bahiaeconomica.com.br\/wp\/#\/schema\/logo\/image\/\",\"url\":\"https:\/\/bahiaeconomica.com.br\/wp\/wp-content\/uploads\/2020\/12\/cropped-BE.png\",\"contentUrl\":\"https:\/\/bahiaeconomica.com.br\/wp\/wp-content\/uploads\/2020\/12\/cropped-BE.png\",\"width\":512,\"height\":512,\"caption\":\"Bahia Econ\u00f4mica\"},\"image\":{\"@id\":\"https:\/\/bahiaeconomica.com.br\/wp\/#\/schema\/logo\/image\/\"},\"sameAs\":[\"https:\/\/www.facebook.com\/bahiaeconomica\"]},{\"@type\":\"Person\",\"@id\":\"https:\/\/bahiaeconomica.com.br\/wp\/#\/schema\/person\/cb1ab5ba96ad3d9390805381c76284ec\",\"name\":\"admin\",\"url\":\"https:\/\/bahiaeconomica.com.br\/wp\/author\/admin\/\"}]}<\/script>\n<!-- \/ Yoast SEO plugin. -->","yoast_head_json":{"title":"ESTADO \u00c9 O PRINCIPAL APOIADOR FINANCEIRO DO FESTIVAL DO CAP\u00c3O - Bahia Economica","description":"O maior portal de Economia da Bahia BAHIA INVEST, ECONOMIA \/ POL\u00cdTICA Bahia Economica","robots":{"index":"index","follow":"follow","max-snippet":"max-snippet:-1","max-image-preview":"max-image-preview:large","max-video-preview":"max-video-preview:-1"},"canonical":"https:\/\/bahiaeconomica.com.br\/wp\/2021\/08\/05\/estado-e-o-principal-apoiador-financeiro-do-festival-do-capao\/","og_locale":"pt_BR","og_type":"article","og_title":"ESTADO \u00c9 O PRINCIPAL APOIADOR FINANCEIRO DO FESTIVAL DO CAP\u00c3O - Bahia Economica","og_description":"O maior portal de Economia da Bahia BAHIA INVEST, ECONOMIA \/ POL\u00cdTICA Bahia Economica","og_url":"https:\/\/bahiaeconomica.com.br\/wp\/2021\/08\/05\/estado-e-o-principal-apoiador-financeiro-do-festival-do-capao\/","og_site_name":"Bahia Economica","article_publisher":"https:\/\/www.facebook.com\/bahiaeconomica","article_published_time":"2021-08-05T14:39:09+00:00","article_modified_time":"2021-08-05T15:43:19+00:00","og_image":[{"width":500,"height":300,"url":"https:\/\/bahiaeconomica.com.br\/wp\/wp-content\/uploads\/2021\/08\/Foto-2-Festival-do-Capao-Divulgacao.jpg","type":"image\/jpeg"}],"author":"admin","twitter_card":"summary_large_image","twitter_misc":{"Escrito por":"admin","Est. tempo de leitura":"1 minuto"},"schema":{"@context":"https:\/\/schema.org","@graph":[{"@type":"Article","@id":"https:\/\/bahiaeconomica.com.br\/wp\/2021\/08\/05\/estado-e-o-principal-apoiador-financeiro-do-festival-do-capao\/#article","isPartOf":{"@id":"https:\/\/bahiaeconomica.com.br\/wp\/2021\/08\/05\/estado-e-o-principal-apoiador-financeiro-do-festival-do-capao\/"},"author":{"name":"admin","@id":"https:\/\/bahiaeconomica.com.br\/wp\/#\/schema\/person\/cb1ab5ba96ad3d9390805381c76284ec"},"headline":"ESTADO \u00c9 O PRINCIPAL APOIADOR FINANCEIRO DO FESTIVAL DO CAP\u00c3O","datePublished":"2021-08-05T14:39:09+00:00","dateModified":"2021-08-05T15:43:19+00:00","mainEntityOfPage":{"@id":"https:\/\/bahiaeconomica.com.br\/wp\/2021\/08\/05\/estado-e-o-principal-apoiador-financeiro-do-festival-do-capao\/"},"wordCount":300,"publisher":{"@id":"https:\/\/bahiaeconomica.com.br\/wp\/#organization"},"articleSection":["BAHIA INVEST","ECONOMIA \/ POL\u00cdTICA"],"inLanguage":"pt-BR"},{"@type":"WebPage","@id":"https:\/\/bahiaeconomica.com.br\/wp\/2021\/08\/05\/estado-e-o-principal-apoiador-financeiro-do-festival-do-capao\/","url":"https:\/\/bahiaeconomica.com.br\/wp\/2021\/08\/05\/estado-e-o-principal-apoiador-financeiro-do-festival-do-capao\/","name":"ESTADO \u00c9 O PRINCIPAL APOIADOR FINANCEIRO DO FESTIVAL DO CAP\u00c3O - Bahia Economica","isPartOf":{"@id":"https:\/\/bahiaeconomica.com.br\/wp\/#website"},"datePublished":"2021-08-05T14:39:09+00:00","dateModified":"2021-08-05T15:43:19+00:00","description":"O maior portal de Economia da Bahia BAHIA INVEST, ECONOMIA \/ POL\u00cdTICA Bahia Economica","breadcrumb":{"@id":"https:\/\/bahiaeconomica.com.br\/wp\/2021\/08\/05\/estado-e-o-principal-apoiador-financeiro-do-festival-do-capao\/#breadcrumb"},"inLanguage":"pt-BR","potentialAction":[{"@type":"ReadAction","target":["https:\/\/bahiaeconomica.com.br\/wp\/2021\/08\/05\/estado-e-o-principal-apoiador-financeiro-do-festival-do-capao\/"]}]},{"@type":"BreadcrumbList","@id":"https:\/\/bahiaeconomica.com.br\/wp\/2021\/08\/05\/estado-e-o-principal-apoiador-financeiro-do-festival-do-capao\/#breadcrumb","itemListElement":[{"@type":"ListItem","position":1,"name":"In\u00edcio","item":"https:\/\/bahiaeconomica.com.br\/wp\/"},{"@type":"ListItem","position":2,"name":"ESTADO \u00c9 O PRINCIPAL APOIADOR FINANCEIRO DO FESTIVAL DO CAP\u00c3O"}]},{"@type":"WebSite","@id":"https:\/\/bahiaeconomica.com.br\/wp\/#website","url":"https:\/\/bahiaeconomica.com.br\/wp\/","name":"Bahia Economica","description":"O maior portal de Economia da Bahia","publisher":{"@id":"https:\/\/bahiaeconomica.com.br\/wp\/#organization"},"potentialAction":[{"@type":"SearchAction","target":{"@type":"EntryPoint","urlTemplate":"https:\/\/bahiaeconomica.com.br\/wp\/?s={search_term_string}"},"query-input":"required name=search_term_string"}],"inLanguage":"pt-BR"},{"@type":"Organization","@id":"https:\/\/bahiaeconomica.com.br\/wp\/#organization","name":"Bahia Econ\u00f4mica","url":"https:\/\/bahiaeconomica.com.br\/wp\/","logo":{"@type":"ImageObject","inLanguage":"pt-BR","@id":"https:\/\/bahiaeconomica.com.br\/wp\/#\/schema\/logo\/image\/","url":"https:\/\/bahiaeconomica.com.br\/wp\/wp-content\/uploads\/2020\/12\/cropped-BE.png","contentUrl":"https:\/\/bahiaeconomica.com.br\/wp\/wp-content\/uploads\/2020\/12\/cropped-BE.png","width":512,"height":512,"caption":"Bahia Econ\u00f4mica"},"image":{"@id":"https:\/\/bahiaeconomica.com.br\/wp\/#\/schema\/logo\/image\/"},"sameAs":["https:\/\/www.facebook.com\/bahiaeconomica"]},{"@type":"Person","@id":"https:\/\/bahiaeconomica.com.br\/wp\/#\/schema\/person\/cb1ab5ba96ad3d9390805381c76284ec","name":"admin","url":"https:\/\/bahiaeconomica.com.br\/wp\/author\/admin\/"}]}},"views":21,"_links":{"self":[{"href":"https:\/\/bahiaeconomica.com.br\/wp\/wp-json\/wp\/v2\/posts\/589995"}],"collection":[{"href":"https:\/\/bahiaeconomica.com.br\/wp\/wp-json\/wp\/v2\/posts"}],"about":[{"href":"https:\/\/bahiaeconomica.com.br\/wp\/wp-json\/wp\/v2\/types\/post"}],"author":[{"embeddable":true,"href":"https:\/\/bahiaeconomica.com.br\/wp\/wp-json\/wp\/v2\/users\/1"}],"replies":[{"embeddable":true,"href":"https:\/\/bahiaeconomica.com.br\/wp\/wp-json\/wp\/v2\/comments?post=589995"}],"version-history":[{"count":1,"href":"https:\/\/bahiaeconomica.com.br\/wp\/wp-json\/wp\/v2\/posts\/589995\/revisions"}],"predecessor-version":[{"id":589998,"href":"https:\/\/bahiaeconomica.com.br\/wp\/wp-json\/wp\/v2\/posts\/589995\/revisions\/589998"}],"wp:featuredmedia":[{"embeddable":true,"href":"https:\/\/bahiaeconomica.com.br\/wp\/wp-json\/wp\/v2\/media\/589997"}],"wp:attachment":[{"href":"https:\/\/bahiaeconomica.com.br\/wp\/wp-json\/wp\/v2\/media?parent=589995"}],"wp:term":[{"taxonomy":"category","embeddable":true,"href":"https:\/\/bahiaeconomica.com.br\/wp\/wp-json\/wp\/v2\/categories?post=589995"},{"taxonomy":"post_tag","embeddable":true,"href":"https:\/\/bahiaeconomica.com.br\/wp\/wp-json\/wp\/v2\/tags?post=589995"}],"curies":[{"name":"wp","href":"https:\/\/api.w.org\/{rel}","templated":true}]}}