{"id":589614,"date":"2021-08-04T12:33:03","date_gmt":"2021-08-04T15:33:03","guid":{"rendered":"https:\/\/bahiaeconomica.com.br\/wp\/beta\/?p=589614"},"modified":"2021-08-04T12:34:52","modified_gmt":"2021-08-04T15:34:52","slug":"tempo-chuvoso-permanece-em-salvador-ate-a-proxima-semana","status":"publish","type":"post","link":"https:\/\/bahiaeconomica.com.br\/wp\/2021\/08\/04\/tempo-chuvoso-permanece-em-salvador-ate-a-proxima-semana\/","title":{"rendered":"TEMPO CHUVOSO PERMANECE EM SALVADOR AT\u00c9 A PR\u00d3XIMA SEMANA"},"content":{"rendered":"<p>Salvador deve continuar com o tempo inst\u00e1vel e chuvas at\u00e9 o pr\u00f3ximo dia 12, mesmo ap\u00f3s a partida da frente fria que chegou \u00e0 cidade no \u00faltimo final de semana. <!--more-->De acordo com o informativo meteorol\u00f3gico da Defesa Civil de Salvador (Codesal), para os pr\u00f3ximos dias, a previs\u00e3o \u00e9 de c\u00e9u nublado a parcialmente nublado, com precipita\u00e7\u00f5es a qualquer hora do dia, devido \u00e0 intensifica\u00e7\u00e3o da converg\u00eancia de umidade.<\/p>\n<p>Durante toda esta semana, a temperatura vai variar entre 20\u00b0 C (m\u00ednima) e 27\u00b0 C (m\u00e1xima). Nesse in\u00edcio de agosto, a temperatura mais baixa foi 19,2\u00b0 C, registrada \u00e0s 7h de ontem (3), pela esta\u00e7\u00e3o meteorol\u00f3gica da Base Naval de Aratu, segundo dados do Instituto Nacional de Meteorologia (Inmet).<\/p>\n<p>Mesmo acostumados com calor durante praticamente todo o ano, os soteropolitanos que curtem o &#8220;friozinho&#8221; que paira na cidade nesse inverno podem continuar deixando o capote ou o casaco preparados. O meteorologista do Centro de Monitoramento e Alerta da Codesal (Cemadec), Giuliano Carlos do Nascimento, lembra que a queda na temperatura \u00e9 comum para este m\u00eas. &#8220;A temperatura cai muito devido ao fluxo dos ventos e \u00e0 umidade relativa do ar. Isso faz com que tenhamos uma sensa\u00e7\u00e3o t\u00e9rmica melhor, com temperaturas mais agrad\u00e1veis&#8221;.<\/p>\n<p>Outra caracter\u00edstica de agosto s\u00e3o os ventos fortes. A tend\u00eancia, segundo Nascimento, \u00e9 que, ap\u00f3s a pr\u00f3xima ter\u00e7a (10), haja uma intensidade dos ventos provocada pela proximidade do sistema de alta press\u00e3o posicionado no Atl\u00e2ntico.<\/p>\n<p><strong>Ocorr\u00eancias <\/strong>\u2013 A Codesal segue trabalhando durante 24h para atender \u00e0s demandas provocadas pelas chuvas. Em caso de emerg\u00eancia, a popula\u00e7\u00e3o pode buscar a ajuda imediata do \u00f3rg\u00e3o pelo telefone 199. At\u00e9 o final da manh\u00e3 desta quarta (4) foram registradas 22 solicita\u00e7\u00f5es. Do total, cinco s\u00e3o amea\u00e7as de desabamento, quatro amea\u00e7as de deslizamento, duas amea\u00e7as de queda de \u00e1rvores, um desabamento de muro e dez orienta\u00e7\u00f5es t\u00e9cnicas feitas pelas equipes da Codesal aos cidad\u00e3os.<\/p>\n<p>&nbsp;<\/p>\n<p>Foto: Jefferson Peixoto\/Secom<\/p>\n","protected":false},"excerpt":{"rendered":"<p>Salvador deve continuar com o tempo inst\u00e1vel e chuvas at\u00e9 o pr\u00f3ximo dia 12, mesmo ap\u00f3s a partida da frente fria que chegou \u00e0 cidade no \u00faltimo final de semana.<\/p>\n","protected":false},"author":1,"featured_media":589618,"comment_status":"closed","ping_status":"closed","sticky":false,"template":"","format":"standard","meta":[],"categories":[14,3],"tags":[],"acf":[],"yoast_head":"<!-- This site is optimized with the Yoast SEO plugin v20.8 - https:\/\/yoast.com\/wordpress\/plugins\/seo\/ -->\n<title>TEMPO CHUVOSO PERMANECE EM SALVADOR AT\u00c9 A PR\u00d3XIMA SEMANA - Bahia Economica<\/title>\n<meta name=\"description\" content=\"O maior portal de Economia da Bahia DESTAQUE DO DIA, ECONOMIA \/ POL\u00cdTICA Bahia Economica\" \/>\n<meta name=\"robots\" content=\"index, follow, max-snippet:-1, max-image-preview:large, max-video-preview:-1\" \/>\n<link rel=\"canonical\" href=\"https:\/\/bahiaeconomica.com.br\/wp\/2021\/08\/04\/tempo-chuvoso-permanece-em-salvador-ate-a-proxima-semana\/\" \/>\n<meta property=\"og:locale\" content=\"pt_BR\" \/>\n<meta property=\"og:type\" content=\"article\" \/>\n<meta property=\"og:title\" content=\"TEMPO CHUVOSO PERMANECE EM SALVADOR AT\u00c9 A PR\u00d3XIMA SEMANA - Bahia Economica\" \/>\n<meta property=\"og:description\" content=\"O maior portal de Economia da Bahia DESTAQUE DO DIA, ECONOMIA \/ POL\u00cdTICA Bahia Economica\" \/>\n<meta property=\"og:url\" content=\"https:\/\/bahiaeconomica.com.br\/wp\/2021\/08\/04\/tempo-chuvoso-permanece-em-salvador-ate-a-proxima-semana\/\" \/>\n<meta property=\"og:site_name\" content=\"Bahia Economica\" \/>\n<meta property=\"article:publisher\" content=\"https:\/\/www.facebook.com\/bahiaeconomica\" \/>\n<meta property=\"article:published_time\" content=\"2021-08-04T15:33:03+00:00\" \/>\n<meta property=\"article:modified_time\" content=\"2021-08-04T15:34:52+00:00\" \/>\n<meta property=\"og:image\" content=\"https:\/\/bahiaeconomica.com.br\/wp\/wp-content\/uploads\/2021\/08\/Chuvas-Salvador_Elevador-Lacerda_Foto_Jefferson-Peixoto_Secom_Pms-1.jpg\" \/>\n\t<meta property=\"og:image:width\" content=\"500\" \/>\n\t<meta property=\"og:image:height\" content=\"333\" \/>\n\t<meta property=\"og:image:type\" content=\"image\/jpeg\" \/>\n<meta name=\"author\" content=\"admin\" \/>\n<meta name=\"twitter:card\" content=\"summary_large_image\" \/>\n<meta name=\"twitter:label1\" content=\"Escrito por\" \/>\n\t<meta name=\"twitter:data1\" content=\"admin\" \/>\n\t<meta name=\"twitter:label2\" content=\"Est. tempo de leitura\" \/>\n\t<meta name=\"twitter:data2\" content=\"2 minutos\" \/>\n<script type=\"application\/ld+json\" class=\"yoast-schema-graph\">{\"@context\":\"https:\/\/schema.org\",\"@graph\":[{\"@type\":\"Article\",\"@id\":\"https:\/\/bahiaeconomica.com.br\/wp\/2021\/08\/04\/tempo-chuvoso-permanece-em-salvador-ate-a-proxima-semana\/#article\",\"isPartOf\":{\"@id\":\"https:\/\/bahiaeconomica.com.br\/wp\/2021\/08\/04\/tempo-chuvoso-permanece-em-salvador-ate-a-proxima-semana\/\"},\"author\":{\"name\":\"admin\",\"@id\":\"https:\/\/bahiaeconomica.com.br\/wp\/#\/schema\/person\/cb1ab5ba96ad3d9390805381c76284ec\"},\"headline\":\"TEMPO CHUVOSO PERMANECE EM SALVADOR AT\u00c9 A PR\u00d3XIMA SEMANA\",\"datePublished\":\"2021-08-04T15:33:03+00:00\",\"dateModified\":\"2021-08-04T15:34:52+00:00\",\"mainEntityOfPage\":{\"@id\":\"https:\/\/bahiaeconomica.com.br\/wp\/2021\/08\/04\/tempo-chuvoso-permanece-em-salvador-ate-a-proxima-semana\/\"},\"wordCount\":350,\"publisher\":{\"@id\":\"https:\/\/bahiaeconomica.com.br\/wp\/#organization\"},\"articleSection\":[\"DESTAQUE DO DIA\",\"ECONOMIA \/ POL\u00cdTICA\"],\"inLanguage\":\"pt-BR\"},{\"@type\":\"WebPage\",\"@id\":\"https:\/\/bahiaeconomica.com.br\/wp\/2021\/08\/04\/tempo-chuvoso-permanece-em-salvador-ate-a-proxima-semana\/\",\"url\":\"https:\/\/bahiaeconomica.com.br\/wp\/2021\/08\/04\/tempo-chuvoso-permanece-em-salvador-ate-a-proxima-semana\/\",\"name\":\"TEMPO CHUVOSO PERMANECE EM SALVADOR AT\u00c9 A PR\u00d3XIMA SEMANA - Bahia Economica\",\"isPartOf\":{\"@id\":\"https:\/\/bahiaeconomica.com.br\/wp\/#website\"},\"datePublished\":\"2021-08-04T15:33:03+00:00\",\"dateModified\":\"2021-08-04T15:34:52+00:00\",\"description\":\"O maior portal de Economia da Bahia DESTAQUE DO DIA, ECONOMIA \/ POL\u00cdTICA Bahia Economica\",\"breadcrumb\":{\"@id\":\"https:\/\/bahiaeconomica.com.br\/wp\/2021\/08\/04\/tempo-chuvoso-permanece-em-salvador-ate-a-proxima-semana\/#breadcrumb\"},\"inLanguage\":\"pt-BR\",\"potentialAction\":[{\"@type\":\"ReadAction\",\"target\":[\"https:\/\/bahiaeconomica.com.br\/wp\/2021\/08\/04\/tempo-chuvoso-permanece-em-salvador-ate-a-proxima-semana\/\"]}]},{\"@type\":\"BreadcrumbList\",\"@id\":\"https:\/\/bahiaeconomica.com.br\/wp\/2021\/08\/04\/tempo-chuvoso-permanece-em-salvador-ate-a-proxima-semana\/#breadcrumb\",\"itemListElement\":[{\"@type\":\"ListItem\",\"position\":1,\"name\":\"In\u00edcio\",\"item\":\"https:\/\/bahiaeconomica.com.br\/wp\/\"},{\"@type\":\"ListItem\",\"position\":2,\"name\":\"TEMPO CHUVOSO PERMANECE EM SALVADOR AT\u00c9 A PR\u00d3XIMA SEMANA\"}]},{\"@type\":\"WebSite\",\"@id\":\"https:\/\/bahiaeconomica.com.br\/wp\/#website\",\"url\":\"https:\/\/bahiaeconomica.com.br\/wp\/\",\"name\":\"Bahia Economica\",\"description\":\"O maior portal de Economia da Bahia\",\"publisher\":{\"@id\":\"https:\/\/bahiaeconomica.com.br\/wp\/#organization\"},\"potentialAction\":[{\"@type\":\"SearchAction\",\"target\":{\"@type\":\"EntryPoint\",\"urlTemplate\":\"https:\/\/bahiaeconomica.com.br\/wp\/?s={search_term_string}\"},\"query-input\":\"required name=search_term_string\"}],\"inLanguage\":\"pt-BR\"},{\"@type\":\"Organization\",\"@id\":\"https:\/\/bahiaeconomica.com.br\/wp\/#organization\",\"name\":\"Bahia Econ\u00f4mica\",\"url\":\"https:\/\/bahiaeconomica.com.br\/wp\/\",\"logo\":{\"@type\":\"ImageObject\",\"inLanguage\":\"pt-BR\",\"@id\":\"https:\/\/bahiaeconomica.com.br\/wp\/#\/schema\/logo\/image\/\",\"url\":\"https:\/\/bahiaeconomica.com.br\/wp\/wp-content\/uploads\/2020\/12\/cropped-BE.png\",\"contentUrl\":\"https:\/\/bahiaeconomica.com.br\/wp\/wp-content\/uploads\/2020\/12\/cropped-BE.png\",\"width\":512,\"height\":512,\"caption\":\"Bahia Econ\u00f4mica\"},\"image\":{\"@id\":\"https:\/\/bahiaeconomica.com.br\/wp\/#\/schema\/logo\/image\/\"},\"sameAs\":[\"https:\/\/www.facebook.com\/bahiaeconomica\"]},{\"@type\":\"Person\",\"@id\":\"https:\/\/bahiaeconomica.com.br\/wp\/#\/schema\/person\/cb1ab5ba96ad3d9390805381c76284ec\",\"name\":\"admin\",\"url\":\"https:\/\/bahiaeconomica.com.br\/wp\/author\/admin\/\"}]}<\/script>\n<!-- \/ Yoast SEO plugin. -->","yoast_head_json":{"title":"TEMPO CHUVOSO PERMANECE EM SALVADOR AT\u00c9 A PR\u00d3XIMA SEMANA - Bahia Economica","description":"O maior portal de Economia da Bahia DESTAQUE DO DIA, ECONOMIA \/ POL\u00cdTICA Bahia Economica","robots":{"index":"index","follow":"follow","max-snippet":"max-snippet:-1","max-image-preview":"max-image-preview:large","max-video-preview":"max-video-preview:-1"},"canonical":"https:\/\/bahiaeconomica.com.br\/wp\/2021\/08\/04\/tempo-chuvoso-permanece-em-salvador-ate-a-proxima-semana\/","og_locale":"pt_BR","og_type":"article","og_title":"TEMPO CHUVOSO PERMANECE EM SALVADOR AT\u00c9 A PR\u00d3XIMA SEMANA - Bahia Economica","og_description":"O maior portal de Economia da Bahia DESTAQUE DO DIA, ECONOMIA \/ POL\u00cdTICA Bahia Economica","og_url":"https:\/\/bahiaeconomica.com.br\/wp\/2021\/08\/04\/tempo-chuvoso-permanece-em-salvador-ate-a-proxima-semana\/","og_site_name":"Bahia Economica","article_publisher":"https:\/\/www.facebook.com\/bahiaeconomica","article_published_time":"2021-08-04T15:33:03+00:00","article_modified_time":"2021-08-04T15:34:52+00:00","og_image":[{"width":500,"height":333,"url":"https:\/\/bahiaeconomica.com.br\/wp\/wp-content\/uploads\/2021\/08\/Chuvas-Salvador_Elevador-Lacerda_Foto_Jefferson-Peixoto_Secom_Pms-1.jpg","type":"image\/jpeg"}],"author":"admin","twitter_card":"summary_large_image","twitter_misc":{"Escrito por":"admin","Est. tempo de leitura":"2 minutos"},"schema":{"@context":"https:\/\/schema.org","@graph":[{"@type":"Article","@id":"https:\/\/bahiaeconomica.com.br\/wp\/2021\/08\/04\/tempo-chuvoso-permanece-em-salvador-ate-a-proxima-semana\/#article","isPartOf":{"@id":"https:\/\/bahiaeconomica.com.br\/wp\/2021\/08\/04\/tempo-chuvoso-permanece-em-salvador-ate-a-proxima-semana\/"},"author":{"name":"admin","@id":"https:\/\/bahiaeconomica.com.br\/wp\/#\/schema\/person\/cb1ab5ba96ad3d9390805381c76284ec"},"headline":"TEMPO CHUVOSO PERMANECE EM SALVADOR AT\u00c9 A PR\u00d3XIMA SEMANA","datePublished":"2021-08-04T15:33:03+00:00","dateModified":"2021-08-04T15:34:52+00:00","mainEntityOfPage":{"@id":"https:\/\/bahiaeconomica.com.br\/wp\/2021\/08\/04\/tempo-chuvoso-permanece-em-salvador-ate-a-proxima-semana\/"},"wordCount":350,"publisher":{"@id":"https:\/\/bahiaeconomica.com.br\/wp\/#organization"},"articleSection":["DESTAQUE DO DIA","ECONOMIA \/ POL\u00cdTICA"],"inLanguage":"pt-BR"},{"@type":"WebPage","@id":"https:\/\/bahiaeconomica.com.br\/wp\/2021\/08\/04\/tempo-chuvoso-permanece-em-salvador-ate-a-proxima-semana\/","url":"https:\/\/bahiaeconomica.com.br\/wp\/2021\/08\/04\/tempo-chuvoso-permanece-em-salvador-ate-a-proxima-semana\/","name":"TEMPO CHUVOSO PERMANECE EM SALVADOR AT\u00c9 A PR\u00d3XIMA SEMANA - Bahia Economica","isPartOf":{"@id":"https:\/\/bahiaeconomica.com.br\/wp\/#website"},"datePublished":"2021-08-04T15:33:03+00:00","dateModified":"2021-08-04T15:34:52+00:00","description":"O maior portal de Economia da Bahia DESTAQUE DO DIA, ECONOMIA \/ POL\u00cdTICA Bahia Economica","breadcrumb":{"@id":"https:\/\/bahiaeconomica.com.br\/wp\/2021\/08\/04\/tempo-chuvoso-permanece-em-salvador-ate-a-proxima-semana\/#breadcrumb"},"inLanguage":"pt-BR","potentialAction":[{"@type":"ReadAction","target":["https:\/\/bahiaeconomica.com.br\/wp\/2021\/08\/04\/tempo-chuvoso-permanece-em-salvador-ate-a-proxima-semana\/"]}]},{"@type":"BreadcrumbList","@id":"https:\/\/bahiaeconomica.com.br\/wp\/2021\/08\/04\/tempo-chuvoso-permanece-em-salvador-ate-a-proxima-semana\/#breadcrumb","itemListElement":[{"@type":"ListItem","position":1,"name":"In\u00edcio","item":"https:\/\/bahiaeconomica.com.br\/wp\/"},{"@type":"ListItem","position":2,"name":"TEMPO CHUVOSO PERMANECE EM SALVADOR AT\u00c9 A PR\u00d3XIMA SEMANA"}]},{"@type":"WebSite","@id":"https:\/\/bahiaeconomica.com.br\/wp\/#website","url":"https:\/\/bahiaeconomica.com.br\/wp\/","name":"Bahia Economica","description":"O maior portal de Economia da Bahia","publisher":{"@id":"https:\/\/bahiaeconomica.com.br\/wp\/#organization"},"potentialAction":[{"@type":"SearchAction","target":{"@type":"EntryPoint","urlTemplate":"https:\/\/bahiaeconomica.com.br\/wp\/?s={search_term_string}"},"query-input":"required name=search_term_string"}],"inLanguage":"pt-BR"},{"@type":"Organization","@id":"https:\/\/bahiaeconomica.com.br\/wp\/#organization","name":"Bahia Econ\u00f4mica","url":"https:\/\/bahiaeconomica.com.br\/wp\/","logo":{"@type":"ImageObject","inLanguage":"pt-BR","@id":"https:\/\/bahiaeconomica.com.br\/wp\/#\/schema\/logo\/image\/","url":"https:\/\/bahiaeconomica.com.br\/wp\/wp-content\/uploads\/2020\/12\/cropped-BE.png","contentUrl":"https:\/\/bahiaeconomica.com.br\/wp\/wp-content\/uploads\/2020\/12\/cropped-BE.png","width":512,"height":512,"caption":"Bahia Econ\u00f4mica"},"image":{"@id":"https:\/\/bahiaeconomica.com.br\/wp\/#\/schema\/logo\/image\/"},"sameAs":["https:\/\/www.facebook.com\/bahiaeconomica"]},{"@type":"Person","@id":"https:\/\/bahiaeconomica.com.br\/wp\/#\/schema\/person\/cb1ab5ba96ad3d9390805381c76284ec","name":"admin","url":"https:\/\/bahiaeconomica.com.br\/wp\/author\/admin\/"}]}},"views":3,"_links":{"self":[{"href":"https:\/\/bahiaeconomica.com.br\/wp\/wp-json\/wp\/v2\/posts\/589614"}],"collection":[{"href":"https:\/\/bahiaeconomica.com.br\/wp\/wp-json\/wp\/v2\/posts"}],"about":[{"href":"https:\/\/bahiaeconomica.com.br\/wp\/wp-json\/wp\/v2\/types\/post"}],"author":[{"embeddable":true,"href":"https:\/\/bahiaeconomica.com.br\/wp\/wp-json\/wp\/v2\/users\/1"}],"replies":[{"embeddable":true,"href":"https:\/\/bahiaeconomica.com.br\/wp\/wp-json\/wp\/v2\/comments?post=589614"}],"version-history":[{"count":2,"href":"https:\/\/bahiaeconomica.com.br\/wp\/wp-json\/wp\/v2\/posts\/589614\/revisions"}],"predecessor-version":[{"id":589620,"href":"https:\/\/bahiaeconomica.com.br\/wp\/wp-json\/wp\/v2\/posts\/589614\/revisions\/589620"}],"wp:featuredmedia":[{"embeddable":true,"href":"https:\/\/bahiaeconomica.com.br\/wp\/wp-json\/wp\/v2\/media\/589618"}],"wp:attachment":[{"href":"https:\/\/bahiaeconomica.com.br\/wp\/wp-json\/wp\/v2\/media?parent=589614"}],"wp:term":[{"taxonomy":"category","embeddable":true,"href":"https:\/\/bahiaeconomica.com.br\/wp\/wp-json\/wp\/v2\/categories?post=589614"},{"taxonomy":"post_tag","embeddable":true,"href":"https:\/\/bahiaeconomica.com.br\/wp\/wp-json\/wp\/v2\/tags?post=589614"}],"curies":[{"name":"wp","href":"https:\/\/api.w.org\/{rel}","templated":true}]}}