{"id":589028,"date":"2021-08-03T07:29:31","date_gmt":"2021-08-03T10:29:31","guid":{"rendered":"https:\/\/bahiaeconomica.com.br\/wp\/beta\/?p=589028"},"modified":"2021-08-03T08:01:06","modified_gmt":"2021-08-03T11:01:06","slug":"entidades-repudiam-ofensas-de-fabio-vilas-boas-contra-empresaria-e-pedem-providencias","status":"publish","type":"post","link":"https:\/\/bahiaeconomica.com.br\/wp\/2021\/08\/03\/entidades-repudiam-ofensas-de-fabio-vilas-boas-contra-empresaria-e-pedem-providencias\/","title":{"rendered":"ENTIDADES REPUDIAM OFENSAS DE F\u00c1BIO VILAS-BOAS CONTRA EMPRES\u00c1RIA E PEDEM PROVID\u00caNCIAS"},"content":{"rendered":"<p>A Ordem dos Advogados do Brasil (OAB-BA) se posicionou ontem \u00e0 noite (2) em rep\u00fadio \u00e0s ofensas feitas pelo<!--more--> secret\u00e1rio da Sa\u00fade da Bahia, F\u00e1bio Vilas-Boas, contra a chef do restaurante Preta e empres\u00e1ria, Angeluci Figueiredo. Durante troca de mensagens com Angeluci, Vilas-Boas chamou a chef de &#8220;vagabunda&#8221; ap\u00f3s n\u00e3o conseguir entrar no estabelecimento com seus convidados.<\/p>\n<p>De acordo com a nota divulgada pela chef, o fechamento do estabelecimento se deu &#8220;em virtude da instabilidade do tempo, das condi\u00e7\u00f5es clim\u00e1ticas e das varia\u00e7\u00f5es do vento e da navegabilidade na Ba\u00eda de Todos os Santos, recomendou a restri\u00e7\u00e3o de navega\u00e7\u00e3o em todo o entorno, incluindo, claro, a Ilha dos Frades, onde funciona o restaurante&#8221;.<\/p>\n<p>A nota de rep\u00fadio da OAB-BA, assinada pela Comiss\u00e3o de Prote\u00e7\u00e3o aos Direitos da Mulher e Comiss\u00e3o da Mulher Advogada da entidade, diz que &#8220;Toda a situa\u00e7\u00e3o em torno da ofensa, constrange n\u00e3o apenas Preta, mas tamb\u00e9m a toda sociedade, al\u00e9m de ganhar contornos ainda mais expl\u00edcitos pela clara certeza de impunidade que motiva o agressor, que n\u00e3o se melindrou em ofender uma mulher negra, empres\u00e1ria, com demonstra\u00e7\u00e3o expl\u00edcita de preconceito e viol\u00eancia&#8221;.<\/p>\n<p>&#8220;O machismo continua sendo uma mazela a ser combatida no nosso pa\u00eds, n\u00e3o podemos permitir que mulheres, sejam elas empres\u00e1rias ou n\u00e3o, continuem a ser expostas pela viol\u00eancia de g\u00eanero e de ra\u00e7a. Todas as mulheres t\u00eam o direito de serem respeitadas em sua dignidade, sua integridade moral e f\u00edsica e de n\u00e3o serem expostas a nenhum tipo de ataque, especialmente por parte daqueles sobre os quais recai um dever funcional de prote\u00e7\u00e3o social&#8221;, diz outro trecho da nota.<\/p>\n<p>A Ordem dos Advogados pede, ainda, que o governo do Estado adote medidas administrativas compat\u00edveis com a gravidade dos fatos.<\/p>\n<p><strong>CONSELHO BAIANO DE TURISMO<\/strong><\/p>\n<p>Al\u00e9m da OAB-BA, o Conselho Baiano de Turismo (CBTUR) tamb\u00e9m divulgou um comunicado onde repudia as falas de Vilas-Boas contra Angeluci Figueiredo.<\/p>\n<p>No texto, o CBTUR diz que &#8220;repudia veementemente os atos ofensivos, desrespeitosos e truculentos manifestados pelo Secret\u00e1rio de Sa\u00fade do Estado da Bahia, F\u00e1bio Vilas Boas&#8221; e afirma que &#8220;Tal atitude n\u00e3o pode permanecer impune&#8221;.<\/p>\n<p>A nota foi assinada prela presidente, Maria Angela de Carvalho, e o Conselho diz ser contra &#8220;qualquer atitude mis\u00f3gina, preconceituosa, machista e elitista vinda de qualquer dire\u00e7\u00e3o&#8221;.<\/p>\n<p>Assim como a OAB-BA, o CBTUR pede que o governador Rui Costa tome provid\u00eancias.<\/p>\n<p>Foto: Reprodu\u00e7\u00e3o\/TV Bahia<\/p>\n","protected":false},"excerpt":{"rendered":"<p>A Ordem dos Advogados do Brasil (OAB-BA) se posicionou ontem \u00e0 noite (2) em rep\u00fadio \u00e0s ofensas feitas pelo<\/p>\n","protected":false},"author":1,"featured_media":458729,"comment_status":"closed","ping_status":"closed","sticky":false,"template":"","format":"standard","meta":[],"categories":[3],"tags":[],"acf":[],"yoast_head":"<!-- This site is optimized with the Yoast SEO plugin v20.8 - https:\/\/yoast.com\/wordpress\/plugins\/seo\/ -->\n<title>ENTIDADES REPUDIAM OFENSAS DE F\u00c1BIO VILAS-BOAS CONTRA EMPRES\u00c1RIA E PEDEM PROVID\u00caNCIAS - Bahia Economica<\/title>\n<meta name=\"description\" content=\"O maior portal de Economia da Bahia ECONOMIA \/ POL\u00cdTICA Bahia Economica\" \/>\n<meta name=\"robots\" content=\"index, follow, max-snippet:-1, max-image-preview:large, max-video-preview:-1\" \/>\n<link rel=\"canonical\" href=\"https:\/\/bahiaeconomica.com.br\/wp\/2021\/08\/03\/entidades-repudiam-ofensas-de-fabio-vilas-boas-contra-empresaria-e-pedem-providencias\/\" \/>\n<meta property=\"og:locale\" content=\"pt_BR\" \/>\n<meta property=\"og:type\" content=\"article\" \/>\n<meta property=\"og:title\" content=\"ENTIDADES REPUDIAM OFENSAS DE F\u00c1BIO VILAS-BOAS CONTRA EMPRES\u00c1RIA E PEDEM PROVID\u00caNCIAS - Bahia Economica\" \/>\n<meta property=\"og:description\" content=\"O maior portal de Economia da Bahia ECONOMIA \/ POL\u00cdTICA Bahia Economica\" \/>\n<meta property=\"og:url\" content=\"https:\/\/bahiaeconomica.com.br\/wp\/2021\/08\/03\/entidades-repudiam-ofensas-de-fabio-vilas-boas-contra-empresaria-e-pedem-providencias\/\" \/>\n<meta property=\"og:site_name\" content=\"Bahia Economica\" \/>\n<meta property=\"article:publisher\" content=\"https:\/\/www.facebook.com\/bahiaeconomica\" \/>\n<meta property=\"article:published_time\" content=\"2021-08-03T10:29:31+00:00\" \/>\n<meta property=\"article:modified_time\" content=\"2021-08-03T11:01:06+00:00\" \/>\n<meta property=\"og:image\" content=\"https:\/\/bahiaeconomica.com.br\/wp\/wp-content\/uploads\/2020\/05\/fabio-vilas-boas-reprodu\u00e7\u00e3o-tv-bahia.jpg\" \/>\n\t<meta property=\"og:image:width\" content=\"500\" \/>\n\t<meta property=\"og:image:height\" content=\"313\" \/>\n\t<meta property=\"og:image:type\" content=\"image\/jpeg\" \/>\n<meta name=\"author\" content=\"admin\" \/>\n<meta name=\"twitter:card\" content=\"summary_large_image\" \/>\n<meta name=\"twitter:label1\" content=\"Escrito por\" \/>\n\t<meta name=\"twitter:data1\" content=\"admin\" \/>\n\t<meta name=\"twitter:label2\" content=\"Est. tempo de leitura\" \/>\n\t<meta name=\"twitter:data2\" content=\"2 minutos\" \/>\n<script type=\"application\/ld+json\" class=\"yoast-schema-graph\">{\"@context\":\"https:\/\/schema.org\",\"@graph\":[{\"@type\":\"Article\",\"@id\":\"https:\/\/bahiaeconomica.com.br\/wp\/2021\/08\/03\/entidades-repudiam-ofensas-de-fabio-vilas-boas-contra-empresaria-e-pedem-providencias\/#article\",\"isPartOf\":{\"@id\":\"https:\/\/bahiaeconomica.com.br\/wp\/2021\/08\/03\/entidades-repudiam-ofensas-de-fabio-vilas-boas-contra-empresaria-e-pedem-providencias\/\"},\"author\":{\"name\":\"admin\",\"@id\":\"https:\/\/bahiaeconomica.com.br\/wp\/#\/schema\/person\/cb1ab5ba96ad3d9390805381c76284ec\"},\"headline\":\"ENTIDADES REPUDIAM OFENSAS DE F\u00c1BIO VILAS-BOAS CONTRA EMPRES\u00c1RIA E PEDEM PROVID\u00caNCIAS\",\"datePublished\":\"2021-08-03T10:29:31+00:00\",\"dateModified\":\"2021-08-03T11:01:06+00:00\",\"mainEntityOfPage\":{\"@id\":\"https:\/\/bahiaeconomica.com.br\/wp\/2021\/08\/03\/entidades-repudiam-ofensas-de-fabio-vilas-boas-contra-empresaria-e-pedem-providencias\/\"},\"wordCount\":452,\"publisher\":{\"@id\":\"https:\/\/bahiaeconomica.com.br\/wp\/#organization\"},\"articleSection\":[\"ECONOMIA \/ POL\u00cdTICA\"],\"inLanguage\":\"pt-BR\"},{\"@type\":\"WebPage\",\"@id\":\"https:\/\/bahiaeconomica.com.br\/wp\/2021\/08\/03\/entidades-repudiam-ofensas-de-fabio-vilas-boas-contra-empresaria-e-pedem-providencias\/\",\"url\":\"https:\/\/bahiaeconomica.com.br\/wp\/2021\/08\/03\/entidades-repudiam-ofensas-de-fabio-vilas-boas-contra-empresaria-e-pedem-providencias\/\",\"name\":\"ENTIDADES REPUDIAM OFENSAS DE F\u00c1BIO VILAS-BOAS CONTRA EMPRES\u00c1RIA E PEDEM PROVID\u00caNCIAS - Bahia Economica\",\"isPartOf\":{\"@id\":\"https:\/\/bahiaeconomica.com.br\/wp\/#website\"},\"datePublished\":\"2021-08-03T10:29:31+00:00\",\"dateModified\":\"2021-08-03T11:01:06+00:00\",\"description\":\"O maior portal de Economia da Bahia ECONOMIA \/ POL\u00cdTICA Bahia Economica\",\"breadcrumb\":{\"@id\":\"https:\/\/bahiaeconomica.com.br\/wp\/2021\/08\/03\/entidades-repudiam-ofensas-de-fabio-vilas-boas-contra-empresaria-e-pedem-providencias\/#breadcrumb\"},\"inLanguage\":\"pt-BR\",\"potentialAction\":[{\"@type\":\"ReadAction\",\"target\":[\"https:\/\/bahiaeconomica.com.br\/wp\/2021\/08\/03\/entidades-repudiam-ofensas-de-fabio-vilas-boas-contra-empresaria-e-pedem-providencias\/\"]}]},{\"@type\":\"BreadcrumbList\",\"@id\":\"https:\/\/bahiaeconomica.com.br\/wp\/2021\/08\/03\/entidades-repudiam-ofensas-de-fabio-vilas-boas-contra-empresaria-e-pedem-providencias\/#breadcrumb\",\"itemListElement\":[{\"@type\":\"ListItem\",\"position\":1,\"name\":\"In\u00edcio\",\"item\":\"https:\/\/bahiaeconomica.com.br\/wp\/\"},{\"@type\":\"ListItem\",\"position\":2,\"name\":\"ENTIDADES REPUDIAM OFENSAS DE F\u00c1BIO VILAS-BOAS CONTRA EMPRES\u00c1RIA E PEDEM PROVID\u00caNCIAS\"}]},{\"@type\":\"WebSite\",\"@id\":\"https:\/\/bahiaeconomica.com.br\/wp\/#website\",\"url\":\"https:\/\/bahiaeconomica.com.br\/wp\/\",\"name\":\"Bahia Economica\",\"description\":\"O maior portal de Economia da Bahia\",\"publisher\":{\"@id\":\"https:\/\/bahiaeconomica.com.br\/wp\/#organization\"},\"potentialAction\":[{\"@type\":\"SearchAction\",\"target\":{\"@type\":\"EntryPoint\",\"urlTemplate\":\"https:\/\/bahiaeconomica.com.br\/wp\/?s={search_term_string}\"},\"query-input\":\"required name=search_term_string\"}],\"inLanguage\":\"pt-BR\"},{\"@type\":\"Organization\",\"@id\":\"https:\/\/bahiaeconomica.com.br\/wp\/#organization\",\"name\":\"Bahia Econ\u00f4mica\",\"url\":\"https:\/\/bahiaeconomica.com.br\/wp\/\",\"logo\":{\"@type\":\"ImageObject\",\"inLanguage\":\"pt-BR\",\"@id\":\"https:\/\/bahiaeconomica.com.br\/wp\/#\/schema\/logo\/image\/\",\"url\":\"https:\/\/bahiaeconomica.com.br\/wp\/wp-content\/uploads\/2020\/12\/cropped-BE.png\",\"contentUrl\":\"https:\/\/bahiaeconomica.com.br\/wp\/wp-content\/uploads\/2020\/12\/cropped-BE.png\",\"width\":512,\"height\":512,\"caption\":\"Bahia Econ\u00f4mica\"},\"image\":{\"@id\":\"https:\/\/bahiaeconomica.com.br\/wp\/#\/schema\/logo\/image\/\"},\"sameAs\":[\"https:\/\/www.facebook.com\/bahiaeconomica\"]},{\"@type\":\"Person\",\"@id\":\"https:\/\/bahiaeconomica.com.br\/wp\/#\/schema\/person\/cb1ab5ba96ad3d9390805381c76284ec\",\"name\":\"admin\",\"url\":\"https:\/\/bahiaeconomica.com.br\/wp\/author\/admin\/\"}]}<\/script>\n<!-- \/ Yoast SEO plugin. -->","yoast_head_json":{"title":"ENTIDADES REPUDIAM OFENSAS DE F\u00c1BIO VILAS-BOAS CONTRA EMPRES\u00c1RIA E PEDEM PROVID\u00caNCIAS - Bahia Economica","description":"O maior portal de Economia da Bahia ECONOMIA \/ POL\u00cdTICA Bahia Economica","robots":{"index":"index","follow":"follow","max-snippet":"max-snippet:-1","max-image-preview":"max-image-preview:large","max-video-preview":"max-video-preview:-1"},"canonical":"https:\/\/bahiaeconomica.com.br\/wp\/2021\/08\/03\/entidades-repudiam-ofensas-de-fabio-vilas-boas-contra-empresaria-e-pedem-providencias\/","og_locale":"pt_BR","og_type":"article","og_title":"ENTIDADES REPUDIAM OFENSAS DE F\u00c1BIO VILAS-BOAS CONTRA EMPRES\u00c1RIA E PEDEM PROVID\u00caNCIAS - Bahia Economica","og_description":"O maior portal de Economia da Bahia ECONOMIA \/ POL\u00cdTICA Bahia Economica","og_url":"https:\/\/bahiaeconomica.com.br\/wp\/2021\/08\/03\/entidades-repudiam-ofensas-de-fabio-vilas-boas-contra-empresaria-e-pedem-providencias\/","og_site_name":"Bahia Economica","article_publisher":"https:\/\/www.facebook.com\/bahiaeconomica","article_published_time":"2021-08-03T10:29:31+00:00","article_modified_time":"2021-08-03T11:01:06+00:00","og_image":[{"width":500,"height":313,"url":"https:\/\/bahiaeconomica.com.br\/wp\/wp-content\/uploads\/2020\/05\/fabio-vilas-boas-reprodu\u00e7\u00e3o-tv-bahia.jpg","type":"image\/jpeg"}],"author":"admin","twitter_card":"summary_large_image","twitter_misc":{"Escrito por":"admin","Est. tempo de leitura":"2 minutos"},"schema":{"@context":"https:\/\/schema.org","@graph":[{"@type":"Article","@id":"https:\/\/bahiaeconomica.com.br\/wp\/2021\/08\/03\/entidades-repudiam-ofensas-de-fabio-vilas-boas-contra-empresaria-e-pedem-providencias\/#article","isPartOf":{"@id":"https:\/\/bahiaeconomica.com.br\/wp\/2021\/08\/03\/entidades-repudiam-ofensas-de-fabio-vilas-boas-contra-empresaria-e-pedem-providencias\/"},"author":{"name":"admin","@id":"https:\/\/bahiaeconomica.com.br\/wp\/#\/schema\/person\/cb1ab5ba96ad3d9390805381c76284ec"},"headline":"ENTIDADES REPUDIAM OFENSAS DE F\u00c1BIO VILAS-BOAS CONTRA EMPRES\u00c1RIA E PEDEM PROVID\u00caNCIAS","datePublished":"2021-08-03T10:29:31+00:00","dateModified":"2021-08-03T11:01:06+00:00","mainEntityOfPage":{"@id":"https:\/\/bahiaeconomica.com.br\/wp\/2021\/08\/03\/entidades-repudiam-ofensas-de-fabio-vilas-boas-contra-empresaria-e-pedem-providencias\/"},"wordCount":452,"publisher":{"@id":"https:\/\/bahiaeconomica.com.br\/wp\/#organization"},"articleSection":["ECONOMIA \/ POL\u00cdTICA"],"inLanguage":"pt-BR"},{"@type":"WebPage","@id":"https:\/\/bahiaeconomica.com.br\/wp\/2021\/08\/03\/entidades-repudiam-ofensas-de-fabio-vilas-boas-contra-empresaria-e-pedem-providencias\/","url":"https:\/\/bahiaeconomica.com.br\/wp\/2021\/08\/03\/entidades-repudiam-ofensas-de-fabio-vilas-boas-contra-empresaria-e-pedem-providencias\/","name":"ENTIDADES REPUDIAM OFENSAS DE F\u00c1BIO VILAS-BOAS CONTRA EMPRES\u00c1RIA E PEDEM PROVID\u00caNCIAS - Bahia Economica","isPartOf":{"@id":"https:\/\/bahiaeconomica.com.br\/wp\/#website"},"datePublished":"2021-08-03T10:29:31+00:00","dateModified":"2021-08-03T11:01:06+00:00","description":"O maior portal de Economia da Bahia ECONOMIA \/ POL\u00cdTICA Bahia Economica","breadcrumb":{"@id":"https:\/\/bahiaeconomica.com.br\/wp\/2021\/08\/03\/entidades-repudiam-ofensas-de-fabio-vilas-boas-contra-empresaria-e-pedem-providencias\/#breadcrumb"},"inLanguage":"pt-BR","potentialAction":[{"@type":"ReadAction","target":["https:\/\/bahiaeconomica.com.br\/wp\/2021\/08\/03\/entidades-repudiam-ofensas-de-fabio-vilas-boas-contra-empresaria-e-pedem-providencias\/"]}]},{"@type":"BreadcrumbList","@id":"https:\/\/bahiaeconomica.com.br\/wp\/2021\/08\/03\/entidades-repudiam-ofensas-de-fabio-vilas-boas-contra-empresaria-e-pedem-providencias\/#breadcrumb","itemListElement":[{"@type":"ListItem","position":1,"name":"In\u00edcio","item":"https:\/\/bahiaeconomica.com.br\/wp\/"},{"@type":"ListItem","position":2,"name":"ENTIDADES REPUDIAM OFENSAS DE F\u00c1BIO VILAS-BOAS CONTRA EMPRES\u00c1RIA E PEDEM PROVID\u00caNCIAS"}]},{"@type":"WebSite","@id":"https:\/\/bahiaeconomica.com.br\/wp\/#website","url":"https:\/\/bahiaeconomica.com.br\/wp\/","name":"Bahia Economica","description":"O maior portal de Economia da Bahia","publisher":{"@id":"https:\/\/bahiaeconomica.com.br\/wp\/#organization"},"potentialAction":[{"@type":"SearchAction","target":{"@type":"EntryPoint","urlTemplate":"https:\/\/bahiaeconomica.com.br\/wp\/?s={search_term_string}"},"query-input":"required name=search_term_string"}],"inLanguage":"pt-BR"},{"@type":"Organization","@id":"https:\/\/bahiaeconomica.com.br\/wp\/#organization","name":"Bahia Econ\u00f4mica","url":"https:\/\/bahiaeconomica.com.br\/wp\/","logo":{"@type":"ImageObject","inLanguage":"pt-BR","@id":"https:\/\/bahiaeconomica.com.br\/wp\/#\/schema\/logo\/image\/","url":"https:\/\/bahiaeconomica.com.br\/wp\/wp-content\/uploads\/2020\/12\/cropped-BE.png","contentUrl":"https:\/\/bahiaeconomica.com.br\/wp\/wp-content\/uploads\/2020\/12\/cropped-BE.png","width":512,"height":512,"caption":"Bahia Econ\u00f4mica"},"image":{"@id":"https:\/\/bahiaeconomica.com.br\/wp\/#\/schema\/logo\/image\/"},"sameAs":["https:\/\/www.facebook.com\/bahiaeconomica"]},{"@type":"Person","@id":"https:\/\/bahiaeconomica.com.br\/wp\/#\/schema\/person\/cb1ab5ba96ad3d9390805381c76284ec","name":"admin","url":"https:\/\/bahiaeconomica.com.br\/wp\/author\/admin\/"}]}},"views":3,"_links":{"self":[{"href":"https:\/\/bahiaeconomica.com.br\/wp\/wp-json\/wp\/v2\/posts\/589028"}],"collection":[{"href":"https:\/\/bahiaeconomica.com.br\/wp\/wp-json\/wp\/v2\/posts"}],"about":[{"href":"https:\/\/bahiaeconomica.com.br\/wp\/wp-json\/wp\/v2\/types\/post"}],"author":[{"embeddable":true,"href":"https:\/\/bahiaeconomica.com.br\/wp\/wp-json\/wp\/v2\/users\/1"}],"replies":[{"embeddable":true,"href":"https:\/\/bahiaeconomica.com.br\/wp\/wp-json\/wp\/v2\/comments?post=589028"}],"version-history":[{"count":3,"href":"https:\/\/bahiaeconomica.com.br\/wp\/wp-json\/wp\/v2\/posts\/589028\/revisions"}],"predecessor-version":[{"id":589057,"href":"https:\/\/bahiaeconomica.com.br\/wp\/wp-json\/wp\/v2\/posts\/589028\/revisions\/589057"}],"wp:featuredmedia":[{"embeddable":true,"href":"https:\/\/bahiaeconomica.com.br\/wp\/wp-json\/wp\/v2\/media\/458729"}],"wp:attachment":[{"href":"https:\/\/bahiaeconomica.com.br\/wp\/wp-json\/wp\/v2\/media?parent=589028"}],"wp:term":[{"taxonomy":"category","embeddable":true,"href":"https:\/\/bahiaeconomica.com.br\/wp\/wp-json\/wp\/v2\/categories?post=589028"},{"taxonomy":"post_tag","embeddable":true,"href":"https:\/\/bahiaeconomica.com.br\/wp\/wp-json\/wp\/v2\/tags?post=589028"}],"curies":[{"name":"wp","href":"https:\/\/api.w.org\/{rel}","templated":true}]}}