{"id":588779,"date":"2021-08-02T15:00:19","date_gmt":"2021-08-02T18:00:19","guid":{"rendered":"https:\/\/bahiaeconomica.com.br\/wp\/beta\/?p=588779"},"modified":"2021-08-02T15:02:16","modified_gmt":"2021-08-02T18:02:16","slug":"industria-completa-11-meses-consecutivos-de-alta-no-emprego-avalia-cni","status":"publish","type":"post","link":"https:\/\/bahiaeconomica.com.br\/wp\/2021\/08\/02\/industria-completa-11-meses-consecutivos-de-alta-no-emprego-avalia-cni\/","title":{"rendered":"IND\u00daSTRIA COMPLETA 11 MESES  DE ALTA NO EMPREGO, DIZ CNI"},"content":{"rendered":"<p>Os Indicadores Industriais, da Confedera\u00e7\u00e3o Nacional da Ind\u00fastria (CNI), mostram que a ind\u00fastria fechou o primeiro semestre de 2021 melhor que antes da pandemia de Covid-19. A Utiliza\u00e7\u00e3o da Capacidade Instalada (UCI) cresceu novamente em junho e se encontra no maior patamar desde 2013.<!--more--><\/p>\n<p>S\u00e3o dois meses consecutivos de alta e quatro meses de UCI acima de 80%. O emprego industrial segue acumulando altas. Com o resultado de maio, s\u00e3o onze meses consecutivos de crescimento.<\/p>\n<p>e acordo com o gerente de An\u00e1lise Econ\u00f4mica da CNI, Marcelo Azevedo, as altas mensais do emprego vem sendo significativas e o n\u00edvel da UCI se mant\u00e9m alto h\u00e1 v\u00e1rios meses.<\/p>\n<p>\u201cOs indicadores mostram que a ind\u00fastria encerrou o primeiro semestre com uma atividade forte. A utiliza\u00e7\u00e3o da capacidade instalada cresceu da passagem de maio para junho, o que vem sendo traduzido em empregos. J\u00e1 temos 11 meses consecutivos de crescimento nas contrata\u00e7\u00f5es. Mesmo o faturamento e horas trabalhadas, que t\u00eam oscilado bastante, permanecem acima do registrado antes da pandemia\u201d, explica Marcelo Azevedo.<\/p>\n<p>Foto: Fiep<\/p>\n","protected":false},"excerpt":{"rendered":"<p>Os Indicadores Industriais, da Confedera\u00e7\u00e3o Nacional da Ind\u00fastria (CNI), mostram que a ind\u00fastria fechou o primeiro semestre de 2021 melhor que antes da pandemia de Covid-19. A Utiliza\u00e7\u00e3o da Capacidade Instalada (UCI) cresceu novamente em junho e se encontra no maior patamar desde 2013.<\/p>\n","protected":false},"author":1,"featured_media":557072,"comment_status":"closed","ping_status":"closed","sticky":false,"template":"","format":"standard","meta":[],"categories":[14,3],"tags":[],"acf":[],"yoast_head":"<!-- This site is optimized with the Yoast SEO plugin v20.8 - https:\/\/yoast.com\/wordpress\/plugins\/seo\/ -->\n<title>IND\u00daSTRIA COMPLETA 11 MESES DE ALTA NO EMPREGO, DIZ CNI - Bahia Economica<\/title>\n<meta name=\"description\" content=\"O maior portal de Economia da Bahia DESTAQUE DO DIA, ECONOMIA \/ POL\u00cdTICA Bahia Economica\" \/>\n<meta name=\"robots\" content=\"index, follow, max-snippet:-1, max-image-preview:large, max-video-preview:-1\" \/>\n<link rel=\"canonical\" href=\"https:\/\/bahiaeconomica.com.br\/wp\/2021\/08\/02\/industria-completa-11-meses-consecutivos-de-alta-no-emprego-avalia-cni\/\" \/>\n<meta property=\"og:locale\" content=\"pt_BR\" \/>\n<meta property=\"og:type\" content=\"article\" \/>\n<meta property=\"og:title\" content=\"IND\u00daSTRIA COMPLETA 11 MESES DE ALTA NO EMPREGO, DIZ CNI - Bahia Economica\" \/>\n<meta property=\"og:description\" content=\"O maior portal de Economia da Bahia DESTAQUE DO DIA, ECONOMIA \/ POL\u00cdTICA Bahia Economica\" \/>\n<meta property=\"og:url\" content=\"https:\/\/bahiaeconomica.com.br\/wp\/2021\/08\/02\/industria-completa-11-meses-consecutivos-de-alta-no-emprego-avalia-cni\/\" \/>\n<meta property=\"og:site_name\" content=\"Bahia Economica\" \/>\n<meta property=\"article:publisher\" content=\"https:\/\/www.facebook.com\/bahiaeconomica\" \/>\n<meta property=\"article:published_time\" content=\"2021-08-02T18:00:19+00:00\" \/>\n<meta property=\"article:modified_time\" content=\"2021-08-02T18:02:16+00:00\" \/>\n<meta property=\"og:image\" content=\"https:\/\/bahiaeconomica.com.br\/wp\/wp-content\/uploads\/2021\/04\/industria-foto-fiep.jpg\" \/>\n\t<meta property=\"og:image:width\" content=\"500\" \/>\n\t<meta property=\"og:image:height\" content=\"333\" \/>\n\t<meta property=\"og:image:type\" content=\"image\/jpeg\" \/>\n<meta name=\"author\" content=\"admin\" \/>\n<meta name=\"twitter:card\" content=\"summary_large_image\" \/>\n<meta name=\"twitter:label1\" content=\"Escrito por\" \/>\n\t<meta name=\"twitter:data1\" content=\"admin\" \/>\n\t<meta name=\"twitter:label2\" content=\"Est. tempo de leitura\" \/>\n\t<meta name=\"twitter:data2\" content=\"1 minuto\" \/>\n<script type=\"application\/ld+json\" class=\"yoast-schema-graph\">{\"@context\":\"https:\/\/schema.org\",\"@graph\":[{\"@type\":\"Article\",\"@id\":\"https:\/\/bahiaeconomica.com.br\/wp\/2021\/08\/02\/industria-completa-11-meses-consecutivos-de-alta-no-emprego-avalia-cni\/#article\",\"isPartOf\":{\"@id\":\"https:\/\/bahiaeconomica.com.br\/wp\/2021\/08\/02\/industria-completa-11-meses-consecutivos-de-alta-no-emprego-avalia-cni\/\"},\"author\":{\"name\":\"admin\",\"@id\":\"https:\/\/bahiaeconomica.com.br\/wp\/#\/schema\/person\/cb1ab5ba96ad3d9390805381c76284ec\"},\"headline\":\"IND\u00daSTRIA COMPLETA 11 MESES DE ALTA NO EMPREGO, DIZ CNI\",\"datePublished\":\"2021-08-02T18:00:19+00:00\",\"dateModified\":\"2021-08-02T18:02:16+00:00\",\"mainEntityOfPage\":{\"@id\":\"https:\/\/bahiaeconomica.com.br\/wp\/2021\/08\/02\/industria-completa-11-meses-consecutivos-de-alta-no-emprego-avalia-cni\/\"},\"wordCount\":191,\"publisher\":{\"@id\":\"https:\/\/bahiaeconomica.com.br\/wp\/#organization\"},\"articleSection\":[\"DESTAQUE DO DIA\",\"ECONOMIA \/ POL\u00cdTICA\"],\"inLanguage\":\"pt-BR\"},{\"@type\":\"WebPage\",\"@id\":\"https:\/\/bahiaeconomica.com.br\/wp\/2021\/08\/02\/industria-completa-11-meses-consecutivos-de-alta-no-emprego-avalia-cni\/\",\"url\":\"https:\/\/bahiaeconomica.com.br\/wp\/2021\/08\/02\/industria-completa-11-meses-consecutivos-de-alta-no-emprego-avalia-cni\/\",\"name\":\"IND\u00daSTRIA COMPLETA 11 MESES DE ALTA NO EMPREGO, DIZ CNI - Bahia Economica\",\"isPartOf\":{\"@id\":\"https:\/\/bahiaeconomica.com.br\/wp\/#website\"},\"datePublished\":\"2021-08-02T18:00:19+00:00\",\"dateModified\":\"2021-08-02T18:02:16+00:00\",\"description\":\"O maior portal de Economia da Bahia DESTAQUE DO DIA, ECONOMIA \/ POL\u00cdTICA Bahia Economica\",\"breadcrumb\":{\"@id\":\"https:\/\/bahiaeconomica.com.br\/wp\/2021\/08\/02\/industria-completa-11-meses-consecutivos-de-alta-no-emprego-avalia-cni\/#breadcrumb\"},\"inLanguage\":\"pt-BR\",\"potentialAction\":[{\"@type\":\"ReadAction\",\"target\":[\"https:\/\/bahiaeconomica.com.br\/wp\/2021\/08\/02\/industria-completa-11-meses-consecutivos-de-alta-no-emprego-avalia-cni\/\"]}]},{\"@type\":\"BreadcrumbList\",\"@id\":\"https:\/\/bahiaeconomica.com.br\/wp\/2021\/08\/02\/industria-completa-11-meses-consecutivos-de-alta-no-emprego-avalia-cni\/#breadcrumb\",\"itemListElement\":[{\"@type\":\"ListItem\",\"position\":1,\"name\":\"In\u00edcio\",\"item\":\"https:\/\/bahiaeconomica.com.br\/wp\/\"},{\"@type\":\"ListItem\",\"position\":2,\"name\":\"IND\u00daSTRIA COMPLETA 11 MESES DE ALTA NO EMPREGO, DIZ CNI\"}]},{\"@type\":\"WebSite\",\"@id\":\"https:\/\/bahiaeconomica.com.br\/wp\/#website\",\"url\":\"https:\/\/bahiaeconomica.com.br\/wp\/\",\"name\":\"Bahia Economica\",\"description\":\"O maior portal de Economia da Bahia\",\"publisher\":{\"@id\":\"https:\/\/bahiaeconomica.com.br\/wp\/#organization\"},\"potentialAction\":[{\"@type\":\"SearchAction\",\"target\":{\"@type\":\"EntryPoint\",\"urlTemplate\":\"https:\/\/bahiaeconomica.com.br\/wp\/?s={search_term_string}\"},\"query-input\":\"required name=search_term_string\"}],\"inLanguage\":\"pt-BR\"},{\"@type\":\"Organization\",\"@id\":\"https:\/\/bahiaeconomica.com.br\/wp\/#organization\",\"name\":\"Bahia Econ\u00f4mica\",\"url\":\"https:\/\/bahiaeconomica.com.br\/wp\/\",\"logo\":{\"@type\":\"ImageObject\",\"inLanguage\":\"pt-BR\",\"@id\":\"https:\/\/bahiaeconomica.com.br\/wp\/#\/schema\/logo\/image\/\",\"url\":\"https:\/\/bahiaeconomica.com.br\/wp\/wp-content\/uploads\/2020\/12\/cropped-BE.png\",\"contentUrl\":\"https:\/\/bahiaeconomica.com.br\/wp\/wp-content\/uploads\/2020\/12\/cropped-BE.png\",\"width\":512,\"height\":512,\"caption\":\"Bahia Econ\u00f4mica\"},\"image\":{\"@id\":\"https:\/\/bahiaeconomica.com.br\/wp\/#\/schema\/logo\/image\/\"},\"sameAs\":[\"https:\/\/www.facebook.com\/bahiaeconomica\"]},{\"@type\":\"Person\",\"@id\":\"https:\/\/bahiaeconomica.com.br\/wp\/#\/schema\/person\/cb1ab5ba96ad3d9390805381c76284ec\",\"name\":\"admin\",\"url\":\"https:\/\/bahiaeconomica.com.br\/wp\/author\/admin\/\"}]}<\/script>\n<!-- \/ Yoast SEO plugin. -->","yoast_head_json":{"title":"IND\u00daSTRIA COMPLETA 11 MESES DE ALTA NO EMPREGO, DIZ CNI - Bahia Economica","description":"O maior portal de Economia da Bahia DESTAQUE DO DIA, ECONOMIA \/ POL\u00cdTICA Bahia Economica","robots":{"index":"index","follow":"follow","max-snippet":"max-snippet:-1","max-image-preview":"max-image-preview:large","max-video-preview":"max-video-preview:-1"},"canonical":"https:\/\/bahiaeconomica.com.br\/wp\/2021\/08\/02\/industria-completa-11-meses-consecutivos-de-alta-no-emprego-avalia-cni\/","og_locale":"pt_BR","og_type":"article","og_title":"IND\u00daSTRIA COMPLETA 11 MESES DE ALTA NO EMPREGO, DIZ CNI - Bahia Economica","og_description":"O maior portal de Economia da Bahia DESTAQUE DO DIA, ECONOMIA \/ POL\u00cdTICA Bahia Economica","og_url":"https:\/\/bahiaeconomica.com.br\/wp\/2021\/08\/02\/industria-completa-11-meses-consecutivos-de-alta-no-emprego-avalia-cni\/","og_site_name":"Bahia Economica","article_publisher":"https:\/\/www.facebook.com\/bahiaeconomica","article_published_time":"2021-08-02T18:00:19+00:00","article_modified_time":"2021-08-02T18:02:16+00:00","og_image":[{"width":500,"height":333,"url":"https:\/\/bahiaeconomica.com.br\/wp\/wp-content\/uploads\/2021\/04\/industria-foto-fiep.jpg","type":"image\/jpeg"}],"author":"admin","twitter_card":"summary_large_image","twitter_misc":{"Escrito por":"admin","Est. tempo de leitura":"1 minuto"},"schema":{"@context":"https:\/\/schema.org","@graph":[{"@type":"Article","@id":"https:\/\/bahiaeconomica.com.br\/wp\/2021\/08\/02\/industria-completa-11-meses-consecutivos-de-alta-no-emprego-avalia-cni\/#article","isPartOf":{"@id":"https:\/\/bahiaeconomica.com.br\/wp\/2021\/08\/02\/industria-completa-11-meses-consecutivos-de-alta-no-emprego-avalia-cni\/"},"author":{"name":"admin","@id":"https:\/\/bahiaeconomica.com.br\/wp\/#\/schema\/person\/cb1ab5ba96ad3d9390805381c76284ec"},"headline":"IND\u00daSTRIA COMPLETA 11 MESES DE ALTA NO EMPREGO, DIZ CNI","datePublished":"2021-08-02T18:00:19+00:00","dateModified":"2021-08-02T18:02:16+00:00","mainEntityOfPage":{"@id":"https:\/\/bahiaeconomica.com.br\/wp\/2021\/08\/02\/industria-completa-11-meses-consecutivos-de-alta-no-emprego-avalia-cni\/"},"wordCount":191,"publisher":{"@id":"https:\/\/bahiaeconomica.com.br\/wp\/#organization"},"articleSection":["DESTAQUE DO DIA","ECONOMIA \/ POL\u00cdTICA"],"inLanguage":"pt-BR"},{"@type":"WebPage","@id":"https:\/\/bahiaeconomica.com.br\/wp\/2021\/08\/02\/industria-completa-11-meses-consecutivos-de-alta-no-emprego-avalia-cni\/","url":"https:\/\/bahiaeconomica.com.br\/wp\/2021\/08\/02\/industria-completa-11-meses-consecutivos-de-alta-no-emprego-avalia-cni\/","name":"IND\u00daSTRIA COMPLETA 11 MESES DE ALTA NO EMPREGO, DIZ CNI - Bahia Economica","isPartOf":{"@id":"https:\/\/bahiaeconomica.com.br\/wp\/#website"},"datePublished":"2021-08-02T18:00:19+00:00","dateModified":"2021-08-02T18:02:16+00:00","description":"O maior portal de Economia da Bahia DESTAQUE DO DIA, ECONOMIA \/ POL\u00cdTICA Bahia Economica","breadcrumb":{"@id":"https:\/\/bahiaeconomica.com.br\/wp\/2021\/08\/02\/industria-completa-11-meses-consecutivos-de-alta-no-emprego-avalia-cni\/#breadcrumb"},"inLanguage":"pt-BR","potentialAction":[{"@type":"ReadAction","target":["https:\/\/bahiaeconomica.com.br\/wp\/2021\/08\/02\/industria-completa-11-meses-consecutivos-de-alta-no-emprego-avalia-cni\/"]}]},{"@type":"BreadcrumbList","@id":"https:\/\/bahiaeconomica.com.br\/wp\/2021\/08\/02\/industria-completa-11-meses-consecutivos-de-alta-no-emprego-avalia-cni\/#breadcrumb","itemListElement":[{"@type":"ListItem","position":1,"name":"In\u00edcio","item":"https:\/\/bahiaeconomica.com.br\/wp\/"},{"@type":"ListItem","position":2,"name":"IND\u00daSTRIA COMPLETA 11 MESES DE ALTA NO EMPREGO, DIZ CNI"}]},{"@type":"WebSite","@id":"https:\/\/bahiaeconomica.com.br\/wp\/#website","url":"https:\/\/bahiaeconomica.com.br\/wp\/","name":"Bahia Economica","description":"O maior portal de Economia da Bahia","publisher":{"@id":"https:\/\/bahiaeconomica.com.br\/wp\/#organization"},"potentialAction":[{"@type":"SearchAction","target":{"@type":"EntryPoint","urlTemplate":"https:\/\/bahiaeconomica.com.br\/wp\/?s={search_term_string}"},"query-input":"required name=search_term_string"}],"inLanguage":"pt-BR"},{"@type":"Organization","@id":"https:\/\/bahiaeconomica.com.br\/wp\/#organization","name":"Bahia Econ\u00f4mica","url":"https:\/\/bahiaeconomica.com.br\/wp\/","logo":{"@type":"ImageObject","inLanguage":"pt-BR","@id":"https:\/\/bahiaeconomica.com.br\/wp\/#\/schema\/logo\/image\/","url":"https:\/\/bahiaeconomica.com.br\/wp\/wp-content\/uploads\/2020\/12\/cropped-BE.png","contentUrl":"https:\/\/bahiaeconomica.com.br\/wp\/wp-content\/uploads\/2020\/12\/cropped-BE.png","width":512,"height":512,"caption":"Bahia Econ\u00f4mica"},"image":{"@id":"https:\/\/bahiaeconomica.com.br\/wp\/#\/schema\/logo\/image\/"},"sameAs":["https:\/\/www.facebook.com\/bahiaeconomica"]},{"@type":"Person","@id":"https:\/\/bahiaeconomica.com.br\/wp\/#\/schema\/person\/cb1ab5ba96ad3d9390805381c76284ec","name":"admin","url":"https:\/\/bahiaeconomica.com.br\/wp\/author\/admin\/"}]}},"views":6,"_links":{"self":[{"href":"https:\/\/bahiaeconomica.com.br\/wp\/wp-json\/wp\/v2\/posts\/588779"}],"collection":[{"href":"https:\/\/bahiaeconomica.com.br\/wp\/wp-json\/wp\/v2\/posts"}],"about":[{"href":"https:\/\/bahiaeconomica.com.br\/wp\/wp-json\/wp\/v2\/types\/post"}],"author":[{"embeddable":true,"href":"https:\/\/bahiaeconomica.com.br\/wp\/wp-json\/wp\/v2\/users\/1"}],"replies":[{"embeddable":true,"href":"https:\/\/bahiaeconomica.com.br\/wp\/wp-json\/wp\/v2\/comments?post=588779"}],"version-history":[{"count":2,"href":"https:\/\/bahiaeconomica.com.br\/wp\/wp-json\/wp\/v2\/posts\/588779\/revisions"}],"predecessor-version":[{"id":588785,"href":"https:\/\/bahiaeconomica.com.br\/wp\/wp-json\/wp\/v2\/posts\/588779\/revisions\/588785"}],"wp:featuredmedia":[{"embeddable":true,"href":"https:\/\/bahiaeconomica.com.br\/wp\/wp-json\/wp\/v2\/media\/557072"}],"wp:attachment":[{"href":"https:\/\/bahiaeconomica.com.br\/wp\/wp-json\/wp\/v2\/media?parent=588779"}],"wp:term":[{"taxonomy":"category","embeddable":true,"href":"https:\/\/bahiaeconomica.com.br\/wp\/wp-json\/wp\/v2\/categories?post=588779"},{"taxonomy":"post_tag","embeddable":true,"href":"https:\/\/bahiaeconomica.com.br\/wp\/wp-json\/wp\/v2\/tags?post=588779"}],"curies":[{"name":"wp","href":"https:\/\/api.w.org\/{rel}","templated":true}]}}