{"id":587828,"date":"2021-07-29T13:39:04","date_gmt":"2021-07-29T16:39:04","guid":{"rendered":"https:\/\/bahiaeconomica.com.br\/wp\/beta\/?p=587828"},"modified":"2021-07-29T13:39:44","modified_gmt":"2021-07-29T16:39:44","slug":"insider-da-como-certa-parceria-entre-anitta-e-justin-bieber","status":"publish","type":"post","link":"https:\/\/bahiaeconomica.com.br\/wp\/2021\/07\/29\/insider-da-como-certa-parceria-entre-anitta-e-justin-bieber\/","title":{"rendered":"INSIDER D\u00c1 COMO CERTA PARCERIA ENTRE ANITTA E JUSTIN BIEBER"},"content":{"rendered":"<p style=\"text-align: justify;\">A Garota do Rio pode estar perto de dar o voo mais alto da carreira em uma parceria in\u00e9dita com um dos maiores nomes masculinos da m\u00fasica pop.<\/p>\n<p style=\"text-align: justify;\">Um insider, pessoa de dentro da equipe, divulgou nas redes sociais que Anitta far\u00e1 uma participa\u00e7\u00e3o na pr\u00f3xima m\u00fasica de Justin Bieber. Os dois estiveram no mesmo evento no in\u00edcio de julho, mas n\u00e3o interagiram publicamente.<\/p>\n<p style=\"text-align: justify;\">O perfil ABTLABinsider afirma que o clipe n\u00e3o tem previs\u00e3o de ser lan\u00e7ado no ver\u00e3o norte-americano, que acaba em agosto, mas pode ser trabalhado ainda em 2021.<\/p>\n<p style=\"text-align: justify;\">Vale lembrar que Justin \u00e9 conhecido por engavetar clipes, como por exemplo, uma parceria que foi gravada com o artista colombiano J Balvin, por\u00e9m nunca foi lan\u00e7ada oficialmente pelo canadense.<\/p>\n<p style=\"text-align: justify;\">Os rumores ganharam ainda mais for\u00e7a pelo registro de algumas m\u00fasicas de Anitta na American Society of Composers, Authors and Publishers, organiza\u00e7\u00e3o de direitos autorais.<\/p>\n<p style=\"text-align: justify;\">A faixa &#8216;Shake the Mundo (I&#8217;m Better)&#8217; foi creditada a Anitta, a cantora porto-riquenha Gale, que no registro aparece como Carolina Isabel Col\u00f3n Juarbe, Pharrell Williams e Hugo Chad, assim como &#8216;Bunda Dance&#8217;.\u00a0A terceira faixa \u00e9 a can\u00e7\u00e3o\u00a0&#8216;Love Me Like You Mean It&#8217;, com Gale e Ryan Tedder, seu produtor internacional.<\/p>\n<p style=\"text-align: justify;\">No entanto, assim como aconteceu em abril deste ano, \u00e9 poss\u00edvel que a faixa n\u00e3o seja gravada, ou seja para um outro projeto de Anitta. A funkeira precisou desmentir os boatos de uma parceria com Rosal\u00eda e Becky G ap\u00f3s os f\u00e3s descobrirem o registro da composi\u00e7\u00e3o &#8216;Asi Es Mi Vida&#8217;.<\/p>\n<p style=\"text-align: justify;\">Atualmente Antita comemora o bom resultado de suas can\u00e7\u00f5es nos charts internacionais, como o Top 10 das m\u00fasicas mais tocadas na Fran\u00e7a com Mon Soleil em parceria com\u00a0DADJU, e o clipe de &#8216;Todo o Nada&#8217;, ao aldo do\u00a0porto-riquenho Lunay, com quem ela j\u00e1 foi especulada com um romance.<\/p>\n<p>Foto: Instagram<\/p>\n","protected":false},"excerpt":{"rendered":"<p>A Garota do Rio pode estar perto de dar o voo mais alto da carreira em uma parceria in\u00e9dita com um dos maiores nomes masculinos da m\u00fasica pop. Um insider, pessoa de dentro da equipe, divulgou nas redes sociais que Anitta far\u00e1 uma participa\u00e7\u00e3o na pr\u00f3xima m\u00fasica de Justin Bieber. Os dois estiveram no mesmo [&hellip;]<\/p>\n","protected":false},"author":1,"featured_media":587849,"comment_status":"closed","ping_status":"closed","sticky":false,"template":"","format":"standard","meta":[],"categories":[4],"tags":[],"acf":[],"yoast_head":"<!-- This site is optimized with the Yoast SEO plugin v20.8 - https:\/\/yoast.com\/wordpress\/plugins\/seo\/ -->\n<title>INSIDER D\u00c1 COMO CERTA PARCERIA ENTRE ANITTA E JUSTIN BIEBER - Bahia Economica<\/title>\n<meta name=\"description\" content=\"O maior portal de Economia da Bahia ENTRETENIMENTO Bahia Economica\" \/>\n<meta name=\"robots\" content=\"index, follow, max-snippet:-1, max-image-preview:large, max-video-preview:-1\" \/>\n<link rel=\"canonical\" href=\"https:\/\/bahiaeconomica.com.br\/wp\/2021\/07\/29\/insider-da-como-certa-parceria-entre-anitta-e-justin-bieber\/\" \/>\n<meta property=\"og:locale\" content=\"pt_BR\" \/>\n<meta property=\"og:type\" content=\"article\" \/>\n<meta property=\"og:title\" content=\"INSIDER D\u00c1 COMO CERTA PARCERIA ENTRE ANITTA E JUSTIN BIEBER - Bahia Economica\" \/>\n<meta property=\"og:description\" content=\"O maior portal de Economia da Bahia ENTRETENIMENTO Bahia Economica\" \/>\n<meta property=\"og:url\" content=\"https:\/\/bahiaeconomica.com.br\/wp\/2021\/07\/29\/insider-da-como-certa-parceria-entre-anitta-e-justin-bieber\/\" \/>\n<meta property=\"og:site_name\" content=\"Bahia Economica\" \/>\n<meta property=\"article:publisher\" content=\"https:\/\/www.facebook.com\/bahiaeconomica\" \/>\n<meta property=\"article:published_time\" content=\"2021-07-29T16:39:04+00:00\" \/>\n<meta property=\"article:modified_time\" content=\"2021-07-29T16:39:44+00:00\" \/>\n<meta property=\"og:image\" content=\"https:\/\/bahiaeconomica.com.br\/wp\/wp-content\/uploads\/2021\/07\/anitta-justin-instagram.jpg\" \/>\n\t<meta property=\"og:image:width\" content=\"380\" \/>\n\t<meta property=\"og:image:height\" content=\"280\" \/>\n\t<meta property=\"og:image:type\" content=\"image\/jpeg\" \/>\n<meta name=\"author\" content=\"admin\" \/>\n<meta name=\"twitter:card\" content=\"summary_large_image\" \/>\n<meta name=\"twitter:label1\" content=\"Escrito por\" \/>\n\t<meta name=\"twitter:data1\" content=\"admin\" \/>\n\t<meta name=\"twitter:label2\" content=\"Est. tempo de leitura\" \/>\n\t<meta name=\"twitter:data2\" content=\"2 minutos\" \/>\n<script type=\"application\/ld+json\" class=\"yoast-schema-graph\">{\"@context\":\"https:\/\/schema.org\",\"@graph\":[{\"@type\":\"Article\",\"@id\":\"https:\/\/bahiaeconomica.com.br\/wp\/2021\/07\/29\/insider-da-como-certa-parceria-entre-anitta-e-justin-bieber\/#article\",\"isPartOf\":{\"@id\":\"https:\/\/bahiaeconomica.com.br\/wp\/2021\/07\/29\/insider-da-como-certa-parceria-entre-anitta-e-justin-bieber\/\"},\"author\":{\"name\":\"admin\",\"@id\":\"https:\/\/bahiaeconomica.com.br\/wp\/#\/schema\/person\/cb1ab5ba96ad3d9390805381c76284ec\"},\"headline\":\"INSIDER D\u00c1 COMO CERTA PARCERIA ENTRE ANITTA E JUSTIN BIEBER\",\"datePublished\":\"2021-07-29T16:39:04+00:00\",\"dateModified\":\"2021-07-29T16:39:44+00:00\",\"mainEntityOfPage\":{\"@id\":\"https:\/\/bahiaeconomica.com.br\/wp\/2021\/07\/29\/insider-da-como-certa-parceria-entre-anitta-e-justin-bieber\/\"},\"wordCount\":335,\"publisher\":{\"@id\":\"https:\/\/bahiaeconomica.com.br\/wp\/#organization\"},\"articleSection\":[\"ENTRETENIMENTO\"],\"inLanguage\":\"pt-BR\"},{\"@type\":\"WebPage\",\"@id\":\"https:\/\/bahiaeconomica.com.br\/wp\/2021\/07\/29\/insider-da-como-certa-parceria-entre-anitta-e-justin-bieber\/\",\"url\":\"https:\/\/bahiaeconomica.com.br\/wp\/2021\/07\/29\/insider-da-como-certa-parceria-entre-anitta-e-justin-bieber\/\",\"name\":\"INSIDER D\u00c1 COMO CERTA PARCERIA ENTRE ANITTA E JUSTIN BIEBER - Bahia Economica\",\"isPartOf\":{\"@id\":\"https:\/\/bahiaeconomica.com.br\/wp\/#website\"},\"datePublished\":\"2021-07-29T16:39:04+00:00\",\"dateModified\":\"2021-07-29T16:39:44+00:00\",\"description\":\"O maior portal de Economia da Bahia ENTRETENIMENTO Bahia Economica\",\"breadcrumb\":{\"@id\":\"https:\/\/bahiaeconomica.com.br\/wp\/2021\/07\/29\/insider-da-como-certa-parceria-entre-anitta-e-justin-bieber\/#breadcrumb\"},\"inLanguage\":\"pt-BR\",\"potentialAction\":[{\"@type\":\"ReadAction\",\"target\":[\"https:\/\/bahiaeconomica.com.br\/wp\/2021\/07\/29\/insider-da-como-certa-parceria-entre-anitta-e-justin-bieber\/\"]}]},{\"@type\":\"BreadcrumbList\",\"@id\":\"https:\/\/bahiaeconomica.com.br\/wp\/2021\/07\/29\/insider-da-como-certa-parceria-entre-anitta-e-justin-bieber\/#breadcrumb\",\"itemListElement\":[{\"@type\":\"ListItem\",\"position\":1,\"name\":\"In\u00edcio\",\"item\":\"https:\/\/bahiaeconomica.com.br\/wp\/\"},{\"@type\":\"ListItem\",\"position\":2,\"name\":\"INSIDER D\u00c1 COMO CERTA PARCERIA ENTRE ANITTA E JUSTIN BIEBER\"}]},{\"@type\":\"WebSite\",\"@id\":\"https:\/\/bahiaeconomica.com.br\/wp\/#website\",\"url\":\"https:\/\/bahiaeconomica.com.br\/wp\/\",\"name\":\"Bahia Economica\",\"description\":\"O maior portal de Economia da Bahia\",\"publisher\":{\"@id\":\"https:\/\/bahiaeconomica.com.br\/wp\/#organization\"},\"potentialAction\":[{\"@type\":\"SearchAction\",\"target\":{\"@type\":\"EntryPoint\",\"urlTemplate\":\"https:\/\/bahiaeconomica.com.br\/wp\/?s={search_term_string}\"},\"query-input\":\"required name=search_term_string\"}],\"inLanguage\":\"pt-BR\"},{\"@type\":\"Organization\",\"@id\":\"https:\/\/bahiaeconomica.com.br\/wp\/#organization\",\"name\":\"Bahia Econ\u00f4mica\",\"url\":\"https:\/\/bahiaeconomica.com.br\/wp\/\",\"logo\":{\"@type\":\"ImageObject\",\"inLanguage\":\"pt-BR\",\"@id\":\"https:\/\/bahiaeconomica.com.br\/wp\/#\/schema\/logo\/image\/\",\"url\":\"https:\/\/bahiaeconomica.com.br\/wp\/wp-content\/uploads\/2020\/12\/cropped-BE.png\",\"contentUrl\":\"https:\/\/bahiaeconomica.com.br\/wp\/wp-content\/uploads\/2020\/12\/cropped-BE.png\",\"width\":512,\"height\":512,\"caption\":\"Bahia Econ\u00f4mica\"},\"image\":{\"@id\":\"https:\/\/bahiaeconomica.com.br\/wp\/#\/schema\/logo\/image\/\"},\"sameAs\":[\"https:\/\/www.facebook.com\/bahiaeconomica\"]},{\"@type\":\"Person\",\"@id\":\"https:\/\/bahiaeconomica.com.br\/wp\/#\/schema\/person\/cb1ab5ba96ad3d9390805381c76284ec\",\"name\":\"admin\",\"url\":\"https:\/\/bahiaeconomica.com.br\/wp\/author\/admin\/\"}]}<\/script>\n<!-- \/ Yoast SEO plugin. -->","yoast_head_json":{"title":"INSIDER D\u00c1 COMO CERTA PARCERIA ENTRE ANITTA E JUSTIN BIEBER - Bahia Economica","description":"O maior portal de Economia da Bahia ENTRETENIMENTO Bahia Economica","robots":{"index":"index","follow":"follow","max-snippet":"max-snippet:-1","max-image-preview":"max-image-preview:large","max-video-preview":"max-video-preview:-1"},"canonical":"https:\/\/bahiaeconomica.com.br\/wp\/2021\/07\/29\/insider-da-como-certa-parceria-entre-anitta-e-justin-bieber\/","og_locale":"pt_BR","og_type":"article","og_title":"INSIDER D\u00c1 COMO CERTA PARCERIA ENTRE ANITTA E JUSTIN BIEBER - Bahia Economica","og_description":"O maior portal de Economia da Bahia ENTRETENIMENTO Bahia Economica","og_url":"https:\/\/bahiaeconomica.com.br\/wp\/2021\/07\/29\/insider-da-como-certa-parceria-entre-anitta-e-justin-bieber\/","og_site_name":"Bahia Economica","article_publisher":"https:\/\/www.facebook.com\/bahiaeconomica","article_published_time":"2021-07-29T16:39:04+00:00","article_modified_time":"2021-07-29T16:39:44+00:00","og_image":[{"width":380,"height":280,"url":"https:\/\/bahiaeconomica.com.br\/wp\/wp-content\/uploads\/2021\/07\/anitta-justin-instagram.jpg","type":"image\/jpeg"}],"author":"admin","twitter_card":"summary_large_image","twitter_misc":{"Escrito por":"admin","Est. tempo de leitura":"2 minutos"},"schema":{"@context":"https:\/\/schema.org","@graph":[{"@type":"Article","@id":"https:\/\/bahiaeconomica.com.br\/wp\/2021\/07\/29\/insider-da-como-certa-parceria-entre-anitta-e-justin-bieber\/#article","isPartOf":{"@id":"https:\/\/bahiaeconomica.com.br\/wp\/2021\/07\/29\/insider-da-como-certa-parceria-entre-anitta-e-justin-bieber\/"},"author":{"name":"admin","@id":"https:\/\/bahiaeconomica.com.br\/wp\/#\/schema\/person\/cb1ab5ba96ad3d9390805381c76284ec"},"headline":"INSIDER D\u00c1 COMO CERTA PARCERIA ENTRE ANITTA E JUSTIN BIEBER","datePublished":"2021-07-29T16:39:04+00:00","dateModified":"2021-07-29T16:39:44+00:00","mainEntityOfPage":{"@id":"https:\/\/bahiaeconomica.com.br\/wp\/2021\/07\/29\/insider-da-como-certa-parceria-entre-anitta-e-justin-bieber\/"},"wordCount":335,"publisher":{"@id":"https:\/\/bahiaeconomica.com.br\/wp\/#organization"},"articleSection":["ENTRETENIMENTO"],"inLanguage":"pt-BR"},{"@type":"WebPage","@id":"https:\/\/bahiaeconomica.com.br\/wp\/2021\/07\/29\/insider-da-como-certa-parceria-entre-anitta-e-justin-bieber\/","url":"https:\/\/bahiaeconomica.com.br\/wp\/2021\/07\/29\/insider-da-como-certa-parceria-entre-anitta-e-justin-bieber\/","name":"INSIDER D\u00c1 COMO CERTA PARCERIA ENTRE ANITTA E JUSTIN BIEBER - Bahia Economica","isPartOf":{"@id":"https:\/\/bahiaeconomica.com.br\/wp\/#website"},"datePublished":"2021-07-29T16:39:04+00:00","dateModified":"2021-07-29T16:39:44+00:00","description":"O maior portal de Economia da Bahia ENTRETENIMENTO Bahia Economica","breadcrumb":{"@id":"https:\/\/bahiaeconomica.com.br\/wp\/2021\/07\/29\/insider-da-como-certa-parceria-entre-anitta-e-justin-bieber\/#breadcrumb"},"inLanguage":"pt-BR","potentialAction":[{"@type":"ReadAction","target":["https:\/\/bahiaeconomica.com.br\/wp\/2021\/07\/29\/insider-da-como-certa-parceria-entre-anitta-e-justin-bieber\/"]}]},{"@type":"BreadcrumbList","@id":"https:\/\/bahiaeconomica.com.br\/wp\/2021\/07\/29\/insider-da-como-certa-parceria-entre-anitta-e-justin-bieber\/#breadcrumb","itemListElement":[{"@type":"ListItem","position":1,"name":"In\u00edcio","item":"https:\/\/bahiaeconomica.com.br\/wp\/"},{"@type":"ListItem","position":2,"name":"INSIDER D\u00c1 COMO CERTA PARCERIA ENTRE ANITTA E JUSTIN BIEBER"}]},{"@type":"WebSite","@id":"https:\/\/bahiaeconomica.com.br\/wp\/#website","url":"https:\/\/bahiaeconomica.com.br\/wp\/","name":"Bahia Economica","description":"O maior portal de Economia da Bahia","publisher":{"@id":"https:\/\/bahiaeconomica.com.br\/wp\/#organization"},"potentialAction":[{"@type":"SearchAction","target":{"@type":"EntryPoint","urlTemplate":"https:\/\/bahiaeconomica.com.br\/wp\/?s={search_term_string}"},"query-input":"required name=search_term_string"}],"inLanguage":"pt-BR"},{"@type":"Organization","@id":"https:\/\/bahiaeconomica.com.br\/wp\/#organization","name":"Bahia Econ\u00f4mica","url":"https:\/\/bahiaeconomica.com.br\/wp\/","logo":{"@type":"ImageObject","inLanguage":"pt-BR","@id":"https:\/\/bahiaeconomica.com.br\/wp\/#\/schema\/logo\/image\/","url":"https:\/\/bahiaeconomica.com.br\/wp\/wp-content\/uploads\/2020\/12\/cropped-BE.png","contentUrl":"https:\/\/bahiaeconomica.com.br\/wp\/wp-content\/uploads\/2020\/12\/cropped-BE.png","width":512,"height":512,"caption":"Bahia Econ\u00f4mica"},"image":{"@id":"https:\/\/bahiaeconomica.com.br\/wp\/#\/schema\/logo\/image\/"},"sameAs":["https:\/\/www.facebook.com\/bahiaeconomica"]},{"@type":"Person","@id":"https:\/\/bahiaeconomica.com.br\/wp\/#\/schema\/person\/cb1ab5ba96ad3d9390805381c76284ec","name":"admin","url":"https:\/\/bahiaeconomica.com.br\/wp\/author\/admin\/"}]}},"views":3,"_links":{"self":[{"href":"https:\/\/bahiaeconomica.com.br\/wp\/wp-json\/wp\/v2\/posts\/587828"}],"collection":[{"href":"https:\/\/bahiaeconomica.com.br\/wp\/wp-json\/wp\/v2\/posts"}],"about":[{"href":"https:\/\/bahiaeconomica.com.br\/wp\/wp-json\/wp\/v2\/types\/post"}],"author":[{"embeddable":true,"href":"https:\/\/bahiaeconomica.com.br\/wp\/wp-json\/wp\/v2\/users\/1"}],"replies":[{"embeddable":true,"href":"https:\/\/bahiaeconomica.com.br\/wp\/wp-json\/wp\/v2\/comments?post=587828"}],"version-history":[{"count":2,"href":"https:\/\/bahiaeconomica.com.br\/wp\/wp-json\/wp\/v2\/posts\/587828\/revisions"}],"predecessor-version":[{"id":587851,"href":"https:\/\/bahiaeconomica.com.br\/wp\/wp-json\/wp\/v2\/posts\/587828\/revisions\/587851"}],"wp:featuredmedia":[{"embeddable":true,"href":"https:\/\/bahiaeconomica.com.br\/wp\/wp-json\/wp\/v2\/media\/587849"}],"wp:attachment":[{"href":"https:\/\/bahiaeconomica.com.br\/wp\/wp-json\/wp\/v2\/media?parent=587828"}],"wp:term":[{"taxonomy":"category","embeddable":true,"href":"https:\/\/bahiaeconomica.com.br\/wp\/wp-json\/wp\/v2\/categories?post=587828"},{"taxonomy":"post_tag","embeddable":true,"href":"https:\/\/bahiaeconomica.com.br\/wp\/wp-json\/wp\/v2\/tags?post=587828"}],"curies":[{"name":"wp","href":"https:\/\/api.w.org\/{rel}","templated":true}]}}