{"id":587682,"date":"2021-07-29T08:30:06","date_gmt":"2021-07-29T11:30:06","guid":{"rendered":"https:\/\/bahiaeconomica.com.br\/wp\/beta\/?p=587682"},"modified":"2021-07-29T07:59:04","modified_gmt":"2021-07-29T10:59:04","slug":"governo-tem-nova-reuniao-com-a-aplb-sobre-aulas","status":"publish","type":"post","link":"https:\/\/bahiaeconomica.com.br\/wp\/2021\/07\/29\/governo-tem-nova-reuniao-com-a-aplb-sobre-aulas\/","title":{"rendered":"GOVERNO TEM NOVA REUNI\u00c3O COM A APLB SOBRE AULAS"},"content":{"rendered":"<p>O governo do estado se reuniu com representantes da APLB Sindicato, na noite desta quarta-feira, 28, para tratar sobre a segunda fase do ano letivo <!--more-->na rede estadual de ensino, que come\u00e7ou na segunda, 26, exclusivamente para os estudantes do ensino m\u00e9dio, com aulas semipresenciais. Para os estudantes do Fundamental, o ensino h\u00edbrido come\u00e7a no dia 9 de agosto.<\/p>\n<p>Esta foi a terceira reuni\u00e3o sobre o assunto realizada desde a semana passada e uma nova ser\u00e1 realizada na pr\u00f3xima ter\u00e7a, 3. O encontro presencial contou com a participa\u00e7\u00e3o dos secret\u00e1rios Luiz Caetano e Jer\u00f4nimo Rodrigues, pelas secretarias de Rela\u00e7\u00f5es Institucionais (Serin) e da Educa\u00e7\u00e3o (SEC).<\/p>\n<p>O secret\u00e1rio da Educa\u00e7\u00e3o, Jer\u00f4nimo Rodrigues, citou a queda nos indicadores da Covid-19 na Bahia; o avan\u00e7o na vacina\u00e7\u00e3o para toda a popula\u00e7\u00e3o e para os trabalhadores da Educa\u00e7\u00e3o; e destacou a adequa\u00e7\u00e3o das escolas para o cumprimento dos protocolos de biosseguran\u00e7a. Disse, ainda, que estes crit\u00e9rios possibilitaram a decis\u00e3o pela passagem do ensino 100% remoto, iniciado no dia 15 de mar\u00e7o, para a fase semipresencial na rede estadual de ensino.<\/p>\n<p>Sobre a vacina\u00e7\u00e3o, Jer\u00f4nimo lembrou que a Comiss\u00e3o Intergestores Bipartite (CIB) da Bahia, uma inst\u00e2ncia do Sistema \u00danico de Sa\u00fade (SUS) e que re\u00fane os 417 munic\u00edpios do estado, j\u00e1 autorizou a vacina\u00e7\u00e3o para 100% dos profissionais da Educa\u00e7\u00e3o. J\u00e1 o presidente da APLB, Rui Oliveira, destacou como ponto de pauta a segunda dose da vacina para os trabalhadores da Educa\u00e7\u00e3o.<\/p>\n<p>Foto: divulga\u00e7\u00e3o<\/p>\n","protected":false},"excerpt":{"rendered":"<p>O governo do estado se reuniu com representantes da APLB Sindicato, na noite desta quarta-feira, 28, para tratar sobre a segunda fase do ano letivo<\/p>\n","protected":false},"author":1,"featured_media":587684,"comment_status":"closed","ping_status":"closed","sticky":false,"template":"","format":"standard","meta":[],"categories":[14,3],"tags":[],"acf":[],"yoast_head":"<!-- This site is optimized with the Yoast SEO plugin v20.8 - https:\/\/yoast.com\/wordpress\/plugins\/seo\/ -->\n<title>GOVERNO TEM NOVA REUNI\u00c3O COM A APLB SOBRE AULAS - Bahia Economica<\/title>\n<meta name=\"description\" content=\"O maior portal de Economia da Bahia DESTAQUE DO DIA, ECONOMIA \/ POL\u00cdTICA Bahia Economica\" \/>\n<meta name=\"robots\" content=\"index, follow, max-snippet:-1, max-image-preview:large, max-video-preview:-1\" \/>\n<link rel=\"canonical\" href=\"https:\/\/bahiaeconomica.com.br\/wp\/2021\/07\/29\/governo-tem-nova-reuniao-com-a-aplb-sobre-aulas\/\" \/>\n<meta property=\"og:locale\" content=\"pt_BR\" \/>\n<meta property=\"og:type\" content=\"article\" \/>\n<meta property=\"og:title\" content=\"GOVERNO TEM NOVA REUNI\u00c3O COM A APLB SOBRE AULAS - Bahia Economica\" \/>\n<meta property=\"og:description\" content=\"O maior portal de Economia da Bahia DESTAQUE DO DIA, ECONOMIA \/ POL\u00cdTICA Bahia Economica\" \/>\n<meta property=\"og:url\" content=\"https:\/\/bahiaeconomica.com.br\/wp\/2021\/07\/29\/governo-tem-nova-reuniao-com-a-aplb-sobre-aulas\/\" \/>\n<meta property=\"og:site_name\" content=\"Bahia Economica\" \/>\n<meta property=\"article:publisher\" content=\"https:\/\/www.facebook.com\/bahiaeconomica\" \/>\n<meta property=\"article:published_time\" content=\"2021-07-29T11:30:06+00:00\" \/>\n<meta property=\"article:modified_time\" content=\"2021-07-29T10:59:04+00:00\" \/>\n<meta property=\"og:image\" content=\"https:\/\/bahiaeconomica.com.br\/wp\/wp-content\/uploads\/2021\/07\/750_governo-aplb-educacao-escolas_20217282248245.jpg\" \/>\n\t<meta property=\"og:image:width\" content=\"750\" \/>\n\t<meta property=\"og:image:height\" content=\"500\" \/>\n\t<meta property=\"og:image:type\" content=\"image\/jpeg\" \/>\n<meta name=\"author\" content=\"admin\" \/>\n<meta name=\"twitter:card\" content=\"summary_large_image\" \/>\n<meta name=\"twitter:label1\" content=\"Escrito por\" \/>\n\t<meta name=\"twitter:data1\" content=\"admin\" \/>\n\t<meta name=\"twitter:label2\" content=\"Est. tempo de leitura\" \/>\n\t<meta name=\"twitter:data2\" content=\"1 minuto\" \/>\n<script type=\"application\/ld+json\" class=\"yoast-schema-graph\">{\"@context\":\"https:\/\/schema.org\",\"@graph\":[{\"@type\":\"Article\",\"@id\":\"https:\/\/bahiaeconomica.com.br\/wp\/2021\/07\/29\/governo-tem-nova-reuniao-com-a-aplb-sobre-aulas\/#article\",\"isPartOf\":{\"@id\":\"https:\/\/bahiaeconomica.com.br\/wp\/2021\/07\/29\/governo-tem-nova-reuniao-com-a-aplb-sobre-aulas\/\"},\"author\":{\"name\":\"admin\",\"@id\":\"https:\/\/bahiaeconomica.com.br\/wp\/#\/schema\/person\/cb1ab5ba96ad3d9390805381c76284ec\"},\"headline\":\"GOVERNO TEM NOVA REUNI\u00c3O COM A APLB SOBRE AULAS\",\"datePublished\":\"2021-07-29T11:30:06+00:00\",\"dateModified\":\"2021-07-29T10:59:04+00:00\",\"mainEntityOfPage\":{\"@id\":\"https:\/\/bahiaeconomica.com.br\/wp\/2021\/07\/29\/governo-tem-nova-reuniao-com-a-aplb-sobre-aulas\/\"},\"wordCount\":276,\"publisher\":{\"@id\":\"https:\/\/bahiaeconomica.com.br\/wp\/#organization\"},\"articleSection\":[\"DESTAQUE DO DIA\",\"ECONOMIA \/ POL\u00cdTICA\"],\"inLanguage\":\"pt-BR\"},{\"@type\":\"WebPage\",\"@id\":\"https:\/\/bahiaeconomica.com.br\/wp\/2021\/07\/29\/governo-tem-nova-reuniao-com-a-aplb-sobre-aulas\/\",\"url\":\"https:\/\/bahiaeconomica.com.br\/wp\/2021\/07\/29\/governo-tem-nova-reuniao-com-a-aplb-sobre-aulas\/\",\"name\":\"GOVERNO TEM NOVA REUNI\u00c3O COM A APLB SOBRE AULAS - Bahia Economica\",\"isPartOf\":{\"@id\":\"https:\/\/bahiaeconomica.com.br\/wp\/#website\"},\"datePublished\":\"2021-07-29T11:30:06+00:00\",\"dateModified\":\"2021-07-29T10:59:04+00:00\",\"description\":\"O maior portal de Economia da Bahia DESTAQUE DO DIA, ECONOMIA \/ POL\u00cdTICA Bahia Economica\",\"breadcrumb\":{\"@id\":\"https:\/\/bahiaeconomica.com.br\/wp\/2021\/07\/29\/governo-tem-nova-reuniao-com-a-aplb-sobre-aulas\/#breadcrumb\"},\"inLanguage\":\"pt-BR\",\"potentialAction\":[{\"@type\":\"ReadAction\",\"target\":[\"https:\/\/bahiaeconomica.com.br\/wp\/2021\/07\/29\/governo-tem-nova-reuniao-com-a-aplb-sobre-aulas\/\"]}]},{\"@type\":\"BreadcrumbList\",\"@id\":\"https:\/\/bahiaeconomica.com.br\/wp\/2021\/07\/29\/governo-tem-nova-reuniao-com-a-aplb-sobre-aulas\/#breadcrumb\",\"itemListElement\":[{\"@type\":\"ListItem\",\"position\":1,\"name\":\"In\u00edcio\",\"item\":\"https:\/\/bahiaeconomica.com.br\/wp\/\"},{\"@type\":\"ListItem\",\"position\":2,\"name\":\"GOVERNO TEM NOVA REUNI\u00c3O COM A APLB SOBRE AULAS\"}]},{\"@type\":\"WebSite\",\"@id\":\"https:\/\/bahiaeconomica.com.br\/wp\/#website\",\"url\":\"https:\/\/bahiaeconomica.com.br\/wp\/\",\"name\":\"Bahia Economica\",\"description\":\"O maior portal de Economia da Bahia\",\"publisher\":{\"@id\":\"https:\/\/bahiaeconomica.com.br\/wp\/#organization\"},\"potentialAction\":[{\"@type\":\"SearchAction\",\"target\":{\"@type\":\"EntryPoint\",\"urlTemplate\":\"https:\/\/bahiaeconomica.com.br\/wp\/?s={search_term_string}\"},\"query-input\":\"required name=search_term_string\"}],\"inLanguage\":\"pt-BR\"},{\"@type\":\"Organization\",\"@id\":\"https:\/\/bahiaeconomica.com.br\/wp\/#organization\",\"name\":\"Bahia Econ\u00f4mica\",\"url\":\"https:\/\/bahiaeconomica.com.br\/wp\/\",\"logo\":{\"@type\":\"ImageObject\",\"inLanguage\":\"pt-BR\",\"@id\":\"https:\/\/bahiaeconomica.com.br\/wp\/#\/schema\/logo\/image\/\",\"url\":\"https:\/\/bahiaeconomica.com.br\/wp\/wp-content\/uploads\/2020\/12\/cropped-BE.png\",\"contentUrl\":\"https:\/\/bahiaeconomica.com.br\/wp\/wp-content\/uploads\/2020\/12\/cropped-BE.png\",\"width\":512,\"height\":512,\"caption\":\"Bahia Econ\u00f4mica\"},\"image\":{\"@id\":\"https:\/\/bahiaeconomica.com.br\/wp\/#\/schema\/logo\/image\/\"},\"sameAs\":[\"https:\/\/www.facebook.com\/bahiaeconomica\"]},{\"@type\":\"Person\",\"@id\":\"https:\/\/bahiaeconomica.com.br\/wp\/#\/schema\/person\/cb1ab5ba96ad3d9390805381c76284ec\",\"name\":\"admin\",\"url\":\"https:\/\/bahiaeconomica.com.br\/wp\/author\/admin\/\"}]}<\/script>\n<!-- \/ Yoast SEO plugin. -->","yoast_head_json":{"title":"GOVERNO TEM NOVA REUNI\u00c3O COM A APLB SOBRE AULAS - Bahia Economica","description":"O maior portal de Economia da Bahia DESTAQUE DO DIA, ECONOMIA \/ POL\u00cdTICA Bahia Economica","robots":{"index":"index","follow":"follow","max-snippet":"max-snippet:-1","max-image-preview":"max-image-preview:large","max-video-preview":"max-video-preview:-1"},"canonical":"https:\/\/bahiaeconomica.com.br\/wp\/2021\/07\/29\/governo-tem-nova-reuniao-com-a-aplb-sobre-aulas\/","og_locale":"pt_BR","og_type":"article","og_title":"GOVERNO TEM NOVA REUNI\u00c3O COM A APLB SOBRE AULAS - Bahia Economica","og_description":"O maior portal de Economia da Bahia DESTAQUE DO DIA, ECONOMIA \/ POL\u00cdTICA Bahia Economica","og_url":"https:\/\/bahiaeconomica.com.br\/wp\/2021\/07\/29\/governo-tem-nova-reuniao-com-a-aplb-sobre-aulas\/","og_site_name":"Bahia Economica","article_publisher":"https:\/\/www.facebook.com\/bahiaeconomica","article_published_time":"2021-07-29T11:30:06+00:00","article_modified_time":"2021-07-29T10:59:04+00:00","og_image":[{"width":750,"height":500,"url":"https:\/\/bahiaeconomica.com.br\/wp\/wp-content\/uploads\/2021\/07\/750_governo-aplb-educacao-escolas_20217282248245.jpg","type":"image\/jpeg"}],"author":"admin","twitter_card":"summary_large_image","twitter_misc":{"Escrito por":"admin","Est. tempo de leitura":"1 minuto"},"schema":{"@context":"https:\/\/schema.org","@graph":[{"@type":"Article","@id":"https:\/\/bahiaeconomica.com.br\/wp\/2021\/07\/29\/governo-tem-nova-reuniao-com-a-aplb-sobre-aulas\/#article","isPartOf":{"@id":"https:\/\/bahiaeconomica.com.br\/wp\/2021\/07\/29\/governo-tem-nova-reuniao-com-a-aplb-sobre-aulas\/"},"author":{"name":"admin","@id":"https:\/\/bahiaeconomica.com.br\/wp\/#\/schema\/person\/cb1ab5ba96ad3d9390805381c76284ec"},"headline":"GOVERNO TEM NOVA REUNI\u00c3O COM A APLB SOBRE AULAS","datePublished":"2021-07-29T11:30:06+00:00","dateModified":"2021-07-29T10:59:04+00:00","mainEntityOfPage":{"@id":"https:\/\/bahiaeconomica.com.br\/wp\/2021\/07\/29\/governo-tem-nova-reuniao-com-a-aplb-sobre-aulas\/"},"wordCount":276,"publisher":{"@id":"https:\/\/bahiaeconomica.com.br\/wp\/#organization"},"articleSection":["DESTAQUE DO DIA","ECONOMIA \/ POL\u00cdTICA"],"inLanguage":"pt-BR"},{"@type":"WebPage","@id":"https:\/\/bahiaeconomica.com.br\/wp\/2021\/07\/29\/governo-tem-nova-reuniao-com-a-aplb-sobre-aulas\/","url":"https:\/\/bahiaeconomica.com.br\/wp\/2021\/07\/29\/governo-tem-nova-reuniao-com-a-aplb-sobre-aulas\/","name":"GOVERNO TEM NOVA REUNI\u00c3O COM A APLB SOBRE AULAS - Bahia Economica","isPartOf":{"@id":"https:\/\/bahiaeconomica.com.br\/wp\/#website"},"datePublished":"2021-07-29T11:30:06+00:00","dateModified":"2021-07-29T10:59:04+00:00","description":"O maior portal de Economia da Bahia DESTAQUE DO DIA, ECONOMIA \/ POL\u00cdTICA Bahia Economica","breadcrumb":{"@id":"https:\/\/bahiaeconomica.com.br\/wp\/2021\/07\/29\/governo-tem-nova-reuniao-com-a-aplb-sobre-aulas\/#breadcrumb"},"inLanguage":"pt-BR","potentialAction":[{"@type":"ReadAction","target":["https:\/\/bahiaeconomica.com.br\/wp\/2021\/07\/29\/governo-tem-nova-reuniao-com-a-aplb-sobre-aulas\/"]}]},{"@type":"BreadcrumbList","@id":"https:\/\/bahiaeconomica.com.br\/wp\/2021\/07\/29\/governo-tem-nova-reuniao-com-a-aplb-sobre-aulas\/#breadcrumb","itemListElement":[{"@type":"ListItem","position":1,"name":"In\u00edcio","item":"https:\/\/bahiaeconomica.com.br\/wp\/"},{"@type":"ListItem","position":2,"name":"GOVERNO TEM NOVA REUNI\u00c3O COM A APLB SOBRE AULAS"}]},{"@type":"WebSite","@id":"https:\/\/bahiaeconomica.com.br\/wp\/#website","url":"https:\/\/bahiaeconomica.com.br\/wp\/","name":"Bahia Economica","description":"O maior portal de Economia da Bahia","publisher":{"@id":"https:\/\/bahiaeconomica.com.br\/wp\/#organization"},"potentialAction":[{"@type":"SearchAction","target":{"@type":"EntryPoint","urlTemplate":"https:\/\/bahiaeconomica.com.br\/wp\/?s={search_term_string}"},"query-input":"required name=search_term_string"}],"inLanguage":"pt-BR"},{"@type":"Organization","@id":"https:\/\/bahiaeconomica.com.br\/wp\/#organization","name":"Bahia Econ\u00f4mica","url":"https:\/\/bahiaeconomica.com.br\/wp\/","logo":{"@type":"ImageObject","inLanguage":"pt-BR","@id":"https:\/\/bahiaeconomica.com.br\/wp\/#\/schema\/logo\/image\/","url":"https:\/\/bahiaeconomica.com.br\/wp\/wp-content\/uploads\/2020\/12\/cropped-BE.png","contentUrl":"https:\/\/bahiaeconomica.com.br\/wp\/wp-content\/uploads\/2020\/12\/cropped-BE.png","width":512,"height":512,"caption":"Bahia Econ\u00f4mica"},"image":{"@id":"https:\/\/bahiaeconomica.com.br\/wp\/#\/schema\/logo\/image\/"},"sameAs":["https:\/\/www.facebook.com\/bahiaeconomica"]},{"@type":"Person","@id":"https:\/\/bahiaeconomica.com.br\/wp\/#\/schema\/person\/cb1ab5ba96ad3d9390805381c76284ec","name":"admin","url":"https:\/\/bahiaeconomica.com.br\/wp\/author\/admin\/"}]}},"views":1,"_links":{"self":[{"href":"https:\/\/bahiaeconomica.com.br\/wp\/wp-json\/wp\/v2\/posts\/587682"}],"collection":[{"href":"https:\/\/bahiaeconomica.com.br\/wp\/wp-json\/wp\/v2\/posts"}],"about":[{"href":"https:\/\/bahiaeconomica.com.br\/wp\/wp-json\/wp\/v2\/types\/post"}],"author":[{"embeddable":true,"href":"https:\/\/bahiaeconomica.com.br\/wp\/wp-json\/wp\/v2\/users\/1"}],"replies":[{"embeddable":true,"href":"https:\/\/bahiaeconomica.com.br\/wp\/wp-json\/wp\/v2\/comments?post=587682"}],"version-history":[{"count":1,"href":"https:\/\/bahiaeconomica.com.br\/wp\/wp-json\/wp\/v2\/posts\/587682\/revisions"}],"predecessor-version":[{"id":587685,"href":"https:\/\/bahiaeconomica.com.br\/wp\/wp-json\/wp\/v2\/posts\/587682\/revisions\/587685"}],"wp:featuredmedia":[{"embeddable":true,"href":"https:\/\/bahiaeconomica.com.br\/wp\/wp-json\/wp\/v2\/media\/587684"}],"wp:attachment":[{"href":"https:\/\/bahiaeconomica.com.br\/wp\/wp-json\/wp\/v2\/media?parent=587682"}],"wp:term":[{"taxonomy":"category","embeddable":true,"href":"https:\/\/bahiaeconomica.com.br\/wp\/wp-json\/wp\/v2\/categories?post=587682"},{"taxonomy":"post_tag","embeddable":true,"href":"https:\/\/bahiaeconomica.com.br\/wp\/wp-json\/wp\/v2\/tags?post=587682"}],"curies":[{"name":"wp","href":"https:\/\/api.w.org\/{rel}","templated":true}]}}