{"id":587225,"date":"2021-07-28T07:09:54","date_gmt":"2021-07-28T10:09:54","guid":{"rendered":"https:\/\/bahiaeconomica.com.br\/wp\/beta\/?p=587225"},"modified":"2021-07-28T07:09:54","modified_gmt":"2021-07-28T10:09:54","slug":"senado-ressuscita-proposta-de-reforma-tributaria-que-une-impostos-estaduais-e-municipais","status":"publish","type":"post","link":"https:\/\/bahiaeconomica.com.br\/wp\/2021\/07\/28\/senado-ressuscita-proposta-de-reforma-tributaria-que-une-impostos-estaduais-e-municipais\/","title":{"rendered":"SENADO RESSUSCITA PROPOSTA DE REFORMA TRIBUT\u00c1RIA QUE UNE IMPOSTOS ESTADUAIS E MUNICIPAIS"},"content":{"rendered":"<p>Com o avan\u00e7o das negocia\u00e7\u00f5es do projeto do Imposto de Renda na C\u00e2mara, o presidente do Senado, Rodrigo Pacheco (DEM-MG), decidiu ressuscitar uma proposta <!--more-->de reforma tribut\u00e1ria mais ampla, que abrange tamb\u00e9m os impostos estaduais e municipais. O relator da Proposta de Emenda \u00e0 Constitui\u00e7\u00e3o (PEC) 110, senador Roberto Rocha (PSDB-MA), trabalha para apresentar o seu parecer no in\u00edcio de agosto com um modelo de tributa\u00e7\u00e3o conhecido como \u201cdual\u201d. Por esse desenho tribut\u00e1rio, o Brasil passaria a ter dois tributos sobre o consumo: a Contribui\u00e7\u00e3o sobre Bens e Servi\u00e7os (CBS), unindo os impostos federais PIS e Cofins, e o Imposto sobre Bens e Consumo (IBS), fus\u00e3o dos tributos estaduais e municipais. O prazo de transi\u00e7\u00e3o do IBS seria de 4 anos, incluindo um ano de teste.<\/p>\n<p>Ao Estad\u00e3o, Rocha disse que o objetivo \u00e9 ter uma reforma ampla que respeite o pacto federativo e as rela\u00e7\u00f5es j\u00e1 consolidadas no setor privado. Segundo ele, \u201cpara ficar ruim\u201d, o sistema tribut\u00e1rio brasileiro \u201cprecisa melhorar muito\u201d. \u201cTem um olho para o futuro e incorpora os avan\u00e7os do passado\u201d, disse o relator. Ele est\u00e1 buscando uma converg\u00eancia com a equipe do ministro e com os governos regionais para conseguir aprovar a PEC.<\/p>\n<p>Apesar de converg\u00eancias em pontos importantes do texto, Guedes quer colocar \u201carestas\u201d porque v\u00ea ainda risco de o Senado ressuscitar a proposta de reforma tribut\u00e1ria ampla do deputado Baleia Rossi (MDB-SP), a PEC 45, com um imposto \u00fanico, fundindo todos os tributos federais, estaduais e municipais. Essa ideia foi engavetada depois da apresenta\u00e7\u00e3o de parecer pelo relator Aguinaldo Ribeiro (Progressistas-PB). A equipe econ\u00f4mica teme \u201cinfiltrados\u201d da PEC anterior na elabora\u00e7\u00e3o do novo texto. O ministro tamb\u00e9m j\u00e1 deixou claro nas reuni\u00f5es que n\u00e3o aceita a cria\u00e7\u00e3o de um fundo regional com recursos da Uni\u00e3o para compensar eventuais perdas de Estados e munic\u00edpios.<\/p>\n<p>No acordo pol\u00edtico costurado entre Pacheco e o presidente da C\u00e2mara, Arthur Lira (Progressistas-AL), a reforma tribut\u00e1ria foi dividida em partes: os projetos da CBS e do Imposto de Renda ficaram com a C\u00e2mara; a PEC 110 do IBS e o projeto do Refis (parcelamento de d\u00e9bitos tribut\u00e1rios), com o Senado. Mas, enquanto a discuss\u00e3o da proposta do IR tem avan\u00e7ado na C\u00e2mara, com apresenta\u00e7\u00e3o do parecer preliminar do deputado Celso Sabino (PSDB-PA), o Senado n\u00e3o andou com a da PEC e, agora, pretende recuperar o tempo perdido.<\/p>\n<p>A proposta da PEC j\u00e1 deve prever a cria\u00e7\u00e3o da CBS, permitindo que funcione como uma esp\u00e9cie de \u201cpasse\u201d constitucional para o mesmo tributo previsto no projeto do governo em tramita\u00e7\u00e3o da C\u00e2mara. Outro avan\u00e7o importante nas negocia\u00e7\u00f5es trata do aporte de recursos para que os Estados possam fazer pol\u00edticas de desenvolvimento regional. Pela proposta em negocia\u00e7\u00e3o, os recursos viriam de uma parcela do pr\u00f3prio IBS, sem aporte da Uni\u00e3o. A proposta foi apresentada aos secret\u00e1rios de Fazenda e h\u00e1 uma tend\u00eancia de menor resist\u00eancia do que antes. Os Estados defendiam antes uma reforma ampla, com um \u00fanico imposto. As resist\u00eancias continuam com os munic\u00edpios, que n\u00e3o querem abrir m\u00e3o do ISS (o principal imposto municipal). Guedes prop\u00f4s uma al\u00edquota de 10% para o IBS e 10% para os Estados, sem o ISS dos munic\u00edpios.<\/p>\n<p>Segundo o diretor institucional do Comit\u00ea Nacional de Secret\u00e1rios de Fazenda dos Estados (Comsefaz), Andr\u00e9 Horta, os Estados est\u00e3o aceitando que os recursos para o desenvolvimento regional saiam de uma parcela de arrecada\u00e7\u00e3o do novo imposto. A ideia \u00e9 que uma parcela do IBS seja depositada nos Estados para investimentos. Horta estima recursos de R$ 80 bilh\u00f5es por ano, valor, segundo ele, negoci\u00e1vel.<\/p>\n<p>Foto:Divulga\u00e7\u00e3o<\/p>\n","protected":false},"excerpt":{"rendered":"<p>Com o avan\u00e7o das negocia\u00e7\u00f5es do projeto do Imposto de Renda na C\u00e2mara, o presidente do Senado, Rodrigo Pacheco (DEM-MG), decidiu ressuscitar uma proposta<\/p>\n","protected":false},"author":1,"featured_media":584025,"comment_status":"closed","ping_status":"closed","sticky":false,"template":"","format":"standard","meta":[],"categories":[3],"tags":[],"acf":[],"yoast_head":"<!-- This site is optimized with the Yoast SEO plugin v20.8 - https:\/\/yoast.com\/wordpress\/plugins\/seo\/ -->\n<title>SENADO RESSUSCITA PROPOSTA DE REFORMA TRIBUT\u00c1RIA QUE UNE IMPOSTOS ESTADUAIS E MUNICIPAIS - Bahia Economica<\/title>\n<meta name=\"description\" content=\"O maior portal de Economia da Bahia ECONOMIA \/ POL\u00cdTICA Bahia Economica\" \/>\n<meta name=\"robots\" content=\"index, follow, max-snippet:-1, max-image-preview:large, max-video-preview:-1\" \/>\n<link rel=\"canonical\" href=\"https:\/\/bahiaeconomica.com.br\/wp\/2021\/07\/28\/senado-ressuscita-proposta-de-reforma-tributaria-que-une-impostos-estaduais-e-municipais\/\" \/>\n<meta property=\"og:locale\" content=\"pt_BR\" \/>\n<meta property=\"og:type\" content=\"article\" \/>\n<meta property=\"og:title\" content=\"SENADO RESSUSCITA PROPOSTA DE REFORMA TRIBUT\u00c1RIA QUE UNE IMPOSTOS ESTADUAIS E MUNICIPAIS - Bahia Economica\" \/>\n<meta property=\"og:description\" content=\"O maior portal de Economia da Bahia ECONOMIA \/ POL\u00cdTICA Bahia Economica\" \/>\n<meta property=\"og:url\" content=\"https:\/\/bahiaeconomica.com.br\/wp\/2021\/07\/28\/senado-ressuscita-proposta-de-reforma-tributaria-que-une-impostos-estaduais-e-municipais\/\" \/>\n<meta property=\"og:site_name\" content=\"Bahia Economica\" \/>\n<meta property=\"article:publisher\" content=\"https:\/\/www.facebook.com\/bahiaeconomica\" \/>\n<meta property=\"article:published_time\" content=\"2021-07-28T10:09:54+00:00\" \/>\n<meta property=\"og:image\" content=\"https:\/\/bahiaeconomica.com.br\/wp\/wp-content\/uploads\/2021\/07\/Senado-aprova-LDO-e-confirma-salario-minimo-de-R-10304076100202012162008-sm.jpg\" \/>\n\t<meta property=\"og:image:width\" content=\"500\" \/>\n\t<meta property=\"og:image:height\" content=\"300\" \/>\n\t<meta property=\"og:image:type\" content=\"image\/jpeg\" \/>\n<meta name=\"author\" content=\"admin\" \/>\n<meta name=\"twitter:card\" content=\"summary_large_image\" \/>\n<meta name=\"twitter:label1\" content=\"Escrito por\" \/>\n\t<meta name=\"twitter:data1\" content=\"admin\" \/>\n\t<meta name=\"twitter:label2\" content=\"Est. tempo de leitura\" \/>\n\t<meta name=\"twitter:data2\" content=\"3 minutos\" \/>\n<script type=\"application\/ld+json\" class=\"yoast-schema-graph\">{\"@context\":\"https:\/\/schema.org\",\"@graph\":[{\"@type\":\"Article\",\"@id\":\"https:\/\/bahiaeconomica.com.br\/wp\/2021\/07\/28\/senado-ressuscita-proposta-de-reforma-tributaria-que-une-impostos-estaduais-e-municipais\/#article\",\"isPartOf\":{\"@id\":\"https:\/\/bahiaeconomica.com.br\/wp\/2021\/07\/28\/senado-ressuscita-proposta-de-reforma-tributaria-que-une-impostos-estaduais-e-municipais\/\"},\"author\":{\"name\":\"admin\",\"@id\":\"https:\/\/bahiaeconomica.com.br\/wp\/#\/schema\/person\/cb1ab5ba96ad3d9390805381c76284ec\"},\"headline\":\"SENADO RESSUSCITA PROPOSTA DE REFORMA TRIBUT\u00c1RIA QUE UNE IMPOSTOS ESTADUAIS E MUNICIPAIS\",\"datePublished\":\"2021-07-28T10:09:54+00:00\",\"dateModified\":\"2021-07-28T10:09:54+00:00\",\"mainEntityOfPage\":{\"@id\":\"https:\/\/bahiaeconomica.com.br\/wp\/2021\/07\/28\/senado-ressuscita-proposta-de-reforma-tributaria-que-une-impostos-estaduais-e-municipais\/\"},\"wordCount\":657,\"publisher\":{\"@id\":\"https:\/\/bahiaeconomica.com.br\/wp\/#organization\"},\"articleSection\":[\"ECONOMIA \/ POL\u00cdTICA\"],\"inLanguage\":\"pt-BR\"},{\"@type\":\"WebPage\",\"@id\":\"https:\/\/bahiaeconomica.com.br\/wp\/2021\/07\/28\/senado-ressuscita-proposta-de-reforma-tributaria-que-une-impostos-estaduais-e-municipais\/\",\"url\":\"https:\/\/bahiaeconomica.com.br\/wp\/2021\/07\/28\/senado-ressuscita-proposta-de-reforma-tributaria-que-une-impostos-estaduais-e-municipais\/\",\"name\":\"SENADO RESSUSCITA PROPOSTA DE REFORMA TRIBUT\u00c1RIA QUE UNE IMPOSTOS ESTADUAIS E MUNICIPAIS - Bahia Economica\",\"isPartOf\":{\"@id\":\"https:\/\/bahiaeconomica.com.br\/wp\/#website\"},\"datePublished\":\"2021-07-28T10:09:54+00:00\",\"dateModified\":\"2021-07-28T10:09:54+00:00\",\"description\":\"O maior portal de Economia da Bahia ECONOMIA \/ POL\u00cdTICA Bahia Economica\",\"breadcrumb\":{\"@id\":\"https:\/\/bahiaeconomica.com.br\/wp\/2021\/07\/28\/senado-ressuscita-proposta-de-reforma-tributaria-que-une-impostos-estaduais-e-municipais\/#breadcrumb\"},\"inLanguage\":\"pt-BR\",\"potentialAction\":[{\"@type\":\"ReadAction\",\"target\":[\"https:\/\/bahiaeconomica.com.br\/wp\/2021\/07\/28\/senado-ressuscita-proposta-de-reforma-tributaria-que-une-impostos-estaduais-e-municipais\/\"]}]},{\"@type\":\"BreadcrumbList\",\"@id\":\"https:\/\/bahiaeconomica.com.br\/wp\/2021\/07\/28\/senado-ressuscita-proposta-de-reforma-tributaria-que-une-impostos-estaduais-e-municipais\/#breadcrumb\",\"itemListElement\":[{\"@type\":\"ListItem\",\"position\":1,\"name\":\"In\u00edcio\",\"item\":\"https:\/\/bahiaeconomica.com.br\/wp\/\"},{\"@type\":\"ListItem\",\"position\":2,\"name\":\"SENADO RESSUSCITA PROPOSTA DE REFORMA TRIBUT\u00c1RIA QUE UNE IMPOSTOS ESTADUAIS E MUNICIPAIS\"}]},{\"@type\":\"WebSite\",\"@id\":\"https:\/\/bahiaeconomica.com.br\/wp\/#website\",\"url\":\"https:\/\/bahiaeconomica.com.br\/wp\/\",\"name\":\"Bahia Economica\",\"description\":\"O maior portal de Economia da Bahia\",\"publisher\":{\"@id\":\"https:\/\/bahiaeconomica.com.br\/wp\/#organization\"},\"potentialAction\":[{\"@type\":\"SearchAction\",\"target\":{\"@type\":\"EntryPoint\",\"urlTemplate\":\"https:\/\/bahiaeconomica.com.br\/wp\/?s={search_term_string}\"},\"query-input\":\"required name=search_term_string\"}],\"inLanguage\":\"pt-BR\"},{\"@type\":\"Organization\",\"@id\":\"https:\/\/bahiaeconomica.com.br\/wp\/#organization\",\"name\":\"Bahia Econ\u00f4mica\",\"url\":\"https:\/\/bahiaeconomica.com.br\/wp\/\",\"logo\":{\"@type\":\"ImageObject\",\"inLanguage\":\"pt-BR\",\"@id\":\"https:\/\/bahiaeconomica.com.br\/wp\/#\/schema\/logo\/image\/\",\"url\":\"https:\/\/bahiaeconomica.com.br\/wp\/wp-content\/uploads\/2020\/12\/cropped-BE.png\",\"contentUrl\":\"https:\/\/bahiaeconomica.com.br\/wp\/wp-content\/uploads\/2020\/12\/cropped-BE.png\",\"width\":512,\"height\":512,\"caption\":\"Bahia Econ\u00f4mica\"},\"image\":{\"@id\":\"https:\/\/bahiaeconomica.com.br\/wp\/#\/schema\/logo\/image\/\"},\"sameAs\":[\"https:\/\/www.facebook.com\/bahiaeconomica\"]},{\"@type\":\"Person\",\"@id\":\"https:\/\/bahiaeconomica.com.br\/wp\/#\/schema\/person\/cb1ab5ba96ad3d9390805381c76284ec\",\"name\":\"admin\",\"url\":\"https:\/\/bahiaeconomica.com.br\/wp\/author\/admin\/\"}]}<\/script>\n<!-- \/ Yoast SEO plugin. -->","yoast_head_json":{"title":"SENADO RESSUSCITA PROPOSTA DE REFORMA TRIBUT\u00c1RIA QUE UNE IMPOSTOS ESTADUAIS E MUNICIPAIS - Bahia Economica","description":"O maior portal de Economia da Bahia ECONOMIA \/ POL\u00cdTICA Bahia Economica","robots":{"index":"index","follow":"follow","max-snippet":"max-snippet:-1","max-image-preview":"max-image-preview:large","max-video-preview":"max-video-preview:-1"},"canonical":"https:\/\/bahiaeconomica.com.br\/wp\/2021\/07\/28\/senado-ressuscita-proposta-de-reforma-tributaria-que-une-impostos-estaduais-e-municipais\/","og_locale":"pt_BR","og_type":"article","og_title":"SENADO RESSUSCITA PROPOSTA DE REFORMA TRIBUT\u00c1RIA QUE UNE IMPOSTOS ESTADUAIS E MUNICIPAIS - Bahia Economica","og_description":"O maior portal de Economia da Bahia ECONOMIA \/ POL\u00cdTICA Bahia Economica","og_url":"https:\/\/bahiaeconomica.com.br\/wp\/2021\/07\/28\/senado-ressuscita-proposta-de-reforma-tributaria-que-une-impostos-estaduais-e-municipais\/","og_site_name":"Bahia Economica","article_publisher":"https:\/\/www.facebook.com\/bahiaeconomica","article_published_time":"2021-07-28T10:09:54+00:00","og_image":[{"width":500,"height":300,"url":"https:\/\/bahiaeconomica.com.br\/wp\/wp-content\/uploads\/2021\/07\/Senado-aprova-LDO-e-confirma-salario-minimo-de-R-10304076100202012162008-sm.jpg","type":"image\/jpeg"}],"author":"admin","twitter_card":"summary_large_image","twitter_misc":{"Escrito por":"admin","Est. tempo de leitura":"3 minutos"},"schema":{"@context":"https:\/\/schema.org","@graph":[{"@type":"Article","@id":"https:\/\/bahiaeconomica.com.br\/wp\/2021\/07\/28\/senado-ressuscita-proposta-de-reforma-tributaria-que-une-impostos-estaduais-e-municipais\/#article","isPartOf":{"@id":"https:\/\/bahiaeconomica.com.br\/wp\/2021\/07\/28\/senado-ressuscita-proposta-de-reforma-tributaria-que-une-impostos-estaduais-e-municipais\/"},"author":{"name":"admin","@id":"https:\/\/bahiaeconomica.com.br\/wp\/#\/schema\/person\/cb1ab5ba96ad3d9390805381c76284ec"},"headline":"SENADO RESSUSCITA PROPOSTA DE REFORMA TRIBUT\u00c1RIA QUE UNE IMPOSTOS ESTADUAIS E MUNICIPAIS","datePublished":"2021-07-28T10:09:54+00:00","dateModified":"2021-07-28T10:09:54+00:00","mainEntityOfPage":{"@id":"https:\/\/bahiaeconomica.com.br\/wp\/2021\/07\/28\/senado-ressuscita-proposta-de-reforma-tributaria-que-une-impostos-estaduais-e-municipais\/"},"wordCount":657,"publisher":{"@id":"https:\/\/bahiaeconomica.com.br\/wp\/#organization"},"articleSection":["ECONOMIA \/ POL\u00cdTICA"],"inLanguage":"pt-BR"},{"@type":"WebPage","@id":"https:\/\/bahiaeconomica.com.br\/wp\/2021\/07\/28\/senado-ressuscita-proposta-de-reforma-tributaria-que-une-impostos-estaduais-e-municipais\/","url":"https:\/\/bahiaeconomica.com.br\/wp\/2021\/07\/28\/senado-ressuscita-proposta-de-reforma-tributaria-que-une-impostos-estaduais-e-municipais\/","name":"SENADO RESSUSCITA PROPOSTA DE REFORMA TRIBUT\u00c1RIA QUE UNE IMPOSTOS ESTADUAIS E MUNICIPAIS - Bahia Economica","isPartOf":{"@id":"https:\/\/bahiaeconomica.com.br\/wp\/#website"},"datePublished":"2021-07-28T10:09:54+00:00","dateModified":"2021-07-28T10:09:54+00:00","description":"O maior portal de Economia da Bahia ECONOMIA \/ POL\u00cdTICA Bahia Economica","breadcrumb":{"@id":"https:\/\/bahiaeconomica.com.br\/wp\/2021\/07\/28\/senado-ressuscita-proposta-de-reforma-tributaria-que-une-impostos-estaduais-e-municipais\/#breadcrumb"},"inLanguage":"pt-BR","potentialAction":[{"@type":"ReadAction","target":["https:\/\/bahiaeconomica.com.br\/wp\/2021\/07\/28\/senado-ressuscita-proposta-de-reforma-tributaria-que-une-impostos-estaduais-e-municipais\/"]}]},{"@type":"BreadcrumbList","@id":"https:\/\/bahiaeconomica.com.br\/wp\/2021\/07\/28\/senado-ressuscita-proposta-de-reforma-tributaria-que-une-impostos-estaduais-e-municipais\/#breadcrumb","itemListElement":[{"@type":"ListItem","position":1,"name":"In\u00edcio","item":"https:\/\/bahiaeconomica.com.br\/wp\/"},{"@type":"ListItem","position":2,"name":"SENADO RESSUSCITA PROPOSTA DE REFORMA TRIBUT\u00c1RIA QUE UNE IMPOSTOS ESTADUAIS E MUNICIPAIS"}]},{"@type":"WebSite","@id":"https:\/\/bahiaeconomica.com.br\/wp\/#website","url":"https:\/\/bahiaeconomica.com.br\/wp\/","name":"Bahia Economica","description":"O maior portal de Economia da Bahia","publisher":{"@id":"https:\/\/bahiaeconomica.com.br\/wp\/#organization"},"potentialAction":[{"@type":"SearchAction","target":{"@type":"EntryPoint","urlTemplate":"https:\/\/bahiaeconomica.com.br\/wp\/?s={search_term_string}"},"query-input":"required name=search_term_string"}],"inLanguage":"pt-BR"},{"@type":"Organization","@id":"https:\/\/bahiaeconomica.com.br\/wp\/#organization","name":"Bahia Econ\u00f4mica","url":"https:\/\/bahiaeconomica.com.br\/wp\/","logo":{"@type":"ImageObject","inLanguage":"pt-BR","@id":"https:\/\/bahiaeconomica.com.br\/wp\/#\/schema\/logo\/image\/","url":"https:\/\/bahiaeconomica.com.br\/wp\/wp-content\/uploads\/2020\/12\/cropped-BE.png","contentUrl":"https:\/\/bahiaeconomica.com.br\/wp\/wp-content\/uploads\/2020\/12\/cropped-BE.png","width":512,"height":512,"caption":"Bahia Econ\u00f4mica"},"image":{"@id":"https:\/\/bahiaeconomica.com.br\/wp\/#\/schema\/logo\/image\/"},"sameAs":["https:\/\/www.facebook.com\/bahiaeconomica"]},{"@type":"Person","@id":"https:\/\/bahiaeconomica.com.br\/wp\/#\/schema\/person\/cb1ab5ba96ad3d9390805381c76284ec","name":"admin","url":"https:\/\/bahiaeconomica.com.br\/wp\/author\/admin\/"}]}},"views":1,"_links":{"self":[{"href":"https:\/\/bahiaeconomica.com.br\/wp\/wp-json\/wp\/v2\/posts\/587225"}],"collection":[{"href":"https:\/\/bahiaeconomica.com.br\/wp\/wp-json\/wp\/v2\/posts"}],"about":[{"href":"https:\/\/bahiaeconomica.com.br\/wp\/wp-json\/wp\/v2\/types\/post"}],"author":[{"embeddable":true,"href":"https:\/\/bahiaeconomica.com.br\/wp\/wp-json\/wp\/v2\/users\/1"}],"replies":[{"embeddable":true,"href":"https:\/\/bahiaeconomica.com.br\/wp\/wp-json\/wp\/v2\/comments?post=587225"}],"version-history":[{"count":1,"href":"https:\/\/bahiaeconomica.com.br\/wp\/wp-json\/wp\/v2\/posts\/587225\/revisions"}],"predecessor-version":[{"id":587227,"href":"https:\/\/bahiaeconomica.com.br\/wp\/wp-json\/wp\/v2\/posts\/587225\/revisions\/587227"}],"wp:featuredmedia":[{"embeddable":true,"href":"https:\/\/bahiaeconomica.com.br\/wp\/wp-json\/wp\/v2\/media\/584025"}],"wp:attachment":[{"href":"https:\/\/bahiaeconomica.com.br\/wp\/wp-json\/wp\/v2\/media?parent=587225"}],"wp:term":[{"taxonomy":"category","embeddable":true,"href":"https:\/\/bahiaeconomica.com.br\/wp\/wp-json\/wp\/v2\/categories?post=587225"},{"taxonomy":"post_tag","embeddable":true,"href":"https:\/\/bahiaeconomica.com.br\/wp\/wp-json\/wp\/v2\/tags?post=587225"}],"curies":[{"name":"wp","href":"https:\/\/api.w.org\/{rel}","templated":true}]}}