{"id":586362,"date":"2021-07-24T07:09:29","date_gmt":"2021-07-24T10:09:29","guid":{"rendered":"https:\/\/bahiaeconomica.com.br\/wp\/beta\/?p=586362"},"modified":"2021-07-24T07:09:29","modified_gmt":"2021-07-24T10:09:29","slug":"anvisa-diz-que-nao-ha-estudo-conclusivo-sobre-3a-dose-2","status":"publish","type":"post","link":"https:\/\/bahiaeconomica.com.br\/wp\/2021\/07\/24\/anvisa-diz-que-nao-ha-estudo-conclusivo-sobre-3a-dose-2\/","title":{"rendered":"ANVISA DIZ QUE N\u00c3O H\u00c1 ESTUDO CONCLUSIVO SOBRE 3\u00aa DOSE"},"content":{"rendered":"<p>A Ag\u00eancia Nacional de Vigil\u00e2ncia Sanit\u00e1ria (Anvisa) afirmou em comunicado que ainda n\u00e3o h\u00e1 evid\u00eancias suficientes para uma recomenda\u00e7\u00e3o do uso de terceira <!--more-->dose como refor\u00e7o \u00e0s duas doses j\u00e1 tomadas contra a covid-19 na maioria dos imunizantes, com exce\u00e7\u00e3o dos de dose \u00fanica, como o da Janssen. A discuss\u00e3o e os estudos sobre terceira dose come\u00e7aram, especialmente diante do surgimento e circula\u00e7\u00e3o de variantes do novo coronav\u00edrus. Em seu informe, a Anvisa diz que n\u00e3o se sabe por quanto tempo a prote\u00e7\u00e3o dada pelas duas doses (ou dose \u00fanica) durar\u00e1 e se haver\u00e1 necessidade de doses de refor\u00e7o com intervalos.<\/p>\n<p>A Anvisa lembrou que h\u00e1 uma discuss\u00e3o dentro da comunidade internacional de autoridades de sa\u00fade, que pondera o fato de se pensar em uma terceira dose quando a maioria do mundo est\u00e1 longe de imunizar o total da popula\u00e7\u00e3o com mais de 18 anos. \u201cEspecialistas e institui\u00e7\u00f5es como a Organiza\u00e7\u00e3o Mundial da Sa\u00fade dizem que os formuladores de pol\u00edticas p\u00fablicas de sa\u00fade precisam olhar para o cen\u00e1rio mais amplo quando est\u00e3o considerando a possibilidade de oferecer doses de refor\u00e7o, incluindo o fato de que muitas pessoas vulner\u00e1veis e profissionais de sa\u00fade podem n\u00e3o ter recebido sequer a primeira dose de uma vacina contra a covid-19\u201d, explica a ag\u00eancia.<\/p>\n<p>O \u00f3rg\u00e3o informou que avaliar\u00e1 se e quando uma terceira dose ser\u00e1 necess\u00e1ria. A ag\u00eancia acrescentou que acompanha os estudos sobre o surgimento de novas variantes e impactos nas vacinas. \u201cAt\u00e9 o momento, todas as vacinas autorizadas no pa\u00eds mant\u00eam prote\u00e7\u00e3o contra doen\u00e7a grave e morte, conforme os dados publicados. Ainda n\u00e3o h\u00e1 dados ou estudos conclusivos que indiquem a necessidade de uma dose de refor\u00e7o das vacinas autorizadas\u201d, diz a nota da autoridade sanit\u00e1ria. At\u00e9 agora j\u00e1 foram aprovados tr\u00eas estudos cl\u00ednicos sobre a necessidade e conveni\u00eancia da terceira dose, um da Pfizer\/BioNTech e dois da AstraZeneca.<\/p>\n<p>Foto: Marcelo Camargo\/Ag\u00eancia Brasil<\/p>\n","protected":false},"excerpt":{"rendered":"<p>A Ag\u00eancia Nacional de Vigil\u00e2ncia Sanit\u00e1ria (Anvisa) afirmou em comunicado que ainda n\u00e3o h\u00e1 evid\u00eancias suficientes para uma recomenda\u00e7\u00e3o do uso de terceira<\/p>\n","protected":false},"author":1,"featured_media":571942,"comment_status":"closed","ping_status":"closed","sticky":false,"template":"","format":"standard","meta":[],"categories":[3],"tags":[],"acf":[],"yoast_head":"<!-- This site is optimized with the Yoast SEO plugin v20.8 - https:\/\/yoast.com\/wordpress\/plugins\/seo\/ -->\n<title>ANVISA DIZ QUE N\u00c3O H\u00c1 ESTUDO CONCLUSIVO SOBRE 3\u00aa DOSE - Bahia Economica<\/title>\n<meta name=\"description\" content=\"O maior portal de Economia da Bahia ECONOMIA \/ POL\u00cdTICA Bahia Economica\" \/>\n<meta name=\"robots\" content=\"index, follow, max-snippet:-1, max-image-preview:large, max-video-preview:-1\" \/>\n<link rel=\"canonical\" href=\"https:\/\/bahiaeconomica.com.br\/wp\/2021\/07\/24\/anvisa-diz-que-nao-ha-estudo-conclusivo-sobre-3a-dose-2\/\" \/>\n<meta property=\"og:locale\" content=\"pt_BR\" \/>\n<meta property=\"og:type\" content=\"article\" \/>\n<meta property=\"og:title\" content=\"ANVISA DIZ QUE N\u00c3O H\u00c1 ESTUDO CONCLUSIVO SOBRE 3\u00aa DOSE - Bahia Economica\" \/>\n<meta property=\"og:description\" content=\"O maior portal de Economia da Bahia ECONOMIA \/ POL\u00cdTICA Bahia Economica\" \/>\n<meta property=\"og:url\" content=\"https:\/\/bahiaeconomica.com.br\/wp\/2021\/07\/24\/anvisa-diz-que-nao-ha-estudo-conclusivo-sobre-3a-dose-2\/\" \/>\n<meta property=\"og:site_name\" content=\"Bahia Economica\" \/>\n<meta property=\"article:publisher\" content=\"https:\/\/www.facebook.com\/bahiaeconomica\" \/>\n<meta property=\"article:published_time\" content=\"2021-07-24T10:09:29+00:00\" \/>\n<meta property=\"og:image\" content=\"https:\/\/bahiaeconomica.com.br\/wp\/wp-content\/uploads\/2021\/06\/ANVISA.jpeg\" \/>\n\t<meta property=\"og:image:width\" content=\"768\" \/>\n\t<meta property=\"og:image:height\" content=\"402\" \/>\n\t<meta property=\"og:image:type\" content=\"image\/jpeg\" \/>\n<meta name=\"author\" content=\"admin\" \/>\n<meta name=\"twitter:card\" content=\"summary_large_image\" \/>\n<meta name=\"twitter:label1\" content=\"Escrito por\" \/>\n\t<meta name=\"twitter:data1\" content=\"admin\" \/>\n\t<meta name=\"twitter:label2\" content=\"Est. tempo de leitura\" \/>\n\t<meta name=\"twitter:data2\" content=\"2 minutos\" \/>\n<script type=\"application\/ld+json\" class=\"yoast-schema-graph\">{\"@context\":\"https:\/\/schema.org\",\"@graph\":[{\"@type\":\"Article\",\"@id\":\"https:\/\/bahiaeconomica.com.br\/wp\/2021\/07\/24\/anvisa-diz-que-nao-ha-estudo-conclusivo-sobre-3a-dose-2\/#article\",\"isPartOf\":{\"@id\":\"https:\/\/bahiaeconomica.com.br\/wp\/2021\/07\/24\/anvisa-diz-que-nao-ha-estudo-conclusivo-sobre-3a-dose-2\/\"},\"author\":{\"name\":\"admin\",\"@id\":\"https:\/\/bahiaeconomica.com.br\/wp\/#\/schema\/person\/cb1ab5ba96ad3d9390805381c76284ec\"},\"headline\":\"ANVISA DIZ QUE N\u00c3O H\u00c1 ESTUDO CONCLUSIVO SOBRE 3\u00aa DOSE\",\"datePublished\":\"2021-07-24T10:09:29+00:00\",\"dateModified\":\"2021-07-24T10:09:29+00:00\",\"mainEntityOfPage\":{\"@id\":\"https:\/\/bahiaeconomica.com.br\/wp\/2021\/07\/24\/anvisa-diz-que-nao-ha-estudo-conclusivo-sobre-3a-dose-2\/\"},\"wordCount\":367,\"publisher\":{\"@id\":\"https:\/\/bahiaeconomica.com.br\/wp\/#organization\"},\"articleSection\":[\"ECONOMIA \/ POL\u00cdTICA\"],\"inLanguage\":\"pt-BR\"},{\"@type\":\"WebPage\",\"@id\":\"https:\/\/bahiaeconomica.com.br\/wp\/2021\/07\/24\/anvisa-diz-que-nao-ha-estudo-conclusivo-sobre-3a-dose-2\/\",\"url\":\"https:\/\/bahiaeconomica.com.br\/wp\/2021\/07\/24\/anvisa-diz-que-nao-ha-estudo-conclusivo-sobre-3a-dose-2\/\",\"name\":\"ANVISA DIZ QUE N\u00c3O H\u00c1 ESTUDO CONCLUSIVO SOBRE 3\u00aa DOSE - Bahia Economica\",\"isPartOf\":{\"@id\":\"https:\/\/bahiaeconomica.com.br\/wp\/#website\"},\"datePublished\":\"2021-07-24T10:09:29+00:00\",\"dateModified\":\"2021-07-24T10:09:29+00:00\",\"description\":\"O maior portal de Economia da Bahia ECONOMIA \/ POL\u00cdTICA Bahia Economica\",\"breadcrumb\":{\"@id\":\"https:\/\/bahiaeconomica.com.br\/wp\/2021\/07\/24\/anvisa-diz-que-nao-ha-estudo-conclusivo-sobre-3a-dose-2\/#breadcrumb\"},\"inLanguage\":\"pt-BR\",\"potentialAction\":[{\"@type\":\"ReadAction\",\"target\":[\"https:\/\/bahiaeconomica.com.br\/wp\/2021\/07\/24\/anvisa-diz-que-nao-ha-estudo-conclusivo-sobre-3a-dose-2\/\"]}]},{\"@type\":\"BreadcrumbList\",\"@id\":\"https:\/\/bahiaeconomica.com.br\/wp\/2021\/07\/24\/anvisa-diz-que-nao-ha-estudo-conclusivo-sobre-3a-dose-2\/#breadcrumb\",\"itemListElement\":[{\"@type\":\"ListItem\",\"position\":1,\"name\":\"In\u00edcio\",\"item\":\"https:\/\/bahiaeconomica.com.br\/wp\/\"},{\"@type\":\"ListItem\",\"position\":2,\"name\":\"ANVISA DIZ QUE N\u00c3O H\u00c1 ESTUDO CONCLUSIVO SOBRE 3\u00aa DOSE\"}]},{\"@type\":\"WebSite\",\"@id\":\"https:\/\/bahiaeconomica.com.br\/wp\/#website\",\"url\":\"https:\/\/bahiaeconomica.com.br\/wp\/\",\"name\":\"Bahia Economica\",\"description\":\"O maior portal de Economia da Bahia\",\"publisher\":{\"@id\":\"https:\/\/bahiaeconomica.com.br\/wp\/#organization\"},\"potentialAction\":[{\"@type\":\"SearchAction\",\"target\":{\"@type\":\"EntryPoint\",\"urlTemplate\":\"https:\/\/bahiaeconomica.com.br\/wp\/?s={search_term_string}\"},\"query-input\":\"required name=search_term_string\"}],\"inLanguage\":\"pt-BR\"},{\"@type\":\"Organization\",\"@id\":\"https:\/\/bahiaeconomica.com.br\/wp\/#organization\",\"name\":\"Bahia Econ\u00f4mica\",\"url\":\"https:\/\/bahiaeconomica.com.br\/wp\/\",\"logo\":{\"@type\":\"ImageObject\",\"inLanguage\":\"pt-BR\",\"@id\":\"https:\/\/bahiaeconomica.com.br\/wp\/#\/schema\/logo\/image\/\",\"url\":\"https:\/\/bahiaeconomica.com.br\/wp\/wp-content\/uploads\/2020\/12\/cropped-BE.png\",\"contentUrl\":\"https:\/\/bahiaeconomica.com.br\/wp\/wp-content\/uploads\/2020\/12\/cropped-BE.png\",\"width\":512,\"height\":512,\"caption\":\"Bahia Econ\u00f4mica\"},\"image\":{\"@id\":\"https:\/\/bahiaeconomica.com.br\/wp\/#\/schema\/logo\/image\/\"},\"sameAs\":[\"https:\/\/www.facebook.com\/bahiaeconomica\"]},{\"@type\":\"Person\",\"@id\":\"https:\/\/bahiaeconomica.com.br\/wp\/#\/schema\/person\/cb1ab5ba96ad3d9390805381c76284ec\",\"name\":\"admin\",\"url\":\"https:\/\/bahiaeconomica.com.br\/wp\/author\/admin\/\"}]}<\/script>\n<!-- \/ Yoast SEO plugin. -->","yoast_head_json":{"title":"ANVISA DIZ QUE N\u00c3O H\u00c1 ESTUDO CONCLUSIVO SOBRE 3\u00aa DOSE - Bahia Economica","description":"O maior portal de Economia da Bahia ECONOMIA \/ POL\u00cdTICA Bahia Economica","robots":{"index":"index","follow":"follow","max-snippet":"max-snippet:-1","max-image-preview":"max-image-preview:large","max-video-preview":"max-video-preview:-1"},"canonical":"https:\/\/bahiaeconomica.com.br\/wp\/2021\/07\/24\/anvisa-diz-que-nao-ha-estudo-conclusivo-sobre-3a-dose-2\/","og_locale":"pt_BR","og_type":"article","og_title":"ANVISA DIZ QUE N\u00c3O H\u00c1 ESTUDO CONCLUSIVO SOBRE 3\u00aa DOSE - Bahia Economica","og_description":"O maior portal de Economia da Bahia ECONOMIA \/ POL\u00cdTICA Bahia Economica","og_url":"https:\/\/bahiaeconomica.com.br\/wp\/2021\/07\/24\/anvisa-diz-que-nao-ha-estudo-conclusivo-sobre-3a-dose-2\/","og_site_name":"Bahia Economica","article_publisher":"https:\/\/www.facebook.com\/bahiaeconomica","article_published_time":"2021-07-24T10:09:29+00:00","og_image":[{"width":768,"height":402,"url":"https:\/\/bahiaeconomica.com.br\/wp\/wp-content\/uploads\/2021\/06\/ANVISA.jpeg","type":"image\/jpeg"}],"author":"admin","twitter_card":"summary_large_image","twitter_misc":{"Escrito por":"admin","Est. tempo de leitura":"2 minutos"},"schema":{"@context":"https:\/\/schema.org","@graph":[{"@type":"Article","@id":"https:\/\/bahiaeconomica.com.br\/wp\/2021\/07\/24\/anvisa-diz-que-nao-ha-estudo-conclusivo-sobre-3a-dose-2\/#article","isPartOf":{"@id":"https:\/\/bahiaeconomica.com.br\/wp\/2021\/07\/24\/anvisa-diz-que-nao-ha-estudo-conclusivo-sobre-3a-dose-2\/"},"author":{"name":"admin","@id":"https:\/\/bahiaeconomica.com.br\/wp\/#\/schema\/person\/cb1ab5ba96ad3d9390805381c76284ec"},"headline":"ANVISA DIZ QUE N\u00c3O H\u00c1 ESTUDO CONCLUSIVO SOBRE 3\u00aa DOSE","datePublished":"2021-07-24T10:09:29+00:00","dateModified":"2021-07-24T10:09:29+00:00","mainEntityOfPage":{"@id":"https:\/\/bahiaeconomica.com.br\/wp\/2021\/07\/24\/anvisa-diz-que-nao-ha-estudo-conclusivo-sobre-3a-dose-2\/"},"wordCount":367,"publisher":{"@id":"https:\/\/bahiaeconomica.com.br\/wp\/#organization"},"articleSection":["ECONOMIA \/ POL\u00cdTICA"],"inLanguage":"pt-BR"},{"@type":"WebPage","@id":"https:\/\/bahiaeconomica.com.br\/wp\/2021\/07\/24\/anvisa-diz-que-nao-ha-estudo-conclusivo-sobre-3a-dose-2\/","url":"https:\/\/bahiaeconomica.com.br\/wp\/2021\/07\/24\/anvisa-diz-que-nao-ha-estudo-conclusivo-sobre-3a-dose-2\/","name":"ANVISA DIZ QUE N\u00c3O H\u00c1 ESTUDO CONCLUSIVO SOBRE 3\u00aa DOSE - Bahia Economica","isPartOf":{"@id":"https:\/\/bahiaeconomica.com.br\/wp\/#website"},"datePublished":"2021-07-24T10:09:29+00:00","dateModified":"2021-07-24T10:09:29+00:00","description":"O maior portal de Economia da Bahia ECONOMIA \/ POL\u00cdTICA Bahia Economica","breadcrumb":{"@id":"https:\/\/bahiaeconomica.com.br\/wp\/2021\/07\/24\/anvisa-diz-que-nao-ha-estudo-conclusivo-sobre-3a-dose-2\/#breadcrumb"},"inLanguage":"pt-BR","potentialAction":[{"@type":"ReadAction","target":["https:\/\/bahiaeconomica.com.br\/wp\/2021\/07\/24\/anvisa-diz-que-nao-ha-estudo-conclusivo-sobre-3a-dose-2\/"]}]},{"@type":"BreadcrumbList","@id":"https:\/\/bahiaeconomica.com.br\/wp\/2021\/07\/24\/anvisa-diz-que-nao-ha-estudo-conclusivo-sobre-3a-dose-2\/#breadcrumb","itemListElement":[{"@type":"ListItem","position":1,"name":"In\u00edcio","item":"https:\/\/bahiaeconomica.com.br\/wp\/"},{"@type":"ListItem","position":2,"name":"ANVISA DIZ QUE N\u00c3O H\u00c1 ESTUDO CONCLUSIVO SOBRE 3\u00aa DOSE"}]},{"@type":"WebSite","@id":"https:\/\/bahiaeconomica.com.br\/wp\/#website","url":"https:\/\/bahiaeconomica.com.br\/wp\/","name":"Bahia Economica","description":"O maior portal de Economia da Bahia","publisher":{"@id":"https:\/\/bahiaeconomica.com.br\/wp\/#organization"},"potentialAction":[{"@type":"SearchAction","target":{"@type":"EntryPoint","urlTemplate":"https:\/\/bahiaeconomica.com.br\/wp\/?s={search_term_string}"},"query-input":"required name=search_term_string"}],"inLanguage":"pt-BR"},{"@type":"Organization","@id":"https:\/\/bahiaeconomica.com.br\/wp\/#organization","name":"Bahia Econ\u00f4mica","url":"https:\/\/bahiaeconomica.com.br\/wp\/","logo":{"@type":"ImageObject","inLanguage":"pt-BR","@id":"https:\/\/bahiaeconomica.com.br\/wp\/#\/schema\/logo\/image\/","url":"https:\/\/bahiaeconomica.com.br\/wp\/wp-content\/uploads\/2020\/12\/cropped-BE.png","contentUrl":"https:\/\/bahiaeconomica.com.br\/wp\/wp-content\/uploads\/2020\/12\/cropped-BE.png","width":512,"height":512,"caption":"Bahia Econ\u00f4mica"},"image":{"@id":"https:\/\/bahiaeconomica.com.br\/wp\/#\/schema\/logo\/image\/"},"sameAs":["https:\/\/www.facebook.com\/bahiaeconomica"]},{"@type":"Person","@id":"https:\/\/bahiaeconomica.com.br\/wp\/#\/schema\/person\/cb1ab5ba96ad3d9390805381c76284ec","name":"admin","url":"https:\/\/bahiaeconomica.com.br\/wp\/author\/admin\/"}]}},"views":0,"_links":{"self":[{"href":"https:\/\/bahiaeconomica.com.br\/wp\/wp-json\/wp\/v2\/posts\/586362"}],"collection":[{"href":"https:\/\/bahiaeconomica.com.br\/wp\/wp-json\/wp\/v2\/posts"}],"about":[{"href":"https:\/\/bahiaeconomica.com.br\/wp\/wp-json\/wp\/v2\/types\/post"}],"author":[{"embeddable":true,"href":"https:\/\/bahiaeconomica.com.br\/wp\/wp-json\/wp\/v2\/users\/1"}],"replies":[{"embeddable":true,"href":"https:\/\/bahiaeconomica.com.br\/wp\/wp-json\/wp\/v2\/comments?post=586362"}],"version-history":[{"count":1,"href":"https:\/\/bahiaeconomica.com.br\/wp\/wp-json\/wp\/v2\/posts\/586362\/revisions"}],"predecessor-version":[{"id":586364,"href":"https:\/\/bahiaeconomica.com.br\/wp\/wp-json\/wp\/v2\/posts\/586362\/revisions\/586364"}],"wp:featuredmedia":[{"embeddable":true,"href":"https:\/\/bahiaeconomica.com.br\/wp\/wp-json\/wp\/v2\/media\/571942"}],"wp:attachment":[{"href":"https:\/\/bahiaeconomica.com.br\/wp\/wp-json\/wp\/v2\/media?parent=586362"}],"wp:term":[{"taxonomy":"category","embeddable":true,"href":"https:\/\/bahiaeconomica.com.br\/wp\/wp-json\/wp\/v2\/categories?post=586362"},{"taxonomy":"post_tag","embeddable":true,"href":"https:\/\/bahiaeconomica.com.br\/wp\/wp-json\/wp\/v2\/tags?post=586362"}],"curies":[{"name":"wp","href":"https:\/\/api.w.org\/{rel}","templated":true}]}}