{"id":586077,"date":"2021-07-24T10:00:24","date_gmt":"2021-07-24T13:00:24","guid":{"rendered":"https:\/\/bahiaeconomica.com.br\/wp\/beta\/?p=586077"},"modified":"2021-07-24T09:42:44","modified_gmt":"2021-07-24T12:42:44","slug":"intervalo-maior-de-doses-da-pfizer-aumenta-anticorpos","status":"publish","type":"post","link":"https:\/\/bahiaeconomica.com.br\/wp\/2021\/07\/24\/intervalo-maior-de-doses-da-pfizer-aumenta-anticorpos\/","title":{"rendered":"INTERVALO MAIOR DE DOSES DA PFIZER AUMENTA ANTICORPOS"},"content":{"rendered":"<p>Um intervalo maior entre as duas doses da vacina da Pfizer contra a covid-19 proporciona um n\u00edvel maior de anticorpos do que um intervalo mais curto, <!--more-->concluiu um estudo brit\u00e2nico, embora haja uma queda brusca nos n\u00edveis de anticorpos ap\u00f3s a primeira dose.<\/p>\n<p>Segundo a Reuters, o estudo pode ajudar a tra\u00e7ar estrat\u00e9gias de vacina\u00e7\u00e3o contra a variante Delta, que reduz a efic\u00e1cia de uma primeira dose da vacina contra a covid-19, ainda que duas doses sejam eficientes na prote\u00e7\u00e3o.<\/p>\n<p>&#8220;Para o intervalo mais longo de doses, os n\u00edveis de anticorpos neutralizantes contra a variante Delta foram induzidos de maneira fraca ap\u00f3s uma \u00fanica dose, e n\u00e3o se mantiveram durante o intervalo at\u00e9 a segunda dose&#8221;, apontaram os autores do estudo, que est\u00e1 sendo conduzido pela Universidade de Oxford.<\/p>\n<p>&#8220;Ap\u00f3s duas doses da vacina, os n\u00edveis de anticorpos neutralizantes eram duas vezes maiores ap\u00f3s o intervalo mais longo de doses se comparado com o intervalo mais curto.&#8221;<\/p>\n<p>&nbsp;<\/p>\n<p>Foto: Claudio Vieira\/PMSJC<\/p>\n","protected":false},"excerpt":{"rendered":"<p>Um intervalo maior entre as duas doses da vacina da Pfizer contra a covid-19 proporciona um n\u00edvel maior de anticorpos do que um intervalo mais curto,<\/p>\n","protected":false},"author":1,"featured_media":585284,"comment_status":"closed","ping_status":"closed","sticky":false,"template":"","format":"standard","meta":[],"categories":[14,3],"tags":[],"acf":[],"yoast_head":"<!-- This site is optimized with the Yoast SEO plugin v20.8 - https:\/\/yoast.com\/wordpress\/plugins\/seo\/ -->\n<title>INTERVALO MAIOR DE DOSES DA PFIZER AUMENTA ANTICORPOS - Bahia Economica<\/title>\n<meta name=\"description\" content=\"O maior portal de Economia da Bahia DESTAQUE DO DIA, ECONOMIA \/ POL\u00cdTICA Bahia Economica\" \/>\n<meta name=\"robots\" content=\"index, follow, max-snippet:-1, max-image-preview:large, max-video-preview:-1\" \/>\n<link rel=\"canonical\" href=\"https:\/\/bahiaeconomica.com.br\/wp\/2021\/07\/24\/intervalo-maior-de-doses-da-pfizer-aumenta-anticorpos\/\" \/>\n<meta property=\"og:locale\" content=\"pt_BR\" \/>\n<meta property=\"og:type\" content=\"article\" \/>\n<meta property=\"og:title\" content=\"INTERVALO MAIOR DE DOSES DA PFIZER AUMENTA ANTICORPOS - Bahia Economica\" \/>\n<meta property=\"og:description\" content=\"O maior portal de Economia da Bahia DESTAQUE DO DIA, ECONOMIA \/ POL\u00cdTICA Bahia Economica\" \/>\n<meta property=\"og:url\" content=\"https:\/\/bahiaeconomica.com.br\/wp\/2021\/07\/24\/intervalo-maior-de-doses-da-pfizer-aumenta-anticorpos\/\" \/>\n<meta property=\"og:site_name\" content=\"Bahia Economica\" \/>\n<meta property=\"article:publisher\" content=\"https:\/\/www.facebook.com\/bahiaeconomica\" \/>\n<meta property=\"article:published_time\" content=\"2021-07-24T13:00:24+00:00\" \/>\n<meta property=\"article:modified_time\" content=\"2021-07-24T12:42:44+00:00\" \/>\n<meta property=\"og:image\" content=\"https:\/\/bahiaeconomica.com.br\/wp\/wp-content\/uploads\/2021\/07\/vacina-pfizer.jpeg\" \/>\n\t<meta property=\"og:image:width\" content=\"500\" \/>\n\t<meta property=\"og:image:height\" content=\"333\" \/>\n\t<meta property=\"og:image:type\" content=\"image\/jpeg\" \/>\n<meta name=\"author\" content=\"admin\" \/>\n<meta name=\"twitter:card\" content=\"summary_large_image\" \/>\n<meta name=\"twitter:label1\" content=\"Escrito por\" \/>\n\t<meta name=\"twitter:data1\" content=\"admin\" \/>\n\t<meta name=\"twitter:label2\" content=\"Est. tempo de leitura\" \/>\n\t<meta name=\"twitter:data2\" content=\"1 minuto\" \/>\n<script type=\"application\/ld+json\" class=\"yoast-schema-graph\">{\"@context\":\"https:\/\/schema.org\",\"@graph\":[{\"@type\":\"Article\",\"@id\":\"https:\/\/bahiaeconomica.com.br\/wp\/2021\/07\/24\/intervalo-maior-de-doses-da-pfizer-aumenta-anticorpos\/#article\",\"isPartOf\":{\"@id\":\"https:\/\/bahiaeconomica.com.br\/wp\/2021\/07\/24\/intervalo-maior-de-doses-da-pfizer-aumenta-anticorpos\/\"},\"author\":{\"name\":\"admin\",\"@id\":\"https:\/\/bahiaeconomica.com.br\/wp\/#\/schema\/person\/cb1ab5ba96ad3d9390805381c76284ec\"},\"headline\":\"INTERVALO MAIOR DE DOSES DA PFIZER AUMENTA ANTICORPOS\",\"datePublished\":\"2021-07-24T13:00:24+00:00\",\"dateModified\":\"2021-07-24T12:42:44+00:00\",\"mainEntityOfPage\":{\"@id\":\"https:\/\/bahiaeconomica.com.br\/wp\/2021\/07\/24\/intervalo-maior-de-doses-da-pfizer-aumenta-anticorpos\/\"},\"wordCount\":185,\"publisher\":{\"@id\":\"https:\/\/bahiaeconomica.com.br\/wp\/#organization\"},\"articleSection\":[\"DESTAQUE DO DIA\",\"ECONOMIA \/ POL\u00cdTICA\"],\"inLanguage\":\"pt-BR\"},{\"@type\":\"WebPage\",\"@id\":\"https:\/\/bahiaeconomica.com.br\/wp\/2021\/07\/24\/intervalo-maior-de-doses-da-pfizer-aumenta-anticorpos\/\",\"url\":\"https:\/\/bahiaeconomica.com.br\/wp\/2021\/07\/24\/intervalo-maior-de-doses-da-pfizer-aumenta-anticorpos\/\",\"name\":\"INTERVALO MAIOR DE DOSES DA PFIZER AUMENTA ANTICORPOS - Bahia Economica\",\"isPartOf\":{\"@id\":\"https:\/\/bahiaeconomica.com.br\/wp\/#website\"},\"datePublished\":\"2021-07-24T13:00:24+00:00\",\"dateModified\":\"2021-07-24T12:42:44+00:00\",\"description\":\"O maior portal de Economia da Bahia DESTAQUE DO DIA, ECONOMIA \/ POL\u00cdTICA Bahia Economica\",\"breadcrumb\":{\"@id\":\"https:\/\/bahiaeconomica.com.br\/wp\/2021\/07\/24\/intervalo-maior-de-doses-da-pfizer-aumenta-anticorpos\/#breadcrumb\"},\"inLanguage\":\"pt-BR\",\"potentialAction\":[{\"@type\":\"ReadAction\",\"target\":[\"https:\/\/bahiaeconomica.com.br\/wp\/2021\/07\/24\/intervalo-maior-de-doses-da-pfizer-aumenta-anticorpos\/\"]}]},{\"@type\":\"BreadcrumbList\",\"@id\":\"https:\/\/bahiaeconomica.com.br\/wp\/2021\/07\/24\/intervalo-maior-de-doses-da-pfizer-aumenta-anticorpos\/#breadcrumb\",\"itemListElement\":[{\"@type\":\"ListItem\",\"position\":1,\"name\":\"In\u00edcio\",\"item\":\"https:\/\/bahiaeconomica.com.br\/wp\/\"},{\"@type\":\"ListItem\",\"position\":2,\"name\":\"INTERVALO MAIOR DE DOSES DA PFIZER AUMENTA ANTICORPOS\"}]},{\"@type\":\"WebSite\",\"@id\":\"https:\/\/bahiaeconomica.com.br\/wp\/#website\",\"url\":\"https:\/\/bahiaeconomica.com.br\/wp\/\",\"name\":\"Bahia Economica\",\"description\":\"O maior portal de Economia da Bahia\",\"publisher\":{\"@id\":\"https:\/\/bahiaeconomica.com.br\/wp\/#organization\"},\"potentialAction\":[{\"@type\":\"SearchAction\",\"target\":{\"@type\":\"EntryPoint\",\"urlTemplate\":\"https:\/\/bahiaeconomica.com.br\/wp\/?s={search_term_string}\"},\"query-input\":\"required name=search_term_string\"}],\"inLanguage\":\"pt-BR\"},{\"@type\":\"Organization\",\"@id\":\"https:\/\/bahiaeconomica.com.br\/wp\/#organization\",\"name\":\"Bahia Econ\u00f4mica\",\"url\":\"https:\/\/bahiaeconomica.com.br\/wp\/\",\"logo\":{\"@type\":\"ImageObject\",\"inLanguage\":\"pt-BR\",\"@id\":\"https:\/\/bahiaeconomica.com.br\/wp\/#\/schema\/logo\/image\/\",\"url\":\"https:\/\/bahiaeconomica.com.br\/wp\/wp-content\/uploads\/2020\/12\/cropped-BE.png\",\"contentUrl\":\"https:\/\/bahiaeconomica.com.br\/wp\/wp-content\/uploads\/2020\/12\/cropped-BE.png\",\"width\":512,\"height\":512,\"caption\":\"Bahia Econ\u00f4mica\"},\"image\":{\"@id\":\"https:\/\/bahiaeconomica.com.br\/wp\/#\/schema\/logo\/image\/\"},\"sameAs\":[\"https:\/\/www.facebook.com\/bahiaeconomica\"]},{\"@type\":\"Person\",\"@id\":\"https:\/\/bahiaeconomica.com.br\/wp\/#\/schema\/person\/cb1ab5ba96ad3d9390805381c76284ec\",\"name\":\"admin\",\"url\":\"https:\/\/bahiaeconomica.com.br\/wp\/author\/admin\/\"}]}<\/script>\n<!-- \/ Yoast SEO plugin. -->","yoast_head_json":{"title":"INTERVALO MAIOR DE DOSES DA PFIZER AUMENTA ANTICORPOS - Bahia Economica","description":"O maior portal de Economia da Bahia DESTAQUE DO DIA, ECONOMIA \/ POL\u00cdTICA Bahia Economica","robots":{"index":"index","follow":"follow","max-snippet":"max-snippet:-1","max-image-preview":"max-image-preview:large","max-video-preview":"max-video-preview:-1"},"canonical":"https:\/\/bahiaeconomica.com.br\/wp\/2021\/07\/24\/intervalo-maior-de-doses-da-pfizer-aumenta-anticorpos\/","og_locale":"pt_BR","og_type":"article","og_title":"INTERVALO MAIOR DE DOSES DA PFIZER AUMENTA ANTICORPOS - Bahia Economica","og_description":"O maior portal de Economia da Bahia DESTAQUE DO DIA, ECONOMIA \/ POL\u00cdTICA Bahia Economica","og_url":"https:\/\/bahiaeconomica.com.br\/wp\/2021\/07\/24\/intervalo-maior-de-doses-da-pfizer-aumenta-anticorpos\/","og_site_name":"Bahia Economica","article_publisher":"https:\/\/www.facebook.com\/bahiaeconomica","article_published_time":"2021-07-24T13:00:24+00:00","article_modified_time":"2021-07-24T12:42:44+00:00","og_image":[{"width":500,"height":333,"url":"https:\/\/bahiaeconomica.com.br\/wp\/wp-content\/uploads\/2021\/07\/vacina-pfizer.jpeg","type":"image\/jpeg"}],"author":"admin","twitter_card":"summary_large_image","twitter_misc":{"Escrito por":"admin","Est. tempo de leitura":"1 minuto"},"schema":{"@context":"https:\/\/schema.org","@graph":[{"@type":"Article","@id":"https:\/\/bahiaeconomica.com.br\/wp\/2021\/07\/24\/intervalo-maior-de-doses-da-pfizer-aumenta-anticorpos\/#article","isPartOf":{"@id":"https:\/\/bahiaeconomica.com.br\/wp\/2021\/07\/24\/intervalo-maior-de-doses-da-pfizer-aumenta-anticorpos\/"},"author":{"name":"admin","@id":"https:\/\/bahiaeconomica.com.br\/wp\/#\/schema\/person\/cb1ab5ba96ad3d9390805381c76284ec"},"headline":"INTERVALO MAIOR DE DOSES DA PFIZER AUMENTA ANTICORPOS","datePublished":"2021-07-24T13:00:24+00:00","dateModified":"2021-07-24T12:42:44+00:00","mainEntityOfPage":{"@id":"https:\/\/bahiaeconomica.com.br\/wp\/2021\/07\/24\/intervalo-maior-de-doses-da-pfizer-aumenta-anticorpos\/"},"wordCount":185,"publisher":{"@id":"https:\/\/bahiaeconomica.com.br\/wp\/#organization"},"articleSection":["DESTAQUE DO DIA","ECONOMIA \/ POL\u00cdTICA"],"inLanguage":"pt-BR"},{"@type":"WebPage","@id":"https:\/\/bahiaeconomica.com.br\/wp\/2021\/07\/24\/intervalo-maior-de-doses-da-pfizer-aumenta-anticorpos\/","url":"https:\/\/bahiaeconomica.com.br\/wp\/2021\/07\/24\/intervalo-maior-de-doses-da-pfizer-aumenta-anticorpos\/","name":"INTERVALO MAIOR DE DOSES DA PFIZER AUMENTA ANTICORPOS - Bahia Economica","isPartOf":{"@id":"https:\/\/bahiaeconomica.com.br\/wp\/#website"},"datePublished":"2021-07-24T13:00:24+00:00","dateModified":"2021-07-24T12:42:44+00:00","description":"O maior portal de Economia da Bahia DESTAQUE DO DIA, ECONOMIA \/ POL\u00cdTICA Bahia Economica","breadcrumb":{"@id":"https:\/\/bahiaeconomica.com.br\/wp\/2021\/07\/24\/intervalo-maior-de-doses-da-pfizer-aumenta-anticorpos\/#breadcrumb"},"inLanguage":"pt-BR","potentialAction":[{"@type":"ReadAction","target":["https:\/\/bahiaeconomica.com.br\/wp\/2021\/07\/24\/intervalo-maior-de-doses-da-pfizer-aumenta-anticorpos\/"]}]},{"@type":"BreadcrumbList","@id":"https:\/\/bahiaeconomica.com.br\/wp\/2021\/07\/24\/intervalo-maior-de-doses-da-pfizer-aumenta-anticorpos\/#breadcrumb","itemListElement":[{"@type":"ListItem","position":1,"name":"In\u00edcio","item":"https:\/\/bahiaeconomica.com.br\/wp\/"},{"@type":"ListItem","position":2,"name":"INTERVALO MAIOR DE DOSES DA PFIZER AUMENTA ANTICORPOS"}]},{"@type":"WebSite","@id":"https:\/\/bahiaeconomica.com.br\/wp\/#website","url":"https:\/\/bahiaeconomica.com.br\/wp\/","name":"Bahia Economica","description":"O maior portal de Economia da Bahia","publisher":{"@id":"https:\/\/bahiaeconomica.com.br\/wp\/#organization"},"potentialAction":[{"@type":"SearchAction","target":{"@type":"EntryPoint","urlTemplate":"https:\/\/bahiaeconomica.com.br\/wp\/?s={search_term_string}"},"query-input":"required name=search_term_string"}],"inLanguage":"pt-BR"},{"@type":"Organization","@id":"https:\/\/bahiaeconomica.com.br\/wp\/#organization","name":"Bahia Econ\u00f4mica","url":"https:\/\/bahiaeconomica.com.br\/wp\/","logo":{"@type":"ImageObject","inLanguage":"pt-BR","@id":"https:\/\/bahiaeconomica.com.br\/wp\/#\/schema\/logo\/image\/","url":"https:\/\/bahiaeconomica.com.br\/wp\/wp-content\/uploads\/2020\/12\/cropped-BE.png","contentUrl":"https:\/\/bahiaeconomica.com.br\/wp\/wp-content\/uploads\/2020\/12\/cropped-BE.png","width":512,"height":512,"caption":"Bahia Econ\u00f4mica"},"image":{"@id":"https:\/\/bahiaeconomica.com.br\/wp\/#\/schema\/logo\/image\/"},"sameAs":["https:\/\/www.facebook.com\/bahiaeconomica"]},{"@type":"Person","@id":"https:\/\/bahiaeconomica.com.br\/wp\/#\/schema\/person\/cb1ab5ba96ad3d9390805381c76284ec","name":"admin","url":"https:\/\/bahiaeconomica.com.br\/wp\/author\/admin\/"}]}},"views":0,"_links":{"self":[{"href":"https:\/\/bahiaeconomica.com.br\/wp\/wp-json\/wp\/v2\/posts\/586077"}],"collection":[{"href":"https:\/\/bahiaeconomica.com.br\/wp\/wp-json\/wp\/v2\/posts"}],"about":[{"href":"https:\/\/bahiaeconomica.com.br\/wp\/wp-json\/wp\/v2\/types\/post"}],"author":[{"embeddable":true,"href":"https:\/\/bahiaeconomica.com.br\/wp\/wp-json\/wp\/v2\/users\/1"}],"replies":[{"embeddable":true,"href":"https:\/\/bahiaeconomica.com.br\/wp\/wp-json\/wp\/v2\/comments?post=586077"}],"version-history":[{"count":1,"href":"https:\/\/bahiaeconomica.com.br\/wp\/wp-json\/wp\/v2\/posts\/586077\/revisions"}],"predecessor-version":[{"id":586079,"href":"https:\/\/bahiaeconomica.com.br\/wp\/wp-json\/wp\/v2\/posts\/586077\/revisions\/586079"}],"wp:featuredmedia":[{"embeddable":true,"href":"https:\/\/bahiaeconomica.com.br\/wp\/wp-json\/wp\/v2\/media\/585284"}],"wp:attachment":[{"href":"https:\/\/bahiaeconomica.com.br\/wp\/wp-json\/wp\/v2\/media?parent=586077"}],"wp:term":[{"taxonomy":"category","embeddable":true,"href":"https:\/\/bahiaeconomica.com.br\/wp\/wp-json\/wp\/v2\/categories?post=586077"},{"taxonomy":"post_tag","embeddable":true,"href":"https:\/\/bahiaeconomica.com.br\/wp\/wp-json\/wp\/v2\/tags?post=586077"}],"curies":[{"name":"wp","href":"https:\/\/api.w.org\/{rel}","templated":true}]}}