{"id":584853,"date":"2021-07-20T08:30:11","date_gmt":"2021-07-20T11:30:11","guid":{"rendered":"https:\/\/bahiaeconomica.com.br\/wp\/beta\/?p=584853"},"modified":"2021-07-20T08:59:12","modified_gmt":"2021-07-20T11:59:12","slug":"arthur-lira-defende-semipresidencialismo-nas-redes","status":"publish","type":"post","link":"https:\/\/bahiaeconomica.com.br\/wp\/2021\/07\/20\/arthur-lira-defende-semipresidencialismo-nas-redes\/","title":{"rendered":"ARTHUR LIRA DEFENDE SEMIPRESIDENCIALISMO NAS REDES"},"content":{"rendered":"<p>O presidente da C\u00e2mara, Arthur Lira (Progressistas-AL), foi \u00e0s redes sociais nesta segunda-feira (19), para defender a proposta de emenda constitucional (PEC) <!--more-->que institui o semipresidencialismo no Brasil. Depois de receber cr\u00edticas da oposi\u00e7\u00e3o, que viu na ideia uma manobra para fortalecer o Centr\u00e3o, Lira destacou que a mudan\u00e7a de sistema de governo, se aprovada, s\u00f3 valer\u00e1 para as elei\u00e7\u00f5es de 2026.<\/p>\n<p>A proposta figurou na segunda-feira entre os assuntos mais comentados do Twitter, um dia depois de o Estad\u00e3o mostrar que Lira articula com aliados a mudan\u00e7a do sistema de governo por meio de uma PEC e apresentou uma minuta do texto em reuni\u00e3o de l\u00edderes, no \u00faltimo dia 13. Na pr\u00e1tica, o deputado est\u00e1 disposto a esvaziar a press\u00e3o para autorizar o impeachment do presidente Jair Bolsonaro.<\/p>\n<p>Diante das cr\u00edticas do PT e de outros partidos de esquerda, por\u00e9m, o presidente da C\u00e2mara &#8211; que lidera o Centr\u00e3o &#8211; decidiu sair em defesa da proposta no Twitter. &#8220;Acabou a \u00e9poca de projetos esquecidos nas gavetas. E o semipresidencialismo \u00e9 mais um desses. Surgiu antes da crise atual. N\u00e3o \u00e9 inven\u00e7\u00e3o minha&#8221;, escreveu, ao dizer que \u00e9 preciso diminuir a &#8220;instabilidade cr\u00f4nica&#8221; que o Brasil vive.<\/p>\n<p>A PEC \u00e9 de autoria do deputado Samuel Moreira (PSDB-SP), que j\u00e1 come\u00e7ou a coletar assinaturas para a tramita\u00e7\u00e3o da proposta &#8211; s\u00e3o necess\u00e1rias 171. &#8220;O sistema \u00e9 presidencialista e a gente respeita isso. Mas, para um outro mandato, nada impede voc\u00ea de partir para outro sistema, da mesma forma que est\u00e3o discutindo como mudar o sistema eleitoral&#8221;, disse Moreira ao Estad\u00e3o.<\/p>\n<p>Lira, por sua vez, afirmou que a C\u00e2mara deve discutir todos os assuntos. &#8220;Podemos, sim, discutir o semipresidencialismo, que s\u00f3 valeria para as elei\u00e7\u00f5es de 2026, como qualquer outro projeto ou ideia que diminua a instabilidade cr\u00f4nica que o Brasil vive h\u00e1 muito tempo&#8221;, argumentou. Rival de Lira, o ex-presidente da C\u00e2mara Rodrigo Maia (sem partido-RJ) considera que a ideia faz parte de &#8220;um debate importante&#8221;. Maia disse que j\u00e1 assinou a PEC, mas avaliou que o texto precisa ser analisado sem pressa. &#8220;H\u00e1 um longo caminho para mostrar que o Parlamento est\u00e1 preparado para assumir novas atribui\u00e7\u00f5es&#8221;, insistiu.<\/p>\n<p>Para o ex-presidente da Casa, antes de mudar o sistema pol\u00edtico \u00e9 preciso diminuir o n\u00famero de partidos e fazer uma reforma do or\u00e7amento, com um &#8220;um olhar mais nacional, e menos paroquial, de projeto de Pa\u00eds&#8221;. O modelo de semipresidencialismo introduz no cen\u00e1rio pol\u00edtico a figura do primeiro-ministro e aumenta o poder do Congresso. Ao mesmo tempo em que mant\u00e9m o presidente, eleito pelo voto direto, o semipresidencialismo delega a chefia de governo ao primeiro-ministro. \u00c9 ele quem nomeia e comanda toda a equipe, o chamado &#8220;Conselho de Ministros&#8221;, incluindo nesse rol at\u00e9 mesmo o presidente do Banco Central.<\/p>\n<p>Ao reagir \u00e0 proposta, a oposi\u00e7\u00e3o usou termos como &#8220;golpe&#8221; nas redes sociais. Deputados e senadores de partidos de esquerda interpretaram que a discuss\u00e3o sobre a mudan\u00e7a no sistema de governo, em um momento no qual o ex-presidente Luiz In\u00e1cio Lula da Silva, \u00e9 favorito nas pesquisas de inten\u00e7\u00e3o de voto, tamb\u00e9m seria uma forma de prejudicar o PT.<\/p>\n<p>Nesta segunda-feira, 19, o ex-prefeito de S\u00e3o Paulo Fernando Haddad, candidato do PT \u00e0 Presid\u00eancia em 2018, classificou a iniciativa como &#8220;golpe&#8221;. &#8220;O impeachment sem crime, a fraude eleitoral de 2018 e o semipresidencialismo s\u00e3o tr\u00eas atos da mesma pe\u00e7a de teatro. A v\u00edtima \u00e9 a mesma: a soberania popular. Imagine o Congresso escolher o chefe de governo&#8221;, disse ele por meio do Twitter.<\/p>\n<p>Com o mesmo tom, a presidente do PT, deputada Gleisi Hoffmann (PR), criticou a PEC no domingo, 18. &#8220;A hist\u00f3ria ensina a respeitar a soberania do povo. E no Brasil \u00e9 o presidencialismo que corresponde a isso. Chega de golpes&#8221;, afirmou. Em resposta \u00e0 declara\u00e7\u00e3o de Lira no Twitter, nesta segunda, a l\u00edder do PSOL na C\u00e2mara, Tal\u00edria Petrone (RJ), lan\u00e7ou uma pergunta nas redes sociais: &#8220;J\u00e1 que n\u00e3o h\u00e1 temas que n\u00e3o possam ser discutidos na C\u00e2mara dos Deputados, que tal analisar algum dos mais de 120 pedidos de impeachment que est\u00e3o na sua gaveta, presidente?&#8221;<\/p>\n<p>O l\u00edder da oposi\u00e7\u00e3o na C\u00e2mara, Alessandro Molon (PSB-RJ), tamb\u00e9m se mostrou contra tramita\u00e7\u00e3o da PEC. &#8220;S\u00f3 se poderia mudar essa decis\u00e3o (sobre sistema de governo) atrav\u00e9s de um novo plebiscito&#8221;, observou. O Brasil j\u00e1 fez dois plebiscitos sobre sistema de governo: um em 1963 e outro em 1993. Em ambas as consultas, uma minoria demonstrou apoio \u00e0 cria\u00e7\u00e3o do cargo de primeiro-ministro e o parlamentarismo foi derrotado. &#8220;Seria uma afronta se os representantes (parlamentares) decidissem passar por cima da vontade dos representados (eleitores)&#8221;.<\/p>\n<p>Embora tenha ressurgido agora, o semipresidencialismo \u00e9 defendido h\u00e1 anos pelo ex-presidente Michel Temer (MDB) e por ministros do Supremo Tribunal Federal (STF), como Gilmar Mendes e Lu\u00eds Roberto Barroso. Para o l\u00edder do governo no Congresso, senador Eduardo Gomes (MDB-TO), a proposta pode ser discutida na volta do recesso parlamentar. &#8220;Vai depender do clima do segundo semestre. Pode ser que o debate sobre as propostas de reforma eleitoral, uma que est\u00e1 no Senado e outra que est\u00e1 na C\u00e2mara, possa ficar um pouquinho mais aflorado agora no come\u00e7o de agosto&#8221;, disse Gomes. Mesmo assim, ele adotou tom de cautela. Semipresidencialismo \u00e9 uma mudan\u00e7a muito profunda para n\u00e3o ser votada em plebiscito&#8221;, afirmou.<\/p>\n<p>Na avalia\u00e7\u00e3o do l\u00edder do MDB, deputado Isnaldo Bulh\u00f5es (AL), a proposta pode servir como meio de conter arroubos autorit\u00e1rios do presidente. &#8220;Esse tema surgiu com mais for\u00e7a diante das \u00faltimas pol\u00eamicas, diante das declara\u00e7\u00f5es do presidente sobre o voto impresso, das rea\u00e7\u00f5es das institui\u00e7\u00f5es e da seguran\u00e7a da rela\u00e7\u00e3o institucional&#8221;, comentou.<\/p>\n","protected":false},"excerpt":{"rendered":"<p>O presidente da C\u00e2mara, Arthur Lira (Progressistas-AL), foi \u00e0s redes sociais nesta segunda-feira (19), para defender a proposta de emenda constitucional (PEC)<\/p>\n","protected":false},"author":1,"featured_media":583973,"comment_status":"closed","ping_status":"closed","sticky":false,"template":"","format":"standard","meta":[],"categories":[14,3],"tags":[],"acf":[],"yoast_head":"<!-- This site is optimized with the Yoast SEO plugin v20.8 - https:\/\/yoast.com\/wordpress\/plugins\/seo\/ -->\n<title>ARTHUR LIRA DEFENDE SEMIPRESIDENCIALISMO NAS REDES - Bahia Economica<\/title>\n<meta name=\"description\" content=\"O maior portal de Economia da Bahia DESTAQUE DO DIA, ECONOMIA \/ POL\u00cdTICA Bahia Economica\" \/>\n<meta name=\"robots\" content=\"index, follow, max-snippet:-1, max-image-preview:large, max-video-preview:-1\" \/>\n<link rel=\"canonical\" href=\"https:\/\/bahiaeconomica.com.br\/wp\/2021\/07\/20\/arthur-lira-defende-semipresidencialismo-nas-redes\/\" \/>\n<meta property=\"og:locale\" content=\"pt_BR\" \/>\n<meta property=\"og:type\" content=\"article\" \/>\n<meta property=\"og:title\" content=\"ARTHUR LIRA DEFENDE SEMIPRESIDENCIALISMO NAS REDES - Bahia Economica\" \/>\n<meta property=\"og:description\" content=\"O maior portal de Economia da Bahia DESTAQUE DO DIA, ECONOMIA \/ POL\u00cdTICA Bahia Economica\" \/>\n<meta property=\"og:url\" content=\"https:\/\/bahiaeconomica.com.br\/wp\/2021\/07\/20\/arthur-lira-defende-semipresidencialismo-nas-redes\/\" \/>\n<meta property=\"og:site_name\" content=\"Bahia Economica\" \/>\n<meta property=\"article:publisher\" content=\"https:\/\/www.facebook.com\/bahiaeconomica\" \/>\n<meta property=\"article:published_time\" content=\"2021-07-20T11:30:11+00:00\" \/>\n<meta property=\"article:modified_time\" content=\"2021-07-20T11:59:12+00:00\" \/>\n<meta property=\"og:image\" content=\"https:\/\/bahiaeconomica.com.br\/wp\/wp-content\/uploads\/2021\/07\/Arthur-Lira-Eletrobras.jpg\" \/>\n\t<meta property=\"og:image:width\" content=\"500\" \/>\n\t<meta property=\"og:image:height\" content=\"300\" \/>\n\t<meta property=\"og:image:type\" content=\"image\/jpeg\" \/>\n<meta name=\"author\" content=\"admin\" \/>\n<meta name=\"twitter:card\" content=\"summary_large_image\" \/>\n<meta name=\"twitter:label1\" content=\"Escrito por\" \/>\n\t<meta name=\"twitter:data1\" content=\"admin\" \/>\n\t<meta name=\"twitter:label2\" content=\"Est. tempo de leitura\" \/>\n\t<meta name=\"twitter:data2\" content=\"5 minutos\" \/>\n<script type=\"application\/ld+json\" class=\"yoast-schema-graph\">{\"@context\":\"https:\/\/schema.org\",\"@graph\":[{\"@type\":\"Article\",\"@id\":\"https:\/\/bahiaeconomica.com.br\/wp\/2021\/07\/20\/arthur-lira-defende-semipresidencialismo-nas-redes\/#article\",\"isPartOf\":{\"@id\":\"https:\/\/bahiaeconomica.com.br\/wp\/2021\/07\/20\/arthur-lira-defende-semipresidencialismo-nas-redes\/\"},\"author\":{\"name\":\"admin\",\"@id\":\"https:\/\/bahiaeconomica.com.br\/wp\/#\/schema\/person\/cb1ab5ba96ad3d9390805381c76284ec\"},\"headline\":\"ARTHUR LIRA DEFENDE SEMIPRESIDENCIALISMO NAS REDES\",\"datePublished\":\"2021-07-20T11:30:11+00:00\",\"dateModified\":\"2021-07-20T11:59:12+00:00\",\"mainEntityOfPage\":{\"@id\":\"https:\/\/bahiaeconomica.com.br\/wp\/2021\/07\/20\/arthur-lira-defende-semipresidencialismo-nas-redes\/\"},\"wordCount\":989,\"publisher\":{\"@id\":\"https:\/\/bahiaeconomica.com.br\/wp\/#organization\"},\"articleSection\":[\"DESTAQUE DO DIA\",\"ECONOMIA \/ POL\u00cdTICA\"],\"inLanguage\":\"pt-BR\"},{\"@type\":\"WebPage\",\"@id\":\"https:\/\/bahiaeconomica.com.br\/wp\/2021\/07\/20\/arthur-lira-defende-semipresidencialismo-nas-redes\/\",\"url\":\"https:\/\/bahiaeconomica.com.br\/wp\/2021\/07\/20\/arthur-lira-defende-semipresidencialismo-nas-redes\/\",\"name\":\"ARTHUR LIRA DEFENDE SEMIPRESIDENCIALISMO NAS REDES - Bahia Economica\",\"isPartOf\":{\"@id\":\"https:\/\/bahiaeconomica.com.br\/wp\/#website\"},\"datePublished\":\"2021-07-20T11:30:11+00:00\",\"dateModified\":\"2021-07-20T11:59:12+00:00\",\"description\":\"O maior portal de Economia da Bahia DESTAQUE DO DIA, ECONOMIA \/ POL\u00cdTICA Bahia Economica\",\"breadcrumb\":{\"@id\":\"https:\/\/bahiaeconomica.com.br\/wp\/2021\/07\/20\/arthur-lira-defende-semipresidencialismo-nas-redes\/#breadcrumb\"},\"inLanguage\":\"pt-BR\",\"potentialAction\":[{\"@type\":\"ReadAction\",\"target\":[\"https:\/\/bahiaeconomica.com.br\/wp\/2021\/07\/20\/arthur-lira-defende-semipresidencialismo-nas-redes\/\"]}]},{\"@type\":\"BreadcrumbList\",\"@id\":\"https:\/\/bahiaeconomica.com.br\/wp\/2021\/07\/20\/arthur-lira-defende-semipresidencialismo-nas-redes\/#breadcrumb\",\"itemListElement\":[{\"@type\":\"ListItem\",\"position\":1,\"name\":\"In\u00edcio\",\"item\":\"https:\/\/bahiaeconomica.com.br\/wp\/\"},{\"@type\":\"ListItem\",\"position\":2,\"name\":\"ARTHUR LIRA DEFENDE SEMIPRESIDENCIALISMO NAS REDES\"}]},{\"@type\":\"WebSite\",\"@id\":\"https:\/\/bahiaeconomica.com.br\/wp\/#website\",\"url\":\"https:\/\/bahiaeconomica.com.br\/wp\/\",\"name\":\"Bahia Economica\",\"description\":\"O maior portal de Economia da Bahia\",\"publisher\":{\"@id\":\"https:\/\/bahiaeconomica.com.br\/wp\/#organization\"},\"potentialAction\":[{\"@type\":\"SearchAction\",\"target\":{\"@type\":\"EntryPoint\",\"urlTemplate\":\"https:\/\/bahiaeconomica.com.br\/wp\/?s={search_term_string}\"},\"query-input\":\"required name=search_term_string\"}],\"inLanguage\":\"pt-BR\"},{\"@type\":\"Organization\",\"@id\":\"https:\/\/bahiaeconomica.com.br\/wp\/#organization\",\"name\":\"Bahia Econ\u00f4mica\",\"url\":\"https:\/\/bahiaeconomica.com.br\/wp\/\",\"logo\":{\"@type\":\"ImageObject\",\"inLanguage\":\"pt-BR\",\"@id\":\"https:\/\/bahiaeconomica.com.br\/wp\/#\/schema\/logo\/image\/\",\"url\":\"https:\/\/bahiaeconomica.com.br\/wp\/wp-content\/uploads\/2020\/12\/cropped-BE.png\",\"contentUrl\":\"https:\/\/bahiaeconomica.com.br\/wp\/wp-content\/uploads\/2020\/12\/cropped-BE.png\",\"width\":512,\"height\":512,\"caption\":\"Bahia Econ\u00f4mica\"},\"image\":{\"@id\":\"https:\/\/bahiaeconomica.com.br\/wp\/#\/schema\/logo\/image\/\"},\"sameAs\":[\"https:\/\/www.facebook.com\/bahiaeconomica\"]},{\"@type\":\"Person\",\"@id\":\"https:\/\/bahiaeconomica.com.br\/wp\/#\/schema\/person\/cb1ab5ba96ad3d9390805381c76284ec\",\"name\":\"admin\",\"url\":\"https:\/\/bahiaeconomica.com.br\/wp\/author\/admin\/\"}]}<\/script>\n<!-- \/ Yoast SEO plugin. -->","yoast_head_json":{"title":"ARTHUR LIRA DEFENDE SEMIPRESIDENCIALISMO NAS REDES - Bahia Economica","description":"O maior portal de Economia da Bahia DESTAQUE DO DIA, ECONOMIA \/ POL\u00cdTICA Bahia Economica","robots":{"index":"index","follow":"follow","max-snippet":"max-snippet:-1","max-image-preview":"max-image-preview:large","max-video-preview":"max-video-preview:-1"},"canonical":"https:\/\/bahiaeconomica.com.br\/wp\/2021\/07\/20\/arthur-lira-defende-semipresidencialismo-nas-redes\/","og_locale":"pt_BR","og_type":"article","og_title":"ARTHUR LIRA DEFENDE SEMIPRESIDENCIALISMO NAS REDES - Bahia Economica","og_description":"O maior portal de Economia da Bahia DESTAQUE DO DIA, ECONOMIA \/ POL\u00cdTICA Bahia Economica","og_url":"https:\/\/bahiaeconomica.com.br\/wp\/2021\/07\/20\/arthur-lira-defende-semipresidencialismo-nas-redes\/","og_site_name":"Bahia Economica","article_publisher":"https:\/\/www.facebook.com\/bahiaeconomica","article_published_time":"2021-07-20T11:30:11+00:00","article_modified_time":"2021-07-20T11:59:12+00:00","og_image":[{"width":500,"height":300,"url":"https:\/\/bahiaeconomica.com.br\/wp\/wp-content\/uploads\/2021\/07\/Arthur-Lira-Eletrobras.jpg","type":"image\/jpeg"}],"author":"admin","twitter_card":"summary_large_image","twitter_misc":{"Escrito por":"admin","Est. tempo de leitura":"5 minutos"},"schema":{"@context":"https:\/\/schema.org","@graph":[{"@type":"Article","@id":"https:\/\/bahiaeconomica.com.br\/wp\/2021\/07\/20\/arthur-lira-defende-semipresidencialismo-nas-redes\/#article","isPartOf":{"@id":"https:\/\/bahiaeconomica.com.br\/wp\/2021\/07\/20\/arthur-lira-defende-semipresidencialismo-nas-redes\/"},"author":{"name":"admin","@id":"https:\/\/bahiaeconomica.com.br\/wp\/#\/schema\/person\/cb1ab5ba96ad3d9390805381c76284ec"},"headline":"ARTHUR LIRA DEFENDE SEMIPRESIDENCIALISMO NAS REDES","datePublished":"2021-07-20T11:30:11+00:00","dateModified":"2021-07-20T11:59:12+00:00","mainEntityOfPage":{"@id":"https:\/\/bahiaeconomica.com.br\/wp\/2021\/07\/20\/arthur-lira-defende-semipresidencialismo-nas-redes\/"},"wordCount":989,"publisher":{"@id":"https:\/\/bahiaeconomica.com.br\/wp\/#organization"},"articleSection":["DESTAQUE DO DIA","ECONOMIA \/ POL\u00cdTICA"],"inLanguage":"pt-BR"},{"@type":"WebPage","@id":"https:\/\/bahiaeconomica.com.br\/wp\/2021\/07\/20\/arthur-lira-defende-semipresidencialismo-nas-redes\/","url":"https:\/\/bahiaeconomica.com.br\/wp\/2021\/07\/20\/arthur-lira-defende-semipresidencialismo-nas-redes\/","name":"ARTHUR LIRA DEFENDE SEMIPRESIDENCIALISMO NAS REDES - Bahia Economica","isPartOf":{"@id":"https:\/\/bahiaeconomica.com.br\/wp\/#website"},"datePublished":"2021-07-20T11:30:11+00:00","dateModified":"2021-07-20T11:59:12+00:00","description":"O maior portal de Economia da Bahia DESTAQUE DO DIA, ECONOMIA \/ POL\u00cdTICA Bahia Economica","breadcrumb":{"@id":"https:\/\/bahiaeconomica.com.br\/wp\/2021\/07\/20\/arthur-lira-defende-semipresidencialismo-nas-redes\/#breadcrumb"},"inLanguage":"pt-BR","potentialAction":[{"@type":"ReadAction","target":["https:\/\/bahiaeconomica.com.br\/wp\/2021\/07\/20\/arthur-lira-defende-semipresidencialismo-nas-redes\/"]}]},{"@type":"BreadcrumbList","@id":"https:\/\/bahiaeconomica.com.br\/wp\/2021\/07\/20\/arthur-lira-defende-semipresidencialismo-nas-redes\/#breadcrumb","itemListElement":[{"@type":"ListItem","position":1,"name":"In\u00edcio","item":"https:\/\/bahiaeconomica.com.br\/wp\/"},{"@type":"ListItem","position":2,"name":"ARTHUR LIRA DEFENDE SEMIPRESIDENCIALISMO NAS REDES"}]},{"@type":"WebSite","@id":"https:\/\/bahiaeconomica.com.br\/wp\/#website","url":"https:\/\/bahiaeconomica.com.br\/wp\/","name":"Bahia Economica","description":"O maior portal de Economia da Bahia","publisher":{"@id":"https:\/\/bahiaeconomica.com.br\/wp\/#organization"},"potentialAction":[{"@type":"SearchAction","target":{"@type":"EntryPoint","urlTemplate":"https:\/\/bahiaeconomica.com.br\/wp\/?s={search_term_string}"},"query-input":"required name=search_term_string"}],"inLanguage":"pt-BR"},{"@type":"Organization","@id":"https:\/\/bahiaeconomica.com.br\/wp\/#organization","name":"Bahia Econ\u00f4mica","url":"https:\/\/bahiaeconomica.com.br\/wp\/","logo":{"@type":"ImageObject","inLanguage":"pt-BR","@id":"https:\/\/bahiaeconomica.com.br\/wp\/#\/schema\/logo\/image\/","url":"https:\/\/bahiaeconomica.com.br\/wp\/wp-content\/uploads\/2020\/12\/cropped-BE.png","contentUrl":"https:\/\/bahiaeconomica.com.br\/wp\/wp-content\/uploads\/2020\/12\/cropped-BE.png","width":512,"height":512,"caption":"Bahia Econ\u00f4mica"},"image":{"@id":"https:\/\/bahiaeconomica.com.br\/wp\/#\/schema\/logo\/image\/"},"sameAs":["https:\/\/www.facebook.com\/bahiaeconomica"]},{"@type":"Person","@id":"https:\/\/bahiaeconomica.com.br\/wp\/#\/schema\/person\/cb1ab5ba96ad3d9390805381c76284ec","name":"admin","url":"https:\/\/bahiaeconomica.com.br\/wp\/author\/admin\/"}]}},"views":3,"_links":{"self":[{"href":"https:\/\/bahiaeconomica.com.br\/wp\/wp-json\/wp\/v2\/posts\/584853"}],"collection":[{"href":"https:\/\/bahiaeconomica.com.br\/wp\/wp-json\/wp\/v2\/posts"}],"about":[{"href":"https:\/\/bahiaeconomica.com.br\/wp\/wp-json\/wp\/v2\/types\/post"}],"author":[{"embeddable":true,"href":"https:\/\/bahiaeconomica.com.br\/wp\/wp-json\/wp\/v2\/users\/1"}],"replies":[{"embeddable":true,"href":"https:\/\/bahiaeconomica.com.br\/wp\/wp-json\/wp\/v2\/comments?post=584853"}],"version-history":[{"count":1,"href":"https:\/\/bahiaeconomica.com.br\/wp\/wp-json\/wp\/v2\/posts\/584853\/revisions"}],"predecessor-version":[{"id":584855,"href":"https:\/\/bahiaeconomica.com.br\/wp\/wp-json\/wp\/v2\/posts\/584853\/revisions\/584855"}],"wp:featuredmedia":[{"embeddable":true,"href":"https:\/\/bahiaeconomica.com.br\/wp\/wp-json\/wp\/v2\/media\/583973"}],"wp:attachment":[{"href":"https:\/\/bahiaeconomica.com.br\/wp\/wp-json\/wp\/v2\/media?parent=584853"}],"wp:term":[{"taxonomy":"category","embeddable":true,"href":"https:\/\/bahiaeconomica.com.br\/wp\/wp-json\/wp\/v2\/categories?post=584853"},{"taxonomy":"post_tag","embeddable":true,"href":"https:\/\/bahiaeconomica.com.br\/wp\/wp-json\/wp\/v2\/tags?post=584853"}],"curies":[{"name":"wp","href":"https:\/\/api.w.org\/{rel}","templated":true}]}}