{"id":584223,"date":"2021-07-16T14:52:48","date_gmt":"2021-07-16T17:52:48","guid":{"rendered":"https:\/\/bahiaeconomica.com.br\/wp\/beta\/?p=584223"},"modified":"2021-07-16T14:52:48","modified_gmt":"2021-07-16T17:52:48","slug":"virginia-mostra-placenta-da-filha-em-capsulas","status":"publish","type":"post","link":"https:\/\/bahiaeconomica.com.br\/wp\/2021\/07\/16\/virginia-mostra-placenta-da-filha-em-capsulas\/","title":{"rendered":"VIRG\u00cdNIA MOSTRA PLACENTA DA FILHA EM C\u00c1PSULAS"},"content":{"rendered":"<p style=\"text-align: justify;\"><strong>Virg\u00ednia Fonseca<\/strong>, mulher de\u00a0Z\u00e9 Felipe, mostrou aos f\u00e3s que colocou a placenta da filha,\u00a0<strong>Maria Alice<\/strong>, em c\u00e1psulas. A influenciadora afirmou que elas s\u00e3o &#8220;capazes de combater a depress\u00e3o p\u00f3s-parto&#8221; e foram sugeridas por sua doula.<\/p>\n<p style=\"text-align: justify;\">&#8220;Eu falei: &#8216;N\u00e3o vou comer n\u00e3o&#8217;. (&#8230;) [Ela explicou que] as c\u00e1psulas auxiliavam depress\u00e3o-p\u00f3s parto, puerp\u00e9rio&#8230; Como eu estava muito medo disso, da depress\u00e3o p\u00f3s-parto, eu falei: &#8216;Vamos fazer&#8217;. Mesmo que eu n\u00e3o tome, melhor ter. E ela tamb\u00e9m falou do creme (&#8230;). Se eu n\u00e3o me engano pode ser passado no beb\u00ea tamb\u00e9m, porque n\u00e3o tem corante, nem cheiro&#8221;, explicou.<\/p>\n<p style=\"text-align: justify;\">&#8220;A c\u00e1psula da placenta da Maria Alice e o creme estavam na geladeira. Eu ainda n\u00e3o comecei a utilizar, completei 45 dias p\u00f3s-parto&#8221;, disse Virg\u00ednia mostrando os itens.&#8221; Jogo ali com a \u00e1gua e nem sente nada. Menor intensidade do baby blues, diminui\u00e7\u00e3o da fadiga, refor\u00e7o para o sistema imunol\u00f3gico materno, fonte de vitaminas e minerais p\u00f3s-part. E a pomada tamb\u00e9m: para passar em assaduras, indicada tamb\u00e9m para queimaduras de sol, \u00e1reas secas, n\u00e3o provoca oleosidade, com potencial restaurativo.&#8221;<\/p>\n<p><iframe  id=\"_ytid_92602\"  width=\"480\" height=\"270\"  data-origwidth=\"480\" data-origheight=\"270\" src=\"https:\/\/www.youtube.com\/embed\/jXjaznv1foE?enablejsapi=1&#038;autoplay=0&#038;cc_load_policy=0&#038;cc_lang_pref=&#038;iv_load_policy=1&#038;loop=0&#038;modestbranding=0&#038;rel=1&#038;fs=1&#038;playsinline=0&#038;autohide=2&#038;theme=dark&#038;color=red&#038;controls=1&#038;\" class=\"__youtube_prefs__  epyt-is-override  no-lazyload\" title=\"YouTube player\"  allow=\"accelerometer; autoplay; clipboard-write; encrypted-media; gyroscope; picture-in-picture\" allowfullscreen data-no-lazy=\"1\" data-skipgform_ajax_framebjll=\"\"><\/iframe><\/p>\n<p>foto: youtube<\/p>\n","protected":false},"excerpt":{"rendered":"<p>Virg\u00ednia Fonseca, mulher de\u00a0Z\u00e9 Felipe, mostrou aos f\u00e3s que colocou a placenta da filha,\u00a0Maria Alice, em c\u00e1psulas. A influenciadora afirmou que elas s\u00e3o &#8220;capazes de combater a depress\u00e3o p\u00f3s-parto&#8221; e foram sugeridas por sua doula. &#8220;Eu falei: &#8216;N\u00e3o vou comer n\u00e3o&#8217;. (&#8230;) [Ela explicou que] as c\u00e1psulas auxiliavam depress\u00e3o-p\u00f3s parto, puerp\u00e9rio&#8230; Como eu estava muito [&hellip;]<\/p>\n","protected":false},"author":1,"featured_media":584225,"comment_status":"closed","ping_status":"closed","sticky":false,"template":"","format":"standard","meta":[],"categories":[4],"tags":[],"acf":[],"yoast_head":"<!-- This site is optimized with the Yoast SEO plugin v20.8 - https:\/\/yoast.com\/wordpress\/plugins\/seo\/ -->\n<title>VIRG\u00cdNIA MOSTRA PLACENTA DA FILHA EM C\u00c1PSULAS - Bahia Economica<\/title>\n<meta name=\"description\" content=\"O maior portal de Economia da Bahia ENTRETENIMENTO Bahia Economica\" \/>\n<meta name=\"robots\" content=\"index, follow, max-snippet:-1, max-image-preview:large, max-video-preview:-1\" \/>\n<link rel=\"canonical\" href=\"https:\/\/bahiaeconomica.com.br\/wp\/2021\/07\/16\/virginia-mostra-placenta-da-filha-em-capsulas\/\" \/>\n<meta property=\"og:locale\" content=\"pt_BR\" \/>\n<meta property=\"og:type\" content=\"article\" \/>\n<meta property=\"og:title\" content=\"VIRG\u00cdNIA MOSTRA PLACENTA DA FILHA EM C\u00c1PSULAS - Bahia Economica\" \/>\n<meta property=\"og:description\" content=\"O maior portal de Economia da Bahia ENTRETENIMENTO Bahia Economica\" \/>\n<meta property=\"og:url\" content=\"https:\/\/bahiaeconomica.com.br\/wp\/2021\/07\/16\/virginia-mostra-placenta-da-filha-em-capsulas\/\" \/>\n<meta property=\"og:site_name\" content=\"Bahia Economica\" \/>\n<meta property=\"article:publisher\" content=\"https:\/\/www.facebook.com\/bahiaeconomica\" \/>\n<meta property=\"article:published_time\" content=\"2021-07-16T17:52:48+00:00\" \/>\n<meta property=\"og:image\" content=\"https:\/\/bahiaeconomica.com.br\/wp\/wp-content\/uploads\/2021\/07\/virginia-capsulas-placenta-youtube.jpg\" \/>\n\t<meta property=\"og:image:width\" content=\"478\" \/>\n\t<meta property=\"og:image:height\" content=\"316\" \/>\n\t<meta property=\"og:image:type\" content=\"image\/jpeg\" \/>\n<meta name=\"author\" content=\"admin\" \/>\n<meta name=\"twitter:card\" content=\"summary_large_image\" \/>\n<meta name=\"twitter:label1\" content=\"Escrito por\" \/>\n\t<meta name=\"twitter:data1\" content=\"admin\" \/>\n\t<meta name=\"twitter:label2\" content=\"Est. tempo de leitura\" \/>\n\t<meta name=\"twitter:data2\" content=\"1 minuto\" \/>\n<script type=\"application\/ld+json\" class=\"yoast-schema-graph\">{\"@context\":\"https:\/\/schema.org\",\"@graph\":[{\"@type\":\"Article\",\"@id\":\"https:\/\/bahiaeconomica.com.br\/wp\/2021\/07\/16\/virginia-mostra-placenta-da-filha-em-capsulas\/#article\",\"isPartOf\":{\"@id\":\"https:\/\/bahiaeconomica.com.br\/wp\/2021\/07\/16\/virginia-mostra-placenta-da-filha-em-capsulas\/\"},\"author\":{\"name\":\"admin\",\"@id\":\"https:\/\/bahiaeconomica.com.br\/wp\/#\/schema\/person\/cb1ab5ba96ad3d9390805381c76284ec\"},\"headline\":\"VIRG\u00cdNIA MOSTRA PLACENTA DA FILHA EM C\u00c1PSULAS\",\"datePublished\":\"2021-07-16T17:52:48+00:00\",\"dateModified\":\"2021-07-16T17:52:48+00:00\",\"mainEntityOfPage\":{\"@id\":\"https:\/\/bahiaeconomica.com.br\/wp\/2021\/07\/16\/virginia-mostra-placenta-da-filha-em-capsulas\/\"},\"wordCount\":220,\"publisher\":{\"@id\":\"https:\/\/bahiaeconomica.com.br\/wp\/#organization\"},\"articleSection\":[\"ENTRETENIMENTO\"],\"inLanguage\":\"pt-BR\"},{\"@type\":\"WebPage\",\"@id\":\"https:\/\/bahiaeconomica.com.br\/wp\/2021\/07\/16\/virginia-mostra-placenta-da-filha-em-capsulas\/\",\"url\":\"https:\/\/bahiaeconomica.com.br\/wp\/2021\/07\/16\/virginia-mostra-placenta-da-filha-em-capsulas\/\",\"name\":\"VIRG\u00cdNIA MOSTRA PLACENTA DA FILHA EM C\u00c1PSULAS - Bahia Economica\",\"isPartOf\":{\"@id\":\"https:\/\/bahiaeconomica.com.br\/wp\/#website\"},\"datePublished\":\"2021-07-16T17:52:48+00:00\",\"dateModified\":\"2021-07-16T17:52:48+00:00\",\"description\":\"O maior portal de Economia da Bahia ENTRETENIMENTO Bahia Economica\",\"breadcrumb\":{\"@id\":\"https:\/\/bahiaeconomica.com.br\/wp\/2021\/07\/16\/virginia-mostra-placenta-da-filha-em-capsulas\/#breadcrumb\"},\"inLanguage\":\"pt-BR\",\"potentialAction\":[{\"@type\":\"ReadAction\",\"target\":[\"https:\/\/bahiaeconomica.com.br\/wp\/2021\/07\/16\/virginia-mostra-placenta-da-filha-em-capsulas\/\"]}]},{\"@type\":\"BreadcrumbList\",\"@id\":\"https:\/\/bahiaeconomica.com.br\/wp\/2021\/07\/16\/virginia-mostra-placenta-da-filha-em-capsulas\/#breadcrumb\",\"itemListElement\":[{\"@type\":\"ListItem\",\"position\":1,\"name\":\"In\u00edcio\",\"item\":\"https:\/\/bahiaeconomica.com.br\/wp\/\"},{\"@type\":\"ListItem\",\"position\":2,\"name\":\"VIRG\u00cdNIA MOSTRA PLACENTA DA FILHA EM C\u00c1PSULAS\"}]},{\"@type\":\"WebSite\",\"@id\":\"https:\/\/bahiaeconomica.com.br\/wp\/#website\",\"url\":\"https:\/\/bahiaeconomica.com.br\/wp\/\",\"name\":\"Bahia Economica\",\"description\":\"O maior portal de Economia da Bahia\",\"publisher\":{\"@id\":\"https:\/\/bahiaeconomica.com.br\/wp\/#organization\"},\"potentialAction\":[{\"@type\":\"SearchAction\",\"target\":{\"@type\":\"EntryPoint\",\"urlTemplate\":\"https:\/\/bahiaeconomica.com.br\/wp\/?s={search_term_string}\"},\"query-input\":\"required name=search_term_string\"}],\"inLanguage\":\"pt-BR\"},{\"@type\":\"Organization\",\"@id\":\"https:\/\/bahiaeconomica.com.br\/wp\/#organization\",\"name\":\"Bahia Econ\u00f4mica\",\"url\":\"https:\/\/bahiaeconomica.com.br\/wp\/\",\"logo\":{\"@type\":\"ImageObject\",\"inLanguage\":\"pt-BR\",\"@id\":\"https:\/\/bahiaeconomica.com.br\/wp\/#\/schema\/logo\/image\/\",\"url\":\"https:\/\/bahiaeconomica.com.br\/wp\/wp-content\/uploads\/2020\/12\/cropped-BE.png\",\"contentUrl\":\"https:\/\/bahiaeconomica.com.br\/wp\/wp-content\/uploads\/2020\/12\/cropped-BE.png\",\"width\":512,\"height\":512,\"caption\":\"Bahia Econ\u00f4mica\"},\"image\":{\"@id\":\"https:\/\/bahiaeconomica.com.br\/wp\/#\/schema\/logo\/image\/\"},\"sameAs\":[\"https:\/\/www.facebook.com\/bahiaeconomica\"]},{\"@type\":\"Person\",\"@id\":\"https:\/\/bahiaeconomica.com.br\/wp\/#\/schema\/person\/cb1ab5ba96ad3d9390805381c76284ec\",\"name\":\"admin\",\"url\":\"https:\/\/bahiaeconomica.com.br\/wp\/author\/admin\/\"}]}<\/script>\n<!-- \/ Yoast SEO plugin. -->","yoast_head_json":{"title":"VIRG\u00cdNIA MOSTRA PLACENTA DA FILHA EM C\u00c1PSULAS - Bahia Economica","description":"O maior portal de Economia da Bahia ENTRETENIMENTO Bahia Economica","robots":{"index":"index","follow":"follow","max-snippet":"max-snippet:-1","max-image-preview":"max-image-preview:large","max-video-preview":"max-video-preview:-1"},"canonical":"https:\/\/bahiaeconomica.com.br\/wp\/2021\/07\/16\/virginia-mostra-placenta-da-filha-em-capsulas\/","og_locale":"pt_BR","og_type":"article","og_title":"VIRG\u00cdNIA MOSTRA PLACENTA DA FILHA EM C\u00c1PSULAS - Bahia Economica","og_description":"O maior portal de Economia da Bahia ENTRETENIMENTO Bahia Economica","og_url":"https:\/\/bahiaeconomica.com.br\/wp\/2021\/07\/16\/virginia-mostra-placenta-da-filha-em-capsulas\/","og_site_name":"Bahia Economica","article_publisher":"https:\/\/www.facebook.com\/bahiaeconomica","article_published_time":"2021-07-16T17:52:48+00:00","og_image":[{"width":478,"height":316,"url":"https:\/\/bahiaeconomica.com.br\/wp\/wp-content\/uploads\/2021\/07\/virginia-capsulas-placenta-youtube.jpg","type":"image\/jpeg"}],"author":"admin","twitter_card":"summary_large_image","twitter_misc":{"Escrito por":"admin","Est. tempo de leitura":"1 minuto"},"schema":{"@context":"https:\/\/schema.org","@graph":[{"@type":"Article","@id":"https:\/\/bahiaeconomica.com.br\/wp\/2021\/07\/16\/virginia-mostra-placenta-da-filha-em-capsulas\/#article","isPartOf":{"@id":"https:\/\/bahiaeconomica.com.br\/wp\/2021\/07\/16\/virginia-mostra-placenta-da-filha-em-capsulas\/"},"author":{"name":"admin","@id":"https:\/\/bahiaeconomica.com.br\/wp\/#\/schema\/person\/cb1ab5ba96ad3d9390805381c76284ec"},"headline":"VIRG\u00cdNIA MOSTRA PLACENTA DA FILHA EM C\u00c1PSULAS","datePublished":"2021-07-16T17:52:48+00:00","dateModified":"2021-07-16T17:52:48+00:00","mainEntityOfPage":{"@id":"https:\/\/bahiaeconomica.com.br\/wp\/2021\/07\/16\/virginia-mostra-placenta-da-filha-em-capsulas\/"},"wordCount":220,"publisher":{"@id":"https:\/\/bahiaeconomica.com.br\/wp\/#organization"},"articleSection":["ENTRETENIMENTO"],"inLanguage":"pt-BR"},{"@type":"WebPage","@id":"https:\/\/bahiaeconomica.com.br\/wp\/2021\/07\/16\/virginia-mostra-placenta-da-filha-em-capsulas\/","url":"https:\/\/bahiaeconomica.com.br\/wp\/2021\/07\/16\/virginia-mostra-placenta-da-filha-em-capsulas\/","name":"VIRG\u00cdNIA MOSTRA PLACENTA DA FILHA EM C\u00c1PSULAS - Bahia Economica","isPartOf":{"@id":"https:\/\/bahiaeconomica.com.br\/wp\/#website"},"datePublished":"2021-07-16T17:52:48+00:00","dateModified":"2021-07-16T17:52:48+00:00","description":"O maior portal de Economia da Bahia ENTRETENIMENTO Bahia Economica","breadcrumb":{"@id":"https:\/\/bahiaeconomica.com.br\/wp\/2021\/07\/16\/virginia-mostra-placenta-da-filha-em-capsulas\/#breadcrumb"},"inLanguage":"pt-BR","potentialAction":[{"@type":"ReadAction","target":["https:\/\/bahiaeconomica.com.br\/wp\/2021\/07\/16\/virginia-mostra-placenta-da-filha-em-capsulas\/"]}]},{"@type":"BreadcrumbList","@id":"https:\/\/bahiaeconomica.com.br\/wp\/2021\/07\/16\/virginia-mostra-placenta-da-filha-em-capsulas\/#breadcrumb","itemListElement":[{"@type":"ListItem","position":1,"name":"In\u00edcio","item":"https:\/\/bahiaeconomica.com.br\/wp\/"},{"@type":"ListItem","position":2,"name":"VIRG\u00cdNIA MOSTRA PLACENTA DA FILHA EM C\u00c1PSULAS"}]},{"@type":"WebSite","@id":"https:\/\/bahiaeconomica.com.br\/wp\/#website","url":"https:\/\/bahiaeconomica.com.br\/wp\/","name":"Bahia Economica","description":"O maior portal de Economia da Bahia","publisher":{"@id":"https:\/\/bahiaeconomica.com.br\/wp\/#organization"},"potentialAction":[{"@type":"SearchAction","target":{"@type":"EntryPoint","urlTemplate":"https:\/\/bahiaeconomica.com.br\/wp\/?s={search_term_string}"},"query-input":"required name=search_term_string"}],"inLanguage":"pt-BR"},{"@type":"Organization","@id":"https:\/\/bahiaeconomica.com.br\/wp\/#organization","name":"Bahia Econ\u00f4mica","url":"https:\/\/bahiaeconomica.com.br\/wp\/","logo":{"@type":"ImageObject","inLanguage":"pt-BR","@id":"https:\/\/bahiaeconomica.com.br\/wp\/#\/schema\/logo\/image\/","url":"https:\/\/bahiaeconomica.com.br\/wp\/wp-content\/uploads\/2020\/12\/cropped-BE.png","contentUrl":"https:\/\/bahiaeconomica.com.br\/wp\/wp-content\/uploads\/2020\/12\/cropped-BE.png","width":512,"height":512,"caption":"Bahia Econ\u00f4mica"},"image":{"@id":"https:\/\/bahiaeconomica.com.br\/wp\/#\/schema\/logo\/image\/"},"sameAs":["https:\/\/www.facebook.com\/bahiaeconomica"]},{"@type":"Person","@id":"https:\/\/bahiaeconomica.com.br\/wp\/#\/schema\/person\/cb1ab5ba96ad3d9390805381c76284ec","name":"admin","url":"https:\/\/bahiaeconomica.com.br\/wp\/author\/admin\/"}]}},"views":7,"_links":{"self":[{"href":"https:\/\/bahiaeconomica.com.br\/wp\/wp-json\/wp\/v2\/posts\/584223"}],"collection":[{"href":"https:\/\/bahiaeconomica.com.br\/wp\/wp-json\/wp\/v2\/posts"}],"about":[{"href":"https:\/\/bahiaeconomica.com.br\/wp\/wp-json\/wp\/v2\/types\/post"}],"author":[{"embeddable":true,"href":"https:\/\/bahiaeconomica.com.br\/wp\/wp-json\/wp\/v2\/users\/1"}],"replies":[{"embeddable":true,"href":"https:\/\/bahiaeconomica.com.br\/wp\/wp-json\/wp\/v2\/comments?post=584223"}],"version-history":[{"count":1,"href":"https:\/\/bahiaeconomica.com.br\/wp\/wp-json\/wp\/v2\/posts\/584223\/revisions"}],"predecessor-version":[{"id":584226,"href":"https:\/\/bahiaeconomica.com.br\/wp\/wp-json\/wp\/v2\/posts\/584223\/revisions\/584226"}],"wp:featuredmedia":[{"embeddable":true,"href":"https:\/\/bahiaeconomica.com.br\/wp\/wp-json\/wp\/v2\/media\/584225"}],"wp:attachment":[{"href":"https:\/\/bahiaeconomica.com.br\/wp\/wp-json\/wp\/v2\/media?parent=584223"}],"wp:term":[{"taxonomy":"category","embeddable":true,"href":"https:\/\/bahiaeconomica.com.br\/wp\/wp-json\/wp\/v2\/categories?post=584223"},{"taxonomy":"post_tag","embeddable":true,"href":"https:\/\/bahiaeconomica.com.br\/wp\/wp-json\/wp\/v2\/tags?post=584223"}],"curies":[{"name":"wp","href":"https:\/\/api.w.org\/{rel}","templated":true}]}}