{"id":582710,"date":"2021-07-12T17:15:39","date_gmt":"2021-07-12T20:15:39","guid":{"rendered":"https:\/\/bahiaeconomica.com.br\/wp\/beta\/?p=582710"},"modified":"2021-07-12T17:17:52","modified_gmt":"2021-07-12T20:17:52","slug":"prefeitura-inicia-projeto-para-capacitacao-de-ambulantes","status":"publish","type":"post","link":"https:\/\/bahiaeconomica.com.br\/wp\/2021\/07\/12\/prefeitura-inicia-projeto-para-capacitacao-de-ambulantes\/","title":{"rendered":"PREFEITURA INICIA PROJETO PARA CAPACITA\u00c7\u00c3O DE AMBULANTES"},"content":{"rendered":"<p>Os trabalhadores do com\u00e9rcio informal de \u00e1reas tur\u00edsticas da capital baiana v\u00e3o participar de uma nova iniciativa de<!--more--> qualifica\u00e7\u00e3o profissional, aliada a um conjunto de a\u00e7\u00f5es para valoriza\u00e7\u00e3o do segmento. O programa Sou Salvador, cuja primeira etapa alcan\u00e7ar\u00e1 quase 500 ambulantes da regi\u00e3o do Centro Hist\u00f3rico com a realiza\u00e7\u00e3o de workshops e acompanhamento especializado, foi iniciado pela Prefeitura nesta segunda-feira (12), com aulas realizadas na Unifacs \u2013 Campus Lapa, na Rua da Mangueira, em Nazar\u00e9. A abertura contou com as presen\u00e7as das secret\u00e1rias de Desenvolvimento Econ\u00f4mico, Emprego e Renda (Semdec), Mila Paes; e da Ordem P\u00fablica (Semop), Marise Chastinet, al\u00e9m dos parceiros do programa.<\/p>\n<p>Coordenado pelas secretarias de Cultura e Turismo (Secult), Ordem P\u00fablica (Semop) e Desenvolvimento Econ\u00f4mico, Emprego e Renda (Semdec), o projeto tem o objetivo de promover o crescimento pessoal e profissional dos ambulantes. Al\u00e9m disso, pretende proporcionar melhoria na recep\u00e7\u00e3o e na qualidade dos atendimentos prestados a baianos e turistas, assim como o reordenamento dos trabalhadores que atuam nesse nicho.<\/p>\n<p>A iniciativa, portanto, ser\u00e1 mais uma ferramenta de est\u00edmulo ao desenvolvimento da economia do munic\u00edpio, visando o crescimento sustent\u00e1vel do mercado informal. At\u00e9 o dia 9 de agosto, ser\u00e3o abordados assuntos como o mercado informal no contexto tur\u00edstico, marketing e vendas, hospitalidade\/recep\u00e7\u00e3o e qualidade no atendimento, educa\u00e7\u00e3o financeira, conhecimento das principais localidades tur\u00edsticas do Centro Hist\u00f3rico e manipula\u00e7\u00e3o de alimentos e produtos.<\/p>\n<p>As atividades ser\u00e3o desenvolvidas por meio de parceria com o Servi\u00e7o Brasileiro de Apoio \u00e0s Micro e Pequenas Empresas (Sebrae), Wakanda Educa\u00e7\u00e3o Empreendedora, Programa Nacional de Desenvolvimento do Turismo em Salvador (Prodetur), Parque Social, Universidade Salvador (Unifacs), Instituto Ant\u00f4nio Carlos Magalh\u00e3es e Sindicato dos Guias Tur\u00edsticos da Bahia (Sigtur).<\/p>\n<p>Qualidade no turismo\u00a0\u2013 O titular da Secult, F\u00e1bio Mota, destacou que o Sou Salvador est\u00e1 inserido em uma estrat\u00e9gia para potencializar a cidade como destino tur\u00edstico. Isso porque os visitantes, quando chegam a localidades tradicionais do Centro Hist\u00f3rico como o Pelourinho, Com\u00e9rcio e Santo Ant\u00f4nio Al\u00e9m do Carmo, costumam gastar com alimenta\u00e7\u00e3o, souvenirs e artesanatos. As capacita\u00e7\u00f5es, dessa forma, ir\u00e3o aprimorar os atendimentos realizados pelos ambulantes que comercializam esses produtos.<\/p>\n<p>&#8220;\u00c9 sempre importante a qualifica\u00e7\u00e3o de todos os atores que compreendem o setor de turismo, no qual Salvador tem depend\u00eancia muito grande. Esse projeto vem para melhorar a qualidade dos servi\u00e7os prestados n\u00e3o apenas para os pr\u00f3prios moradores, mas para os turistas que s\u00e3o a mola mestre da nossa economia&#8221;, frisou.<\/p>\n<p>Funcionamento\u00a0\u2013 Os treinamentos contar\u00e3o com turmas distintas, de at\u00e9 40 pessoas. As palestras s\u00e3o realizadas nos hor\u00e1rios da manh\u00e3, das 8h30 \u00e0s 12h45; e da tarde, das 13h30 \u00e0s 17h45, sempre na unidade da Unifacs, na Rua da Mangueira, em Nazar\u00e9.<\/p>\n<p>&nbsp;<\/p>\n<p>&nbsp;<\/p>\n<p>&nbsp;<\/p>\n<p>Foto: Jefferson Peixoto\/Secom<\/p>\n","protected":false},"excerpt":{"rendered":"<p>Os trabalhadores do com\u00e9rcio informal de \u00e1reas tur\u00edsticas da capital baiana v\u00e3o participar de uma nova iniciativa de<\/p>\n","protected":false},"author":1,"featured_media":582712,"comment_status":"closed","ping_status":"closed","sticky":false,"template":"","format":"standard","meta":[],"categories":[14,3],"tags":[],"acf":[],"yoast_head":"<!-- This site is optimized with the Yoast SEO plugin v20.8 - https:\/\/yoast.com\/wordpress\/plugins\/seo\/ -->\n<title>PREFEITURA INICIA PROJETO PARA CAPACITA\u00c7\u00c3O DE AMBULANTES - Bahia Economica<\/title>\n<meta name=\"description\" content=\"O maior portal de Economia da Bahia DESTAQUE DO DIA, ECONOMIA \/ POL\u00cdTICA Bahia Economica\" \/>\n<meta name=\"robots\" content=\"index, follow, max-snippet:-1, max-image-preview:large, max-video-preview:-1\" \/>\n<link rel=\"canonical\" href=\"https:\/\/bahiaeconomica.com.br\/wp\/2021\/07\/12\/prefeitura-inicia-projeto-para-capacitacao-de-ambulantes\/\" \/>\n<meta property=\"og:locale\" content=\"pt_BR\" \/>\n<meta property=\"og:type\" content=\"article\" \/>\n<meta property=\"og:title\" content=\"PREFEITURA INICIA PROJETO PARA CAPACITA\u00c7\u00c3O DE AMBULANTES - Bahia Economica\" \/>\n<meta property=\"og:description\" content=\"O maior portal de Economia da Bahia DESTAQUE DO DIA, ECONOMIA \/ POL\u00cdTICA Bahia Economica\" \/>\n<meta property=\"og:url\" content=\"https:\/\/bahiaeconomica.com.br\/wp\/2021\/07\/12\/prefeitura-inicia-projeto-para-capacitacao-de-ambulantes\/\" \/>\n<meta property=\"og:site_name\" content=\"Bahia Economica\" \/>\n<meta property=\"article:publisher\" content=\"https:\/\/www.facebook.com\/bahiaeconomica\" \/>\n<meta property=\"article:published_time\" content=\"2021-07-12T20:15:39+00:00\" \/>\n<meta property=\"article:modified_time\" content=\"2021-07-12T20:17:52+00:00\" \/>\n<meta property=\"og:image\" content=\"https:\/\/bahiaeconomica.com.br\/wp\/wp-content\/uploads\/2021\/07\/12_07_2021_Inicio-das-aulas-Sou-Salvador_Foto_Jefferson-Peixoto_Secom_Pms-2.jpg\" \/>\n\t<meta property=\"og:image:width\" content=\"500\" \/>\n\t<meta property=\"og:image:height\" content=\"300\" \/>\n\t<meta property=\"og:image:type\" content=\"image\/jpeg\" \/>\n<meta name=\"author\" content=\"admin\" \/>\n<meta name=\"twitter:card\" content=\"summary_large_image\" \/>\n<meta name=\"twitter:label1\" content=\"Escrito por\" \/>\n\t<meta name=\"twitter:data1\" content=\"admin\" \/>\n\t<meta name=\"twitter:label2\" content=\"Est. tempo de leitura\" \/>\n\t<meta name=\"twitter:data2\" content=\"2 minutos\" \/>\n<script type=\"application\/ld+json\" class=\"yoast-schema-graph\">{\"@context\":\"https:\/\/schema.org\",\"@graph\":[{\"@type\":\"Article\",\"@id\":\"https:\/\/bahiaeconomica.com.br\/wp\/2021\/07\/12\/prefeitura-inicia-projeto-para-capacitacao-de-ambulantes\/#article\",\"isPartOf\":{\"@id\":\"https:\/\/bahiaeconomica.com.br\/wp\/2021\/07\/12\/prefeitura-inicia-projeto-para-capacitacao-de-ambulantes\/\"},\"author\":{\"name\":\"admin\",\"@id\":\"https:\/\/bahiaeconomica.com.br\/wp\/#\/schema\/person\/cb1ab5ba96ad3d9390805381c76284ec\"},\"headline\":\"PREFEITURA INICIA PROJETO PARA CAPACITA\u00c7\u00c3O DE AMBULANTES\",\"datePublished\":\"2021-07-12T20:15:39+00:00\",\"dateModified\":\"2021-07-12T20:17:52+00:00\",\"mainEntityOfPage\":{\"@id\":\"https:\/\/bahiaeconomica.com.br\/wp\/2021\/07\/12\/prefeitura-inicia-projeto-para-capacitacao-de-ambulantes\/\"},\"wordCount\":500,\"publisher\":{\"@id\":\"https:\/\/bahiaeconomica.com.br\/wp\/#organization\"},\"articleSection\":[\"DESTAQUE DO DIA\",\"ECONOMIA \/ POL\u00cdTICA\"],\"inLanguage\":\"pt-BR\"},{\"@type\":\"WebPage\",\"@id\":\"https:\/\/bahiaeconomica.com.br\/wp\/2021\/07\/12\/prefeitura-inicia-projeto-para-capacitacao-de-ambulantes\/\",\"url\":\"https:\/\/bahiaeconomica.com.br\/wp\/2021\/07\/12\/prefeitura-inicia-projeto-para-capacitacao-de-ambulantes\/\",\"name\":\"PREFEITURA INICIA PROJETO PARA CAPACITA\u00c7\u00c3O DE AMBULANTES - Bahia Economica\",\"isPartOf\":{\"@id\":\"https:\/\/bahiaeconomica.com.br\/wp\/#website\"},\"datePublished\":\"2021-07-12T20:15:39+00:00\",\"dateModified\":\"2021-07-12T20:17:52+00:00\",\"description\":\"O maior portal de Economia da Bahia DESTAQUE DO DIA, ECONOMIA \/ POL\u00cdTICA Bahia Economica\",\"breadcrumb\":{\"@id\":\"https:\/\/bahiaeconomica.com.br\/wp\/2021\/07\/12\/prefeitura-inicia-projeto-para-capacitacao-de-ambulantes\/#breadcrumb\"},\"inLanguage\":\"pt-BR\",\"potentialAction\":[{\"@type\":\"ReadAction\",\"target\":[\"https:\/\/bahiaeconomica.com.br\/wp\/2021\/07\/12\/prefeitura-inicia-projeto-para-capacitacao-de-ambulantes\/\"]}]},{\"@type\":\"BreadcrumbList\",\"@id\":\"https:\/\/bahiaeconomica.com.br\/wp\/2021\/07\/12\/prefeitura-inicia-projeto-para-capacitacao-de-ambulantes\/#breadcrumb\",\"itemListElement\":[{\"@type\":\"ListItem\",\"position\":1,\"name\":\"In\u00edcio\",\"item\":\"https:\/\/bahiaeconomica.com.br\/wp\/\"},{\"@type\":\"ListItem\",\"position\":2,\"name\":\"PREFEITURA INICIA PROJETO PARA CAPACITA\u00c7\u00c3O DE AMBULANTES\"}]},{\"@type\":\"WebSite\",\"@id\":\"https:\/\/bahiaeconomica.com.br\/wp\/#website\",\"url\":\"https:\/\/bahiaeconomica.com.br\/wp\/\",\"name\":\"Bahia Economica\",\"description\":\"O maior portal de Economia da Bahia\",\"publisher\":{\"@id\":\"https:\/\/bahiaeconomica.com.br\/wp\/#organization\"},\"potentialAction\":[{\"@type\":\"SearchAction\",\"target\":{\"@type\":\"EntryPoint\",\"urlTemplate\":\"https:\/\/bahiaeconomica.com.br\/wp\/?s={search_term_string}\"},\"query-input\":\"required name=search_term_string\"}],\"inLanguage\":\"pt-BR\"},{\"@type\":\"Organization\",\"@id\":\"https:\/\/bahiaeconomica.com.br\/wp\/#organization\",\"name\":\"Bahia Econ\u00f4mica\",\"url\":\"https:\/\/bahiaeconomica.com.br\/wp\/\",\"logo\":{\"@type\":\"ImageObject\",\"inLanguage\":\"pt-BR\",\"@id\":\"https:\/\/bahiaeconomica.com.br\/wp\/#\/schema\/logo\/image\/\",\"url\":\"https:\/\/bahiaeconomica.com.br\/wp\/wp-content\/uploads\/2020\/12\/cropped-BE.png\",\"contentUrl\":\"https:\/\/bahiaeconomica.com.br\/wp\/wp-content\/uploads\/2020\/12\/cropped-BE.png\",\"width\":512,\"height\":512,\"caption\":\"Bahia Econ\u00f4mica\"},\"image\":{\"@id\":\"https:\/\/bahiaeconomica.com.br\/wp\/#\/schema\/logo\/image\/\"},\"sameAs\":[\"https:\/\/www.facebook.com\/bahiaeconomica\"]},{\"@type\":\"Person\",\"@id\":\"https:\/\/bahiaeconomica.com.br\/wp\/#\/schema\/person\/cb1ab5ba96ad3d9390805381c76284ec\",\"name\":\"admin\",\"url\":\"https:\/\/bahiaeconomica.com.br\/wp\/author\/admin\/\"}]}<\/script>\n<!-- \/ Yoast SEO plugin. -->","yoast_head_json":{"title":"PREFEITURA INICIA PROJETO PARA CAPACITA\u00c7\u00c3O DE AMBULANTES - Bahia Economica","description":"O maior portal de Economia da Bahia DESTAQUE DO DIA, ECONOMIA \/ POL\u00cdTICA Bahia Economica","robots":{"index":"index","follow":"follow","max-snippet":"max-snippet:-1","max-image-preview":"max-image-preview:large","max-video-preview":"max-video-preview:-1"},"canonical":"https:\/\/bahiaeconomica.com.br\/wp\/2021\/07\/12\/prefeitura-inicia-projeto-para-capacitacao-de-ambulantes\/","og_locale":"pt_BR","og_type":"article","og_title":"PREFEITURA INICIA PROJETO PARA CAPACITA\u00c7\u00c3O DE AMBULANTES - Bahia Economica","og_description":"O maior portal de Economia da Bahia DESTAQUE DO DIA, ECONOMIA \/ POL\u00cdTICA Bahia Economica","og_url":"https:\/\/bahiaeconomica.com.br\/wp\/2021\/07\/12\/prefeitura-inicia-projeto-para-capacitacao-de-ambulantes\/","og_site_name":"Bahia Economica","article_publisher":"https:\/\/www.facebook.com\/bahiaeconomica","article_published_time":"2021-07-12T20:15:39+00:00","article_modified_time":"2021-07-12T20:17:52+00:00","og_image":[{"width":500,"height":300,"url":"https:\/\/bahiaeconomica.com.br\/wp\/wp-content\/uploads\/2021\/07\/12_07_2021_Inicio-das-aulas-Sou-Salvador_Foto_Jefferson-Peixoto_Secom_Pms-2.jpg","type":"image\/jpeg"}],"author":"admin","twitter_card":"summary_large_image","twitter_misc":{"Escrito por":"admin","Est. tempo de leitura":"2 minutos"},"schema":{"@context":"https:\/\/schema.org","@graph":[{"@type":"Article","@id":"https:\/\/bahiaeconomica.com.br\/wp\/2021\/07\/12\/prefeitura-inicia-projeto-para-capacitacao-de-ambulantes\/#article","isPartOf":{"@id":"https:\/\/bahiaeconomica.com.br\/wp\/2021\/07\/12\/prefeitura-inicia-projeto-para-capacitacao-de-ambulantes\/"},"author":{"name":"admin","@id":"https:\/\/bahiaeconomica.com.br\/wp\/#\/schema\/person\/cb1ab5ba96ad3d9390805381c76284ec"},"headline":"PREFEITURA INICIA PROJETO PARA CAPACITA\u00c7\u00c3O DE AMBULANTES","datePublished":"2021-07-12T20:15:39+00:00","dateModified":"2021-07-12T20:17:52+00:00","mainEntityOfPage":{"@id":"https:\/\/bahiaeconomica.com.br\/wp\/2021\/07\/12\/prefeitura-inicia-projeto-para-capacitacao-de-ambulantes\/"},"wordCount":500,"publisher":{"@id":"https:\/\/bahiaeconomica.com.br\/wp\/#organization"},"articleSection":["DESTAQUE DO DIA","ECONOMIA \/ POL\u00cdTICA"],"inLanguage":"pt-BR"},{"@type":"WebPage","@id":"https:\/\/bahiaeconomica.com.br\/wp\/2021\/07\/12\/prefeitura-inicia-projeto-para-capacitacao-de-ambulantes\/","url":"https:\/\/bahiaeconomica.com.br\/wp\/2021\/07\/12\/prefeitura-inicia-projeto-para-capacitacao-de-ambulantes\/","name":"PREFEITURA INICIA PROJETO PARA CAPACITA\u00c7\u00c3O DE AMBULANTES - Bahia Economica","isPartOf":{"@id":"https:\/\/bahiaeconomica.com.br\/wp\/#website"},"datePublished":"2021-07-12T20:15:39+00:00","dateModified":"2021-07-12T20:17:52+00:00","description":"O maior portal de Economia da Bahia DESTAQUE DO DIA, ECONOMIA \/ POL\u00cdTICA Bahia Economica","breadcrumb":{"@id":"https:\/\/bahiaeconomica.com.br\/wp\/2021\/07\/12\/prefeitura-inicia-projeto-para-capacitacao-de-ambulantes\/#breadcrumb"},"inLanguage":"pt-BR","potentialAction":[{"@type":"ReadAction","target":["https:\/\/bahiaeconomica.com.br\/wp\/2021\/07\/12\/prefeitura-inicia-projeto-para-capacitacao-de-ambulantes\/"]}]},{"@type":"BreadcrumbList","@id":"https:\/\/bahiaeconomica.com.br\/wp\/2021\/07\/12\/prefeitura-inicia-projeto-para-capacitacao-de-ambulantes\/#breadcrumb","itemListElement":[{"@type":"ListItem","position":1,"name":"In\u00edcio","item":"https:\/\/bahiaeconomica.com.br\/wp\/"},{"@type":"ListItem","position":2,"name":"PREFEITURA INICIA PROJETO PARA CAPACITA\u00c7\u00c3O DE AMBULANTES"}]},{"@type":"WebSite","@id":"https:\/\/bahiaeconomica.com.br\/wp\/#website","url":"https:\/\/bahiaeconomica.com.br\/wp\/","name":"Bahia Economica","description":"O maior portal de Economia da Bahia","publisher":{"@id":"https:\/\/bahiaeconomica.com.br\/wp\/#organization"},"potentialAction":[{"@type":"SearchAction","target":{"@type":"EntryPoint","urlTemplate":"https:\/\/bahiaeconomica.com.br\/wp\/?s={search_term_string}"},"query-input":"required name=search_term_string"}],"inLanguage":"pt-BR"},{"@type":"Organization","@id":"https:\/\/bahiaeconomica.com.br\/wp\/#organization","name":"Bahia Econ\u00f4mica","url":"https:\/\/bahiaeconomica.com.br\/wp\/","logo":{"@type":"ImageObject","inLanguage":"pt-BR","@id":"https:\/\/bahiaeconomica.com.br\/wp\/#\/schema\/logo\/image\/","url":"https:\/\/bahiaeconomica.com.br\/wp\/wp-content\/uploads\/2020\/12\/cropped-BE.png","contentUrl":"https:\/\/bahiaeconomica.com.br\/wp\/wp-content\/uploads\/2020\/12\/cropped-BE.png","width":512,"height":512,"caption":"Bahia Econ\u00f4mica"},"image":{"@id":"https:\/\/bahiaeconomica.com.br\/wp\/#\/schema\/logo\/image\/"},"sameAs":["https:\/\/www.facebook.com\/bahiaeconomica"]},{"@type":"Person","@id":"https:\/\/bahiaeconomica.com.br\/wp\/#\/schema\/person\/cb1ab5ba96ad3d9390805381c76284ec","name":"admin","url":"https:\/\/bahiaeconomica.com.br\/wp\/author\/admin\/"}]}},"views":1,"_links":{"self":[{"href":"https:\/\/bahiaeconomica.com.br\/wp\/wp-json\/wp\/v2\/posts\/582710"}],"collection":[{"href":"https:\/\/bahiaeconomica.com.br\/wp\/wp-json\/wp\/v2\/posts"}],"about":[{"href":"https:\/\/bahiaeconomica.com.br\/wp\/wp-json\/wp\/v2\/types\/post"}],"author":[{"embeddable":true,"href":"https:\/\/bahiaeconomica.com.br\/wp\/wp-json\/wp\/v2\/users\/1"}],"replies":[{"embeddable":true,"href":"https:\/\/bahiaeconomica.com.br\/wp\/wp-json\/wp\/v2\/comments?post=582710"}],"version-history":[{"count":1,"href":"https:\/\/bahiaeconomica.com.br\/wp\/wp-json\/wp\/v2\/posts\/582710\/revisions"}],"predecessor-version":[{"id":582713,"href":"https:\/\/bahiaeconomica.com.br\/wp\/wp-json\/wp\/v2\/posts\/582710\/revisions\/582713"}],"wp:featuredmedia":[{"embeddable":true,"href":"https:\/\/bahiaeconomica.com.br\/wp\/wp-json\/wp\/v2\/media\/582712"}],"wp:attachment":[{"href":"https:\/\/bahiaeconomica.com.br\/wp\/wp-json\/wp\/v2\/media?parent=582710"}],"wp:term":[{"taxonomy":"category","embeddable":true,"href":"https:\/\/bahiaeconomica.com.br\/wp\/wp-json\/wp\/v2\/categories?post=582710"},{"taxonomy":"post_tag","embeddable":true,"href":"https:\/\/bahiaeconomica.com.br\/wp\/wp-json\/wp\/v2\/tags?post=582710"}],"curies":[{"name":"wp","href":"https:\/\/api.w.org\/{rel}","templated":true}]}}