{"id":582037,"date":"2021-07-09T11:05:12","date_gmt":"2021-07-09T14:05:12","guid":{"rendered":"https:\/\/bahiaeconomica.com.br\/wp\/beta\/?p=582037"},"modified":"2021-07-09T11:05:12","modified_gmt":"2021-07-09T14:05:12","slug":"fase-verde-rui-pede-calma-com-retorno-as-normalidades-e-atencao-aos-protocolos","status":"publish","type":"post","link":"https:\/\/bahiaeconomica.com.br\/wp\/2021\/07\/09\/fase-verde-rui-pede-calma-com-retorno-as-normalidades-e-atencao-aos-protocolos\/","title":{"rendered":"FASE VERDE: RUI PEDE CALMA COM RETORNO AS NORMALIDADES E ATEN\u00c7\u00c3O AOS PROTOCOLOS"},"content":{"rendered":"<p>Ap\u00f3s o prefeito de Salvador Bruno Reis afirmar que estuda a retomada de shows em Salvador para agosto, o governador Rui Costa preferiu apostar na cautela <!--more-->para que uma nova onda da Covid-19 n\u00e3o corra risco de acontecer. \u201cEstou muito preocupado, al\u00e9m da educa\u00e7\u00e3o, com o turismo e com os eventos. N\u00f3s temos que ser cautelosos porque do mesmo jeito que estou sendo cauteloso em rela\u00e7\u00e3o \u00e0s aulas, n\u00e3o adianta voltar [eventos] e suspender de novo, a\u00ed \u00e9 pior pra todo mundo\u201d, disse o governador durante entrevista coletiva em Ribeira do Pombal na manh\u00e3 desta sexta-feira.<\/p>\n<p>\u201cEm rela\u00e7\u00e3o \u00e0 educa\u00e7\u00e3o, vou monitorar at\u00e9 semana que vem e se os n\u00fameros continuarem caindo, vamos anunciar o retorno das aulas e logo em seguida, se continuarem caindo a gente vai anunciar o retorno progressivo de eventos com at\u00e9 100 ou 200 pessoas e ir progredindo de acordo com a queda da doen\u00e7a. Tem que ir com cuidado pra n\u00e3o ser r\u00e1pido demais e acabar prejudicando ainda mais o setor. Se a gente vai com rapidez acelerada daqui a pouco vai ter que cancelar tudo e ficar mais seis meses parado\u201d, argumentou Rui.<\/p>\n<p>No pr\u00f3ximo dia 29 a prefeitura da capital baiana pretende realizar um evento-teste com p\u00fablico de 500 pessoas com a exig\u00eancia de que estejam vacinas com a segunda dose e passar por teste 48 horas antes do evento.<\/p>\n<p>Foto: divulga\u00e7\u00e3o<\/p>\n","protected":false},"excerpt":{"rendered":"<p>Ap\u00f3s o prefeito de Salvador Bruno Reis afirmar que estuda a retomada de shows em Salvador para agosto, o governador Rui Costa preferiu apostar na cautela<\/p>\n","protected":false},"author":1,"featured_media":574042,"comment_status":"closed","ping_status":"closed","sticky":false,"template":"","format":"standard","meta":[],"categories":[3],"tags":[],"acf":[],"yoast_head":"<!-- This site is optimized with the Yoast SEO plugin v20.8 - https:\/\/yoast.com\/wordpress\/plugins\/seo\/ -->\n<title>FASE VERDE: RUI PEDE CALMA COM RETORNO AS NORMALIDADES E ATEN\u00c7\u00c3O AOS PROTOCOLOS - Bahia Economica<\/title>\n<meta name=\"description\" content=\"O maior portal de Economia da Bahia ECONOMIA \/ POL\u00cdTICA Bahia Economica\" \/>\n<meta name=\"robots\" content=\"index, follow, max-snippet:-1, max-image-preview:large, max-video-preview:-1\" \/>\n<link rel=\"canonical\" href=\"https:\/\/bahiaeconomica.com.br\/wp\/2021\/07\/09\/fase-verde-rui-pede-calma-com-retorno-as-normalidades-e-atencao-aos-protocolos\/\" \/>\n<meta property=\"og:locale\" content=\"pt_BR\" \/>\n<meta property=\"og:type\" content=\"article\" \/>\n<meta property=\"og:title\" content=\"FASE VERDE: RUI PEDE CALMA COM RETORNO AS NORMALIDADES E ATEN\u00c7\u00c3O AOS PROTOCOLOS - Bahia Economica\" \/>\n<meta property=\"og:description\" content=\"O maior portal de Economia da Bahia ECONOMIA \/ POL\u00cdTICA Bahia Economica\" \/>\n<meta property=\"og:url\" content=\"https:\/\/bahiaeconomica.com.br\/wp\/2021\/07\/09\/fase-verde-rui-pede-calma-com-retorno-as-normalidades-e-atencao-aos-protocolos\/\" \/>\n<meta property=\"og:site_name\" content=\"Bahia Economica\" \/>\n<meta property=\"article:publisher\" content=\"https:\/\/www.facebook.com\/bahiaeconomica\" \/>\n<meta property=\"article:published_time\" content=\"2021-07-09T14:05:12+00:00\" \/>\n<meta property=\"og:image\" content=\"https:\/\/bahiaeconomica.com.br\/wp\/wp-content\/uploads\/2021\/06\/rui-costa.jpg\" \/>\n\t<meta property=\"og:image:width\" content=\"360\" \/>\n\t<meta property=\"og:image:height\" content=\"220\" \/>\n\t<meta property=\"og:image:type\" content=\"image\/jpeg\" \/>\n<meta name=\"author\" content=\"admin\" \/>\n<meta name=\"twitter:card\" content=\"summary_large_image\" \/>\n<meta name=\"twitter:label1\" content=\"Escrito por\" \/>\n\t<meta name=\"twitter:data1\" content=\"admin\" \/>\n\t<meta name=\"twitter:label2\" content=\"Est. tempo de leitura\" \/>\n\t<meta name=\"twitter:data2\" content=\"1 minuto\" \/>\n<script type=\"application\/ld+json\" class=\"yoast-schema-graph\">{\"@context\":\"https:\/\/schema.org\",\"@graph\":[{\"@type\":\"Article\",\"@id\":\"https:\/\/bahiaeconomica.com.br\/wp\/2021\/07\/09\/fase-verde-rui-pede-calma-com-retorno-as-normalidades-e-atencao-aos-protocolos\/#article\",\"isPartOf\":{\"@id\":\"https:\/\/bahiaeconomica.com.br\/wp\/2021\/07\/09\/fase-verde-rui-pede-calma-com-retorno-as-normalidades-e-atencao-aos-protocolos\/\"},\"author\":{\"name\":\"admin\",\"@id\":\"https:\/\/bahiaeconomica.com.br\/wp\/#\/schema\/person\/cb1ab5ba96ad3d9390805381c76284ec\"},\"headline\":\"FASE VERDE: RUI PEDE CALMA COM RETORNO AS NORMALIDADES E ATEN\u00c7\u00c3O AOS PROTOCOLOS\",\"datePublished\":\"2021-07-09T14:05:12+00:00\",\"dateModified\":\"2021-07-09T14:05:12+00:00\",\"mainEntityOfPage\":{\"@id\":\"https:\/\/bahiaeconomica.com.br\/wp\/2021\/07\/09\/fase-verde-rui-pede-calma-com-retorno-as-normalidades-e-atencao-aos-protocolos\/\"},\"wordCount\":254,\"publisher\":{\"@id\":\"https:\/\/bahiaeconomica.com.br\/wp\/#organization\"},\"articleSection\":[\"ECONOMIA \/ POL\u00cdTICA\"],\"inLanguage\":\"pt-BR\"},{\"@type\":\"WebPage\",\"@id\":\"https:\/\/bahiaeconomica.com.br\/wp\/2021\/07\/09\/fase-verde-rui-pede-calma-com-retorno-as-normalidades-e-atencao-aos-protocolos\/\",\"url\":\"https:\/\/bahiaeconomica.com.br\/wp\/2021\/07\/09\/fase-verde-rui-pede-calma-com-retorno-as-normalidades-e-atencao-aos-protocolos\/\",\"name\":\"FASE VERDE: RUI PEDE CALMA COM RETORNO AS NORMALIDADES E ATEN\u00c7\u00c3O AOS PROTOCOLOS - Bahia Economica\",\"isPartOf\":{\"@id\":\"https:\/\/bahiaeconomica.com.br\/wp\/#website\"},\"datePublished\":\"2021-07-09T14:05:12+00:00\",\"dateModified\":\"2021-07-09T14:05:12+00:00\",\"description\":\"O maior portal de Economia da Bahia ECONOMIA \/ POL\u00cdTICA Bahia Economica\",\"breadcrumb\":{\"@id\":\"https:\/\/bahiaeconomica.com.br\/wp\/2021\/07\/09\/fase-verde-rui-pede-calma-com-retorno-as-normalidades-e-atencao-aos-protocolos\/#breadcrumb\"},\"inLanguage\":\"pt-BR\",\"potentialAction\":[{\"@type\":\"ReadAction\",\"target\":[\"https:\/\/bahiaeconomica.com.br\/wp\/2021\/07\/09\/fase-verde-rui-pede-calma-com-retorno-as-normalidades-e-atencao-aos-protocolos\/\"]}]},{\"@type\":\"BreadcrumbList\",\"@id\":\"https:\/\/bahiaeconomica.com.br\/wp\/2021\/07\/09\/fase-verde-rui-pede-calma-com-retorno-as-normalidades-e-atencao-aos-protocolos\/#breadcrumb\",\"itemListElement\":[{\"@type\":\"ListItem\",\"position\":1,\"name\":\"In\u00edcio\",\"item\":\"https:\/\/bahiaeconomica.com.br\/wp\/\"},{\"@type\":\"ListItem\",\"position\":2,\"name\":\"FASE VERDE: RUI PEDE CALMA COM RETORNO AS NORMALIDADES E ATEN\u00c7\u00c3O AOS PROTOCOLOS\"}]},{\"@type\":\"WebSite\",\"@id\":\"https:\/\/bahiaeconomica.com.br\/wp\/#website\",\"url\":\"https:\/\/bahiaeconomica.com.br\/wp\/\",\"name\":\"Bahia Economica\",\"description\":\"O maior portal de Economia da Bahia\",\"publisher\":{\"@id\":\"https:\/\/bahiaeconomica.com.br\/wp\/#organization\"},\"potentialAction\":[{\"@type\":\"SearchAction\",\"target\":{\"@type\":\"EntryPoint\",\"urlTemplate\":\"https:\/\/bahiaeconomica.com.br\/wp\/?s={search_term_string}\"},\"query-input\":\"required name=search_term_string\"}],\"inLanguage\":\"pt-BR\"},{\"@type\":\"Organization\",\"@id\":\"https:\/\/bahiaeconomica.com.br\/wp\/#organization\",\"name\":\"Bahia Econ\u00f4mica\",\"url\":\"https:\/\/bahiaeconomica.com.br\/wp\/\",\"logo\":{\"@type\":\"ImageObject\",\"inLanguage\":\"pt-BR\",\"@id\":\"https:\/\/bahiaeconomica.com.br\/wp\/#\/schema\/logo\/image\/\",\"url\":\"https:\/\/bahiaeconomica.com.br\/wp\/wp-content\/uploads\/2020\/12\/cropped-BE.png\",\"contentUrl\":\"https:\/\/bahiaeconomica.com.br\/wp\/wp-content\/uploads\/2020\/12\/cropped-BE.png\",\"width\":512,\"height\":512,\"caption\":\"Bahia Econ\u00f4mica\"},\"image\":{\"@id\":\"https:\/\/bahiaeconomica.com.br\/wp\/#\/schema\/logo\/image\/\"},\"sameAs\":[\"https:\/\/www.facebook.com\/bahiaeconomica\"]},{\"@type\":\"Person\",\"@id\":\"https:\/\/bahiaeconomica.com.br\/wp\/#\/schema\/person\/cb1ab5ba96ad3d9390805381c76284ec\",\"name\":\"admin\",\"url\":\"https:\/\/bahiaeconomica.com.br\/wp\/author\/admin\/\"}]}<\/script>\n<!-- \/ Yoast SEO plugin. -->","yoast_head_json":{"title":"FASE VERDE: RUI PEDE CALMA COM RETORNO AS NORMALIDADES E ATEN\u00c7\u00c3O AOS PROTOCOLOS - Bahia Economica","description":"O maior portal de Economia da Bahia ECONOMIA \/ POL\u00cdTICA Bahia Economica","robots":{"index":"index","follow":"follow","max-snippet":"max-snippet:-1","max-image-preview":"max-image-preview:large","max-video-preview":"max-video-preview:-1"},"canonical":"https:\/\/bahiaeconomica.com.br\/wp\/2021\/07\/09\/fase-verde-rui-pede-calma-com-retorno-as-normalidades-e-atencao-aos-protocolos\/","og_locale":"pt_BR","og_type":"article","og_title":"FASE VERDE: RUI PEDE CALMA COM RETORNO AS NORMALIDADES E ATEN\u00c7\u00c3O AOS PROTOCOLOS - Bahia Economica","og_description":"O maior portal de Economia da Bahia ECONOMIA \/ POL\u00cdTICA Bahia Economica","og_url":"https:\/\/bahiaeconomica.com.br\/wp\/2021\/07\/09\/fase-verde-rui-pede-calma-com-retorno-as-normalidades-e-atencao-aos-protocolos\/","og_site_name":"Bahia Economica","article_publisher":"https:\/\/www.facebook.com\/bahiaeconomica","article_published_time":"2021-07-09T14:05:12+00:00","og_image":[{"width":360,"height":220,"url":"https:\/\/bahiaeconomica.com.br\/wp\/wp-content\/uploads\/2021\/06\/rui-costa.jpg","type":"image\/jpeg"}],"author":"admin","twitter_card":"summary_large_image","twitter_misc":{"Escrito por":"admin","Est. tempo de leitura":"1 minuto"},"schema":{"@context":"https:\/\/schema.org","@graph":[{"@type":"Article","@id":"https:\/\/bahiaeconomica.com.br\/wp\/2021\/07\/09\/fase-verde-rui-pede-calma-com-retorno-as-normalidades-e-atencao-aos-protocolos\/#article","isPartOf":{"@id":"https:\/\/bahiaeconomica.com.br\/wp\/2021\/07\/09\/fase-verde-rui-pede-calma-com-retorno-as-normalidades-e-atencao-aos-protocolos\/"},"author":{"name":"admin","@id":"https:\/\/bahiaeconomica.com.br\/wp\/#\/schema\/person\/cb1ab5ba96ad3d9390805381c76284ec"},"headline":"FASE VERDE: RUI PEDE CALMA COM RETORNO AS NORMALIDADES E ATEN\u00c7\u00c3O AOS PROTOCOLOS","datePublished":"2021-07-09T14:05:12+00:00","dateModified":"2021-07-09T14:05:12+00:00","mainEntityOfPage":{"@id":"https:\/\/bahiaeconomica.com.br\/wp\/2021\/07\/09\/fase-verde-rui-pede-calma-com-retorno-as-normalidades-e-atencao-aos-protocolos\/"},"wordCount":254,"publisher":{"@id":"https:\/\/bahiaeconomica.com.br\/wp\/#organization"},"articleSection":["ECONOMIA \/ POL\u00cdTICA"],"inLanguage":"pt-BR"},{"@type":"WebPage","@id":"https:\/\/bahiaeconomica.com.br\/wp\/2021\/07\/09\/fase-verde-rui-pede-calma-com-retorno-as-normalidades-e-atencao-aos-protocolos\/","url":"https:\/\/bahiaeconomica.com.br\/wp\/2021\/07\/09\/fase-verde-rui-pede-calma-com-retorno-as-normalidades-e-atencao-aos-protocolos\/","name":"FASE VERDE: RUI PEDE CALMA COM RETORNO AS NORMALIDADES E ATEN\u00c7\u00c3O AOS PROTOCOLOS - Bahia Economica","isPartOf":{"@id":"https:\/\/bahiaeconomica.com.br\/wp\/#website"},"datePublished":"2021-07-09T14:05:12+00:00","dateModified":"2021-07-09T14:05:12+00:00","description":"O maior portal de Economia da Bahia ECONOMIA \/ POL\u00cdTICA Bahia Economica","breadcrumb":{"@id":"https:\/\/bahiaeconomica.com.br\/wp\/2021\/07\/09\/fase-verde-rui-pede-calma-com-retorno-as-normalidades-e-atencao-aos-protocolos\/#breadcrumb"},"inLanguage":"pt-BR","potentialAction":[{"@type":"ReadAction","target":["https:\/\/bahiaeconomica.com.br\/wp\/2021\/07\/09\/fase-verde-rui-pede-calma-com-retorno-as-normalidades-e-atencao-aos-protocolos\/"]}]},{"@type":"BreadcrumbList","@id":"https:\/\/bahiaeconomica.com.br\/wp\/2021\/07\/09\/fase-verde-rui-pede-calma-com-retorno-as-normalidades-e-atencao-aos-protocolos\/#breadcrumb","itemListElement":[{"@type":"ListItem","position":1,"name":"In\u00edcio","item":"https:\/\/bahiaeconomica.com.br\/wp\/"},{"@type":"ListItem","position":2,"name":"FASE VERDE: RUI PEDE CALMA COM RETORNO AS NORMALIDADES E ATEN\u00c7\u00c3O AOS PROTOCOLOS"}]},{"@type":"WebSite","@id":"https:\/\/bahiaeconomica.com.br\/wp\/#website","url":"https:\/\/bahiaeconomica.com.br\/wp\/","name":"Bahia Economica","description":"O maior portal de Economia da Bahia","publisher":{"@id":"https:\/\/bahiaeconomica.com.br\/wp\/#organization"},"potentialAction":[{"@type":"SearchAction","target":{"@type":"EntryPoint","urlTemplate":"https:\/\/bahiaeconomica.com.br\/wp\/?s={search_term_string}"},"query-input":"required name=search_term_string"}],"inLanguage":"pt-BR"},{"@type":"Organization","@id":"https:\/\/bahiaeconomica.com.br\/wp\/#organization","name":"Bahia Econ\u00f4mica","url":"https:\/\/bahiaeconomica.com.br\/wp\/","logo":{"@type":"ImageObject","inLanguage":"pt-BR","@id":"https:\/\/bahiaeconomica.com.br\/wp\/#\/schema\/logo\/image\/","url":"https:\/\/bahiaeconomica.com.br\/wp\/wp-content\/uploads\/2020\/12\/cropped-BE.png","contentUrl":"https:\/\/bahiaeconomica.com.br\/wp\/wp-content\/uploads\/2020\/12\/cropped-BE.png","width":512,"height":512,"caption":"Bahia Econ\u00f4mica"},"image":{"@id":"https:\/\/bahiaeconomica.com.br\/wp\/#\/schema\/logo\/image\/"},"sameAs":["https:\/\/www.facebook.com\/bahiaeconomica"]},{"@type":"Person","@id":"https:\/\/bahiaeconomica.com.br\/wp\/#\/schema\/person\/cb1ab5ba96ad3d9390805381c76284ec","name":"admin","url":"https:\/\/bahiaeconomica.com.br\/wp\/author\/admin\/"}]}},"views":1,"_links":{"self":[{"href":"https:\/\/bahiaeconomica.com.br\/wp\/wp-json\/wp\/v2\/posts\/582037"}],"collection":[{"href":"https:\/\/bahiaeconomica.com.br\/wp\/wp-json\/wp\/v2\/posts"}],"about":[{"href":"https:\/\/bahiaeconomica.com.br\/wp\/wp-json\/wp\/v2\/types\/post"}],"author":[{"embeddable":true,"href":"https:\/\/bahiaeconomica.com.br\/wp\/wp-json\/wp\/v2\/users\/1"}],"replies":[{"embeddable":true,"href":"https:\/\/bahiaeconomica.com.br\/wp\/wp-json\/wp\/v2\/comments?post=582037"}],"version-history":[{"count":1,"href":"https:\/\/bahiaeconomica.com.br\/wp\/wp-json\/wp\/v2\/posts\/582037\/revisions"}],"predecessor-version":[{"id":582039,"href":"https:\/\/bahiaeconomica.com.br\/wp\/wp-json\/wp\/v2\/posts\/582037\/revisions\/582039"}],"wp:featuredmedia":[{"embeddable":true,"href":"https:\/\/bahiaeconomica.com.br\/wp\/wp-json\/wp\/v2\/media\/574042"}],"wp:attachment":[{"href":"https:\/\/bahiaeconomica.com.br\/wp\/wp-json\/wp\/v2\/media?parent=582037"}],"wp:term":[{"taxonomy":"category","embeddable":true,"href":"https:\/\/bahiaeconomica.com.br\/wp\/wp-json\/wp\/v2\/categories?post=582037"},{"taxonomy":"post_tag","embeddable":true,"href":"https:\/\/bahiaeconomica.com.br\/wp\/wp-json\/wp\/v2\/tags?post=582037"}],"curies":[{"name":"wp","href":"https:\/\/api.w.org\/{rel}","templated":true}]}}