{"id":581747,"date":"2021-07-08T13:39:20","date_gmt":"2021-07-08T16:39:20","guid":{"rendered":"https:\/\/bahiaeconomica.com.br\/wp\/beta\/?p=581747"},"modified":"2021-07-08T13:39:20","modified_gmt":"2021-07-08T16:39:20","slug":"joao-roma-celebra-assinatura-de-contrato-para-terminal-do-estaleiro-enseada","status":"publish","type":"post","link":"https:\/\/bahiaeconomica.com.br\/wp\/2021\/07\/08\/joao-roma-celebra-assinatura-de-contrato-para-terminal-do-estaleiro-enseada\/","title":{"rendered":"JO\u00c3O ROMA CELEBRA ASSINATURA DE CONTRATO PARA TERMINAL DO ESTALEIRO ENSEADA"},"content":{"rendered":"<p>O ministro da Cidadania, Jo\u00e3o Roma, destacou nesta quarta-feira (7) a nova autoriza\u00e7\u00e3o dada pelo Minist\u00e9rio da Infraestrutura para o terminal<!--more--> de uso privado (TUP) do Estaleiro Enseada, em Maragojipe, que vai gerar investimentos de R$ 661,7 milh\u00f5es. O contrato foi assinado pelo ministro da Infraestrutura, Tarc\u00edsio Gomes de Freitas, e pelo diretor geral da Ag\u00eancia Nacional de Transporte Aquavi\u00e1rios (Antaq), Eduardo Nery, em evento que contou tamb\u00e9m com a presen\u00e7a de diversos prefeitos da Bahia. \u201c\u00c9 um passo relevante para o desenvolvimento do estado da Bahia. Isso sinaliza parcerias leg\u00edtimas, investimentos transparentes e republicanos que v\u00e3o, sem d\u00favida nenhuma, interferir no desenvolvimento de todos os munic\u00edpios da regi\u00e3o. Isso \u00e9 marcante para influir no nosso PIB, mas em especial vai dar esperan\u00e7a para pais e m\u00e3es de fam\u00edlia\u201d, ressaltou Jo\u00e3o Roma, em discurso durante o evento.<\/p>\n<p>Al\u00e9m do terminal de Maragojipe, foram assinados tamb\u00e9m contratos para terminais localizados nas cidades de Aracruz (ES), Barcarena (PA), Itagua\u00ed (RJ), Itaituba (PA), Jaguar\u00e3o (RS), Manaus (AM), Santana (AP) e S\u00e3o Lu\u00eds (MA). Por ano, mais de 60 milh\u00f5es de toneladas de carga s\u00f3lida devem circular por esses TUPs, segundo informa\u00e7\u00f5es do Minist\u00e9rio da Infraestrutura. Entre os prefeitos baianos, estiveram presentes Eunice Peixoto, de Nazar\u00e9; Antonio Marcos Araujo de Souza, de Aratu\u00edpe; Ednaldo Ribeiro, de Cruz das Almas; Jose Elias Das Virgens Oliveira, de Itaparica; Genival Deolino, de Santo Ant\u00f4nio de Jesus; Marcus Vinicius, de Itaparica; e Maguila, de Correntina. Tamb\u00e9m participou o ex-prefeito de Nazar\u00e9 Isaque Peixoto.<\/p>\n<p>Roma lembrou que o Estaleiro Paragua\u00e7u, projeto que era carregado de muita esperan\u00e7a de desenvolvimento para a regi\u00e3o do Rec\u00f4ncavo da Bahia, passou por muitos problemas. \u201cUm projeto que inicialmente simbolizava a retomada de um setor, mas que todos conhecem a hist\u00f3ria e os percal\u00e7os que resultaram em muitas not\u00edcias n\u00e3o muito agrad\u00e1veis em outros per\u00edodos desse pa\u00eds. N\u00e3o queremos mais que retornem e, sem d\u00favidas, isso fez com que um grande investimento ocorresse no local onde simboliza toda uma rota de desenvolvimento\u201d, frisou.<\/p>\n<p>O ministro da Cidadania recorda que o grande eixo log\u00edstico da Bahia j\u00e1 se deu entre Cachoeira e Salvador, antes do desenvolvimento das rodovias, passando pelo Rio Paragua\u00e7u. Contudo, isso se perdeu. Agora, este novo investimento sinaliza uma possibilidade de gera\u00e7\u00e3o de emprego e renda e desenvolvimento para a regi\u00e3o. \u201cO Brasil precisa olhar para o futuro, superar portanto as mazelas que tenham ocorrido, avan\u00e7ar com novos investimentos atrav\u00e9s de novas posturas, dando sequ\u00eancia a novos investimentos, ampliando toda uma oferta de empregos para uma popula\u00e7\u00e3o que planeja cada vez mais participar desse boom econ\u00f4mico que certamente o Brasil sinaliza\u201d, destacou.<\/p>\n<p>Foto: Divulga\u00e7\u00e3o\/Assessoria<\/p>\n","protected":false},"excerpt":{"rendered":"<p>O ministro da Cidadania, Jo\u00e3o Roma, destacou nesta quarta-feira (7) a nova autoriza\u00e7\u00e3o dada pelo Minist\u00e9rio da Infraestrutura para o terminal<\/p>\n","protected":false},"author":1,"featured_media":561739,"comment_status":"closed","ping_status":"closed","sticky":false,"template":"","format":"standard","meta":[],"categories":[3],"tags":[],"acf":[],"yoast_head":"<!-- This site is optimized with the Yoast SEO plugin v20.8 - https:\/\/yoast.com\/wordpress\/plugins\/seo\/ -->\n<title>JO\u00c3O ROMA CELEBRA ASSINATURA DE CONTRATO PARA TERMINAL DO ESTALEIRO ENSEADA - Bahia Economica<\/title>\n<meta name=\"description\" content=\"O maior portal de Economia da Bahia ECONOMIA \/ POL\u00cdTICA Bahia Economica\" \/>\n<meta name=\"robots\" content=\"index, follow, max-snippet:-1, max-image-preview:large, max-video-preview:-1\" \/>\n<link rel=\"canonical\" href=\"https:\/\/bahiaeconomica.com.br\/wp\/2021\/07\/08\/joao-roma-celebra-assinatura-de-contrato-para-terminal-do-estaleiro-enseada\/\" \/>\n<meta property=\"og:locale\" content=\"pt_BR\" \/>\n<meta property=\"og:type\" content=\"article\" \/>\n<meta property=\"og:title\" content=\"JO\u00c3O ROMA CELEBRA ASSINATURA DE CONTRATO PARA TERMINAL DO ESTALEIRO ENSEADA - Bahia Economica\" \/>\n<meta property=\"og:description\" content=\"O maior portal de Economia da Bahia ECONOMIA \/ POL\u00cdTICA Bahia Economica\" \/>\n<meta property=\"og:url\" content=\"https:\/\/bahiaeconomica.com.br\/wp\/2021\/07\/08\/joao-roma-celebra-assinatura-de-contrato-para-terminal-do-estaleiro-enseada\/\" \/>\n<meta property=\"og:site_name\" content=\"Bahia Economica\" \/>\n<meta property=\"article:publisher\" content=\"https:\/\/www.facebook.com\/bahiaeconomica\" \/>\n<meta property=\"article:published_time\" content=\"2021-07-08T16:39:20+00:00\" \/>\n<meta property=\"og:image\" content=\"https:\/\/bahiaeconomica.com.br\/wp\/wp-content\/uploads\/2021\/05\/joao-roma-750x500-1.jpg\" \/>\n\t<meta property=\"og:image:width\" content=\"360\" \/>\n\t<meta property=\"og:image:height\" content=\"220\" \/>\n\t<meta property=\"og:image:type\" content=\"image\/jpeg\" \/>\n<meta name=\"author\" content=\"admin\" \/>\n<meta name=\"twitter:card\" content=\"summary_large_image\" \/>\n<meta name=\"twitter:label1\" content=\"Escrito por\" \/>\n\t<meta name=\"twitter:data1\" content=\"admin\" \/>\n\t<meta name=\"twitter:label2\" content=\"Est. tempo de leitura\" \/>\n\t<meta name=\"twitter:data2\" content=\"2 minutos\" \/>\n<script type=\"application\/ld+json\" class=\"yoast-schema-graph\">{\"@context\":\"https:\/\/schema.org\",\"@graph\":[{\"@type\":\"Article\",\"@id\":\"https:\/\/bahiaeconomica.com.br\/wp\/2021\/07\/08\/joao-roma-celebra-assinatura-de-contrato-para-terminal-do-estaleiro-enseada\/#article\",\"isPartOf\":{\"@id\":\"https:\/\/bahiaeconomica.com.br\/wp\/2021\/07\/08\/joao-roma-celebra-assinatura-de-contrato-para-terminal-do-estaleiro-enseada\/\"},\"author\":{\"name\":\"admin\",\"@id\":\"https:\/\/bahiaeconomica.com.br\/wp\/#\/schema\/person\/cb1ab5ba96ad3d9390805381c76284ec\"},\"headline\":\"JO\u00c3O ROMA CELEBRA ASSINATURA DE CONTRATO PARA TERMINAL DO ESTALEIRO ENSEADA\",\"datePublished\":\"2021-07-08T16:39:20+00:00\",\"dateModified\":\"2021-07-08T16:39:20+00:00\",\"mainEntityOfPage\":{\"@id\":\"https:\/\/bahiaeconomica.com.br\/wp\/2021\/07\/08\/joao-roma-celebra-assinatura-de-contrato-para-terminal-do-estaleiro-enseada\/\"},\"wordCount\":493,\"publisher\":{\"@id\":\"https:\/\/bahiaeconomica.com.br\/wp\/#organization\"},\"articleSection\":[\"ECONOMIA \/ POL\u00cdTICA\"],\"inLanguage\":\"pt-BR\"},{\"@type\":\"WebPage\",\"@id\":\"https:\/\/bahiaeconomica.com.br\/wp\/2021\/07\/08\/joao-roma-celebra-assinatura-de-contrato-para-terminal-do-estaleiro-enseada\/\",\"url\":\"https:\/\/bahiaeconomica.com.br\/wp\/2021\/07\/08\/joao-roma-celebra-assinatura-de-contrato-para-terminal-do-estaleiro-enseada\/\",\"name\":\"JO\u00c3O ROMA CELEBRA ASSINATURA DE CONTRATO PARA TERMINAL DO ESTALEIRO ENSEADA - Bahia Economica\",\"isPartOf\":{\"@id\":\"https:\/\/bahiaeconomica.com.br\/wp\/#website\"},\"datePublished\":\"2021-07-08T16:39:20+00:00\",\"dateModified\":\"2021-07-08T16:39:20+00:00\",\"description\":\"O maior portal de Economia da Bahia ECONOMIA \/ POL\u00cdTICA Bahia Economica\",\"breadcrumb\":{\"@id\":\"https:\/\/bahiaeconomica.com.br\/wp\/2021\/07\/08\/joao-roma-celebra-assinatura-de-contrato-para-terminal-do-estaleiro-enseada\/#breadcrumb\"},\"inLanguage\":\"pt-BR\",\"potentialAction\":[{\"@type\":\"ReadAction\",\"target\":[\"https:\/\/bahiaeconomica.com.br\/wp\/2021\/07\/08\/joao-roma-celebra-assinatura-de-contrato-para-terminal-do-estaleiro-enseada\/\"]}]},{\"@type\":\"BreadcrumbList\",\"@id\":\"https:\/\/bahiaeconomica.com.br\/wp\/2021\/07\/08\/joao-roma-celebra-assinatura-de-contrato-para-terminal-do-estaleiro-enseada\/#breadcrumb\",\"itemListElement\":[{\"@type\":\"ListItem\",\"position\":1,\"name\":\"In\u00edcio\",\"item\":\"https:\/\/bahiaeconomica.com.br\/wp\/\"},{\"@type\":\"ListItem\",\"position\":2,\"name\":\"JO\u00c3O ROMA CELEBRA ASSINATURA DE CONTRATO PARA TERMINAL DO ESTALEIRO ENSEADA\"}]},{\"@type\":\"WebSite\",\"@id\":\"https:\/\/bahiaeconomica.com.br\/wp\/#website\",\"url\":\"https:\/\/bahiaeconomica.com.br\/wp\/\",\"name\":\"Bahia Economica\",\"description\":\"O maior portal de Economia da Bahia\",\"publisher\":{\"@id\":\"https:\/\/bahiaeconomica.com.br\/wp\/#organization\"},\"potentialAction\":[{\"@type\":\"SearchAction\",\"target\":{\"@type\":\"EntryPoint\",\"urlTemplate\":\"https:\/\/bahiaeconomica.com.br\/wp\/?s={search_term_string}\"},\"query-input\":\"required name=search_term_string\"}],\"inLanguage\":\"pt-BR\"},{\"@type\":\"Organization\",\"@id\":\"https:\/\/bahiaeconomica.com.br\/wp\/#organization\",\"name\":\"Bahia Econ\u00f4mica\",\"url\":\"https:\/\/bahiaeconomica.com.br\/wp\/\",\"logo\":{\"@type\":\"ImageObject\",\"inLanguage\":\"pt-BR\",\"@id\":\"https:\/\/bahiaeconomica.com.br\/wp\/#\/schema\/logo\/image\/\",\"url\":\"https:\/\/bahiaeconomica.com.br\/wp\/wp-content\/uploads\/2020\/12\/cropped-BE.png\",\"contentUrl\":\"https:\/\/bahiaeconomica.com.br\/wp\/wp-content\/uploads\/2020\/12\/cropped-BE.png\",\"width\":512,\"height\":512,\"caption\":\"Bahia Econ\u00f4mica\"},\"image\":{\"@id\":\"https:\/\/bahiaeconomica.com.br\/wp\/#\/schema\/logo\/image\/\"},\"sameAs\":[\"https:\/\/www.facebook.com\/bahiaeconomica\"]},{\"@type\":\"Person\",\"@id\":\"https:\/\/bahiaeconomica.com.br\/wp\/#\/schema\/person\/cb1ab5ba96ad3d9390805381c76284ec\",\"name\":\"admin\",\"url\":\"https:\/\/bahiaeconomica.com.br\/wp\/author\/admin\/\"}]}<\/script>\n<!-- \/ Yoast SEO plugin. -->","yoast_head_json":{"title":"JO\u00c3O ROMA CELEBRA ASSINATURA DE CONTRATO PARA TERMINAL DO ESTALEIRO ENSEADA - Bahia Economica","description":"O maior portal de Economia da Bahia ECONOMIA \/ POL\u00cdTICA Bahia Economica","robots":{"index":"index","follow":"follow","max-snippet":"max-snippet:-1","max-image-preview":"max-image-preview:large","max-video-preview":"max-video-preview:-1"},"canonical":"https:\/\/bahiaeconomica.com.br\/wp\/2021\/07\/08\/joao-roma-celebra-assinatura-de-contrato-para-terminal-do-estaleiro-enseada\/","og_locale":"pt_BR","og_type":"article","og_title":"JO\u00c3O ROMA CELEBRA ASSINATURA DE CONTRATO PARA TERMINAL DO ESTALEIRO ENSEADA - Bahia Economica","og_description":"O maior portal de Economia da Bahia ECONOMIA \/ POL\u00cdTICA Bahia Economica","og_url":"https:\/\/bahiaeconomica.com.br\/wp\/2021\/07\/08\/joao-roma-celebra-assinatura-de-contrato-para-terminal-do-estaleiro-enseada\/","og_site_name":"Bahia Economica","article_publisher":"https:\/\/www.facebook.com\/bahiaeconomica","article_published_time":"2021-07-08T16:39:20+00:00","og_image":[{"width":360,"height":220,"url":"https:\/\/bahiaeconomica.com.br\/wp\/wp-content\/uploads\/2021\/05\/joao-roma-750x500-1.jpg","type":"image\/jpeg"}],"author":"admin","twitter_card":"summary_large_image","twitter_misc":{"Escrito por":"admin","Est. tempo de leitura":"2 minutos"},"schema":{"@context":"https:\/\/schema.org","@graph":[{"@type":"Article","@id":"https:\/\/bahiaeconomica.com.br\/wp\/2021\/07\/08\/joao-roma-celebra-assinatura-de-contrato-para-terminal-do-estaleiro-enseada\/#article","isPartOf":{"@id":"https:\/\/bahiaeconomica.com.br\/wp\/2021\/07\/08\/joao-roma-celebra-assinatura-de-contrato-para-terminal-do-estaleiro-enseada\/"},"author":{"name":"admin","@id":"https:\/\/bahiaeconomica.com.br\/wp\/#\/schema\/person\/cb1ab5ba96ad3d9390805381c76284ec"},"headline":"JO\u00c3O ROMA CELEBRA ASSINATURA DE CONTRATO PARA TERMINAL DO ESTALEIRO ENSEADA","datePublished":"2021-07-08T16:39:20+00:00","dateModified":"2021-07-08T16:39:20+00:00","mainEntityOfPage":{"@id":"https:\/\/bahiaeconomica.com.br\/wp\/2021\/07\/08\/joao-roma-celebra-assinatura-de-contrato-para-terminal-do-estaleiro-enseada\/"},"wordCount":493,"publisher":{"@id":"https:\/\/bahiaeconomica.com.br\/wp\/#organization"},"articleSection":["ECONOMIA \/ POL\u00cdTICA"],"inLanguage":"pt-BR"},{"@type":"WebPage","@id":"https:\/\/bahiaeconomica.com.br\/wp\/2021\/07\/08\/joao-roma-celebra-assinatura-de-contrato-para-terminal-do-estaleiro-enseada\/","url":"https:\/\/bahiaeconomica.com.br\/wp\/2021\/07\/08\/joao-roma-celebra-assinatura-de-contrato-para-terminal-do-estaleiro-enseada\/","name":"JO\u00c3O ROMA CELEBRA ASSINATURA DE CONTRATO PARA TERMINAL DO ESTALEIRO ENSEADA - Bahia Economica","isPartOf":{"@id":"https:\/\/bahiaeconomica.com.br\/wp\/#website"},"datePublished":"2021-07-08T16:39:20+00:00","dateModified":"2021-07-08T16:39:20+00:00","description":"O maior portal de Economia da Bahia ECONOMIA \/ POL\u00cdTICA Bahia Economica","breadcrumb":{"@id":"https:\/\/bahiaeconomica.com.br\/wp\/2021\/07\/08\/joao-roma-celebra-assinatura-de-contrato-para-terminal-do-estaleiro-enseada\/#breadcrumb"},"inLanguage":"pt-BR","potentialAction":[{"@type":"ReadAction","target":["https:\/\/bahiaeconomica.com.br\/wp\/2021\/07\/08\/joao-roma-celebra-assinatura-de-contrato-para-terminal-do-estaleiro-enseada\/"]}]},{"@type":"BreadcrumbList","@id":"https:\/\/bahiaeconomica.com.br\/wp\/2021\/07\/08\/joao-roma-celebra-assinatura-de-contrato-para-terminal-do-estaleiro-enseada\/#breadcrumb","itemListElement":[{"@type":"ListItem","position":1,"name":"In\u00edcio","item":"https:\/\/bahiaeconomica.com.br\/wp\/"},{"@type":"ListItem","position":2,"name":"JO\u00c3O ROMA CELEBRA ASSINATURA DE CONTRATO PARA TERMINAL DO ESTALEIRO ENSEADA"}]},{"@type":"WebSite","@id":"https:\/\/bahiaeconomica.com.br\/wp\/#website","url":"https:\/\/bahiaeconomica.com.br\/wp\/","name":"Bahia Economica","description":"O maior portal de Economia da Bahia","publisher":{"@id":"https:\/\/bahiaeconomica.com.br\/wp\/#organization"},"potentialAction":[{"@type":"SearchAction","target":{"@type":"EntryPoint","urlTemplate":"https:\/\/bahiaeconomica.com.br\/wp\/?s={search_term_string}"},"query-input":"required name=search_term_string"}],"inLanguage":"pt-BR"},{"@type":"Organization","@id":"https:\/\/bahiaeconomica.com.br\/wp\/#organization","name":"Bahia Econ\u00f4mica","url":"https:\/\/bahiaeconomica.com.br\/wp\/","logo":{"@type":"ImageObject","inLanguage":"pt-BR","@id":"https:\/\/bahiaeconomica.com.br\/wp\/#\/schema\/logo\/image\/","url":"https:\/\/bahiaeconomica.com.br\/wp\/wp-content\/uploads\/2020\/12\/cropped-BE.png","contentUrl":"https:\/\/bahiaeconomica.com.br\/wp\/wp-content\/uploads\/2020\/12\/cropped-BE.png","width":512,"height":512,"caption":"Bahia Econ\u00f4mica"},"image":{"@id":"https:\/\/bahiaeconomica.com.br\/wp\/#\/schema\/logo\/image\/"},"sameAs":["https:\/\/www.facebook.com\/bahiaeconomica"]},{"@type":"Person","@id":"https:\/\/bahiaeconomica.com.br\/wp\/#\/schema\/person\/cb1ab5ba96ad3d9390805381c76284ec","name":"admin","url":"https:\/\/bahiaeconomica.com.br\/wp\/author\/admin\/"}]}},"views":0,"_links":{"self":[{"href":"https:\/\/bahiaeconomica.com.br\/wp\/wp-json\/wp\/v2\/posts\/581747"}],"collection":[{"href":"https:\/\/bahiaeconomica.com.br\/wp\/wp-json\/wp\/v2\/posts"}],"about":[{"href":"https:\/\/bahiaeconomica.com.br\/wp\/wp-json\/wp\/v2\/types\/post"}],"author":[{"embeddable":true,"href":"https:\/\/bahiaeconomica.com.br\/wp\/wp-json\/wp\/v2\/users\/1"}],"replies":[{"embeddable":true,"href":"https:\/\/bahiaeconomica.com.br\/wp\/wp-json\/wp\/v2\/comments?post=581747"}],"version-history":[{"count":1,"href":"https:\/\/bahiaeconomica.com.br\/wp\/wp-json\/wp\/v2\/posts\/581747\/revisions"}],"predecessor-version":[{"id":581749,"href":"https:\/\/bahiaeconomica.com.br\/wp\/wp-json\/wp\/v2\/posts\/581747\/revisions\/581749"}],"wp:featuredmedia":[{"embeddable":true,"href":"https:\/\/bahiaeconomica.com.br\/wp\/wp-json\/wp\/v2\/media\/561739"}],"wp:attachment":[{"href":"https:\/\/bahiaeconomica.com.br\/wp\/wp-json\/wp\/v2\/media?parent=581747"}],"wp:term":[{"taxonomy":"category","embeddable":true,"href":"https:\/\/bahiaeconomica.com.br\/wp\/wp-json\/wp\/v2\/categories?post=581747"},{"taxonomy":"post_tag","embeddable":true,"href":"https:\/\/bahiaeconomica.com.br\/wp\/wp-json\/wp\/v2\/tags?post=581747"}],"curies":[{"name":"wp","href":"https:\/\/api.w.org\/{rel}","templated":true}]}}