{"id":581616,"date":"2021-07-08T13:30:34","date_gmt":"2021-07-08T16:30:34","guid":{"rendered":"https:\/\/bahiaeconomica.com.br\/wp\/beta\/?p=581616"},"modified":"2021-07-08T14:07:05","modified_gmt":"2021-07-08T17:07:05","slug":"donald-trump-anuncia-que-vai-processar-redes-sociais","status":"publish","type":"post","link":"https:\/\/bahiaeconomica.com.br\/wp\/2021\/07\/08\/donald-trump-anuncia-que-vai-processar-redes-sociais\/","title":{"rendered":"DONALD TRUMP ANUNCIA QUE VAI PROCESSAR REDES SOCIAIS"},"content":{"rendered":"<p>O ex-presidente dos Estados Unidos, Donald Trump, anunciou nesta quarta-feira, 7, que vai abrir um processo conjunto contra o Facebook, Twitter<!--more--> e Google, intensificando sua batalha pela suposta censura da qual alega ser v\u00edtima por parte dos gigantes tecnol\u00f3gicos. &#8220;Hoje, junto com o America First Policy Institute, estou apresentando como seu representante principal um grande processo coletivo contra os grandes gigantes da tecnologia, incluindo Facebook, Google e Twitter, assim como seus diretores executivos, Mark Zuckerberg, Sundar Pichai e Jack Dorsey&#8221;, informou Trump aos rep\u00f3rteres em seu clube de golfe de Bedminster, Nova Jersey.<\/p>\n<p>Esses tr\u00eas altos executivos &#8220;implementam uma censura ilegal e inconstitucional&#8221;, acrescentou o l\u00edder republicano de 75 anos que foi suspenso no Facebook e no Twitter ap\u00f3s o ataque de seus apoiadores ao Capit\u00f3lio em 6 de janeiro. &#8220;Estamos pedindo ao Tribunal Federal do Distrito Sul da Fl\u00f3rida que ordene o fim imediato da censura ilegal e vergonhosa por grupos de redes sociais que visam os americanos&#8221;, afirmou ele. &#8220;Exigimos [&#8230;] o fim do sil\u00eancio for\u00e7ado&#8221;, reclamou.<\/p>\n<p>&#8220;Defendemos a democracia americana ao defender os direitos de liberdade de express\u00e3o de cada americano: democrata, republicano, independente, o que for&#8221;, disse Trump. \u201cEste processo \u00e9 apenas o come\u00e7o\u201d, completou. Trump, que afirma estar acompanhado na a\u00e7\u00e3o por milhares de cidad\u00e3os tamb\u00e9m exclu\u00eddos das redes sociais, garantiu que busca o fim imediato da censura, das listas negras e do que chama de \u201ccancelamento\u201d de pessoas que compartilham de suas posi\u00e7\u00f5es pol\u00edticas.<\/p>\n<p>Ele ressaltou que n\u00e3o busca nenhum tipo de acordo com os acusados. &#8220;Estamos em uma luta que vamos vencer&#8221;, declarou. Os espectadores aplaudiram seu an\u00fancio. O processo surge ao mesmo tempo em que o Congresso toma medidas sem precedentes para mitigar o poder das grandes corpora\u00e7\u00f5es de tecnologia. No final de junho, a C\u00e2mara de Representantes avan\u00e7ou com uma reforma antimonop\u00f3lio que visa coibir pr\u00e1ticas comerciais do Google, Apple, Amazon e Facebook que considera prejudiciais ao mercado e aos consumidores.<\/p>\n<p>&#8220;N\u00e3o h\u00e1 melhor prova de que as &#8216;big tech&#8217; est\u00e3o fora de controle do que o fato de que elas proibiram o presidente em exerc\u00edcio dos Estados Unidos&#8221; de se expressar em suas plataformas, insistiu o republicano. &#8220;Se eles podem fazer isso comigo, podem fazer com qualquer um. E \u00e9 exatamente isso que eles fazem&#8221;, justificou. Em junho, o Facebook anunciou sua decis\u00e3o de suspender as contas de Trump por dois anos.<\/p>\n<p>O magnata j\u00e1 havia sido temporariamente exclu\u00eddo em 7 de janeiro, quando ainda era presidente, por ter inflamado um dia antes uma massa de partid\u00e1rios durante a invas\u00e3o do Capit\u00f3lio, sede do Congresso em Washington, numa decis\u00e3o in\u00e9dita. A rede social Twitter tamb\u00e9m o suspendeu ap\u00f3s a invas\u00e3o da sede legislativa em meio \u00e0 sess\u00e3o de certifica\u00e7\u00e3o da vit\u00f3ria de seu rival, Joe Biden, naquele 6 de janeiro. Antes de ser suspenso, Trump tinha quase 89 milh\u00f5es de seguidores no Twitter, 35 milh\u00f5es no Facebook e 24 milh\u00f5es no Instagram.<\/p>\n<p>&#8220;Google e YouTube retiraram in\u00fameros v\u00eddeos que ousavam questionar os crit\u00e9rios da Organiza\u00e7\u00e3o Mundial da Sa\u00fade&#8221; (OMS) durante a pandemia do coronav\u00edrus, reclamou tamb\u00e9m nesta quarta-feira.<\/p>\n<p>Poucas chances<\/p>\n<p>Alguns especialistas jur\u00eddicos acreditam que Trump tem poucas chances de vencer. A Primeira Emenda \u00e0 Constitui\u00e7\u00e3o, que estabelece a liberdade de express\u00e3o, &#8220;vincula apenas atores do governo, n\u00e3o entidades privadas&#8221;, explicou Eric Goldman, acad\u00eamico da Universidade Santa Clara, \u00e0 AFP. Segundo ele, dezenas de processos semelhantes ao de Trump falharam.<\/p>\n<p>Na a\u00e7\u00e3o contra o Facebook, Trump alega que a coopera\u00e7\u00e3o de grandes empresas tecnol\u00f3gicas com o governo federal modificou sua condi\u00e7\u00e3o de empresas privadas e as transformou em atores do Estado. \u201cComo tal, o acusado \u00e9 limitado pelo direito da Primeira Emenda \u00e0 livre express\u00e3o nas decis\u00f5es de censura que toma com seus usu\u00e1rios\u201d, diz a a\u00e7\u00e3o.<\/p>\n<p>A CCIA, entidade que re\u00fane empresas de inform\u00e1tica e comunica\u00e7\u00e3o e da qual fazem parte o Facebook, o Google e o Twitter, afirmou que os servi\u00e7os digitais t\u00eam o direito de aplicar as suas pr\u00f3prias pol\u00edticas de servi\u00e7o. O presidente da CCIA, Matt Schruers, chamou o processo de Trump de &#8220;fr\u00edvolo&#8221; e acrescentou que &#8220;isso n\u00e3o mudar\u00e1 o fato de que os usu\u00e1rios, incluindo presidentes dos Estados Unidos, devem cumprir as regras com as quais concordaram&#8221;.<\/p>\n<p>Foto: divulga\u00e7\u00e3o<\/p>\n","protected":false},"excerpt":{"rendered":"<p>O ex-presidente dos Estados Unidos, Donald Trump, anunciou nesta quarta-feira, 7, que vai abrir um processo conjunto contra o Facebook, Twitter<\/p>\n","protected":false},"author":1,"featured_media":565840,"comment_status":"closed","ping_status":"closed","sticky":false,"template":"","format":"standard","meta":[],"categories":[14,3],"tags":[],"acf":[],"yoast_head":"<!-- This site is optimized with the Yoast SEO plugin v20.8 - https:\/\/yoast.com\/wordpress\/plugins\/seo\/ -->\n<title>DONALD TRUMP ANUNCIA QUE VAI PROCESSAR REDES SOCIAIS - Bahia Economica<\/title>\n<meta name=\"description\" content=\"O maior portal de Economia da Bahia DESTAQUE DO DIA, ECONOMIA \/ POL\u00cdTICA Bahia Economica\" \/>\n<meta name=\"robots\" content=\"index, follow, max-snippet:-1, max-image-preview:large, max-video-preview:-1\" \/>\n<link rel=\"canonical\" href=\"https:\/\/bahiaeconomica.com.br\/wp\/2021\/07\/08\/donald-trump-anuncia-que-vai-processar-redes-sociais\/\" \/>\n<meta property=\"og:locale\" content=\"pt_BR\" \/>\n<meta property=\"og:type\" content=\"article\" \/>\n<meta property=\"og:title\" content=\"DONALD TRUMP ANUNCIA QUE VAI PROCESSAR REDES SOCIAIS - Bahia Economica\" \/>\n<meta property=\"og:description\" content=\"O maior portal de Economia da Bahia DESTAQUE DO DIA, ECONOMIA \/ POL\u00cdTICA Bahia Economica\" \/>\n<meta property=\"og:url\" content=\"https:\/\/bahiaeconomica.com.br\/wp\/2021\/07\/08\/donald-trump-anuncia-que-vai-processar-redes-sociais\/\" \/>\n<meta property=\"og:site_name\" content=\"Bahia Economica\" \/>\n<meta property=\"article:publisher\" content=\"https:\/\/www.facebook.com\/bahiaeconomica\" \/>\n<meta property=\"article:published_time\" content=\"2021-07-08T16:30:34+00:00\" \/>\n<meta property=\"article:modified_time\" content=\"2021-07-08T17:07:05+00:00\" \/>\n<meta property=\"og:image\" content=\"https:\/\/bahiaeconomica.com.br\/wp\/wp-content\/uploads\/2021\/05\/trump.jpg\" \/>\n\t<meta property=\"og:image:width\" content=\"500\" \/>\n\t<meta property=\"og:image:height\" content=\"330\" \/>\n\t<meta property=\"og:image:type\" content=\"image\/jpeg\" \/>\n<meta name=\"author\" content=\"admin\" \/>\n<meta name=\"twitter:card\" content=\"summary_large_image\" \/>\n<meta name=\"twitter:label1\" content=\"Escrito por\" \/>\n\t<meta name=\"twitter:data1\" content=\"admin\" \/>\n\t<meta name=\"twitter:label2\" content=\"Est. tempo de leitura\" \/>\n\t<meta name=\"twitter:data2\" content=\"4 minutos\" \/>\n<script type=\"application\/ld+json\" class=\"yoast-schema-graph\">{\"@context\":\"https:\/\/schema.org\",\"@graph\":[{\"@type\":\"Article\",\"@id\":\"https:\/\/bahiaeconomica.com.br\/wp\/2021\/07\/08\/donald-trump-anuncia-que-vai-processar-redes-sociais\/#article\",\"isPartOf\":{\"@id\":\"https:\/\/bahiaeconomica.com.br\/wp\/2021\/07\/08\/donald-trump-anuncia-que-vai-processar-redes-sociais\/\"},\"author\":{\"name\":\"admin\",\"@id\":\"https:\/\/bahiaeconomica.com.br\/wp\/#\/schema\/person\/cb1ab5ba96ad3d9390805381c76284ec\"},\"headline\":\"DONALD TRUMP ANUNCIA QUE VAI PROCESSAR REDES SOCIAIS\",\"datePublished\":\"2021-07-08T16:30:34+00:00\",\"dateModified\":\"2021-07-08T17:07:05+00:00\",\"mainEntityOfPage\":{\"@id\":\"https:\/\/bahiaeconomica.com.br\/wp\/2021\/07\/08\/donald-trump-anuncia-que-vai-processar-redes-sociais\/\"},\"wordCount\":763,\"publisher\":{\"@id\":\"https:\/\/bahiaeconomica.com.br\/wp\/#organization\"},\"articleSection\":[\"DESTAQUE DO DIA\",\"ECONOMIA \/ POL\u00cdTICA\"],\"inLanguage\":\"pt-BR\"},{\"@type\":\"WebPage\",\"@id\":\"https:\/\/bahiaeconomica.com.br\/wp\/2021\/07\/08\/donald-trump-anuncia-que-vai-processar-redes-sociais\/\",\"url\":\"https:\/\/bahiaeconomica.com.br\/wp\/2021\/07\/08\/donald-trump-anuncia-que-vai-processar-redes-sociais\/\",\"name\":\"DONALD TRUMP ANUNCIA QUE VAI PROCESSAR REDES SOCIAIS - Bahia Economica\",\"isPartOf\":{\"@id\":\"https:\/\/bahiaeconomica.com.br\/wp\/#website\"},\"datePublished\":\"2021-07-08T16:30:34+00:00\",\"dateModified\":\"2021-07-08T17:07:05+00:00\",\"description\":\"O maior portal de Economia da Bahia DESTAQUE DO DIA, ECONOMIA \/ POL\u00cdTICA Bahia Economica\",\"breadcrumb\":{\"@id\":\"https:\/\/bahiaeconomica.com.br\/wp\/2021\/07\/08\/donald-trump-anuncia-que-vai-processar-redes-sociais\/#breadcrumb\"},\"inLanguage\":\"pt-BR\",\"potentialAction\":[{\"@type\":\"ReadAction\",\"target\":[\"https:\/\/bahiaeconomica.com.br\/wp\/2021\/07\/08\/donald-trump-anuncia-que-vai-processar-redes-sociais\/\"]}]},{\"@type\":\"BreadcrumbList\",\"@id\":\"https:\/\/bahiaeconomica.com.br\/wp\/2021\/07\/08\/donald-trump-anuncia-que-vai-processar-redes-sociais\/#breadcrumb\",\"itemListElement\":[{\"@type\":\"ListItem\",\"position\":1,\"name\":\"In\u00edcio\",\"item\":\"https:\/\/bahiaeconomica.com.br\/wp\/\"},{\"@type\":\"ListItem\",\"position\":2,\"name\":\"DONALD TRUMP ANUNCIA QUE VAI PROCESSAR REDES SOCIAIS\"}]},{\"@type\":\"WebSite\",\"@id\":\"https:\/\/bahiaeconomica.com.br\/wp\/#website\",\"url\":\"https:\/\/bahiaeconomica.com.br\/wp\/\",\"name\":\"Bahia Economica\",\"description\":\"O maior portal de Economia da Bahia\",\"publisher\":{\"@id\":\"https:\/\/bahiaeconomica.com.br\/wp\/#organization\"},\"potentialAction\":[{\"@type\":\"SearchAction\",\"target\":{\"@type\":\"EntryPoint\",\"urlTemplate\":\"https:\/\/bahiaeconomica.com.br\/wp\/?s={search_term_string}\"},\"query-input\":\"required name=search_term_string\"}],\"inLanguage\":\"pt-BR\"},{\"@type\":\"Organization\",\"@id\":\"https:\/\/bahiaeconomica.com.br\/wp\/#organization\",\"name\":\"Bahia Econ\u00f4mica\",\"url\":\"https:\/\/bahiaeconomica.com.br\/wp\/\",\"logo\":{\"@type\":\"ImageObject\",\"inLanguage\":\"pt-BR\",\"@id\":\"https:\/\/bahiaeconomica.com.br\/wp\/#\/schema\/logo\/image\/\",\"url\":\"https:\/\/bahiaeconomica.com.br\/wp\/wp-content\/uploads\/2020\/12\/cropped-BE.png\",\"contentUrl\":\"https:\/\/bahiaeconomica.com.br\/wp\/wp-content\/uploads\/2020\/12\/cropped-BE.png\",\"width\":512,\"height\":512,\"caption\":\"Bahia Econ\u00f4mica\"},\"image\":{\"@id\":\"https:\/\/bahiaeconomica.com.br\/wp\/#\/schema\/logo\/image\/\"},\"sameAs\":[\"https:\/\/www.facebook.com\/bahiaeconomica\"]},{\"@type\":\"Person\",\"@id\":\"https:\/\/bahiaeconomica.com.br\/wp\/#\/schema\/person\/cb1ab5ba96ad3d9390805381c76284ec\",\"name\":\"admin\",\"url\":\"https:\/\/bahiaeconomica.com.br\/wp\/author\/admin\/\"}]}<\/script>\n<!-- \/ Yoast SEO plugin. -->","yoast_head_json":{"title":"DONALD TRUMP ANUNCIA QUE VAI PROCESSAR REDES SOCIAIS - Bahia Economica","description":"O maior portal de Economia da Bahia DESTAQUE DO DIA, ECONOMIA \/ POL\u00cdTICA Bahia Economica","robots":{"index":"index","follow":"follow","max-snippet":"max-snippet:-1","max-image-preview":"max-image-preview:large","max-video-preview":"max-video-preview:-1"},"canonical":"https:\/\/bahiaeconomica.com.br\/wp\/2021\/07\/08\/donald-trump-anuncia-que-vai-processar-redes-sociais\/","og_locale":"pt_BR","og_type":"article","og_title":"DONALD TRUMP ANUNCIA QUE VAI PROCESSAR REDES SOCIAIS - Bahia Economica","og_description":"O maior portal de Economia da Bahia DESTAQUE DO DIA, ECONOMIA \/ POL\u00cdTICA Bahia Economica","og_url":"https:\/\/bahiaeconomica.com.br\/wp\/2021\/07\/08\/donald-trump-anuncia-que-vai-processar-redes-sociais\/","og_site_name":"Bahia Economica","article_publisher":"https:\/\/www.facebook.com\/bahiaeconomica","article_published_time":"2021-07-08T16:30:34+00:00","article_modified_time":"2021-07-08T17:07:05+00:00","og_image":[{"width":500,"height":330,"url":"https:\/\/bahiaeconomica.com.br\/wp\/wp-content\/uploads\/2021\/05\/trump.jpg","type":"image\/jpeg"}],"author":"admin","twitter_card":"summary_large_image","twitter_misc":{"Escrito por":"admin","Est. tempo de leitura":"4 minutos"},"schema":{"@context":"https:\/\/schema.org","@graph":[{"@type":"Article","@id":"https:\/\/bahiaeconomica.com.br\/wp\/2021\/07\/08\/donald-trump-anuncia-que-vai-processar-redes-sociais\/#article","isPartOf":{"@id":"https:\/\/bahiaeconomica.com.br\/wp\/2021\/07\/08\/donald-trump-anuncia-que-vai-processar-redes-sociais\/"},"author":{"name":"admin","@id":"https:\/\/bahiaeconomica.com.br\/wp\/#\/schema\/person\/cb1ab5ba96ad3d9390805381c76284ec"},"headline":"DONALD TRUMP ANUNCIA QUE VAI PROCESSAR REDES SOCIAIS","datePublished":"2021-07-08T16:30:34+00:00","dateModified":"2021-07-08T17:07:05+00:00","mainEntityOfPage":{"@id":"https:\/\/bahiaeconomica.com.br\/wp\/2021\/07\/08\/donald-trump-anuncia-que-vai-processar-redes-sociais\/"},"wordCount":763,"publisher":{"@id":"https:\/\/bahiaeconomica.com.br\/wp\/#organization"},"articleSection":["DESTAQUE DO DIA","ECONOMIA \/ POL\u00cdTICA"],"inLanguage":"pt-BR"},{"@type":"WebPage","@id":"https:\/\/bahiaeconomica.com.br\/wp\/2021\/07\/08\/donald-trump-anuncia-que-vai-processar-redes-sociais\/","url":"https:\/\/bahiaeconomica.com.br\/wp\/2021\/07\/08\/donald-trump-anuncia-que-vai-processar-redes-sociais\/","name":"DONALD TRUMP ANUNCIA QUE VAI PROCESSAR REDES SOCIAIS - Bahia Economica","isPartOf":{"@id":"https:\/\/bahiaeconomica.com.br\/wp\/#website"},"datePublished":"2021-07-08T16:30:34+00:00","dateModified":"2021-07-08T17:07:05+00:00","description":"O maior portal de Economia da Bahia DESTAQUE DO DIA, ECONOMIA \/ POL\u00cdTICA Bahia Economica","breadcrumb":{"@id":"https:\/\/bahiaeconomica.com.br\/wp\/2021\/07\/08\/donald-trump-anuncia-que-vai-processar-redes-sociais\/#breadcrumb"},"inLanguage":"pt-BR","potentialAction":[{"@type":"ReadAction","target":["https:\/\/bahiaeconomica.com.br\/wp\/2021\/07\/08\/donald-trump-anuncia-que-vai-processar-redes-sociais\/"]}]},{"@type":"BreadcrumbList","@id":"https:\/\/bahiaeconomica.com.br\/wp\/2021\/07\/08\/donald-trump-anuncia-que-vai-processar-redes-sociais\/#breadcrumb","itemListElement":[{"@type":"ListItem","position":1,"name":"In\u00edcio","item":"https:\/\/bahiaeconomica.com.br\/wp\/"},{"@type":"ListItem","position":2,"name":"DONALD TRUMP ANUNCIA QUE VAI PROCESSAR REDES SOCIAIS"}]},{"@type":"WebSite","@id":"https:\/\/bahiaeconomica.com.br\/wp\/#website","url":"https:\/\/bahiaeconomica.com.br\/wp\/","name":"Bahia Economica","description":"O maior portal de Economia da Bahia","publisher":{"@id":"https:\/\/bahiaeconomica.com.br\/wp\/#organization"},"potentialAction":[{"@type":"SearchAction","target":{"@type":"EntryPoint","urlTemplate":"https:\/\/bahiaeconomica.com.br\/wp\/?s={search_term_string}"},"query-input":"required name=search_term_string"}],"inLanguage":"pt-BR"},{"@type":"Organization","@id":"https:\/\/bahiaeconomica.com.br\/wp\/#organization","name":"Bahia Econ\u00f4mica","url":"https:\/\/bahiaeconomica.com.br\/wp\/","logo":{"@type":"ImageObject","inLanguage":"pt-BR","@id":"https:\/\/bahiaeconomica.com.br\/wp\/#\/schema\/logo\/image\/","url":"https:\/\/bahiaeconomica.com.br\/wp\/wp-content\/uploads\/2020\/12\/cropped-BE.png","contentUrl":"https:\/\/bahiaeconomica.com.br\/wp\/wp-content\/uploads\/2020\/12\/cropped-BE.png","width":512,"height":512,"caption":"Bahia Econ\u00f4mica"},"image":{"@id":"https:\/\/bahiaeconomica.com.br\/wp\/#\/schema\/logo\/image\/"},"sameAs":["https:\/\/www.facebook.com\/bahiaeconomica"]},{"@type":"Person","@id":"https:\/\/bahiaeconomica.com.br\/wp\/#\/schema\/person\/cb1ab5ba96ad3d9390805381c76284ec","name":"admin","url":"https:\/\/bahiaeconomica.com.br\/wp\/author\/admin\/"}]}},"views":0,"_links":{"self":[{"href":"https:\/\/bahiaeconomica.com.br\/wp\/wp-json\/wp\/v2\/posts\/581616"}],"collection":[{"href":"https:\/\/bahiaeconomica.com.br\/wp\/wp-json\/wp\/v2\/posts"}],"about":[{"href":"https:\/\/bahiaeconomica.com.br\/wp\/wp-json\/wp\/v2\/types\/post"}],"author":[{"embeddable":true,"href":"https:\/\/bahiaeconomica.com.br\/wp\/wp-json\/wp\/v2\/users\/1"}],"replies":[{"embeddable":true,"href":"https:\/\/bahiaeconomica.com.br\/wp\/wp-json\/wp\/v2\/comments?post=581616"}],"version-history":[{"count":1,"href":"https:\/\/bahiaeconomica.com.br\/wp\/wp-json\/wp\/v2\/posts\/581616\/revisions"}],"predecessor-version":[{"id":581618,"href":"https:\/\/bahiaeconomica.com.br\/wp\/wp-json\/wp\/v2\/posts\/581616\/revisions\/581618"}],"wp:featuredmedia":[{"embeddable":true,"href":"https:\/\/bahiaeconomica.com.br\/wp\/wp-json\/wp\/v2\/media\/565840"}],"wp:attachment":[{"href":"https:\/\/bahiaeconomica.com.br\/wp\/wp-json\/wp\/v2\/media?parent=581616"}],"wp:term":[{"taxonomy":"category","embeddable":true,"href":"https:\/\/bahiaeconomica.com.br\/wp\/wp-json\/wp\/v2\/categories?post=581616"},{"taxonomy":"post_tag","embeddable":true,"href":"https:\/\/bahiaeconomica.com.br\/wp\/wp-json\/wp\/v2\/tags?post=581616"}],"curies":[{"name":"wp","href":"https:\/\/api.w.org\/{rel}","templated":true}]}}