{"id":57991,"date":"2018-06-01T08:22:25","date_gmt":"2018-06-01T11:22:25","guid":{"rendered":"https:\/\/bahiaeconomica.com.br\/wp\/beta\/?p=57991"},"modified":"2018-06-01T08:22:25","modified_gmt":"2018-06-01T11:22:25","slug":"forum-da-discute-sustentabilidade-e-inovacao-na-construcao-civil","status":"publish","type":"post","link":"https:\/\/bahiaeconomica.com.br\/wp\/2018\/06\/01\/forum-da-discute-sustentabilidade-e-inovacao-na-construcao-civil\/","title":{"rendered":"F\u00d3RUM DA DISCUTE SUSTENTABILIDADE E INOVA\u00c7\u00c3O NA CONSTRU\u00c7\u00c3O CIVIL"},"content":{"rendered":"<p style=\"text-align: justify;\">A Semana Nacional do Meio Ambiente ser\u00e1 comemorada em Salvador no dia 7 de junho com o F\u00f3rum de Sustentabilidade. Inova\u00e7\u00e3o ambiental e startups da constru\u00e7\u00e3o civil est\u00e3o entre os destaques da 9\u00aa edi\u00e7\u00e3o do evento, que \u00e9 realizado pela Associa\u00e7\u00e3o de Dirigentes de Empresas do Mercado Imobili\u00e1rio da Bahia (Ademi).<\/p>\n<p style=\"text-align: justify;\">De acordo com o Correio, o evento busca trazer novidades para o setor no Brasil e no mundo, incluindo inova\u00e7\u00f5es tecnol\u00f3gicas que podem ser aplicadas na Bahia. \u201cJ\u00e1 n\u00e3o \u00e9 aquela conversa sobre meio ambiente olhando apenas o aspecto ambiental, mas sustentabilidade, que envolve a parte social, econ\u00f4mica e tamb\u00e9m a ambiental\u201d, explica Rafael Valente, diretor de responsabilidade social da Ademi.<\/p>\n","protected":false},"excerpt":{"rendered":"<p>A Semana Nacional do Meio Ambiente ser\u00e1 comemorada em Salvador no dia 7 de junho com o F\u00f3rum de Sustentabilidade. Inova\u00e7\u00e3o ambiental e startups da constru\u00e7\u00e3o civil est\u00e3o entre os destaques da 9\u00aa edi\u00e7\u00e3o do evento, que \u00e9 realizado pela Associa\u00e7\u00e3o de Dirigentes de Empresas do Mercado Imobili\u00e1rio da Bahia (Ademi). De acordo com o [&hellip;]<\/p>\n","protected":false},"author":1,"featured_media":17137,"comment_status":"open","ping_status":"open","sticky":false,"template":"","format":"standard","meta":[],"categories":[7],"tags":[],"acf":[],"yoast_head":"<!-- This site is optimized with the Yoast SEO plugin v20.8 - https:\/\/yoast.com\/wordpress\/plugins\/seo\/ -->\n<title>F\u00d3RUM DA DISCUTE SUSTENTABILIDADE E INOVA\u00c7\u00c3O NA CONSTRU\u00c7\u00c3O CIVIL - Bahia Economica<\/title>\n<meta name=\"description\" content=\"O maior portal de Economia da Bahia BAHIA INVEST Bahia Economica\" \/>\n<meta name=\"robots\" content=\"index, follow, max-snippet:-1, max-image-preview:large, max-video-preview:-1\" \/>\n<link rel=\"canonical\" href=\"https:\/\/bahiaeconomica.com.br\/wp\/2018\/06\/01\/forum-da-discute-sustentabilidade-e-inovacao-na-construcao-civil\/\" \/>\n<meta property=\"og:locale\" content=\"pt_BR\" \/>\n<meta property=\"og:type\" content=\"article\" \/>\n<meta property=\"og:title\" content=\"F\u00d3RUM DA DISCUTE SUSTENTABILIDADE E INOVA\u00c7\u00c3O NA CONSTRU\u00c7\u00c3O CIVIL - Bahia Economica\" \/>\n<meta property=\"og:description\" content=\"O maior portal de Economia da Bahia BAHIA INVEST Bahia Economica\" \/>\n<meta property=\"og:url\" content=\"https:\/\/bahiaeconomica.com.br\/wp\/2018\/06\/01\/forum-da-discute-sustentabilidade-e-inovacao-na-construcao-civil\/\" \/>\n<meta property=\"og:site_name\" content=\"Bahia Economica\" \/>\n<meta property=\"article:publisher\" content=\"https:\/\/www.facebook.com\/bahiaeconomica\" \/>\n<meta property=\"article:published_time\" content=\"2018-06-01T11:22:25+00:00\" \/>\n<meta property=\"og:image\" content=\"https:\/\/bahiaeconomica.com.br\/wp\/wp-content\/uploads\/2018\/04\/Seguran\u00e7a-do-trabalho-na-constru\u00e7\u00e3o-civil-e1524227115803.jpg\" \/>\n\t<meta property=\"og:image:width\" content=\"500\" \/>\n\t<meta property=\"og:image:height\" content=\"328\" \/>\n\t<meta property=\"og:image:type\" content=\"image\/jpeg\" \/>\n<meta name=\"author\" content=\"admin\" \/>\n<meta name=\"twitter:card\" content=\"summary_large_image\" \/>\n<meta name=\"twitter:label1\" content=\"Escrito por\" \/>\n\t<meta name=\"twitter:data1\" content=\"admin\" \/>\n\t<meta name=\"twitter:label2\" content=\"Est. tempo de leitura\" \/>\n\t<meta name=\"twitter:data2\" content=\"1 minuto\" \/>\n<script type=\"application\/ld+json\" class=\"yoast-schema-graph\">{\"@context\":\"https:\/\/schema.org\",\"@graph\":[{\"@type\":\"Article\",\"@id\":\"https:\/\/bahiaeconomica.com.br\/wp\/2018\/06\/01\/forum-da-discute-sustentabilidade-e-inovacao-na-construcao-civil\/#article\",\"isPartOf\":{\"@id\":\"https:\/\/bahiaeconomica.com.br\/wp\/2018\/06\/01\/forum-da-discute-sustentabilidade-e-inovacao-na-construcao-civil\/\"},\"author\":{\"name\":\"admin\",\"@id\":\"https:\/\/bahiaeconomica.com.br\/wp\/#\/schema\/person\/cb1ab5ba96ad3d9390805381c76284ec\"},\"headline\":\"F\u00d3RUM DA DISCUTE SUSTENTABILIDADE E INOVA\u00c7\u00c3O NA CONSTRU\u00c7\u00c3O CIVIL\",\"datePublished\":\"2018-06-01T11:22:25+00:00\",\"dateModified\":\"2018-06-01T11:22:25+00:00\",\"mainEntityOfPage\":{\"@id\":\"https:\/\/bahiaeconomica.com.br\/wp\/2018\/06\/01\/forum-da-discute-sustentabilidade-e-inovacao-na-construcao-civil\/\"},\"wordCount\":132,\"commentCount\":0,\"publisher\":{\"@id\":\"https:\/\/bahiaeconomica.com.br\/wp\/#organization\"},\"articleSection\":[\"BAHIA INVEST\"],\"inLanguage\":\"pt-BR\",\"potentialAction\":[{\"@type\":\"CommentAction\",\"name\":\"Comment\",\"target\":[\"https:\/\/bahiaeconomica.com.br\/wp\/2018\/06\/01\/forum-da-discute-sustentabilidade-e-inovacao-na-construcao-civil\/#respond\"]}]},{\"@type\":\"WebPage\",\"@id\":\"https:\/\/bahiaeconomica.com.br\/wp\/2018\/06\/01\/forum-da-discute-sustentabilidade-e-inovacao-na-construcao-civil\/\",\"url\":\"https:\/\/bahiaeconomica.com.br\/wp\/2018\/06\/01\/forum-da-discute-sustentabilidade-e-inovacao-na-construcao-civil\/\",\"name\":\"F\u00d3RUM DA DISCUTE SUSTENTABILIDADE E INOVA\u00c7\u00c3O NA CONSTRU\u00c7\u00c3O CIVIL - Bahia Economica\",\"isPartOf\":{\"@id\":\"https:\/\/bahiaeconomica.com.br\/wp\/#website\"},\"datePublished\":\"2018-06-01T11:22:25+00:00\",\"dateModified\":\"2018-06-01T11:22:25+00:00\",\"description\":\"O maior portal de Economia da Bahia BAHIA INVEST Bahia Economica\",\"breadcrumb\":{\"@id\":\"https:\/\/bahiaeconomica.com.br\/wp\/2018\/06\/01\/forum-da-discute-sustentabilidade-e-inovacao-na-construcao-civil\/#breadcrumb\"},\"inLanguage\":\"pt-BR\",\"potentialAction\":[{\"@type\":\"ReadAction\",\"target\":[\"https:\/\/bahiaeconomica.com.br\/wp\/2018\/06\/01\/forum-da-discute-sustentabilidade-e-inovacao-na-construcao-civil\/\"]}]},{\"@type\":\"BreadcrumbList\",\"@id\":\"https:\/\/bahiaeconomica.com.br\/wp\/2018\/06\/01\/forum-da-discute-sustentabilidade-e-inovacao-na-construcao-civil\/#breadcrumb\",\"itemListElement\":[{\"@type\":\"ListItem\",\"position\":1,\"name\":\"In\u00edcio\",\"item\":\"https:\/\/bahiaeconomica.com.br\/wp\/\"},{\"@type\":\"ListItem\",\"position\":2,\"name\":\"F\u00d3RUM DA DISCUTE SUSTENTABILIDADE E INOVA\u00c7\u00c3O NA CONSTRU\u00c7\u00c3O CIVIL\"}]},{\"@type\":\"WebSite\",\"@id\":\"https:\/\/bahiaeconomica.com.br\/wp\/#website\",\"url\":\"https:\/\/bahiaeconomica.com.br\/wp\/\",\"name\":\"Bahia Economica\",\"description\":\"O maior portal de Economia da Bahia\",\"publisher\":{\"@id\":\"https:\/\/bahiaeconomica.com.br\/wp\/#organization\"},\"potentialAction\":[{\"@type\":\"SearchAction\",\"target\":{\"@type\":\"EntryPoint\",\"urlTemplate\":\"https:\/\/bahiaeconomica.com.br\/wp\/?s={search_term_string}\"},\"query-input\":\"required name=search_term_string\"}],\"inLanguage\":\"pt-BR\"},{\"@type\":\"Organization\",\"@id\":\"https:\/\/bahiaeconomica.com.br\/wp\/#organization\",\"name\":\"Bahia Econ\u00f4mica\",\"url\":\"https:\/\/bahiaeconomica.com.br\/wp\/\",\"logo\":{\"@type\":\"ImageObject\",\"inLanguage\":\"pt-BR\",\"@id\":\"https:\/\/bahiaeconomica.com.br\/wp\/#\/schema\/logo\/image\/\",\"url\":\"https:\/\/bahiaeconomica.com.br\/wp\/wp-content\/uploads\/2020\/12\/cropped-BE.png\",\"contentUrl\":\"https:\/\/bahiaeconomica.com.br\/wp\/wp-content\/uploads\/2020\/12\/cropped-BE.png\",\"width\":512,\"height\":512,\"caption\":\"Bahia Econ\u00f4mica\"},\"image\":{\"@id\":\"https:\/\/bahiaeconomica.com.br\/wp\/#\/schema\/logo\/image\/\"},\"sameAs\":[\"https:\/\/www.facebook.com\/bahiaeconomica\"]},{\"@type\":\"Person\",\"@id\":\"https:\/\/bahiaeconomica.com.br\/wp\/#\/schema\/person\/cb1ab5ba96ad3d9390805381c76284ec\",\"name\":\"admin\",\"url\":\"https:\/\/bahiaeconomica.com.br\/wp\/author\/admin\/\"}]}<\/script>\n<!-- \/ Yoast SEO plugin. -->","yoast_head_json":{"title":"F\u00d3RUM DA DISCUTE SUSTENTABILIDADE E INOVA\u00c7\u00c3O NA CONSTRU\u00c7\u00c3O CIVIL - Bahia Economica","description":"O maior portal de Economia da Bahia BAHIA INVEST Bahia Economica","robots":{"index":"index","follow":"follow","max-snippet":"max-snippet:-1","max-image-preview":"max-image-preview:large","max-video-preview":"max-video-preview:-1"},"canonical":"https:\/\/bahiaeconomica.com.br\/wp\/2018\/06\/01\/forum-da-discute-sustentabilidade-e-inovacao-na-construcao-civil\/","og_locale":"pt_BR","og_type":"article","og_title":"F\u00d3RUM DA DISCUTE SUSTENTABILIDADE E INOVA\u00c7\u00c3O NA CONSTRU\u00c7\u00c3O CIVIL - Bahia Economica","og_description":"O maior portal de Economia da Bahia BAHIA INVEST Bahia Economica","og_url":"https:\/\/bahiaeconomica.com.br\/wp\/2018\/06\/01\/forum-da-discute-sustentabilidade-e-inovacao-na-construcao-civil\/","og_site_name":"Bahia Economica","article_publisher":"https:\/\/www.facebook.com\/bahiaeconomica","article_published_time":"2018-06-01T11:22:25+00:00","og_image":[{"width":500,"height":328,"url":"https:\/\/bahiaeconomica.com.br\/wp\/wp-content\/uploads\/2018\/04\/Seguran\u00e7a-do-trabalho-na-constru\u00e7\u00e3o-civil-e1524227115803.jpg","type":"image\/jpeg"}],"author":"admin","twitter_card":"summary_large_image","twitter_misc":{"Escrito por":"admin","Est. tempo de leitura":"1 minuto"},"schema":{"@context":"https:\/\/schema.org","@graph":[{"@type":"Article","@id":"https:\/\/bahiaeconomica.com.br\/wp\/2018\/06\/01\/forum-da-discute-sustentabilidade-e-inovacao-na-construcao-civil\/#article","isPartOf":{"@id":"https:\/\/bahiaeconomica.com.br\/wp\/2018\/06\/01\/forum-da-discute-sustentabilidade-e-inovacao-na-construcao-civil\/"},"author":{"name":"admin","@id":"https:\/\/bahiaeconomica.com.br\/wp\/#\/schema\/person\/cb1ab5ba96ad3d9390805381c76284ec"},"headline":"F\u00d3RUM DA DISCUTE SUSTENTABILIDADE E INOVA\u00c7\u00c3O NA CONSTRU\u00c7\u00c3O CIVIL","datePublished":"2018-06-01T11:22:25+00:00","dateModified":"2018-06-01T11:22:25+00:00","mainEntityOfPage":{"@id":"https:\/\/bahiaeconomica.com.br\/wp\/2018\/06\/01\/forum-da-discute-sustentabilidade-e-inovacao-na-construcao-civil\/"},"wordCount":132,"commentCount":0,"publisher":{"@id":"https:\/\/bahiaeconomica.com.br\/wp\/#organization"},"articleSection":["BAHIA INVEST"],"inLanguage":"pt-BR","potentialAction":[{"@type":"CommentAction","name":"Comment","target":["https:\/\/bahiaeconomica.com.br\/wp\/2018\/06\/01\/forum-da-discute-sustentabilidade-e-inovacao-na-construcao-civil\/#respond"]}]},{"@type":"WebPage","@id":"https:\/\/bahiaeconomica.com.br\/wp\/2018\/06\/01\/forum-da-discute-sustentabilidade-e-inovacao-na-construcao-civil\/","url":"https:\/\/bahiaeconomica.com.br\/wp\/2018\/06\/01\/forum-da-discute-sustentabilidade-e-inovacao-na-construcao-civil\/","name":"F\u00d3RUM DA DISCUTE SUSTENTABILIDADE E INOVA\u00c7\u00c3O NA CONSTRU\u00c7\u00c3O CIVIL - Bahia Economica","isPartOf":{"@id":"https:\/\/bahiaeconomica.com.br\/wp\/#website"},"datePublished":"2018-06-01T11:22:25+00:00","dateModified":"2018-06-01T11:22:25+00:00","description":"O maior portal de Economia da Bahia BAHIA INVEST Bahia Economica","breadcrumb":{"@id":"https:\/\/bahiaeconomica.com.br\/wp\/2018\/06\/01\/forum-da-discute-sustentabilidade-e-inovacao-na-construcao-civil\/#breadcrumb"},"inLanguage":"pt-BR","potentialAction":[{"@type":"ReadAction","target":["https:\/\/bahiaeconomica.com.br\/wp\/2018\/06\/01\/forum-da-discute-sustentabilidade-e-inovacao-na-construcao-civil\/"]}]},{"@type":"BreadcrumbList","@id":"https:\/\/bahiaeconomica.com.br\/wp\/2018\/06\/01\/forum-da-discute-sustentabilidade-e-inovacao-na-construcao-civil\/#breadcrumb","itemListElement":[{"@type":"ListItem","position":1,"name":"In\u00edcio","item":"https:\/\/bahiaeconomica.com.br\/wp\/"},{"@type":"ListItem","position":2,"name":"F\u00d3RUM DA DISCUTE SUSTENTABILIDADE E INOVA\u00c7\u00c3O NA CONSTRU\u00c7\u00c3O CIVIL"}]},{"@type":"WebSite","@id":"https:\/\/bahiaeconomica.com.br\/wp\/#website","url":"https:\/\/bahiaeconomica.com.br\/wp\/","name":"Bahia Economica","description":"O maior portal de Economia da Bahia","publisher":{"@id":"https:\/\/bahiaeconomica.com.br\/wp\/#organization"},"potentialAction":[{"@type":"SearchAction","target":{"@type":"EntryPoint","urlTemplate":"https:\/\/bahiaeconomica.com.br\/wp\/?s={search_term_string}"},"query-input":"required name=search_term_string"}],"inLanguage":"pt-BR"},{"@type":"Organization","@id":"https:\/\/bahiaeconomica.com.br\/wp\/#organization","name":"Bahia Econ\u00f4mica","url":"https:\/\/bahiaeconomica.com.br\/wp\/","logo":{"@type":"ImageObject","inLanguage":"pt-BR","@id":"https:\/\/bahiaeconomica.com.br\/wp\/#\/schema\/logo\/image\/","url":"https:\/\/bahiaeconomica.com.br\/wp\/wp-content\/uploads\/2020\/12\/cropped-BE.png","contentUrl":"https:\/\/bahiaeconomica.com.br\/wp\/wp-content\/uploads\/2020\/12\/cropped-BE.png","width":512,"height":512,"caption":"Bahia Econ\u00f4mica"},"image":{"@id":"https:\/\/bahiaeconomica.com.br\/wp\/#\/schema\/logo\/image\/"},"sameAs":["https:\/\/www.facebook.com\/bahiaeconomica"]},{"@type":"Person","@id":"https:\/\/bahiaeconomica.com.br\/wp\/#\/schema\/person\/cb1ab5ba96ad3d9390805381c76284ec","name":"admin","url":"https:\/\/bahiaeconomica.com.br\/wp\/author\/admin\/"}]}},"views":9,"_links":{"self":[{"href":"https:\/\/bahiaeconomica.com.br\/wp\/wp-json\/wp\/v2\/posts\/57991"}],"collection":[{"href":"https:\/\/bahiaeconomica.com.br\/wp\/wp-json\/wp\/v2\/posts"}],"about":[{"href":"https:\/\/bahiaeconomica.com.br\/wp\/wp-json\/wp\/v2\/types\/post"}],"author":[{"embeddable":true,"href":"https:\/\/bahiaeconomica.com.br\/wp\/wp-json\/wp\/v2\/users\/1"}],"replies":[{"embeddable":true,"href":"https:\/\/bahiaeconomica.com.br\/wp\/wp-json\/wp\/v2\/comments?post=57991"}],"version-history":[{"count":0,"href":"https:\/\/bahiaeconomica.com.br\/wp\/wp-json\/wp\/v2\/posts\/57991\/revisions"}],"wp:featuredmedia":[{"embeddable":true,"href":"https:\/\/bahiaeconomica.com.br\/wp\/wp-json\/wp\/v2\/media\/17137"}],"wp:attachment":[{"href":"https:\/\/bahiaeconomica.com.br\/wp\/wp-json\/wp\/v2\/media?parent=57991"}],"wp:term":[{"taxonomy":"category","embeddable":true,"href":"https:\/\/bahiaeconomica.com.br\/wp\/wp-json\/wp\/v2\/categories?post=57991"},{"taxonomy":"post_tag","embeddable":true,"href":"https:\/\/bahiaeconomica.com.br\/wp\/wp-json\/wp\/v2\/tags?post=57991"}],"curies":[{"name":"wp","href":"https:\/\/api.w.org\/{rel}","templated":true}]}}