{"id":579399,"date":"2021-06-30T12:00:00","date_gmt":"2021-06-30T15:00:00","guid":{"rendered":"https:\/\/bahiaeconomica.com.br\/wp\/beta\/?p=579399"},"modified":"2021-06-30T12:02:58","modified_gmt":"2021-06-30T15:02:58","slug":"covid-bahia-tem-queda-de-ate-77-nas-internacoes-de-idosos","status":"publish","type":"post","link":"https:\/\/bahiaeconomica.com.br\/wp\/2021\/06\/30\/covid-bahia-tem-queda-de-ate-77-nas-internacoes-de-idosos\/","title":{"rendered":"COVID-19: BAHIA TEM QUEDA DE AT\u00c9 77% NAS INTERNA\u00c7\u00d5ES DE IDOSOS"},"content":{"rendered":"<p>Ap\u00f3s cinco meses do in\u00edcio da vacina\u00e7\u00e3o contra o coronav\u00edrus (Covid-19), a Bahia j\u00e1 vacinou mais de 4,8 milh\u00f5es de baianos com a primeira dose ou em dose \u00fanica.<!--more--> O resultado \u00e9 uma queda de at\u00e9 77% nas interna\u00e7\u00f5es de pessoas acima de 60 anos, quando comparado os meses de mar\u00e7o e junho deste ano.<\/p>\n<p>Na avalia\u00e7\u00e3o do secret\u00e1rio da Sa\u00fade da Bahia, F\u00e1bio Vilas-Boas, \u201cos dados comprovam a efic\u00e1cia da vacina\u00e7\u00e3o, mas isso s\u00f3 est\u00e1 sendo poss\u00edvel gra\u00e7as ao planejamento estadual na aquisi\u00e7\u00e3o de insumos para a aplica\u00e7\u00e3o das vacinas e a log\u00edstica de distribui\u00e7\u00e3o em at\u00e9 24 horas para os 417 munic\u00edpios. Os gestores municipais tamb\u00e9m est\u00e3o de parab\u00e9ns ao criarem estrat\u00e9gias para vacinar rapidamente\u201d, analisa o secret\u00e1rio.<\/p>\n<p>Apesar de os dados do SivepGripe, que \u00e9 o sistema de interna\u00e7\u00e3o do Minist\u00e9rio da Sa\u00fade, apontarem queda em todas as faixas et\u00e1rias no per\u00edodo analisado, a Diretoria da Vigil\u00e2ncia Epidemiol\u00f3gica da Bahia (Divep) faz um alerta. \u201cA faixa et\u00e1ria de 30 a 49 anos atualmente representa mais de 40% das interna\u00e7\u00f5es, que s\u00e3o os p\u00fablicos n\u00e3o imunizados ou que iniciaram recentemente. Neste contexto, o distanciamento social, o uso de m\u00e1scara e a higiene frequente das m\u00e3os se tornam ainda mais relevantes para esse grupo se prevenir da infec\u00e7\u00e3o e evitar complica\u00e7\u00f5es\u201d, afirma a diretora da Divep, M\u00e1rcia S\u00e3o Pedro.<\/p>\n<p>&nbsp;<\/p>\n<p>Foto: Michael Dantas \/ AFP<\/p>\n","protected":false},"excerpt":{"rendered":"<p>Ap\u00f3s cinco meses do in\u00edcio da vacina\u00e7\u00e3o contra o coronav\u00edrus (Covid-19), a Bahia j\u00e1 vacinou mais de 4,8 milh\u00f5es de baianos com a primeira dose ou em dose \u00fanica.<\/p>\n","protected":false},"author":1,"featured_media":545735,"comment_status":"closed","ping_status":"closed","sticky":false,"template":"","format":"standard","meta":[],"categories":[14,3],"tags":[],"acf":[],"yoast_head":"<!-- This site is optimized with the Yoast SEO plugin v20.8 - https:\/\/yoast.com\/wordpress\/plugins\/seo\/ -->\n<title>COVID-19: BAHIA TEM QUEDA DE AT\u00c9 77% NAS INTERNA\u00c7\u00d5ES DE IDOSOS - Bahia Economica<\/title>\n<meta name=\"description\" content=\"O maior portal de Economia da Bahia DESTAQUE DO DIA, ECONOMIA \/ POL\u00cdTICA Bahia Economica\" \/>\n<meta name=\"robots\" content=\"index, follow, max-snippet:-1, max-image-preview:large, max-video-preview:-1\" \/>\n<link rel=\"canonical\" href=\"https:\/\/bahiaeconomica.com.br\/wp\/2021\/06\/30\/covid-bahia-tem-queda-de-ate-77-nas-internacoes-de-idosos\/\" \/>\n<meta property=\"og:locale\" content=\"pt_BR\" \/>\n<meta property=\"og:type\" content=\"article\" \/>\n<meta property=\"og:title\" content=\"COVID-19: BAHIA TEM QUEDA DE AT\u00c9 77% NAS INTERNA\u00c7\u00d5ES DE IDOSOS - Bahia Economica\" \/>\n<meta property=\"og:description\" content=\"O maior portal de Economia da Bahia DESTAQUE DO DIA, ECONOMIA \/ POL\u00cdTICA Bahia Economica\" \/>\n<meta property=\"og:url\" content=\"https:\/\/bahiaeconomica.com.br\/wp\/2021\/06\/30\/covid-bahia-tem-queda-de-ate-77-nas-internacoes-de-idosos\/\" \/>\n<meta property=\"og:site_name\" content=\"Bahia Economica\" \/>\n<meta property=\"article:publisher\" content=\"https:\/\/www.facebook.com\/bahiaeconomica\" \/>\n<meta property=\"article:published_time\" content=\"2021-06-30T15:00:00+00:00\" \/>\n<meta property=\"article:modified_time\" content=\"2021-06-30T15:02:58+00:00\" \/>\n<meta property=\"og:image\" content=\"https:\/\/bahiaeconomica.com.br\/wp\/wp-content\/uploads\/2021\/03\/uti-foto-Michael-Dantas-AFP.jpg\" \/>\n\t<meta property=\"og:image:width\" content=\"500\" \/>\n\t<meta property=\"og:image:height\" content=\"305\" \/>\n\t<meta property=\"og:image:type\" content=\"image\/jpeg\" \/>\n<meta name=\"author\" content=\"admin\" \/>\n<meta name=\"twitter:card\" content=\"summary_large_image\" \/>\n<meta name=\"twitter:label1\" content=\"Escrito por\" \/>\n\t<meta name=\"twitter:data1\" content=\"admin\" \/>\n\t<meta name=\"twitter:label2\" content=\"Est. tempo de leitura\" \/>\n\t<meta name=\"twitter:data2\" content=\"1 minuto\" \/>\n<script type=\"application\/ld+json\" class=\"yoast-schema-graph\">{\"@context\":\"https:\/\/schema.org\",\"@graph\":[{\"@type\":\"Article\",\"@id\":\"https:\/\/bahiaeconomica.com.br\/wp\/2021\/06\/30\/covid-bahia-tem-queda-de-ate-77-nas-internacoes-de-idosos\/#article\",\"isPartOf\":{\"@id\":\"https:\/\/bahiaeconomica.com.br\/wp\/2021\/06\/30\/covid-bahia-tem-queda-de-ate-77-nas-internacoes-de-idosos\/\"},\"author\":{\"name\":\"admin\",\"@id\":\"https:\/\/bahiaeconomica.com.br\/wp\/#\/schema\/person\/cb1ab5ba96ad3d9390805381c76284ec\"},\"headline\":\"COVID-19: BAHIA TEM QUEDA DE AT\u00c9 77% NAS INTERNA\u00c7\u00d5ES DE IDOSOS\",\"datePublished\":\"2021-06-30T15:00:00+00:00\",\"dateModified\":\"2021-06-30T15:02:58+00:00\",\"mainEntityOfPage\":{\"@id\":\"https:\/\/bahiaeconomica.com.br\/wp\/2021\/06\/30\/covid-bahia-tem-queda-de-ate-77-nas-internacoes-de-idosos\/\"},\"wordCount\":269,\"publisher\":{\"@id\":\"https:\/\/bahiaeconomica.com.br\/wp\/#organization\"},\"articleSection\":[\"DESTAQUE DO DIA\",\"ECONOMIA \/ POL\u00cdTICA\"],\"inLanguage\":\"pt-BR\"},{\"@type\":\"WebPage\",\"@id\":\"https:\/\/bahiaeconomica.com.br\/wp\/2021\/06\/30\/covid-bahia-tem-queda-de-ate-77-nas-internacoes-de-idosos\/\",\"url\":\"https:\/\/bahiaeconomica.com.br\/wp\/2021\/06\/30\/covid-bahia-tem-queda-de-ate-77-nas-internacoes-de-idosos\/\",\"name\":\"COVID-19: BAHIA TEM QUEDA DE AT\u00c9 77% NAS INTERNA\u00c7\u00d5ES DE IDOSOS - Bahia Economica\",\"isPartOf\":{\"@id\":\"https:\/\/bahiaeconomica.com.br\/wp\/#website\"},\"datePublished\":\"2021-06-30T15:00:00+00:00\",\"dateModified\":\"2021-06-30T15:02:58+00:00\",\"description\":\"O maior portal de Economia da Bahia DESTAQUE DO DIA, ECONOMIA \/ POL\u00cdTICA Bahia Economica\",\"breadcrumb\":{\"@id\":\"https:\/\/bahiaeconomica.com.br\/wp\/2021\/06\/30\/covid-bahia-tem-queda-de-ate-77-nas-internacoes-de-idosos\/#breadcrumb\"},\"inLanguage\":\"pt-BR\",\"potentialAction\":[{\"@type\":\"ReadAction\",\"target\":[\"https:\/\/bahiaeconomica.com.br\/wp\/2021\/06\/30\/covid-bahia-tem-queda-de-ate-77-nas-internacoes-de-idosos\/\"]}]},{\"@type\":\"BreadcrumbList\",\"@id\":\"https:\/\/bahiaeconomica.com.br\/wp\/2021\/06\/30\/covid-bahia-tem-queda-de-ate-77-nas-internacoes-de-idosos\/#breadcrumb\",\"itemListElement\":[{\"@type\":\"ListItem\",\"position\":1,\"name\":\"In\u00edcio\",\"item\":\"https:\/\/bahiaeconomica.com.br\/wp\/\"},{\"@type\":\"ListItem\",\"position\":2,\"name\":\"COVID-19: BAHIA TEM QUEDA DE AT\u00c9 77% NAS INTERNA\u00c7\u00d5ES DE IDOSOS\"}]},{\"@type\":\"WebSite\",\"@id\":\"https:\/\/bahiaeconomica.com.br\/wp\/#website\",\"url\":\"https:\/\/bahiaeconomica.com.br\/wp\/\",\"name\":\"Bahia Economica\",\"description\":\"O maior portal de Economia da Bahia\",\"publisher\":{\"@id\":\"https:\/\/bahiaeconomica.com.br\/wp\/#organization\"},\"potentialAction\":[{\"@type\":\"SearchAction\",\"target\":{\"@type\":\"EntryPoint\",\"urlTemplate\":\"https:\/\/bahiaeconomica.com.br\/wp\/?s={search_term_string}\"},\"query-input\":\"required name=search_term_string\"}],\"inLanguage\":\"pt-BR\"},{\"@type\":\"Organization\",\"@id\":\"https:\/\/bahiaeconomica.com.br\/wp\/#organization\",\"name\":\"Bahia Econ\u00f4mica\",\"url\":\"https:\/\/bahiaeconomica.com.br\/wp\/\",\"logo\":{\"@type\":\"ImageObject\",\"inLanguage\":\"pt-BR\",\"@id\":\"https:\/\/bahiaeconomica.com.br\/wp\/#\/schema\/logo\/image\/\",\"url\":\"https:\/\/bahiaeconomica.com.br\/wp\/wp-content\/uploads\/2020\/12\/cropped-BE.png\",\"contentUrl\":\"https:\/\/bahiaeconomica.com.br\/wp\/wp-content\/uploads\/2020\/12\/cropped-BE.png\",\"width\":512,\"height\":512,\"caption\":\"Bahia Econ\u00f4mica\"},\"image\":{\"@id\":\"https:\/\/bahiaeconomica.com.br\/wp\/#\/schema\/logo\/image\/\"},\"sameAs\":[\"https:\/\/www.facebook.com\/bahiaeconomica\"]},{\"@type\":\"Person\",\"@id\":\"https:\/\/bahiaeconomica.com.br\/wp\/#\/schema\/person\/cb1ab5ba96ad3d9390805381c76284ec\",\"name\":\"admin\",\"url\":\"https:\/\/bahiaeconomica.com.br\/wp\/author\/admin\/\"}]}<\/script>\n<!-- \/ Yoast SEO plugin. -->","yoast_head_json":{"title":"COVID-19: BAHIA TEM QUEDA DE AT\u00c9 77% NAS INTERNA\u00c7\u00d5ES DE IDOSOS - Bahia Economica","description":"O maior portal de Economia da Bahia DESTAQUE DO DIA, ECONOMIA \/ POL\u00cdTICA Bahia Economica","robots":{"index":"index","follow":"follow","max-snippet":"max-snippet:-1","max-image-preview":"max-image-preview:large","max-video-preview":"max-video-preview:-1"},"canonical":"https:\/\/bahiaeconomica.com.br\/wp\/2021\/06\/30\/covid-bahia-tem-queda-de-ate-77-nas-internacoes-de-idosos\/","og_locale":"pt_BR","og_type":"article","og_title":"COVID-19: BAHIA TEM QUEDA DE AT\u00c9 77% NAS INTERNA\u00c7\u00d5ES DE IDOSOS - Bahia Economica","og_description":"O maior portal de Economia da Bahia DESTAQUE DO DIA, ECONOMIA \/ POL\u00cdTICA Bahia Economica","og_url":"https:\/\/bahiaeconomica.com.br\/wp\/2021\/06\/30\/covid-bahia-tem-queda-de-ate-77-nas-internacoes-de-idosos\/","og_site_name":"Bahia Economica","article_publisher":"https:\/\/www.facebook.com\/bahiaeconomica","article_published_time":"2021-06-30T15:00:00+00:00","article_modified_time":"2021-06-30T15:02:58+00:00","og_image":[{"width":500,"height":305,"url":"https:\/\/bahiaeconomica.com.br\/wp\/wp-content\/uploads\/2021\/03\/uti-foto-Michael-Dantas-AFP.jpg","type":"image\/jpeg"}],"author":"admin","twitter_card":"summary_large_image","twitter_misc":{"Escrito por":"admin","Est. tempo de leitura":"1 minuto"},"schema":{"@context":"https:\/\/schema.org","@graph":[{"@type":"Article","@id":"https:\/\/bahiaeconomica.com.br\/wp\/2021\/06\/30\/covid-bahia-tem-queda-de-ate-77-nas-internacoes-de-idosos\/#article","isPartOf":{"@id":"https:\/\/bahiaeconomica.com.br\/wp\/2021\/06\/30\/covid-bahia-tem-queda-de-ate-77-nas-internacoes-de-idosos\/"},"author":{"name":"admin","@id":"https:\/\/bahiaeconomica.com.br\/wp\/#\/schema\/person\/cb1ab5ba96ad3d9390805381c76284ec"},"headline":"COVID-19: BAHIA TEM QUEDA DE AT\u00c9 77% NAS INTERNA\u00c7\u00d5ES DE IDOSOS","datePublished":"2021-06-30T15:00:00+00:00","dateModified":"2021-06-30T15:02:58+00:00","mainEntityOfPage":{"@id":"https:\/\/bahiaeconomica.com.br\/wp\/2021\/06\/30\/covid-bahia-tem-queda-de-ate-77-nas-internacoes-de-idosos\/"},"wordCount":269,"publisher":{"@id":"https:\/\/bahiaeconomica.com.br\/wp\/#organization"},"articleSection":["DESTAQUE DO DIA","ECONOMIA \/ POL\u00cdTICA"],"inLanguage":"pt-BR"},{"@type":"WebPage","@id":"https:\/\/bahiaeconomica.com.br\/wp\/2021\/06\/30\/covid-bahia-tem-queda-de-ate-77-nas-internacoes-de-idosos\/","url":"https:\/\/bahiaeconomica.com.br\/wp\/2021\/06\/30\/covid-bahia-tem-queda-de-ate-77-nas-internacoes-de-idosos\/","name":"COVID-19: BAHIA TEM QUEDA DE AT\u00c9 77% NAS INTERNA\u00c7\u00d5ES DE IDOSOS - Bahia Economica","isPartOf":{"@id":"https:\/\/bahiaeconomica.com.br\/wp\/#website"},"datePublished":"2021-06-30T15:00:00+00:00","dateModified":"2021-06-30T15:02:58+00:00","description":"O maior portal de Economia da Bahia DESTAQUE DO DIA, ECONOMIA \/ POL\u00cdTICA Bahia Economica","breadcrumb":{"@id":"https:\/\/bahiaeconomica.com.br\/wp\/2021\/06\/30\/covid-bahia-tem-queda-de-ate-77-nas-internacoes-de-idosos\/#breadcrumb"},"inLanguage":"pt-BR","potentialAction":[{"@type":"ReadAction","target":["https:\/\/bahiaeconomica.com.br\/wp\/2021\/06\/30\/covid-bahia-tem-queda-de-ate-77-nas-internacoes-de-idosos\/"]}]},{"@type":"BreadcrumbList","@id":"https:\/\/bahiaeconomica.com.br\/wp\/2021\/06\/30\/covid-bahia-tem-queda-de-ate-77-nas-internacoes-de-idosos\/#breadcrumb","itemListElement":[{"@type":"ListItem","position":1,"name":"In\u00edcio","item":"https:\/\/bahiaeconomica.com.br\/wp\/"},{"@type":"ListItem","position":2,"name":"COVID-19: BAHIA TEM QUEDA DE AT\u00c9 77% NAS INTERNA\u00c7\u00d5ES DE IDOSOS"}]},{"@type":"WebSite","@id":"https:\/\/bahiaeconomica.com.br\/wp\/#website","url":"https:\/\/bahiaeconomica.com.br\/wp\/","name":"Bahia Economica","description":"O maior portal de Economia da Bahia","publisher":{"@id":"https:\/\/bahiaeconomica.com.br\/wp\/#organization"},"potentialAction":[{"@type":"SearchAction","target":{"@type":"EntryPoint","urlTemplate":"https:\/\/bahiaeconomica.com.br\/wp\/?s={search_term_string}"},"query-input":"required name=search_term_string"}],"inLanguage":"pt-BR"},{"@type":"Organization","@id":"https:\/\/bahiaeconomica.com.br\/wp\/#organization","name":"Bahia Econ\u00f4mica","url":"https:\/\/bahiaeconomica.com.br\/wp\/","logo":{"@type":"ImageObject","inLanguage":"pt-BR","@id":"https:\/\/bahiaeconomica.com.br\/wp\/#\/schema\/logo\/image\/","url":"https:\/\/bahiaeconomica.com.br\/wp\/wp-content\/uploads\/2020\/12\/cropped-BE.png","contentUrl":"https:\/\/bahiaeconomica.com.br\/wp\/wp-content\/uploads\/2020\/12\/cropped-BE.png","width":512,"height":512,"caption":"Bahia Econ\u00f4mica"},"image":{"@id":"https:\/\/bahiaeconomica.com.br\/wp\/#\/schema\/logo\/image\/"},"sameAs":["https:\/\/www.facebook.com\/bahiaeconomica"]},{"@type":"Person","@id":"https:\/\/bahiaeconomica.com.br\/wp\/#\/schema\/person\/cb1ab5ba96ad3d9390805381c76284ec","name":"admin","url":"https:\/\/bahiaeconomica.com.br\/wp\/author\/admin\/"}]}},"views":5,"_links":{"self":[{"href":"https:\/\/bahiaeconomica.com.br\/wp\/wp-json\/wp\/v2\/posts\/579399"}],"collection":[{"href":"https:\/\/bahiaeconomica.com.br\/wp\/wp-json\/wp\/v2\/posts"}],"about":[{"href":"https:\/\/bahiaeconomica.com.br\/wp\/wp-json\/wp\/v2\/types\/post"}],"author":[{"embeddable":true,"href":"https:\/\/bahiaeconomica.com.br\/wp\/wp-json\/wp\/v2\/users\/1"}],"replies":[{"embeddable":true,"href":"https:\/\/bahiaeconomica.com.br\/wp\/wp-json\/wp\/v2\/comments?post=579399"}],"version-history":[{"count":2,"href":"https:\/\/bahiaeconomica.com.br\/wp\/wp-json\/wp\/v2\/posts\/579399\/revisions"}],"predecessor-version":[{"id":579402,"href":"https:\/\/bahiaeconomica.com.br\/wp\/wp-json\/wp\/v2\/posts\/579399\/revisions\/579402"}],"wp:featuredmedia":[{"embeddable":true,"href":"https:\/\/bahiaeconomica.com.br\/wp\/wp-json\/wp\/v2\/media\/545735"}],"wp:attachment":[{"href":"https:\/\/bahiaeconomica.com.br\/wp\/wp-json\/wp\/v2\/media?parent=579399"}],"wp:term":[{"taxonomy":"category","embeddable":true,"href":"https:\/\/bahiaeconomica.com.br\/wp\/wp-json\/wp\/v2\/categories?post=579399"},{"taxonomy":"post_tag","embeddable":true,"href":"https:\/\/bahiaeconomica.com.br\/wp\/wp-json\/wp\/v2\/tags?post=579399"}],"curies":[{"name":"wp","href":"https:\/\/api.w.org\/{rel}","templated":true}]}}