{"id":579225,"date":"2021-06-30T07:02:39","date_gmt":"2021-06-30T10:02:39","guid":{"rendered":"https:\/\/bahiaeconomica.com.br\/wp\/beta\/?p=579225"},"modified":"2021-06-30T07:04:38","modified_gmt":"2021-06-30T10:04:38","slug":"messi-encerra-contrato-com-barcelona-e-fica-livre-no-mercado","status":"publish","type":"post","link":"https:\/\/bahiaeconomica.com.br\/wp\/2021\/06\/30\/messi-encerra-contrato-com-barcelona-e-fica-livre-no-mercado\/","title":{"rendered":"MESSI ENCERRA CONTRATO COM BARCELONA E FICA NO MERCADO"},"content":{"rendered":"<p>Lionel Messi voltar\u00e1 a campo no pr\u00f3ximo s\u00e1bado, quando a Argentina enfrentar\u00e1 o Equador, \u00e0s 22h (de Bras\u00edlia), pelas quartas de final da Copa Am\u00e9rica. <!--more-->Por\u00e9m, n\u00e3o ser\u00e1 correto dizer que o astro ser\u00e1 jogador do Barcelona. Isso porque, aos olhos da lei, ele estar\u00e1 livre no mercado devido ao contrato com o clube catal\u00e3o se encerrar nesta quarta-feira (30). \u00c9 quest\u00e3o de tempo para a decis\u00e3o de assinar com um novo (ou com o mesmo) clube caber \u00fanica e exclusivamente a ele.<\/p>\n<p>A novela para a renova\u00e7\u00e3o contratual de Messi \u00e9 desenhada desde o in\u00edcio da atual temporada. Ap\u00f3s a goleada por 8 a 2 sofrida pelo Barcelona diante do Bayern de Munique, nas quartas de final da Liga dos Campe\u00f5es de 2019\/2020, o camisa 10 duvidou da capacidade da diretoria catal\u00e3 de montar uma equipe competitiva. Ap\u00f3s diverg\u00eancia jur\u00eddica sobre a rescis\u00e3o, que o obrigaria a pagar 700 milh\u00f5es de euros (R$ 4,5 bilh\u00f5es), a decis\u00e3o foi de permanecer.<\/p>\n<p>\u2014 Claro que me custou muito decidir. Sempre disse que queria me aposentar aqui e sempre disse que queria ficar. Queria um projeto ganhador, ganhar t\u00edtulos com o clube para seguir aumentando a lenda do Barcelona a n\u00edvel de t\u00edtulos. A verdade \u00e9 que h\u00e1 tempos que n\u00e3o h\u00e1 projeto nem nada. V\u00e3o fazendo malabarismos e tapando buracos \u00e0 medida que v\u00e3o acontecendo as coisas \u2014 afirmou Messi.<\/p>\n<p>Por\u00e9m, de l\u00e1 para c\u00e1, muita coisa mudou. Esportivamente, a temporada foi de poucas mudan\u00e7as para o Barcelona. Somando todas as competi\u00e7\u00f5es disputadas, Messi entrou em campo em 47 jogos e marcou 38 gols, faturando a Copa do Rei. A falta de t\u00edtulo do Campeonato Espanhol e a elimina\u00e7\u00e3o nas oitavas de final da Champions League para o PSG incomodaram, mas pouco mudaram a pretens\u00e3o do argentino.<\/p>\n<p>O que mudou mesmo aconteceu fora das quatro linhas \u2014 e pode ajudar na perman\u00eancia de Messi. Josep Maria Bartomeu, algoz expl\u00edcito do atacante argentino e figura central de uma das maiores crises da hist\u00f3ria do clube, renunciou ao cargo de presidente, agora ocupado por Joan Laporta. Para a pr\u00f3xima temporada, tamb\u00e9m foi contratado o atacante Sergio Aguero, amigo pessoal de Messi e da fam\u00edlia do astro. Tudo para agrad\u00e1-lo.<\/p>\n<p>\u2014 Leo \u00e9 o melhor do mundo, est\u00e1 enraizado no clube. Estou convencido que quer ficar e faremos tudo o que estiver em nossas m\u00e3os para que fique, dentro das nossas possibilidades. Hoje vimos que ele est\u00e1 apoiado por um grande time. O futebol tem sido muito bem jogado \u2014 afirmou Laporta.<\/p>\n<p>Messi fica ou sai?<\/p>\n<p>Nesta novela, dois clubes apareceram como candidatos a retirar Messi do Barcelona: o Paris Saint-Germain e o Manchester City. Os franceses ofereceram uma proposta financeiramente vantajosa, mas o atacante via com melhores olhos a chance de reencontrar com o t\u00e9cnico Pep Guardiola na Inglaterra. Isso fez os franceses se retirarem das negocia\u00e7\u00f5es, mas a tend\u00eancia \u00e9 que o argentina permane\u00e7a na Catalunha.<\/p>\n<p>De acordo com o di\u00e1rio &#8216;Sport&#8217; e &#8216;Mundo Deportivo&#8217;, as negocia\u00e7\u00f5es est\u00e3o muito avan\u00e7adas para a renova\u00e7\u00e3o e resta apenas a assinatura e alguns detalhes menores para ser oficializada. A renova\u00e7\u00e3o ser\u00e1 v\u00e1lida por dois anos. A ideia do Bar\u00e7a era ter anunciado no dia 24, anivers\u00e1rio de Messi, ou nesta ter\u00e7a, quando o presidente do clube Joan Laporta completou 59 anos, mas n\u00e3o foi poss\u00edvel. Com todo o acordo bem encaminhado, Bar\u00e7a e Messi trabalham para ajustar os \u00faltimos detalhes nas cl\u00e1usulas contratuais antes do an\u00fancio oficial da amplia\u00e7\u00e3o do v\u00ednculo do camisa 10, o que deve acontecer j\u00e1 na pr\u00f3xima semana.<\/p>\n<p>\u2014 O novo contrato do Messi vai bem, mas ainda n\u00e3o est\u00e1 feito. A rela\u00e7\u00e3o \u00e9 muito boa, porque o Leo quer o Barcelona e, mesmo se trate de um jogador que \u00e9 condicionado por seu talento, temos a ci\u00eancia de que estamos preparando tudo o que seja necess\u00e1rio para que ele siga no Barcelona. Antes havia outro presidente, que o decepcionou. Agora sou eu \u2014 afirmou Joan Laporta.<\/p>\n<p>Foto: divulga\u00e7\u00e3o<\/p>\n","protected":false},"excerpt":{"rendered":"<p>Lionel Messi voltar\u00e1 a campo no pr\u00f3ximo s\u00e1bado, quando a Argentina enfrentar\u00e1 o Equador, \u00e0s 22h (de Bras\u00edlia), pelas quartas de final da Copa Am\u00e9rica.<\/p>\n","protected":false},"author":1,"featured_media":481754,"comment_status":"closed","ping_status":"closed","sticky":false,"template":"","format":"standard","meta":[],"categories":[14,3],"tags":[],"acf":[],"yoast_head":"<!-- This site is optimized with the Yoast SEO plugin v20.8 - https:\/\/yoast.com\/wordpress\/plugins\/seo\/ -->\n<title>MESSI ENCERRA CONTRATO COM BARCELONA E FICA NO MERCADO - Bahia Economica<\/title>\n<meta name=\"description\" content=\"O maior portal de Economia da Bahia DESTAQUE DO DIA, ECONOMIA \/ POL\u00cdTICA Bahia Economica\" \/>\n<meta name=\"robots\" content=\"index, follow, max-snippet:-1, max-image-preview:large, max-video-preview:-1\" \/>\n<link rel=\"canonical\" href=\"https:\/\/bahiaeconomica.com.br\/wp\/2021\/06\/30\/messi-encerra-contrato-com-barcelona-e-fica-livre-no-mercado\/\" \/>\n<meta property=\"og:locale\" content=\"pt_BR\" \/>\n<meta property=\"og:type\" content=\"article\" \/>\n<meta property=\"og:title\" content=\"MESSI ENCERRA CONTRATO COM BARCELONA E FICA NO MERCADO - Bahia Economica\" \/>\n<meta property=\"og:description\" content=\"O maior portal de Economia da Bahia DESTAQUE DO DIA, ECONOMIA \/ POL\u00cdTICA Bahia Economica\" \/>\n<meta property=\"og:url\" content=\"https:\/\/bahiaeconomica.com.br\/wp\/2021\/06\/30\/messi-encerra-contrato-com-barcelona-e-fica-livre-no-mercado\/\" \/>\n<meta property=\"og:site_name\" content=\"Bahia Economica\" \/>\n<meta property=\"article:publisher\" content=\"https:\/\/www.facebook.com\/bahiaeconomica\" \/>\n<meta property=\"article:published_time\" content=\"2021-06-30T10:02:39+00:00\" \/>\n<meta property=\"article:modified_time\" content=\"2021-06-30T10:04:38+00:00\" \/>\n<meta property=\"og:image\" content=\"https:\/\/bahiaeconomica.com.br\/wp\/wp-content\/uploads\/2020\/08\/messi500360.jpg\" \/>\n\t<meta property=\"og:image:width\" content=\"360\" \/>\n\t<meta property=\"og:image:height\" content=\"220\" \/>\n\t<meta property=\"og:image:type\" content=\"image\/jpeg\" \/>\n<meta name=\"author\" content=\"admin\" \/>\n<meta name=\"twitter:card\" content=\"summary_large_image\" \/>\n<meta name=\"twitter:label1\" content=\"Escrito por\" \/>\n\t<meta name=\"twitter:data1\" content=\"admin\" \/>\n\t<meta name=\"twitter:label2\" content=\"Est. tempo de leitura\" \/>\n\t<meta name=\"twitter:data2\" content=\"3 minutos\" \/>\n<script type=\"application\/ld+json\" class=\"yoast-schema-graph\">{\"@context\":\"https:\/\/schema.org\",\"@graph\":[{\"@type\":\"Article\",\"@id\":\"https:\/\/bahiaeconomica.com.br\/wp\/2021\/06\/30\/messi-encerra-contrato-com-barcelona-e-fica-livre-no-mercado\/#article\",\"isPartOf\":{\"@id\":\"https:\/\/bahiaeconomica.com.br\/wp\/2021\/06\/30\/messi-encerra-contrato-com-barcelona-e-fica-livre-no-mercado\/\"},\"author\":{\"name\":\"admin\",\"@id\":\"https:\/\/bahiaeconomica.com.br\/wp\/#\/schema\/person\/cb1ab5ba96ad3d9390805381c76284ec\"},\"headline\":\"MESSI ENCERRA CONTRATO COM BARCELONA E FICA NO MERCADO\",\"datePublished\":\"2021-06-30T10:02:39+00:00\",\"dateModified\":\"2021-06-30T10:04:38+00:00\",\"mainEntityOfPage\":{\"@id\":\"https:\/\/bahiaeconomica.com.br\/wp\/2021\/06\/30\/messi-encerra-contrato-com-barcelona-e-fica-livre-no-mercado\/\"},\"wordCount\":707,\"publisher\":{\"@id\":\"https:\/\/bahiaeconomica.com.br\/wp\/#organization\"},\"articleSection\":[\"DESTAQUE DO DIA\",\"ECONOMIA \/ POL\u00cdTICA\"],\"inLanguage\":\"pt-BR\"},{\"@type\":\"WebPage\",\"@id\":\"https:\/\/bahiaeconomica.com.br\/wp\/2021\/06\/30\/messi-encerra-contrato-com-barcelona-e-fica-livre-no-mercado\/\",\"url\":\"https:\/\/bahiaeconomica.com.br\/wp\/2021\/06\/30\/messi-encerra-contrato-com-barcelona-e-fica-livre-no-mercado\/\",\"name\":\"MESSI ENCERRA CONTRATO COM BARCELONA E FICA NO MERCADO - Bahia Economica\",\"isPartOf\":{\"@id\":\"https:\/\/bahiaeconomica.com.br\/wp\/#website\"},\"datePublished\":\"2021-06-30T10:02:39+00:00\",\"dateModified\":\"2021-06-30T10:04:38+00:00\",\"description\":\"O maior portal de Economia da Bahia DESTAQUE DO DIA, ECONOMIA \/ POL\u00cdTICA Bahia Economica\",\"breadcrumb\":{\"@id\":\"https:\/\/bahiaeconomica.com.br\/wp\/2021\/06\/30\/messi-encerra-contrato-com-barcelona-e-fica-livre-no-mercado\/#breadcrumb\"},\"inLanguage\":\"pt-BR\",\"potentialAction\":[{\"@type\":\"ReadAction\",\"target\":[\"https:\/\/bahiaeconomica.com.br\/wp\/2021\/06\/30\/messi-encerra-contrato-com-barcelona-e-fica-livre-no-mercado\/\"]}]},{\"@type\":\"BreadcrumbList\",\"@id\":\"https:\/\/bahiaeconomica.com.br\/wp\/2021\/06\/30\/messi-encerra-contrato-com-barcelona-e-fica-livre-no-mercado\/#breadcrumb\",\"itemListElement\":[{\"@type\":\"ListItem\",\"position\":1,\"name\":\"In\u00edcio\",\"item\":\"https:\/\/bahiaeconomica.com.br\/wp\/\"},{\"@type\":\"ListItem\",\"position\":2,\"name\":\"MESSI ENCERRA CONTRATO COM BARCELONA E FICA NO MERCADO\"}]},{\"@type\":\"WebSite\",\"@id\":\"https:\/\/bahiaeconomica.com.br\/wp\/#website\",\"url\":\"https:\/\/bahiaeconomica.com.br\/wp\/\",\"name\":\"Bahia Economica\",\"description\":\"O maior portal de Economia da Bahia\",\"publisher\":{\"@id\":\"https:\/\/bahiaeconomica.com.br\/wp\/#organization\"},\"potentialAction\":[{\"@type\":\"SearchAction\",\"target\":{\"@type\":\"EntryPoint\",\"urlTemplate\":\"https:\/\/bahiaeconomica.com.br\/wp\/?s={search_term_string}\"},\"query-input\":\"required name=search_term_string\"}],\"inLanguage\":\"pt-BR\"},{\"@type\":\"Organization\",\"@id\":\"https:\/\/bahiaeconomica.com.br\/wp\/#organization\",\"name\":\"Bahia Econ\u00f4mica\",\"url\":\"https:\/\/bahiaeconomica.com.br\/wp\/\",\"logo\":{\"@type\":\"ImageObject\",\"inLanguage\":\"pt-BR\",\"@id\":\"https:\/\/bahiaeconomica.com.br\/wp\/#\/schema\/logo\/image\/\",\"url\":\"https:\/\/bahiaeconomica.com.br\/wp\/wp-content\/uploads\/2020\/12\/cropped-BE.png\",\"contentUrl\":\"https:\/\/bahiaeconomica.com.br\/wp\/wp-content\/uploads\/2020\/12\/cropped-BE.png\",\"width\":512,\"height\":512,\"caption\":\"Bahia Econ\u00f4mica\"},\"image\":{\"@id\":\"https:\/\/bahiaeconomica.com.br\/wp\/#\/schema\/logo\/image\/\"},\"sameAs\":[\"https:\/\/www.facebook.com\/bahiaeconomica\"]},{\"@type\":\"Person\",\"@id\":\"https:\/\/bahiaeconomica.com.br\/wp\/#\/schema\/person\/cb1ab5ba96ad3d9390805381c76284ec\",\"name\":\"admin\",\"url\":\"https:\/\/bahiaeconomica.com.br\/wp\/author\/admin\/\"}]}<\/script>\n<!-- \/ Yoast SEO plugin. -->","yoast_head_json":{"title":"MESSI ENCERRA CONTRATO COM BARCELONA E FICA NO MERCADO - Bahia Economica","description":"O maior portal de Economia da Bahia DESTAQUE DO DIA, ECONOMIA \/ POL\u00cdTICA Bahia Economica","robots":{"index":"index","follow":"follow","max-snippet":"max-snippet:-1","max-image-preview":"max-image-preview:large","max-video-preview":"max-video-preview:-1"},"canonical":"https:\/\/bahiaeconomica.com.br\/wp\/2021\/06\/30\/messi-encerra-contrato-com-barcelona-e-fica-livre-no-mercado\/","og_locale":"pt_BR","og_type":"article","og_title":"MESSI ENCERRA CONTRATO COM BARCELONA E FICA NO MERCADO - Bahia Economica","og_description":"O maior portal de Economia da Bahia DESTAQUE DO DIA, ECONOMIA \/ POL\u00cdTICA Bahia Economica","og_url":"https:\/\/bahiaeconomica.com.br\/wp\/2021\/06\/30\/messi-encerra-contrato-com-barcelona-e-fica-livre-no-mercado\/","og_site_name":"Bahia Economica","article_publisher":"https:\/\/www.facebook.com\/bahiaeconomica","article_published_time":"2021-06-30T10:02:39+00:00","article_modified_time":"2021-06-30T10:04:38+00:00","og_image":[{"width":360,"height":220,"url":"https:\/\/bahiaeconomica.com.br\/wp\/wp-content\/uploads\/2020\/08\/messi500360.jpg","type":"image\/jpeg"}],"author":"admin","twitter_card":"summary_large_image","twitter_misc":{"Escrito por":"admin","Est. tempo de leitura":"3 minutos"},"schema":{"@context":"https:\/\/schema.org","@graph":[{"@type":"Article","@id":"https:\/\/bahiaeconomica.com.br\/wp\/2021\/06\/30\/messi-encerra-contrato-com-barcelona-e-fica-livre-no-mercado\/#article","isPartOf":{"@id":"https:\/\/bahiaeconomica.com.br\/wp\/2021\/06\/30\/messi-encerra-contrato-com-barcelona-e-fica-livre-no-mercado\/"},"author":{"name":"admin","@id":"https:\/\/bahiaeconomica.com.br\/wp\/#\/schema\/person\/cb1ab5ba96ad3d9390805381c76284ec"},"headline":"MESSI ENCERRA CONTRATO COM BARCELONA E FICA NO MERCADO","datePublished":"2021-06-30T10:02:39+00:00","dateModified":"2021-06-30T10:04:38+00:00","mainEntityOfPage":{"@id":"https:\/\/bahiaeconomica.com.br\/wp\/2021\/06\/30\/messi-encerra-contrato-com-barcelona-e-fica-livre-no-mercado\/"},"wordCount":707,"publisher":{"@id":"https:\/\/bahiaeconomica.com.br\/wp\/#organization"},"articleSection":["DESTAQUE DO DIA","ECONOMIA \/ POL\u00cdTICA"],"inLanguage":"pt-BR"},{"@type":"WebPage","@id":"https:\/\/bahiaeconomica.com.br\/wp\/2021\/06\/30\/messi-encerra-contrato-com-barcelona-e-fica-livre-no-mercado\/","url":"https:\/\/bahiaeconomica.com.br\/wp\/2021\/06\/30\/messi-encerra-contrato-com-barcelona-e-fica-livre-no-mercado\/","name":"MESSI ENCERRA CONTRATO COM BARCELONA E FICA NO MERCADO - Bahia Economica","isPartOf":{"@id":"https:\/\/bahiaeconomica.com.br\/wp\/#website"},"datePublished":"2021-06-30T10:02:39+00:00","dateModified":"2021-06-30T10:04:38+00:00","description":"O maior portal de Economia da Bahia DESTAQUE DO DIA, ECONOMIA \/ POL\u00cdTICA Bahia Economica","breadcrumb":{"@id":"https:\/\/bahiaeconomica.com.br\/wp\/2021\/06\/30\/messi-encerra-contrato-com-barcelona-e-fica-livre-no-mercado\/#breadcrumb"},"inLanguage":"pt-BR","potentialAction":[{"@type":"ReadAction","target":["https:\/\/bahiaeconomica.com.br\/wp\/2021\/06\/30\/messi-encerra-contrato-com-barcelona-e-fica-livre-no-mercado\/"]}]},{"@type":"BreadcrumbList","@id":"https:\/\/bahiaeconomica.com.br\/wp\/2021\/06\/30\/messi-encerra-contrato-com-barcelona-e-fica-livre-no-mercado\/#breadcrumb","itemListElement":[{"@type":"ListItem","position":1,"name":"In\u00edcio","item":"https:\/\/bahiaeconomica.com.br\/wp\/"},{"@type":"ListItem","position":2,"name":"MESSI ENCERRA CONTRATO COM BARCELONA E FICA NO MERCADO"}]},{"@type":"WebSite","@id":"https:\/\/bahiaeconomica.com.br\/wp\/#website","url":"https:\/\/bahiaeconomica.com.br\/wp\/","name":"Bahia Economica","description":"O maior portal de Economia da Bahia","publisher":{"@id":"https:\/\/bahiaeconomica.com.br\/wp\/#organization"},"potentialAction":[{"@type":"SearchAction","target":{"@type":"EntryPoint","urlTemplate":"https:\/\/bahiaeconomica.com.br\/wp\/?s={search_term_string}"},"query-input":"required name=search_term_string"}],"inLanguage":"pt-BR"},{"@type":"Organization","@id":"https:\/\/bahiaeconomica.com.br\/wp\/#organization","name":"Bahia Econ\u00f4mica","url":"https:\/\/bahiaeconomica.com.br\/wp\/","logo":{"@type":"ImageObject","inLanguage":"pt-BR","@id":"https:\/\/bahiaeconomica.com.br\/wp\/#\/schema\/logo\/image\/","url":"https:\/\/bahiaeconomica.com.br\/wp\/wp-content\/uploads\/2020\/12\/cropped-BE.png","contentUrl":"https:\/\/bahiaeconomica.com.br\/wp\/wp-content\/uploads\/2020\/12\/cropped-BE.png","width":512,"height":512,"caption":"Bahia Econ\u00f4mica"},"image":{"@id":"https:\/\/bahiaeconomica.com.br\/wp\/#\/schema\/logo\/image\/"},"sameAs":["https:\/\/www.facebook.com\/bahiaeconomica"]},{"@type":"Person","@id":"https:\/\/bahiaeconomica.com.br\/wp\/#\/schema\/person\/cb1ab5ba96ad3d9390805381c76284ec","name":"admin","url":"https:\/\/bahiaeconomica.com.br\/wp\/author\/admin\/"}]}},"views":3,"_links":{"self":[{"href":"https:\/\/bahiaeconomica.com.br\/wp\/wp-json\/wp\/v2\/posts\/579225"}],"collection":[{"href":"https:\/\/bahiaeconomica.com.br\/wp\/wp-json\/wp\/v2\/posts"}],"about":[{"href":"https:\/\/bahiaeconomica.com.br\/wp\/wp-json\/wp\/v2\/types\/post"}],"author":[{"embeddable":true,"href":"https:\/\/bahiaeconomica.com.br\/wp\/wp-json\/wp\/v2\/users\/1"}],"replies":[{"embeddable":true,"href":"https:\/\/bahiaeconomica.com.br\/wp\/wp-json\/wp\/v2\/comments?post=579225"}],"version-history":[{"count":2,"href":"https:\/\/bahiaeconomica.com.br\/wp\/wp-json\/wp\/v2\/posts\/579225\/revisions"}],"predecessor-version":[{"id":579228,"href":"https:\/\/bahiaeconomica.com.br\/wp\/wp-json\/wp\/v2\/posts\/579225\/revisions\/579228"}],"wp:featuredmedia":[{"embeddable":true,"href":"https:\/\/bahiaeconomica.com.br\/wp\/wp-json\/wp\/v2\/media\/481754"}],"wp:attachment":[{"href":"https:\/\/bahiaeconomica.com.br\/wp\/wp-json\/wp\/v2\/media?parent=579225"}],"wp:term":[{"taxonomy":"category","embeddable":true,"href":"https:\/\/bahiaeconomica.com.br\/wp\/wp-json\/wp\/v2\/categories?post=579225"},{"taxonomy":"post_tag","embeddable":true,"href":"https:\/\/bahiaeconomica.com.br\/wp\/wp-json\/wp\/v2\/tags?post=579225"}],"curies":[{"name":"wp","href":"https:\/\/api.w.org\/{rel}","templated":true}]}}