{"id":577968,"date":"2021-06-24T09:15:48","date_gmt":"2021-06-24T12:15:48","guid":{"rendered":"https:\/\/bahiaeconomica.com.br\/wp\/beta\/?p=577968"},"modified":"2021-06-24T11:05:09","modified_gmt":"2021-06-24T14:05:09","slug":"feira-de-santana-registra-271-casos-e-5-mortes-por-covid-19","status":"publish","type":"post","link":"https:\/\/bahiaeconomica.com.br\/wp\/2021\/06\/24\/feira-de-santana-registra-271-casos-e-5-mortes-por-covid-19\/","title":{"rendered":"FEIRA DE SANTANA REGISTRA 271 CASOS e 5 MORTES POR COVID-19"},"content":{"rendered":"<p>A cidade de Feira de Santana registrou mais 154 pacientes recuperados da Covid-19 e atingiu a marca de 37.215 curados da doen\u00e7a, <!--more-->\u00edndice que representa 82,1% dos casos confirmados. Enquanto isso, 498 exames foram negativos e 271 positivos. Os resultados positivos de ontem (23) s\u00e3o em rela\u00e7\u00e3o a libera\u00e7\u00e3o dos exames acumulados que haviam realizado coleta entre os dias 07 e 18 de junho que estavam aguardando resultado do laborat\u00f3rio, segundo a administra\u00e7\u00e3o municipal.<\/p>\n<p>O boletim epidemiol\u00f3gico contabiliza ainda 138 pacientes internados no munic\u00edpio e\u00a0 7.244 casos ativos, ou seja, pessoas que ainda est\u00e3o com a doen\u00e7a. O informativo tamb\u00e9m confirma mais cinco mortes. A informa\u00e7\u00e3o \u00e9 da Vigil\u00e2ncia Epidemiol\u00f3gica da Secretaria de Sa\u00fade divulgadas na quarta-feira (23).<\/p>\n<p>Casos confirmados no dia: 271<br \/>\nPacientes recuperados no dia: 154<br \/>\nResultados negativos no dia: 498<br \/>\nTotal de pacientes hospitalizados no munic\u00edpio: 138<br \/>\n\u00d3bitos comunicados no dia: 5<br \/>\nDatas dos \u00f3bitos: 16\/05, 22\/05, 18\/06, 22\/06 e 22\/06<\/p>\n<p>A Secretaria de Sa\u00fade ressalta que a inclus\u00e3o no boletim dos registros de \u00f3bito por Covid-19 \u00e9 feita quando a declara\u00e7\u00e3o de \u00f3bito, ficha de notifica\u00e7\u00e3o e resultado do exame positivo para a doen\u00e7a chegam \u00e0 Vigil\u00e2ncia Epidemiol\u00f3gica.<\/p>\n<p>N\u00daMEROS TOTAIS<\/p>\n<p>Total de pacientes ativos: 7.244<br \/>\nTotal de casos confirmados no munic\u00edpio: 45.282 (Per\u00edodo de 06 de mar\u00e7o de 2020 a 23 de junho de 2021)<br \/>\nTotal de pacientes em isolamento domiciliar: 7.106<br \/>\nTotal de recuperados no munic\u00edpio: 37.215<br \/>\nTotal de exames negativos: 59.351 (Per\u00edodo de 06 de mar\u00e7o de 2020 a 23 de junho de 2021)<br \/>\nAguardando resultado do exame: 765<br \/>\nTotal de \u00f3bitos: 823<\/p>\n<p>&nbsp;<\/p>\n<p>&nbsp;<\/p>\n<p>&nbsp;<\/p>\n<p>Foto: Nexu Science Communication\/Reuters<\/p>\n","protected":false},"excerpt":{"rendered":"<p>A cidade de Feira de Santana registrou mais 154 pacientes recuperados da Covid-19 e atingiu a marca de 37.215 curados da doen\u00e7a,<\/p>\n","protected":false},"author":1,"featured_media":558159,"comment_status":"closed","ping_status":"closed","sticky":false,"template":"","format":"standard","meta":[],"categories":[14,3,5],"tags":[],"acf":[],"yoast_head":"<!-- This site is optimized with the Yoast SEO plugin v20.8 - https:\/\/yoast.com\/wordpress\/plugins\/seo\/ -->\n<title>FEIRA DE SANTANA REGISTRA 271 CASOS e 5 MORTES POR COVID-19 - Bahia Economica<\/title>\n<meta name=\"description\" content=\"O maior portal de Economia da Bahia DESTAQUE DO DIA, ECONOMIA \/ POL\u00cdTICA, MUNIC\u00cdPIOS Bahia Economica\" \/>\n<meta name=\"robots\" content=\"index, follow, max-snippet:-1, max-image-preview:large, max-video-preview:-1\" \/>\n<link rel=\"canonical\" href=\"https:\/\/bahiaeconomica.com.br\/wp\/2021\/06\/24\/feira-de-santana-registra-271-casos-e-5-mortes-por-covid-19\/\" \/>\n<meta property=\"og:locale\" content=\"pt_BR\" \/>\n<meta property=\"og:type\" content=\"article\" \/>\n<meta property=\"og:title\" content=\"FEIRA DE SANTANA REGISTRA 271 CASOS e 5 MORTES POR COVID-19 - Bahia Economica\" \/>\n<meta property=\"og:description\" content=\"O maior portal de Economia da Bahia DESTAQUE DO DIA, ECONOMIA \/ POL\u00cdTICA, MUNIC\u00cdPIOS Bahia Economica\" \/>\n<meta property=\"og:url\" content=\"https:\/\/bahiaeconomica.com.br\/wp\/2021\/06\/24\/feira-de-santana-registra-271-casos-e-5-mortes-por-covid-19\/\" \/>\n<meta property=\"og:site_name\" content=\"Bahia Economica\" \/>\n<meta property=\"article:publisher\" content=\"https:\/\/www.facebook.com\/bahiaeconomica\" \/>\n<meta property=\"article:published_time\" content=\"2021-06-24T12:15:48+00:00\" \/>\n<meta property=\"article:modified_time\" content=\"2021-06-24T14:05:09+00:00\" \/>\n<meta property=\"og:image\" content=\"https:\/\/bahiaeconomica.com.br\/wp\/wp-content\/uploads\/2021\/04\/coronavirus-2.jpg\" \/>\n\t<meta property=\"og:image:width\" content=\"500\" \/>\n\t<meta property=\"og:image:height\" content=\"308\" \/>\n\t<meta property=\"og:image:type\" content=\"image\/jpeg\" \/>\n<meta name=\"author\" content=\"admin\" \/>\n<meta name=\"twitter:card\" content=\"summary_large_image\" \/>\n<meta name=\"twitter:label1\" content=\"Escrito por\" \/>\n\t<meta name=\"twitter:data1\" content=\"admin\" \/>\n\t<meta name=\"twitter:label2\" content=\"Est. tempo de leitura\" \/>\n\t<meta name=\"twitter:data2\" content=\"1 minuto\" \/>\n<script type=\"application\/ld+json\" class=\"yoast-schema-graph\">{\"@context\":\"https:\/\/schema.org\",\"@graph\":[{\"@type\":\"Article\",\"@id\":\"https:\/\/bahiaeconomica.com.br\/wp\/2021\/06\/24\/feira-de-santana-registra-271-casos-e-5-mortes-por-covid-19\/#article\",\"isPartOf\":{\"@id\":\"https:\/\/bahiaeconomica.com.br\/wp\/2021\/06\/24\/feira-de-santana-registra-271-casos-e-5-mortes-por-covid-19\/\"},\"author\":{\"name\":\"admin\",\"@id\":\"https:\/\/bahiaeconomica.com.br\/wp\/#\/schema\/person\/cb1ab5ba96ad3d9390805381c76284ec\"},\"headline\":\"FEIRA DE SANTANA REGISTRA 271 CASOS e 5 MORTES POR COVID-19\",\"datePublished\":\"2021-06-24T12:15:48+00:00\",\"dateModified\":\"2021-06-24T14:05:09+00:00\",\"mainEntityOfPage\":{\"@id\":\"https:\/\/bahiaeconomica.com.br\/wp\/2021\/06\/24\/feira-de-santana-registra-271-casos-e-5-mortes-por-covid-19\/\"},\"wordCount\":267,\"publisher\":{\"@id\":\"https:\/\/bahiaeconomica.com.br\/wp\/#organization\"},\"articleSection\":[\"DESTAQUE DO DIA\",\"ECONOMIA \/ POL\u00cdTICA\",\"MUNIC\u00cdPIOS\"],\"inLanguage\":\"pt-BR\"},{\"@type\":\"WebPage\",\"@id\":\"https:\/\/bahiaeconomica.com.br\/wp\/2021\/06\/24\/feira-de-santana-registra-271-casos-e-5-mortes-por-covid-19\/\",\"url\":\"https:\/\/bahiaeconomica.com.br\/wp\/2021\/06\/24\/feira-de-santana-registra-271-casos-e-5-mortes-por-covid-19\/\",\"name\":\"FEIRA DE SANTANA REGISTRA 271 CASOS e 5 MORTES POR COVID-19 - Bahia Economica\",\"isPartOf\":{\"@id\":\"https:\/\/bahiaeconomica.com.br\/wp\/#website\"},\"datePublished\":\"2021-06-24T12:15:48+00:00\",\"dateModified\":\"2021-06-24T14:05:09+00:00\",\"description\":\"O maior portal de Economia da Bahia DESTAQUE DO DIA, ECONOMIA \/ POL\u00cdTICA, MUNIC\u00cdPIOS Bahia Economica\",\"breadcrumb\":{\"@id\":\"https:\/\/bahiaeconomica.com.br\/wp\/2021\/06\/24\/feira-de-santana-registra-271-casos-e-5-mortes-por-covid-19\/#breadcrumb\"},\"inLanguage\":\"pt-BR\",\"potentialAction\":[{\"@type\":\"ReadAction\",\"target\":[\"https:\/\/bahiaeconomica.com.br\/wp\/2021\/06\/24\/feira-de-santana-registra-271-casos-e-5-mortes-por-covid-19\/\"]}]},{\"@type\":\"BreadcrumbList\",\"@id\":\"https:\/\/bahiaeconomica.com.br\/wp\/2021\/06\/24\/feira-de-santana-registra-271-casos-e-5-mortes-por-covid-19\/#breadcrumb\",\"itemListElement\":[{\"@type\":\"ListItem\",\"position\":1,\"name\":\"In\u00edcio\",\"item\":\"https:\/\/bahiaeconomica.com.br\/wp\/\"},{\"@type\":\"ListItem\",\"position\":2,\"name\":\"FEIRA DE SANTANA REGISTRA 271 CASOS e 5 MORTES POR COVID-19\"}]},{\"@type\":\"WebSite\",\"@id\":\"https:\/\/bahiaeconomica.com.br\/wp\/#website\",\"url\":\"https:\/\/bahiaeconomica.com.br\/wp\/\",\"name\":\"Bahia Economica\",\"description\":\"O maior portal de Economia da Bahia\",\"publisher\":{\"@id\":\"https:\/\/bahiaeconomica.com.br\/wp\/#organization\"},\"potentialAction\":[{\"@type\":\"SearchAction\",\"target\":{\"@type\":\"EntryPoint\",\"urlTemplate\":\"https:\/\/bahiaeconomica.com.br\/wp\/?s={search_term_string}\"},\"query-input\":\"required name=search_term_string\"}],\"inLanguage\":\"pt-BR\"},{\"@type\":\"Organization\",\"@id\":\"https:\/\/bahiaeconomica.com.br\/wp\/#organization\",\"name\":\"Bahia Econ\u00f4mica\",\"url\":\"https:\/\/bahiaeconomica.com.br\/wp\/\",\"logo\":{\"@type\":\"ImageObject\",\"inLanguage\":\"pt-BR\",\"@id\":\"https:\/\/bahiaeconomica.com.br\/wp\/#\/schema\/logo\/image\/\",\"url\":\"https:\/\/bahiaeconomica.com.br\/wp\/wp-content\/uploads\/2020\/12\/cropped-BE.png\",\"contentUrl\":\"https:\/\/bahiaeconomica.com.br\/wp\/wp-content\/uploads\/2020\/12\/cropped-BE.png\",\"width\":512,\"height\":512,\"caption\":\"Bahia Econ\u00f4mica\"},\"image\":{\"@id\":\"https:\/\/bahiaeconomica.com.br\/wp\/#\/schema\/logo\/image\/\"},\"sameAs\":[\"https:\/\/www.facebook.com\/bahiaeconomica\"]},{\"@type\":\"Person\",\"@id\":\"https:\/\/bahiaeconomica.com.br\/wp\/#\/schema\/person\/cb1ab5ba96ad3d9390805381c76284ec\",\"name\":\"admin\",\"url\":\"https:\/\/bahiaeconomica.com.br\/wp\/author\/admin\/\"}]}<\/script>\n<!-- \/ Yoast SEO plugin. -->","yoast_head_json":{"title":"FEIRA DE SANTANA REGISTRA 271 CASOS e 5 MORTES POR COVID-19 - Bahia Economica","description":"O maior portal de Economia da Bahia DESTAQUE DO DIA, ECONOMIA \/ POL\u00cdTICA, MUNIC\u00cdPIOS Bahia Economica","robots":{"index":"index","follow":"follow","max-snippet":"max-snippet:-1","max-image-preview":"max-image-preview:large","max-video-preview":"max-video-preview:-1"},"canonical":"https:\/\/bahiaeconomica.com.br\/wp\/2021\/06\/24\/feira-de-santana-registra-271-casos-e-5-mortes-por-covid-19\/","og_locale":"pt_BR","og_type":"article","og_title":"FEIRA DE SANTANA REGISTRA 271 CASOS e 5 MORTES POR COVID-19 - Bahia Economica","og_description":"O maior portal de Economia da Bahia DESTAQUE DO DIA, ECONOMIA \/ POL\u00cdTICA, MUNIC\u00cdPIOS Bahia Economica","og_url":"https:\/\/bahiaeconomica.com.br\/wp\/2021\/06\/24\/feira-de-santana-registra-271-casos-e-5-mortes-por-covid-19\/","og_site_name":"Bahia Economica","article_publisher":"https:\/\/www.facebook.com\/bahiaeconomica","article_published_time":"2021-06-24T12:15:48+00:00","article_modified_time":"2021-06-24T14:05:09+00:00","og_image":[{"width":500,"height":308,"url":"https:\/\/bahiaeconomica.com.br\/wp\/wp-content\/uploads\/2021\/04\/coronavirus-2.jpg","type":"image\/jpeg"}],"author":"admin","twitter_card":"summary_large_image","twitter_misc":{"Escrito por":"admin","Est. tempo de leitura":"1 minuto"},"schema":{"@context":"https:\/\/schema.org","@graph":[{"@type":"Article","@id":"https:\/\/bahiaeconomica.com.br\/wp\/2021\/06\/24\/feira-de-santana-registra-271-casos-e-5-mortes-por-covid-19\/#article","isPartOf":{"@id":"https:\/\/bahiaeconomica.com.br\/wp\/2021\/06\/24\/feira-de-santana-registra-271-casos-e-5-mortes-por-covid-19\/"},"author":{"name":"admin","@id":"https:\/\/bahiaeconomica.com.br\/wp\/#\/schema\/person\/cb1ab5ba96ad3d9390805381c76284ec"},"headline":"FEIRA DE SANTANA REGISTRA 271 CASOS e 5 MORTES POR COVID-19","datePublished":"2021-06-24T12:15:48+00:00","dateModified":"2021-06-24T14:05:09+00:00","mainEntityOfPage":{"@id":"https:\/\/bahiaeconomica.com.br\/wp\/2021\/06\/24\/feira-de-santana-registra-271-casos-e-5-mortes-por-covid-19\/"},"wordCount":267,"publisher":{"@id":"https:\/\/bahiaeconomica.com.br\/wp\/#organization"},"articleSection":["DESTAQUE DO DIA","ECONOMIA \/ POL\u00cdTICA","MUNIC\u00cdPIOS"],"inLanguage":"pt-BR"},{"@type":"WebPage","@id":"https:\/\/bahiaeconomica.com.br\/wp\/2021\/06\/24\/feira-de-santana-registra-271-casos-e-5-mortes-por-covid-19\/","url":"https:\/\/bahiaeconomica.com.br\/wp\/2021\/06\/24\/feira-de-santana-registra-271-casos-e-5-mortes-por-covid-19\/","name":"FEIRA DE SANTANA REGISTRA 271 CASOS e 5 MORTES POR COVID-19 - Bahia Economica","isPartOf":{"@id":"https:\/\/bahiaeconomica.com.br\/wp\/#website"},"datePublished":"2021-06-24T12:15:48+00:00","dateModified":"2021-06-24T14:05:09+00:00","description":"O maior portal de Economia da Bahia DESTAQUE DO DIA, ECONOMIA \/ POL\u00cdTICA, MUNIC\u00cdPIOS Bahia Economica","breadcrumb":{"@id":"https:\/\/bahiaeconomica.com.br\/wp\/2021\/06\/24\/feira-de-santana-registra-271-casos-e-5-mortes-por-covid-19\/#breadcrumb"},"inLanguage":"pt-BR","potentialAction":[{"@type":"ReadAction","target":["https:\/\/bahiaeconomica.com.br\/wp\/2021\/06\/24\/feira-de-santana-registra-271-casos-e-5-mortes-por-covid-19\/"]}]},{"@type":"BreadcrumbList","@id":"https:\/\/bahiaeconomica.com.br\/wp\/2021\/06\/24\/feira-de-santana-registra-271-casos-e-5-mortes-por-covid-19\/#breadcrumb","itemListElement":[{"@type":"ListItem","position":1,"name":"In\u00edcio","item":"https:\/\/bahiaeconomica.com.br\/wp\/"},{"@type":"ListItem","position":2,"name":"FEIRA DE SANTANA REGISTRA 271 CASOS e 5 MORTES POR COVID-19"}]},{"@type":"WebSite","@id":"https:\/\/bahiaeconomica.com.br\/wp\/#website","url":"https:\/\/bahiaeconomica.com.br\/wp\/","name":"Bahia Economica","description":"O maior portal de Economia da Bahia","publisher":{"@id":"https:\/\/bahiaeconomica.com.br\/wp\/#organization"},"potentialAction":[{"@type":"SearchAction","target":{"@type":"EntryPoint","urlTemplate":"https:\/\/bahiaeconomica.com.br\/wp\/?s={search_term_string}"},"query-input":"required name=search_term_string"}],"inLanguage":"pt-BR"},{"@type":"Organization","@id":"https:\/\/bahiaeconomica.com.br\/wp\/#organization","name":"Bahia Econ\u00f4mica","url":"https:\/\/bahiaeconomica.com.br\/wp\/","logo":{"@type":"ImageObject","inLanguage":"pt-BR","@id":"https:\/\/bahiaeconomica.com.br\/wp\/#\/schema\/logo\/image\/","url":"https:\/\/bahiaeconomica.com.br\/wp\/wp-content\/uploads\/2020\/12\/cropped-BE.png","contentUrl":"https:\/\/bahiaeconomica.com.br\/wp\/wp-content\/uploads\/2020\/12\/cropped-BE.png","width":512,"height":512,"caption":"Bahia Econ\u00f4mica"},"image":{"@id":"https:\/\/bahiaeconomica.com.br\/wp\/#\/schema\/logo\/image\/"},"sameAs":["https:\/\/www.facebook.com\/bahiaeconomica"]},{"@type":"Person","@id":"https:\/\/bahiaeconomica.com.br\/wp\/#\/schema\/person\/cb1ab5ba96ad3d9390805381c76284ec","name":"admin","url":"https:\/\/bahiaeconomica.com.br\/wp\/author\/admin\/"}]}},"views":1,"_links":{"self":[{"href":"https:\/\/bahiaeconomica.com.br\/wp\/wp-json\/wp\/v2\/posts\/577968"}],"collection":[{"href":"https:\/\/bahiaeconomica.com.br\/wp\/wp-json\/wp\/v2\/posts"}],"about":[{"href":"https:\/\/bahiaeconomica.com.br\/wp\/wp-json\/wp\/v2\/types\/post"}],"author":[{"embeddable":true,"href":"https:\/\/bahiaeconomica.com.br\/wp\/wp-json\/wp\/v2\/users\/1"}],"replies":[{"embeddable":true,"href":"https:\/\/bahiaeconomica.com.br\/wp\/wp-json\/wp\/v2\/comments?post=577968"}],"version-history":[{"count":1,"href":"https:\/\/bahiaeconomica.com.br\/wp\/wp-json\/wp\/v2\/posts\/577968\/revisions"}],"predecessor-version":[{"id":577988,"href":"https:\/\/bahiaeconomica.com.br\/wp\/wp-json\/wp\/v2\/posts\/577968\/revisions\/577988"}],"wp:featuredmedia":[{"embeddable":true,"href":"https:\/\/bahiaeconomica.com.br\/wp\/wp-json\/wp\/v2\/media\/558159"}],"wp:attachment":[{"href":"https:\/\/bahiaeconomica.com.br\/wp\/wp-json\/wp\/v2\/media?parent=577968"}],"wp:term":[{"taxonomy":"category","embeddable":true,"href":"https:\/\/bahiaeconomica.com.br\/wp\/wp-json\/wp\/v2\/categories?post=577968"},{"taxonomy":"post_tag","embeddable":true,"href":"https:\/\/bahiaeconomica.com.br\/wp\/wp-json\/wp\/v2\/tags?post=577968"}],"curies":[{"name":"wp","href":"https:\/\/api.w.org\/{rel}","templated":true}]}}