{"id":577439,"date":"2021-06-22T17:30:58","date_gmt":"2021-06-22T20:30:58","guid":{"rendered":"https:\/\/bahiaeconomica.com.br\/wp\/beta\/?p=577439"},"modified":"2021-06-22T17:33:41","modified_gmt":"2021-06-22T20:33:41","slug":"camacari-perde-r-60-mi-por-cancelamento-das-festas-juninas","status":"publish","type":"post","link":"https:\/\/bahiaeconomica.com.br\/wp\/2021\/06\/22\/camacari-perde-r-60-mi-por-cancelamento-das-festas-juninas\/","title":{"rendered":"CAMA\u00c7ARI PERDE R$ 60 MI COM CANCELAMENTO DAS FESTAS JUNINAS"},"content":{"rendered":"<p>A Prefeitura de Cama\u00e7ari decidiu cancelar o Camaforr\u00f3 2021 pelo segundo ano consecutivo, o que impacta na <!--more-->arrecada\u00e7\u00e3o municipal. O motivo \u00e9 a pandemia da Covid-19 e indica\u00e7\u00e3o dos relat\u00f3rios da sa\u00fade, que apontam ainda a necessidade de eliminar situa\u00e7\u00f5es de aglomera\u00e7\u00e3o como forma de controlar a dissemina\u00e7\u00e3o do v\u00edrus.<\/p>\n<p>O secret\u00e1rio de governo, Jos\u00e9 Gama, lamenta pela falta da festa. \u201cLamentamos pela falta dos festejos, por\u00e9m nos alegramos em colaborar com esse momento t\u00e3o dif\u00edcil da pandemia, que teme n\u00e3o ir embora\u201d, contou ao acrescentar que com a suspens\u00e3o do S\u00e3o Jo\u00e3o, aproximadamente R$ 60 milh\u00f5es deixa de circular no munic\u00edpio, considerando o com\u00e9rcio, a rede hoteleira, o turismo, os ambulantes, os barraqueiros, a log\u00edstica de transporte, entre outros.<\/p>\n<p>A decis\u00e3o do cancelamento foi tomada ainda em abril atendendo as orienta\u00e7\u00f5es da Organiza\u00e7\u00e3o Mundial de Sa\u00fade (OMS), j\u00e1 que a gest\u00e3o entende que n\u00e3o pode atrasar a defini\u00e7\u00e3o. O governo municipal ainda entende que a medida \u00e9 prejudicial para a arrecada\u00e7\u00e3o, para o festejo e turismo, mas necess\u00e1ria de acordo aos dados da pandemia por Covid-19.<\/p>\n<p>A prefeitura refor\u00e7a ainda o pedido para que a popula\u00e7\u00e3o n\u00e3o provoque aglomera\u00e7\u00f5es no per\u00edodo do S\u00e3o Jo\u00e3o, j\u00e1 que o cen\u00e1rio ainda n\u00e3o \u00e9 favor\u00e1vel. A expectativa \u00e9 de que em 2022, com as pessoas vacinadas, o tradicional Camaforr\u00f3 ocorra, somando alegria, investimentos e lucros.<\/p>\n<p>&nbsp;<\/p>\n<p>&nbsp;<\/p>\n<p>&nbsp;<\/p>\n<p>Foto &#8211; Reprodu\u00e7\u00e3o &#8211; Site Ascom Prefeitura<\/p>\n","protected":false},"excerpt":{"rendered":"<p>A Prefeitura de Cama\u00e7ari decidiu cancelar o Camaforr\u00f3 2021 pelo segundo ano consecutivo, o que impacta na<\/p>\n","protected":false},"author":1,"featured_media":577441,"comment_status":"closed","ping_status":"closed","sticky":false,"template":"","format":"standard","meta":[],"categories":[3,5],"tags":[],"acf":[],"yoast_head":"<!-- This site is optimized with the Yoast SEO plugin v20.8 - https:\/\/yoast.com\/wordpress\/plugins\/seo\/ -->\n<title>CAMA\u00c7ARI PERDE R$ 60 MI COM CANCELAMENTO DAS FESTAS JUNINAS - Bahia Economica<\/title>\n<meta name=\"description\" content=\"O maior portal de Economia da Bahia ECONOMIA \/ POL\u00cdTICA, MUNIC\u00cdPIOS Bahia Economica\" \/>\n<meta name=\"robots\" content=\"index, follow, max-snippet:-1, max-image-preview:large, max-video-preview:-1\" \/>\n<link rel=\"canonical\" href=\"https:\/\/bahiaeconomica.com.br\/wp\/2021\/06\/22\/camacari-perde-r-60-mi-por-cancelamento-das-festas-juninas\/\" \/>\n<meta property=\"og:locale\" content=\"pt_BR\" \/>\n<meta property=\"og:type\" content=\"article\" \/>\n<meta property=\"og:title\" content=\"CAMA\u00c7ARI PERDE R$ 60 MI COM CANCELAMENTO DAS FESTAS JUNINAS - Bahia Economica\" \/>\n<meta property=\"og:description\" content=\"O maior portal de Economia da Bahia ECONOMIA \/ POL\u00cdTICA, MUNIC\u00cdPIOS Bahia Economica\" \/>\n<meta property=\"og:url\" content=\"https:\/\/bahiaeconomica.com.br\/wp\/2021\/06\/22\/camacari-perde-r-60-mi-por-cancelamento-das-festas-juninas\/\" \/>\n<meta property=\"og:site_name\" content=\"Bahia Economica\" \/>\n<meta property=\"article:publisher\" content=\"https:\/\/www.facebook.com\/bahiaeconomica\" \/>\n<meta property=\"article:published_time\" content=\"2021-06-22T20:30:58+00:00\" \/>\n<meta property=\"article:modified_time\" content=\"2021-06-22T20:33:41+00:00\" \/>\n<meta property=\"og:image\" content=\"https:\/\/bahiaeconomica.com.br\/wp\/wp-content\/uploads\/2021\/06\/sao-joao-camacari-Foto-Reproducao-Site-Ascom-Prefeitura.jpg\" \/>\n\t<meta property=\"og:image:width\" content=\"500\" \/>\n\t<meta property=\"og:image:height\" content=\"300\" \/>\n\t<meta property=\"og:image:type\" content=\"image\/jpeg\" \/>\n<meta name=\"author\" content=\"admin\" \/>\n<meta name=\"twitter:card\" content=\"summary_large_image\" \/>\n<meta name=\"twitter:label1\" content=\"Escrito por\" \/>\n\t<meta name=\"twitter:data1\" content=\"admin\" \/>\n\t<meta name=\"twitter:label2\" content=\"Est. tempo de leitura\" \/>\n\t<meta name=\"twitter:data2\" content=\"1 minuto\" \/>\n<script type=\"application\/ld+json\" class=\"yoast-schema-graph\">{\"@context\":\"https:\/\/schema.org\",\"@graph\":[{\"@type\":\"Article\",\"@id\":\"https:\/\/bahiaeconomica.com.br\/wp\/2021\/06\/22\/camacari-perde-r-60-mi-por-cancelamento-das-festas-juninas\/#article\",\"isPartOf\":{\"@id\":\"https:\/\/bahiaeconomica.com.br\/wp\/2021\/06\/22\/camacari-perde-r-60-mi-por-cancelamento-das-festas-juninas\/\"},\"author\":{\"name\":\"admin\",\"@id\":\"https:\/\/bahiaeconomica.com.br\/wp\/#\/schema\/person\/cb1ab5ba96ad3d9390805381c76284ec\"},\"headline\":\"CAMA\u00c7ARI PERDE R$ 60 MI COM CANCELAMENTO DAS FESTAS JUNINAS\",\"datePublished\":\"2021-06-22T20:30:58+00:00\",\"dateModified\":\"2021-06-22T20:33:41+00:00\",\"mainEntityOfPage\":{\"@id\":\"https:\/\/bahiaeconomica.com.br\/wp\/2021\/06\/22\/camacari-perde-r-60-mi-por-cancelamento-das-festas-juninas\/\"},\"wordCount\":277,\"publisher\":{\"@id\":\"https:\/\/bahiaeconomica.com.br\/wp\/#organization\"},\"articleSection\":[\"ECONOMIA \/ POL\u00cdTICA\",\"MUNIC\u00cdPIOS\"],\"inLanguage\":\"pt-BR\"},{\"@type\":\"WebPage\",\"@id\":\"https:\/\/bahiaeconomica.com.br\/wp\/2021\/06\/22\/camacari-perde-r-60-mi-por-cancelamento-das-festas-juninas\/\",\"url\":\"https:\/\/bahiaeconomica.com.br\/wp\/2021\/06\/22\/camacari-perde-r-60-mi-por-cancelamento-das-festas-juninas\/\",\"name\":\"CAMA\u00c7ARI PERDE R$ 60 MI COM CANCELAMENTO DAS FESTAS JUNINAS - Bahia Economica\",\"isPartOf\":{\"@id\":\"https:\/\/bahiaeconomica.com.br\/wp\/#website\"},\"datePublished\":\"2021-06-22T20:30:58+00:00\",\"dateModified\":\"2021-06-22T20:33:41+00:00\",\"description\":\"O maior portal de Economia da Bahia ECONOMIA \/ POL\u00cdTICA, MUNIC\u00cdPIOS Bahia Economica\",\"breadcrumb\":{\"@id\":\"https:\/\/bahiaeconomica.com.br\/wp\/2021\/06\/22\/camacari-perde-r-60-mi-por-cancelamento-das-festas-juninas\/#breadcrumb\"},\"inLanguage\":\"pt-BR\",\"potentialAction\":[{\"@type\":\"ReadAction\",\"target\":[\"https:\/\/bahiaeconomica.com.br\/wp\/2021\/06\/22\/camacari-perde-r-60-mi-por-cancelamento-das-festas-juninas\/\"]}]},{\"@type\":\"BreadcrumbList\",\"@id\":\"https:\/\/bahiaeconomica.com.br\/wp\/2021\/06\/22\/camacari-perde-r-60-mi-por-cancelamento-das-festas-juninas\/#breadcrumb\",\"itemListElement\":[{\"@type\":\"ListItem\",\"position\":1,\"name\":\"In\u00edcio\",\"item\":\"https:\/\/bahiaeconomica.com.br\/wp\/\"},{\"@type\":\"ListItem\",\"position\":2,\"name\":\"CAMA\u00c7ARI PERDE R$ 60 MI COM CANCELAMENTO DAS FESTAS JUNINAS\"}]},{\"@type\":\"WebSite\",\"@id\":\"https:\/\/bahiaeconomica.com.br\/wp\/#website\",\"url\":\"https:\/\/bahiaeconomica.com.br\/wp\/\",\"name\":\"Bahia Economica\",\"description\":\"O maior portal de Economia da Bahia\",\"publisher\":{\"@id\":\"https:\/\/bahiaeconomica.com.br\/wp\/#organization\"},\"potentialAction\":[{\"@type\":\"SearchAction\",\"target\":{\"@type\":\"EntryPoint\",\"urlTemplate\":\"https:\/\/bahiaeconomica.com.br\/wp\/?s={search_term_string}\"},\"query-input\":\"required name=search_term_string\"}],\"inLanguage\":\"pt-BR\"},{\"@type\":\"Organization\",\"@id\":\"https:\/\/bahiaeconomica.com.br\/wp\/#organization\",\"name\":\"Bahia Econ\u00f4mica\",\"url\":\"https:\/\/bahiaeconomica.com.br\/wp\/\",\"logo\":{\"@type\":\"ImageObject\",\"inLanguage\":\"pt-BR\",\"@id\":\"https:\/\/bahiaeconomica.com.br\/wp\/#\/schema\/logo\/image\/\",\"url\":\"https:\/\/bahiaeconomica.com.br\/wp\/wp-content\/uploads\/2020\/12\/cropped-BE.png\",\"contentUrl\":\"https:\/\/bahiaeconomica.com.br\/wp\/wp-content\/uploads\/2020\/12\/cropped-BE.png\",\"width\":512,\"height\":512,\"caption\":\"Bahia Econ\u00f4mica\"},\"image\":{\"@id\":\"https:\/\/bahiaeconomica.com.br\/wp\/#\/schema\/logo\/image\/\"},\"sameAs\":[\"https:\/\/www.facebook.com\/bahiaeconomica\"]},{\"@type\":\"Person\",\"@id\":\"https:\/\/bahiaeconomica.com.br\/wp\/#\/schema\/person\/cb1ab5ba96ad3d9390805381c76284ec\",\"name\":\"admin\",\"url\":\"https:\/\/bahiaeconomica.com.br\/wp\/author\/admin\/\"}]}<\/script>\n<!-- \/ Yoast SEO plugin. -->","yoast_head_json":{"title":"CAMA\u00c7ARI PERDE R$ 60 MI COM CANCELAMENTO DAS FESTAS JUNINAS - Bahia Economica","description":"O maior portal de Economia da Bahia ECONOMIA \/ POL\u00cdTICA, MUNIC\u00cdPIOS Bahia Economica","robots":{"index":"index","follow":"follow","max-snippet":"max-snippet:-1","max-image-preview":"max-image-preview:large","max-video-preview":"max-video-preview:-1"},"canonical":"https:\/\/bahiaeconomica.com.br\/wp\/2021\/06\/22\/camacari-perde-r-60-mi-por-cancelamento-das-festas-juninas\/","og_locale":"pt_BR","og_type":"article","og_title":"CAMA\u00c7ARI PERDE R$ 60 MI COM CANCELAMENTO DAS FESTAS JUNINAS - Bahia Economica","og_description":"O maior portal de Economia da Bahia ECONOMIA \/ POL\u00cdTICA, MUNIC\u00cdPIOS Bahia Economica","og_url":"https:\/\/bahiaeconomica.com.br\/wp\/2021\/06\/22\/camacari-perde-r-60-mi-por-cancelamento-das-festas-juninas\/","og_site_name":"Bahia Economica","article_publisher":"https:\/\/www.facebook.com\/bahiaeconomica","article_published_time":"2021-06-22T20:30:58+00:00","article_modified_time":"2021-06-22T20:33:41+00:00","og_image":[{"width":500,"height":300,"url":"https:\/\/bahiaeconomica.com.br\/wp\/wp-content\/uploads\/2021\/06\/sao-joao-camacari-Foto-Reproducao-Site-Ascom-Prefeitura.jpg","type":"image\/jpeg"}],"author":"admin","twitter_card":"summary_large_image","twitter_misc":{"Escrito por":"admin","Est. tempo de leitura":"1 minuto"},"schema":{"@context":"https:\/\/schema.org","@graph":[{"@type":"Article","@id":"https:\/\/bahiaeconomica.com.br\/wp\/2021\/06\/22\/camacari-perde-r-60-mi-por-cancelamento-das-festas-juninas\/#article","isPartOf":{"@id":"https:\/\/bahiaeconomica.com.br\/wp\/2021\/06\/22\/camacari-perde-r-60-mi-por-cancelamento-das-festas-juninas\/"},"author":{"name":"admin","@id":"https:\/\/bahiaeconomica.com.br\/wp\/#\/schema\/person\/cb1ab5ba96ad3d9390805381c76284ec"},"headline":"CAMA\u00c7ARI PERDE R$ 60 MI COM CANCELAMENTO DAS FESTAS JUNINAS","datePublished":"2021-06-22T20:30:58+00:00","dateModified":"2021-06-22T20:33:41+00:00","mainEntityOfPage":{"@id":"https:\/\/bahiaeconomica.com.br\/wp\/2021\/06\/22\/camacari-perde-r-60-mi-por-cancelamento-das-festas-juninas\/"},"wordCount":277,"publisher":{"@id":"https:\/\/bahiaeconomica.com.br\/wp\/#organization"},"articleSection":["ECONOMIA \/ POL\u00cdTICA","MUNIC\u00cdPIOS"],"inLanguage":"pt-BR"},{"@type":"WebPage","@id":"https:\/\/bahiaeconomica.com.br\/wp\/2021\/06\/22\/camacari-perde-r-60-mi-por-cancelamento-das-festas-juninas\/","url":"https:\/\/bahiaeconomica.com.br\/wp\/2021\/06\/22\/camacari-perde-r-60-mi-por-cancelamento-das-festas-juninas\/","name":"CAMA\u00c7ARI PERDE R$ 60 MI COM CANCELAMENTO DAS FESTAS JUNINAS - Bahia Economica","isPartOf":{"@id":"https:\/\/bahiaeconomica.com.br\/wp\/#website"},"datePublished":"2021-06-22T20:30:58+00:00","dateModified":"2021-06-22T20:33:41+00:00","description":"O maior portal de Economia da Bahia ECONOMIA \/ POL\u00cdTICA, MUNIC\u00cdPIOS Bahia Economica","breadcrumb":{"@id":"https:\/\/bahiaeconomica.com.br\/wp\/2021\/06\/22\/camacari-perde-r-60-mi-por-cancelamento-das-festas-juninas\/#breadcrumb"},"inLanguage":"pt-BR","potentialAction":[{"@type":"ReadAction","target":["https:\/\/bahiaeconomica.com.br\/wp\/2021\/06\/22\/camacari-perde-r-60-mi-por-cancelamento-das-festas-juninas\/"]}]},{"@type":"BreadcrumbList","@id":"https:\/\/bahiaeconomica.com.br\/wp\/2021\/06\/22\/camacari-perde-r-60-mi-por-cancelamento-das-festas-juninas\/#breadcrumb","itemListElement":[{"@type":"ListItem","position":1,"name":"In\u00edcio","item":"https:\/\/bahiaeconomica.com.br\/wp\/"},{"@type":"ListItem","position":2,"name":"CAMA\u00c7ARI PERDE R$ 60 MI COM CANCELAMENTO DAS FESTAS JUNINAS"}]},{"@type":"WebSite","@id":"https:\/\/bahiaeconomica.com.br\/wp\/#website","url":"https:\/\/bahiaeconomica.com.br\/wp\/","name":"Bahia Economica","description":"O maior portal de Economia da Bahia","publisher":{"@id":"https:\/\/bahiaeconomica.com.br\/wp\/#organization"},"potentialAction":[{"@type":"SearchAction","target":{"@type":"EntryPoint","urlTemplate":"https:\/\/bahiaeconomica.com.br\/wp\/?s={search_term_string}"},"query-input":"required name=search_term_string"}],"inLanguage":"pt-BR"},{"@type":"Organization","@id":"https:\/\/bahiaeconomica.com.br\/wp\/#organization","name":"Bahia Econ\u00f4mica","url":"https:\/\/bahiaeconomica.com.br\/wp\/","logo":{"@type":"ImageObject","inLanguage":"pt-BR","@id":"https:\/\/bahiaeconomica.com.br\/wp\/#\/schema\/logo\/image\/","url":"https:\/\/bahiaeconomica.com.br\/wp\/wp-content\/uploads\/2020\/12\/cropped-BE.png","contentUrl":"https:\/\/bahiaeconomica.com.br\/wp\/wp-content\/uploads\/2020\/12\/cropped-BE.png","width":512,"height":512,"caption":"Bahia Econ\u00f4mica"},"image":{"@id":"https:\/\/bahiaeconomica.com.br\/wp\/#\/schema\/logo\/image\/"},"sameAs":["https:\/\/www.facebook.com\/bahiaeconomica"]},{"@type":"Person","@id":"https:\/\/bahiaeconomica.com.br\/wp\/#\/schema\/person\/cb1ab5ba96ad3d9390805381c76284ec","name":"admin","url":"https:\/\/bahiaeconomica.com.br\/wp\/author\/admin\/"}]}},"views":3,"_links":{"self":[{"href":"https:\/\/bahiaeconomica.com.br\/wp\/wp-json\/wp\/v2\/posts\/577439"}],"collection":[{"href":"https:\/\/bahiaeconomica.com.br\/wp\/wp-json\/wp\/v2\/posts"}],"about":[{"href":"https:\/\/bahiaeconomica.com.br\/wp\/wp-json\/wp\/v2\/types\/post"}],"author":[{"embeddable":true,"href":"https:\/\/bahiaeconomica.com.br\/wp\/wp-json\/wp\/v2\/users\/1"}],"replies":[{"embeddable":true,"href":"https:\/\/bahiaeconomica.com.br\/wp\/wp-json\/wp\/v2\/comments?post=577439"}],"version-history":[{"count":2,"href":"https:\/\/bahiaeconomica.com.br\/wp\/wp-json\/wp\/v2\/posts\/577439\/revisions"}],"predecessor-version":[{"id":577443,"href":"https:\/\/bahiaeconomica.com.br\/wp\/wp-json\/wp\/v2\/posts\/577439\/revisions\/577443"}],"wp:featuredmedia":[{"embeddable":true,"href":"https:\/\/bahiaeconomica.com.br\/wp\/wp-json\/wp\/v2\/media\/577441"}],"wp:attachment":[{"href":"https:\/\/bahiaeconomica.com.br\/wp\/wp-json\/wp\/v2\/media?parent=577439"}],"wp:term":[{"taxonomy":"category","embeddable":true,"href":"https:\/\/bahiaeconomica.com.br\/wp\/wp-json\/wp\/v2\/categories?post=577439"},{"taxonomy":"post_tag","embeddable":true,"href":"https:\/\/bahiaeconomica.com.br\/wp\/wp-json\/wp\/v2\/tags?post=577439"}],"curies":[{"name":"wp","href":"https:\/\/api.w.org\/{rel}","templated":true}]}}